{"id":2536257,"date":"2024-07-12T21:05:21","date_gmt":"2024-07-12T20:05:21","guid":{"rendered":"https:\/\/www.pressenza.com\/?p=2536257"},"modified":"2024-07-12T21:05:21","modified_gmt":"2024-07-12T20:05:21","slug":"son-las-elecciones-de-estados-unidos-una-pugna-entre-la-unipolaridad-de-biden-y-el-aislacionismo-de-trump","status":"publish","type":"post","link":"https:\/\/www.pressenza.com\/es\/2024\/07\/son-las-elecciones-de-estados-unidos-una-pugna-entre-la-unipolaridad-de-biden-y-el-aislacionismo-de-trump\/","title":{"rendered":"\u00bfSon las Elecciones de Estados Unidos una pugna entre la unipolaridad de Biden y el aislacionismo de Trump?"},"content":{"rendered":"<p>Las pr\u00f3ximas elecciones Presidenciales de Noviembre marcar\u00e1n el dise\u00f1o de la nueva arquitectura geopol\u00edtica global del pr\u00f3ximo Quinquenio, pues la victoria de Donald Trump supondr\u00eda el retorno de la Doctrina Aislacionista de EEUU frente a la Doctrina Wolfowitz defendida por Biden y los globalistas que enfatiza la supremac\u00eda estadounidense y el mantenimiento del orden unipolar.<\/p>\n<p><strong>\u00bfEs inevitable la victoria de Trump?<\/strong><\/p>\n<p>El actual sistema dominante o establishment estadounidense se sustenta en la sucesiva alternancia en el Poder del Partido Dem\u00f3crata y del Republicano, ambos fagocitados por el lobby jud\u00edo. Con vistas a las Presidenciales de Noviembre y tras el fracaso de la ofensiva judicial contra Trump, es previsible su retorno triunfal a la Casa Blanca, tras ser nominado candidato Republicano pues seg\u00fan una encuesta de CBS News y YouGov, contar\u00eda con el apoyo del 70% de los votantes republicanos.<\/p>\n<p>En el campo dem\u00f3crata, los indicios de senilidad de Biden confirmados tras el reciente debate con Trump, la crisis del fentanilo, la carest\u00eda de la vida aunado con la desafecci\u00f3n del ala izquierda de los dem\u00f3cratas tras la masacre de Gaza y el incremento de la inseguridad ciudadana habr\u00edan hundido la popularidad de Biden hasta m\u00ednimos hist\u00f3ricos, no siendo descartable su sustituci\u00f3n por otro candidato dem\u00f3crata sin experiencia pol\u00edtica con vistas al Congreso Dem\u00f3crata de Agosto.<\/p>\n<p><strong>Los globalistas y la Doctrina Wolfowitz<\/strong><\/p>\n<p>El aislacionismo trumpiano ser\u00eda un misil en la l\u00ednea de flotaci\u00f3n del complejo militar-industrial que tiene perfilado para el pr\u00f3ximo quinquenio la recuperaci\u00f3n del papel de EEUU como gendarme mundial mediante un incremento extraordinario de las intervenciones militares estadounidenses en el exterior para recuperar la Unipolaridad en el tablero geopol\u00edtico global, siguiendo la Doctrina Wolfowitz.<\/p>\n<p>Dicho documento fue filtrado al New York Times qui\u00e9n lo public\u00f3 en marzo del 1992 y estaba firmada por el Subsecretario de Defensa para la Pol\u00edtica de EE.UU, Paul Wolfowitz y su adjunto Scooter Libby. El documento fue tildado de \u00abimperialista\u00bb pues esbozaba \u00abuna pol\u00edtica de unilateralismo\u00bb y de \u00abacci\u00f3n militar preventiva para suprimir las posibles amenazas de otras naciones y evitar que las dictaduras ascendieran a la categor\u00eda de superpotencia\u00bb.<\/p>\n<p>Tras varias correcciones, su ideario fue recogido en la llamada Doctrina Bush o Doctrina de Agresi\u00f3n Positiva que implicaba \u00abel uso de la fuerza militar por Estados Unidos y sus aliados para consolidar gobiernos en todo el mundo acordes a los intereses estadounidenses\u00bb y de lo que ser\u00edan paradigmas la invasi\u00f3n de Afganist\u00e1n e Irak.<\/p>\n<p><strong>Aislacionismo de Donald Trump<\/strong><\/p>\n<p>El conflicto ucraniano habr\u00eda significado el retorno a la Guerra Fr\u00eda entre Rusia y EEUU y el retorno a la Doctrina de la Contenci\u00f3n, cuyas bases fueron expuestas por George F. Kennan en su ensayo \u00abLas fuentes del comportamiento sovi\u00e9tico\u00bb, publicado en la revista Foreign Affairs en 1947 y cuyas ideas principales se resumen en la cita \u00abel poder sovi\u00e9tico es impermeable a la l\u00f3gica de la raz\u00f3n pero muy sensible a la l\u00f3gica de la fuerza\u00bb.<\/p>\n<p>Sin embargo, Donald Trump asegur\u00f3 en sus redes sociales que \u00abnunca hemos estado tan cerca de la III Guerra Mundial\u00bb y que debe haber un \u00abcompromiso total para desmantelar el grupo de poder neoconservador globalista responsable de arrastrar al mundo a guerras interminables\u00bb. Asimismo, en un discurso pronunciado en la Conferencia de Acci\u00f3n Pol\u00edtica Conservadora (CPAC), el candidato republicano afirm\u00f3 : \u00abSoy el \u00fanico candidato que puede hacer esta promesa: evitar\u00e9 la Tercera Guerra Mundial\u00bb, al tiempo que denunci\u00f3 la \u00abexcesiva cantidad de armamento que circula actualmente en el mundo\u00bb, lo que estar\u00eda anticipando el retorno de la Doctrina Aislacionista de EEUU.<\/p>\n<p>As\u00ed, la posible victoria de Trump en Noviembre representar\u00eda el ocaso de la estrategia atlantista de Biden y Soros empecinados en defenestrar a Putin del poder as\u00ed como la posterior firma de un acuerdo de Paz en Ucrania y el retorno a la Doctrina de la Coexistencia Pac\u00edfica con Rusia. Ello supondr\u00eda la entronizaci\u00f3n del G-3 (EEUU, Rusia y China) como \u00abprimus inter pares\u00bb en la gobernanza mundial, quedando de paso la UE, India y Jap\u00f3n como convidados de piedra en el nuevo escenario geopol\u00edtico.<\/p>\n<p>El aislacionismo de Trump chocar\u00eda adem\u00e1s frontalmente con el sue\u00f1o obsesivo de los globalistas de Soros y de la Open Society Foundation (OSF) por conseguir el sometimiento de Rusia, pues Rusia ser\u00eda para George Soros\u00bb la ballena blanca que lleva d\u00e9cadas intentando cazar\u00bb. En consecuencia, las pr\u00f3ximas elecciones estadounidenses no ser\u00e1n tan s\u00f3lo la pugna habitual de dem\u00f3cratas y republicanos para alternarse en el Poder sino que adem\u00e1s ser\u00e1n un pulso dram\u00e1tico entre los atlantistas defensores de la Unipolaridad o Doctrina Wolfowitz frente a los defensores de la Doctrina Aislacionista de EEUU encarnada en Donald Trump y cuyo desenlace marcar\u00e1 el dise\u00f1o de la nueva arquitectura geopol\u00edtica global del pr\u00f3ximo Quinquenio.<\/p>\n","protected":false},"excerpt":{"rendered":"<p>Las pr\u00f3ximas elecciones Presidenciales de Noviembre marcar\u00e1n el dise\u00f1o de la nueva arquitectura geopol\u00edtica global del pr\u00f3ximo Quinquenio, pues la victoria de Donald Trump supondr\u00eda el retorno de la Doctrina Aislacionista de EEUU frente a la Doctrina Wolfowitz defendida por&hellip;<\/p>\n","protected":false},"author":1505,"featured_media":2536258,"comment_status":"closed","ping_status":"closed","sticky":false,"template":"","format":"standard","meta":{"footnotes":""},"categories":[11389,68,161,74],"tags":[26187,403,77152],"class_list":["post-2536257","post","type-post","status-publish","format-standard","has-post-thumbnail","hentry","category-contenido-original","category-norteamerica","category-opiniones","category-politica-es","tag-donald-trump-es","tag-elecciones","tag-joseph-biden"],"yoast_head":"<!-- This site is optimized with the Yoast SEO plugin v27.1.1 - https:\/\/yoast.com\/product\/yoast-seo-wordpress\/ -->\n<title>\u00bfSon las Elecciones de Estados Unidos una pugna entre la unipolaridad de Biden y el aislacionismo de Trump?<\/title>\n<meta name=\"description\" content=\"Las pr\u00f3ximas elecciones Presidenciales de Noviembre marcar\u00e1n el dise\u00f1o de la nueva arquitectura geopol\u00edtica global del pr\u00f3ximo Quinquenio, pues la\" \/>\n<meta name=\"robots\" content=\"index, follow, max-snippet:-1, max-image-preview:large, max-video-preview:-1\" \/>\n<link rel=\"canonical\" href=\"https:\/\/www.pressenza.com\/es\/2024\/07\/son-las-elecciones-de-estados-unidos-una-pugna-entre-la-unipolaridad-de-biden-y-el-aislacionismo-de-trump\/\" \/>\n<meta property=\"og:locale\" content=\"es_ES\" \/>\n<meta property=\"og:type\" content=\"article\" \/>\n<meta property=\"og:title\" content=\"\u00bfSon las Elecciones de Estados Unidos una pugna entre la unipolaridad de Biden y el aislacionismo de Trump?\" \/>\n<meta property=\"og:description\" content=\"Las pr\u00f3ximas elecciones Presidenciales de Noviembre marcar\u00e1n el dise\u00f1o de la nueva arquitectura geopol\u00edtica global del pr\u00f3ximo Quinquenio, pues la\" \/>\n<meta property=\"og:url\" content=\"https:\/\/www.pressenza.com\/es\/2024\/07\/son-las-elecciones-de-estados-unidos-una-pugna-entre-la-unipolaridad-de-biden-y-el-aislacionismo-de-trump\/\" \/>\n<meta property=\"og:site_name\" content=\"Pressenza\" \/>\n<meta property=\"article:publisher\" content=\"https:\/\/www.facebook.com\/PressenzaItalia\" \/>\n<meta property=\"article:published_time\" content=\"2024-07-12T20:05:21+00:00\" \/>\n<meta property=\"og:image\" content=\"https:\/\/www.pressenza.com\/wp-content\/uploads\/2024\/07\/hd9-Biden-Debate.jpg\" \/>\n\t<meta property=\"og:image:width\" content=\"960\" \/>\n\t<meta property=\"og:image:height\" content=\"540\" \/>\n\t<meta property=\"og:image:type\" content=\"image\/jpeg\" \/>\n<meta name=\"author\" content=\"Germ\u00e1n Gorraiz L\u00f3pez\" \/>\n<meta name=\"twitter:card\" content=\"summary_large_image\" \/>\n<meta name=\"twitter:creator\" content=\"@PressenzaIPA\" \/>\n<meta name=\"twitter:site\" content=\"@PressenzaIPA\" \/>\n<meta name=\"twitter:label1\" content=\"Escrito por\" \/>\n\t<meta name=\"twitter:data1\" content=\"Germ\u00e1n Gorraiz L\u00f3pez\" \/>\n\t<meta name=\"twitter:label2\" content=\"Tiempo de lectura\" \/>\n\t<meta name=\"twitter:data2\" content=\"4 minutos\" \/>\n<script type=\"application\/ld+json\" class=\"yoast-schema-graph\">{\"@context\":\"https:\/\/schema.org\",\"@graph\":[{\"@type\":\"Article\",\"@id\":\"https:\/\/www.pressenza.com\/es\/2024\/07\/son-las-elecciones-de-estados-unidos-una-pugna-entre-la-unipolaridad-de-biden-y-el-aislacionismo-de-trump\/#article\",\"isPartOf\":{\"@id\":\"https:\/\/www.pressenza.com\/es\/2024\/07\/son-las-elecciones-de-estados-unidos-una-pugna-entre-la-unipolaridad-de-biden-y-el-aislacionismo-de-trump\/\"},\"author\":{\"name\":\"Germ\u00e1n Gorraiz L\u00f3pez\",\"@id\":\"https:\/\/www.pressenza.com\/es\/#\/schema\/person\/57dba2cbf155df3e3656a436abe74b1b\"},\"headline\":\"\u00bfSon las Elecciones de Estados Unidos una pugna entre la unipolaridad de Biden y el aislacionismo de Trump?\",\"datePublished\":\"2024-07-12T20:05:21+00:00\",\"mainEntityOfPage\":{\"@id\":\"https:\/\/www.pressenza.com\/es\/2024\/07\/son-las-elecciones-de-estados-unidos-una-pugna-entre-la-unipolaridad-de-biden-y-el-aislacionismo-de-trump\/\"},\"wordCount\":865,\"publisher\":{\"@id\":\"https:\/\/www.pressenza.com\/es\/#organization\"},\"image\":{\"@id\":\"https:\/\/www.pressenza.com\/es\/2024\/07\/son-las-elecciones-de-estados-unidos-una-pugna-entre-la-unipolaridad-de-biden-y-el-aislacionismo-de-trump\/#primaryimage\"},\"thumbnailUrl\":\"https:\/\/www.pressenza.com\/wp-content\/uploads\/2024\/07\/hd9-Biden-Debate.jpg\",\"keywords\":[\"Donald Trump\",\"elecciones\",\"Joseph Biden\"],\"articleSection\":[\"Contenido Original\",\"Norteam\u00e9rica\",\"Opiniones\",\"Pol\u00edtica\"],\"inLanguage\":\"es\"},{\"@type\":\"WebPage\",\"@id\":\"https:\/\/www.pressenza.com\/es\/2024\/07\/son-las-elecciones-de-estados-unidos-una-pugna-entre-la-unipolaridad-de-biden-y-el-aislacionismo-de-trump\/\",\"url\":\"https:\/\/www.pressenza.com\/es\/2024\/07\/son-las-elecciones-de-estados-unidos-una-pugna-entre-la-unipolaridad-de-biden-y-el-aislacionismo-de-trump\/\",\"name\":\"\u00bfSon las Elecciones de Estados Unidos una pugna entre la unipolaridad de Biden y el aislacionismo de Trump?\",\"isPartOf\":{\"@id\":\"https:\/\/www.pressenza.com\/es\/#website\"},\"primaryImageOfPage\":{\"@id\":\"https:\/\/www.pressenza.com\/es\/2024\/07\/son-las-elecciones-de-estados-unidos-una-pugna-entre-la-unipolaridad-de-biden-y-el-aislacionismo-de-trump\/#primaryimage\"},\"image\":{\"@id\":\"https:\/\/www.pressenza.com\/es\/2024\/07\/son-las-elecciones-de-estados-unidos-una-pugna-entre-la-unipolaridad-de-biden-y-el-aislacionismo-de-trump\/#primaryimage\"},\"thumbnailUrl\":\"https:\/\/www.pressenza.com\/wp-content\/uploads\/2024\/07\/hd9-Biden-Debate.jpg\",\"datePublished\":\"2024-07-12T20:05:21+00:00\",\"description\":\"Las pr\u00f3ximas elecciones Presidenciales de Noviembre marcar\u00e1n el dise\u00f1o de la nueva arquitectura geopol\u00edtica global del pr\u00f3ximo Quinquenio, pues la\",\"breadcrumb\":{\"@id\":\"https:\/\/www.pressenza.com\/es\/2024\/07\/son-las-elecciones-de-estados-unidos-una-pugna-entre-la-unipolaridad-de-biden-y-el-aislacionismo-de-trump\/#breadcrumb\"},\"inLanguage\":\"es\",\"potentialAction\":[{\"@type\":\"ReadAction\",\"target\":[\"https:\/\/www.pressenza.com\/es\/2024\/07\/son-las-elecciones-de-estados-unidos-una-pugna-entre-la-unipolaridad-de-biden-y-el-aislacionismo-de-trump\/\"]}]},{\"@type\":\"ImageObject\",\"inLanguage\":\"es\",\"@id\":\"https:\/\/www.pressenza.com\/es\/2024\/07\/son-las-elecciones-de-estados-unidos-una-pugna-entre-la-unipolaridad-de-biden-y-el-aislacionismo-de-trump\/#primaryimage\",\"url\":\"https:\/\/www.pressenza.com\/wp-content\/uploads\/2024\/07\/hd9-Biden-Debate.jpg\",\"contentUrl\":\"https:\/\/www.pressenza.com\/wp-content\/uploads\/2024\/07\/hd9-Biden-Debate.jpg\",\"width\":960,\"height\":540},{\"@type\":\"BreadcrumbList\",\"@id\":\"https:\/\/www.pressenza.com\/es\/2024\/07\/son-las-elecciones-de-estados-unidos-una-pugna-entre-la-unipolaridad-de-biden-y-el-aislacionismo-de-trump\/#breadcrumb\",\"itemListElement\":[{\"@type\":\"ListItem\",\"position\":1,\"name\":\"Accueil\",\"item\":\"https:\/\/www.pressenza.com\/es\/\"},{\"@type\":\"ListItem\",\"position\":2,\"name\":\"\u00bfSon las Elecciones de Estados Unidos una pugna entre la unipolaridad de Biden y el aislacionismo de Trump?\"}]},{\"@type\":\"WebSite\",\"@id\":\"https:\/\/www.pressenza.com\/es\/#website\",\"url\":\"https:\/\/www.pressenza.com\/es\/\",\"name\":\"Pressenza\",\"description\":\"International Press Agency\",\"publisher\":{\"@id\":\"https:\/\/www.pressenza.com\/es\/#organization\"},\"potentialAction\":[{\"@type\":\"SearchAction\",\"target\":{\"@type\":\"EntryPoint\",\"urlTemplate\":\"https:\/\/www.pressenza.com\/es\/?s={search_term_string}\"},\"query-input\":{\"@type\":\"PropertyValueSpecification\",\"valueRequired\":true,\"valueName\":\"search_term_string\"}}],\"inLanguage\":\"es\"},{\"@type\":\"Organization\",\"@id\":\"https:\/\/www.pressenza.com\/es\/#organization\",\"name\":\"Pressenza\",\"url\":\"https:\/\/www.pressenza.com\/es\/\",\"logo\":{\"@type\":\"ImageObject\",\"inLanguage\":\"es\",\"@id\":\"https:\/\/www.pressenza.com\/es\/#\/schema\/logo\/image\/\",\"url\":\"https:\/\/www.pressenza.com\/wp-content\/uploads\/2022\/10\/pressenza_logo_200x200.jpg\",\"contentUrl\":\"https:\/\/www.pressenza.com\/wp-content\/uploads\/2022\/10\/pressenza_logo_200x200.jpg\",\"width\":200,\"height\":200,\"caption\":\"Pressenza\"},\"image\":{\"@id\":\"https:\/\/www.pressenza.com\/es\/#\/schema\/logo\/image\/\"},\"sameAs\":[\"https:\/\/www.facebook.com\/PressenzaItalia\",\"https:\/\/x.com\/PressenzaIPA\"]},{\"@type\":\"Person\",\"@id\":\"https:\/\/www.pressenza.com\/es\/#\/schema\/person\/57dba2cbf155df3e3656a436abe74b1b\",\"name\":\"Germ\u00e1n Gorraiz L\u00f3pez\",\"description\":\"Germ\u00e1n Gorraiz L\u00f3pez (Navarra-Espa\u00f1a, 1957). Analista econ\u00f3mico y geopol\u00edtico, colabora habitualmente en varias publicaciones digitales e impresas espa\u00f1olas y latinoamericanas.\",\"url\":\"https:\/\/www.pressenza.com\/es\/author\/german-gorraiz-lopez\/\"}]}<\/script>\n<!-- \/ Yoast SEO plugin. -->","yoast_head_json":{"title":"\u00bfSon las Elecciones de Estados Unidos una pugna entre la unipolaridad de Biden y el aislacionismo de Trump?","description":"Las pr\u00f3ximas elecciones Presidenciales de Noviembre marcar\u00e1n el dise\u00f1o de la nueva arquitectura geopol\u00edtica global del pr\u00f3ximo Quinquenio, pues la","robots":{"index":"index","follow":"follow","max-snippet":"max-snippet:-1","max-image-preview":"max-image-preview:large","max-video-preview":"max-video-preview:-1"},"canonical":"https:\/\/www.pressenza.com\/es\/2024\/07\/son-las-elecciones-de-estados-unidos-una-pugna-entre-la-unipolaridad-de-biden-y-el-aislacionismo-de-trump\/","og_locale":"es_ES","og_type":"article","og_title":"\u00bfSon las Elecciones de Estados Unidos una pugna entre la unipolaridad de Biden y el aislacionismo de Trump?","og_description":"Las pr\u00f3ximas elecciones Presidenciales de Noviembre marcar\u00e1n el dise\u00f1o de la nueva arquitectura geopol\u00edtica global del pr\u00f3ximo Quinquenio, pues la","og_url":"https:\/\/www.pressenza.com\/es\/2024\/07\/son-las-elecciones-de-estados-unidos-una-pugna-entre-la-unipolaridad-de-biden-y-el-aislacionismo-de-trump\/","og_site_name":"Pressenza","article_publisher":"https:\/\/www.facebook.com\/PressenzaItalia","article_published_time":"2024-07-12T20:05:21+00:00","og_image":[{"width":960,"height":540,"url":"https:\/\/www.pressenza.com\/wp-content\/uploads\/2024\/07\/hd9-Biden-Debate.jpg","type":"image\/jpeg"}],"author":"Germ\u00e1n Gorraiz L\u00f3pez","twitter_card":"summary_large_image","twitter_creator":"@PressenzaIPA","twitter_site":"@PressenzaIPA","twitter_misc":{"Escrito por":"Germ\u00e1n Gorraiz L\u00f3pez","Tiempo de lectura":"4 minutos"},"schema":{"@context":"https:\/\/schema.org","@graph":[{"@type":"Article","@id":"https:\/\/www.pressenza.com\/es\/2024\/07\/son-las-elecciones-de-estados-unidos-una-pugna-entre-la-unipolaridad-de-biden-y-el-aislacionismo-de-trump\/#article","isPartOf":{"@id":"https:\/\/www.pressenza.com\/es\/2024\/07\/son-las-elecciones-de-estados-unidos-una-pugna-entre-la-unipolaridad-de-biden-y-el-aislacionismo-de-trump\/"},"author":{"name":"Germ\u00e1n Gorraiz L\u00f3pez","@id":"https:\/\/www.pressenza.com\/es\/#\/schema\/person\/57dba2cbf155df3e3656a436abe74b1b"},"headline":"\u00bfSon las Elecciones de Estados Unidos una pugna entre la unipolaridad de Biden y el aislacionismo de Trump?","datePublished":"2024-07-12T20:05:21+00:00","mainEntityOfPage":{"@id":"https:\/\/www.pressenza.com\/es\/2024\/07\/son-las-elecciones-de-estados-unidos-una-pugna-entre-la-unipolaridad-de-biden-y-el-aislacionismo-de-trump\/"},"wordCount":865,"publisher":{"@id":"https:\/\/www.pressenza.com\/es\/#organization"},"image":{"@id":"https:\/\/www.pressenza.com\/es\/2024\/07\/son-las-elecciones-de-estados-unidos-una-pugna-entre-la-unipolaridad-de-biden-y-el-aislacionismo-de-trump\/#primaryimage"},"thumbnailUrl":"https:\/\/www.pressenza.com\/wp-content\/uploads\/2024\/07\/hd9-Biden-Debate.jpg","keywords":["Donald Trump","elecciones","Joseph Biden"],"articleSection":["Contenido Original","Norteam\u00e9rica","Opiniones","Pol\u00edtica"],"inLanguage":"es"},{"@type":"WebPage","@id":"https:\/\/www.pressenza.com\/es\/2024\/07\/son-las-elecciones-de-estados-unidos-una-pugna-entre-la-unipolaridad-de-biden-y-el-aislacionismo-de-trump\/","url":"https:\/\/www.pressenza.com\/es\/2024\/07\/son-las-elecciones-de-estados-unidos-una-pugna-entre-la-unipolaridad-de-biden-y-el-aislacionismo-de-trump\/","name":"\u00bfSon las Elecciones de Estados Unidos una pugna entre la unipolaridad de Biden y el aislacionismo de Trump?","isPartOf":{"@id":"https:\/\/www.pressenza.com\/es\/#website"},"primaryImageOfPage":{"@id":"https:\/\/www.pressenza.com\/es\/2024\/07\/son-las-elecciones-de-estados-unidos-una-pugna-entre-la-unipolaridad-de-biden-y-el-aislacionismo-de-trump\/#primaryimage"},"image":{"@id":"https:\/\/www.pressenza.com\/es\/2024\/07\/son-las-elecciones-de-estados-unidos-una-pugna-entre-la-unipolaridad-de-biden-y-el-aislacionismo-de-trump\/#primaryimage"},"thumbnailUrl":"https:\/\/www.pressenza.com\/wp-content\/uploads\/2024\/07\/hd9-Biden-Debate.jpg","datePublished":"2024-07-12T20:05:21+00:00","description":"Las pr\u00f3ximas elecciones Presidenciales de Noviembre marcar\u00e1n el dise\u00f1o de la nueva arquitectura geopol\u00edtica global del pr\u00f3ximo Quinquenio, pues la","breadcrumb":{"@id":"https:\/\/www.pressenza.com\/es\/2024\/07\/son-las-elecciones-de-estados-unidos-una-pugna-entre-la-unipolaridad-de-biden-y-el-aislacionismo-de-trump\/#breadcrumb"},"inLanguage":"es","potentialAction":[{"@type":"ReadAction","target":["https:\/\/www.pressenza.com\/es\/2024\/07\/son-las-elecciones-de-estados-unidos-una-pugna-entre-la-unipolaridad-de-biden-y-el-aislacionismo-de-trump\/"]}]},{"@type":"ImageObject","inLanguage":"es","@id":"https:\/\/www.pressenza.com\/es\/2024\/07\/son-las-elecciones-de-estados-unidos-una-pugna-entre-la-unipolaridad-de-biden-y-el-aislacionismo-de-trump\/#primaryimage","url":"https:\/\/www.pressenza.com\/wp-content\/uploads\/2024\/07\/hd9-Biden-Debate.jpg","contentUrl":"https:\/\/www.pressenza.com\/wp-content\/uploads\/2024\/07\/hd9-Biden-Debate.jpg","width":960,"height":540},{"@type":"BreadcrumbList","@id":"https:\/\/www.pressenza.com\/es\/2024\/07\/son-las-elecciones-de-estados-unidos-una-pugna-entre-la-unipolaridad-de-biden-y-el-aislacionismo-de-trump\/#breadcrumb","itemListElement":[{"@type":"ListItem","position":1,"name":"Accueil","item":"https:\/\/www.pressenza.com\/es\/"},{"@type":"ListItem","position":2,"name":"\u00bfSon las Elecciones de Estados Unidos una pugna entre la unipolaridad de Biden y el aislacionismo de Trump?"}]},{"@type":"WebSite","@id":"https:\/\/www.pressenza.com\/es\/#website","url":"https:\/\/www.pressenza.com\/es\/","name":"Pressenza","description":"International Press Agency","publisher":{"@id":"https:\/\/www.pressenza.com\/es\/#organization"},"potentialAction":[{"@type":"SearchAction","target":{"@type":"EntryPoint","urlTemplate":"https:\/\/www.pressenza.com\/es\/?s={search_term_string}"},"query-input":{"@type":"PropertyValueSpecification","valueRequired":true,"valueName":"search_term_string"}}],"inLanguage":"es"},{"@type":"Organization","@id":"https:\/\/www.pressenza.com\/es\/#organization","name":"Pressenza","url":"https:\/\/www.pressenza.com\/es\/","logo":{"@type":"ImageObject","inLanguage":"es","@id":"https:\/\/www.pressenza.com\/es\/#\/schema\/logo\/image\/","url":"https:\/\/www.pressenza.com\/wp-content\/uploads\/2022\/10\/pressenza_logo_200x200.jpg","contentUrl":"https:\/\/www.pressenza.com\/wp-content\/uploads\/2022\/10\/pressenza_logo_200x200.jpg","width":200,"height":200,"caption":"Pressenza"},"image":{"@id":"https:\/\/www.pressenza.com\/es\/#\/schema\/logo\/image\/"},"sameAs":["https:\/\/www.facebook.com\/PressenzaItalia","https:\/\/x.com\/PressenzaIPA"]},{"@type":"Person","@id":"https:\/\/www.pressenza.com\/es\/#\/schema\/person\/57dba2cbf155df3e3656a436abe74b1b","name":"Germ\u00e1n Gorraiz L\u00f3pez","description":"Germ\u00e1n Gorraiz L\u00f3pez (Navarra-Espa\u00f1a, 1957). Analista econ\u00f3mico y geopol\u00edtico, colabora habitualmente en varias publicaciones digitales e impresas espa\u00f1olas y latinoamericanas.","url":"https:\/\/www.pressenza.com\/es\/author\/german-gorraiz-lopez\/"}]}},"place":"Madrid, Espa\u00f1a","original_article_url":"","_links":{"self":[{"href":"https:\/\/www.pressenza.com\/es\/wp-json\/wp\/v2\/posts\/2536257","targetHints":{"allow":["GET"]}}],"collection":[{"href":"https:\/\/www.pressenza.com\/es\/wp-json\/wp\/v2\/posts"}],"about":[{"href":"https:\/\/www.pressenza.com\/es\/wp-json\/wp\/v2\/types\/post"}],"author":[{"embeddable":true,"href":"https:\/\/www.pressenza.com\/es\/wp-json\/wp\/v2\/users\/1505"}],"replies":[{"embeddable":true,"href":"https:\/\/www.pressenza.com\/es\/wp-json\/wp\/v2\/comments?post=2536257"}],"version-history":[{"count":0,"href":"https:\/\/www.pressenza.com\/es\/wp-json\/wp\/v2\/posts\/2536257\/revisions"}],"wp:featuredmedia":[{"embeddable":true,"href":"https:\/\/www.pressenza.com\/es\/wp-json\/wp\/v2\/media\/2536258"}],"wp:attachment":[{"href":"https:\/\/www.pressenza.com\/es\/wp-json\/wp\/v2\/media?parent=2536257"}],"wp:term":[{"taxonomy":"category","embeddable":true,"href":"https:\/\/www.pressenza.com\/es\/wp-json\/wp\/v2\/categories?post=2536257"},{"taxonomy":"post_tag","embeddable":true,"href":"https:\/\/www.pressenza.com\/es\/wp-json\/wp\/v2\/tags?post=2536257"}],"curies":[{"name":"wp","href":"https:\/\/api.w.org\/{rel}","templated":true}]}}