{"id":2536051,"date":"2024-07-12T02:42:27","date_gmt":"2024-07-12T01:42:27","guid":{"rendered":"https:\/\/www.pressenza.com\/?p=2536051"},"modified":"2024-07-12T00:03:14","modified_gmt":"2024-07-11T23:03:14","slug":"cristo-el-ministro-de-la-paz","status":"publish","type":"post","link":"https:\/\/www.pressenza.com\/es\/2024\/07\/cristo-el-ministro-de-la-paz\/","title":{"rendered":"Cristo, el ministro de la paz"},"content":{"rendered":"<p><span style=\"color: #808080;\"><em>9 de julio 2024, El Espectador<\/em><\/span><\/p>\n<p class=\"p2\">Un jefe me dijo que yo era tan rebelde que mi firma parec\u00eda una flecha en contrav\u00eda. Quiz\u00e1 por eso me aburren los cocteles de tac\u00f3n alto y los horarios para comer, para amar y rezar, y huyo de los coros de supuestos sabios que se dan cuerda para criticar al gobernante de turno, mientras pontifican desde su tribuna las soluciones a los caos \u201cdel mundo mundial\u201d. Parece que tenemos una atracci\u00f3n fatal por fungir de epidemi\u00f3logos en pandemia, directores t\u00e9cnicos durante los partidos de futbol y presidentes cada 4 a\u00f1os.<\/p>\n<p class=\"p2\">En cambio, me gusta la gente que se pone los guayos, la que rema y la que se levanta a las 4 am para amasar el pan; la que se le mide a los desaf\u00edos cuando la causa importa; la que piensa m\u00e1s en el pa\u00eds que en el prestigio personal, y sabe que ejercer un cargo de alto rango en un gobierno mayoritariamente repudiado, implica tener coraje y someter la teor\u00eda discursiva a la prueba de fuego de la realidad.<\/p>\n<p class=\"p2\">Por eso celebro que el presidente Petro haya nombrado a Juan Fernando Cristo ministro del Interior; y celebro que Cristo haya aceptado. No debi\u00f3 ser f\u00e1cil para ninguno de los dos; pero la pol\u00edtica \u2013la que se hizo para servir al pueblo y no al ego\u2013 exige reconectar las neuronas de una manera distinta y no solo pensar fuera de la caja, sino romperla en caso de emergencia, para evitar la tentaci\u00f3n de volver a caer en ella.<\/p>\n<p class=\"p2\">Cristo tiene una habilidad pol\u00edtica a prueba de partidos, urnas y caciques. Pero lo que realmente me gusta del nuevo ministro del Interior, es que desde siempre ha trabajado los temas de paz. Como senador \u201chacedor\u201d de leyes, como ministro de la misma cartera en el gobierno del expresidente Juan Manuel Santos, como columnista y autor de libros y cofundador del movimiento <i>Defendamos La Paz, <\/i>Juan Fernando Cristo ha reconocido y dignificado a las v\u00edctimas de nuestros conflictos armados, y se ha metido <i>con alma coraz\u00f3n y vida <\/i>en la construcci\u00f3n de un pa\u00eds libre de violencia.<\/p>\n<p class=\"p1\">Cuando asesinaron a su padre, Juan Fernando habr\u00eda podido elegir la ruta m\u00e1s f\u00e1cil y m\u00e1s est\u00e9ril. Pero en lugar de endosarse al odio, decidi\u00f3 enfrentar su propio dolor desde la \u00f3ptica de la no repetici\u00f3n; quiz\u00e1 eso lo salv\u00f3 (nos salv\u00f3) de caer en los c\u00edrculos viciosos de la justificaci\u00f3n y la retaliaci\u00f3n.<\/p>\n<p class=\"p1\">Estoy tan convencida del compromiso de Juan Fernando Cristo con el tema de la paz (nombrada solo as\u00ed, tan urgente que no aguanta pelearnos por los apellidos) que creo que nada ni nadie lo har\u00e1 apartarse del mensaje enviado al pa\u00eds y al gobierno, al haber tenido con el equipo de paz su primera reuni\u00f3n de ministro designado. \u00c9l bien sabe lo que significa el Acuerdo firmado en el 2016 en el teatro Col\u00f3n, y har\u00e1 hasta lo imposible para que ni la indiferencia ni la falta de ejecuci\u00f3n lo sigan arrinconando. Cristo comprende la tristeza y el fracaso que hay detr\u00e1s de cada firmante al que le arrebatan la vida por apostarle a la paz. Y sabe que cada l\u00edder social asesinado es un pueblo condenado a seguir siendo un alfiler m\u00e1s, en el mapa de la burocracia. Cristo sabe que ya no estamos en una guerra entre una insurgencia y un Estado, sino en algo mucho m\u00e1s complejo, y que solo una mezcla de innovaci\u00f3n y justicia, de generosidad y firmeza, de sensatez y de genuino amor por la vida, podr\u00e1 lograr que \u00a1por fin! pasemos la p\u00e1gina de la violencia.<\/p>\n<p class=\"p1\">Conf\u00edo tambi\u00e9n en la capacidad de Cristo para sacar adelante el acuerdo nacional, porque esta man\u00eda de pelear y descalificarnos los unos a los otros, es urgente cambiarla por la virtud de convocar, conciliar y trabajar.<\/p>\n<p class=\"p1\">Juan Fernando, porque el tiempo se agota y porque s\u00e9 que usted quiere y puede, le pido que usted sea \u2013sobre todo y por Colombia\u2013 nuestro ministro de la paz.<\/p>\n","protected":false},"excerpt":{"rendered":"<p>9 de julio 2024, El Espectador Un jefe me dijo que yo era tan rebelde que mi firma parec\u00eda una flecha en contrav\u00eda. Quiz\u00e1 por eso me aburren los cocteles de tac\u00f3n alto y los horarios para comer, para amar&hellip;<\/p>\n","protected":false},"author":1897,"featured_media":2536054,"comment_status":"closed","ping_status":"closed","sticky":false,"template":"","format":"standard","meta":{"footnotes":""},"categories":[161,1243,74,67],"tags":[78568,30949,30,124450],"class_list":["post-2536051","post","type-post","status-publish","format-standard","has-post-thumbnail","hentry","category-opiniones","category-paz-desarme","category-politica-es","category-sudamerica","tag-lahuelladeloslideres","tag-acuerdos-de-paz","tag-colombia","tag-paz-es"],"yoast_head":"<!-- This site is optimized with the Yoast SEO plugin v27.1.1 - https:\/\/yoast.com\/product\/yoast-seo-wordpress\/ -->\n<title>Cristo, el ministro de la paz<\/title>\n<meta name=\"description\" content=\"9 de julio 2024, El Espectador Un jefe me dijo que yo era tan rebelde que mi firma parec\u00eda una flecha en contrav\u00eda. Quiz\u00e1 por eso me aburren los cocteles\" \/>\n<meta name=\"robots\" content=\"index, follow, max-snippet:-1, max-image-preview:large, max-video-preview:-1\" \/>\n<link rel=\"canonical\" href=\"https:\/\/www.pressenza.com\/es\/2024\/07\/cristo-el-ministro-de-la-paz\/\" \/>\n<meta property=\"og:locale\" content=\"es_ES\" \/>\n<meta property=\"og:type\" content=\"article\" \/>\n<meta property=\"og:title\" content=\"Cristo, el ministro de la paz\" \/>\n<meta property=\"og:description\" content=\"9 de julio 2024, El Espectador Un jefe me dijo que yo era tan rebelde que mi firma parec\u00eda una flecha en contrav\u00eda. Quiz\u00e1 por eso me aburren los cocteles\" \/>\n<meta property=\"og:url\" content=\"https:\/\/www.pressenza.com\/es\/2024\/07\/cristo-el-ministro-de-la-paz\/\" \/>\n<meta property=\"og:site_name\" content=\"Pressenza\" \/>\n<meta property=\"article:publisher\" content=\"https:\/\/www.facebook.com\/PressenzaItalia\" \/>\n<meta property=\"article:published_time\" content=\"2024-07-12T01:42:27+00:00\" \/>\n<meta property=\"og:image\" content=\"https:\/\/www.pressenza.com\/wp-content\/uploads\/2024\/07\/Ministro-Cristo-Fotografia-oficial-de-la-Presidencia-de-Colombia.jpg\" \/>\n\t<meta property=\"og:image:width\" content=\"820\" \/>\n\t<meta property=\"og:image:height\" content=\"547\" \/>\n\t<meta property=\"og:image:type\" content=\"image\/jpeg\" \/>\n<meta name=\"author\" content=\"Gloria Arias Nieto\" \/>\n<meta name=\"twitter:card\" content=\"summary_large_image\" \/>\n<meta name=\"twitter:creator\" content=\"@gloriariasnieto\" \/>\n<meta name=\"twitter:site\" content=\"@PressenzaIPA\" \/>\n<meta name=\"twitter:label1\" content=\"Escrito por\" \/>\n\t<meta name=\"twitter:data1\" content=\"Gloria Arias Nieto\" \/>\n\t<meta name=\"twitter:label2\" content=\"Tiempo de lectura\" \/>\n\t<meta name=\"twitter:data2\" content=\"4 minutos\" \/>\n<script type=\"application\/ld+json\" class=\"yoast-schema-graph\">{\"@context\":\"https:\/\/schema.org\",\"@graph\":[{\"@type\":\"Article\",\"@id\":\"https:\/\/www.pressenza.com\/es\/2024\/07\/cristo-el-ministro-de-la-paz\/#article\",\"isPartOf\":{\"@id\":\"https:\/\/www.pressenza.com\/es\/2024\/07\/cristo-el-ministro-de-la-paz\/\"},\"author\":{\"name\":\"Gloria Arias Nieto\",\"@id\":\"https:\/\/www.pressenza.com\/es\/#\/schema\/person\/476779c5c0c262f919761226ef961a29\"},\"headline\":\"Cristo, el ministro de la paz\",\"datePublished\":\"2024-07-12T01:42:27+00:00\",\"mainEntityOfPage\":{\"@id\":\"https:\/\/www.pressenza.com\/es\/2024\/07\/cristo-el-ministro-de-la-paz\/\"},\"wordCount\":708,\"publisher\":{\"@id\":\"https:\/\/www.pressenza.com\/es\/#organization\"},\"image\":{\"@id\":\"https:\/\/www.pressenza.com\/es\/2024\/07\/cristo-el-ministro-de-la-paz\/#primaryimage\"},\"thumbnailUrl\":\"https:\/\/www.pressenza.com\/wp-content\/uploads\/2024\/07\/Ministro-Cristo-Fotografia-oficial-de-la-Presidencia-de-Colombia.jpg\",\"keywords\":[\"#LaHuellaDeLosLideres\",\"Acuerdos de Paz\",\"Colombia\",\"Paz\"],\"articleSection\":[\"Opiniones\",\"Paz y Desarme\",\"Pol\u00edtica\",\"Sudam\u00e9rica\"],\"inLanguage\":\"es\"},{\"@type\":\"WebPage\",\"@id\":\"https:\/\/www.pressenza.com\/es\/2024\/07\/cristo-el-ministro-de-la-paz\/\",\"url\":\"https:\/\/www.pressenza.com\/es\/2024\/07\/cristo-el-ministro-de-la-paz\/\",\"name\":\"Cristo, el ministro de la paz\",\"isPartOf\":{\"@id\":\"https:\/\/www.pressenza.com\/es\/#website\"},\"primaryImageOfPage\":{\"@id\":\"https:\/\/www.pressenza.com\/es\/2024\/07\/cristo-el-ministro-de-la-paz\/#primaryimage\"},\"image\":{\"@id\":\"https:\/\/www.pressenza.com\/es\/2024\/07\/cristo-el-ministro-de-la-paz\/#primaryimage\"},\"thumbnailUrl\":\"https:\/\/www.pressenza.com\/wp-content\/uploads\/2024\/07\/Ministro-Cristo-Fotografia-oficial-de-la-Presidencia-de-Colombia.jpg\",\"datePublished\":\"2024-07-12T01:42:27+00:00\",\"description\":\"9 de julio 2024, El Espectador Un jefe me dijo que yo era tan rebelde que mi firma parec\u00eda una flecha en contrav\u00eda. Quiz\u00e1 por eso me aburren los cocteles\",\"breadcrumb\":{\"@id\":\"https:\/\/www.pressenza.com\/es\/2024\/07\/cristo-el-ministro-de-la-paz\/#breadcrumb\"},\"inLanguage\":\"es\",\"potentialAction\":[{\"@type\":\"ReadAction\",\"target\":[\"https:\/\/www.pressenza.com\/es\/2024\/07\/cristo-el-ministro-de-la-paz\/\"]}]},{\"@type\":\"ImageObject\",\"inLanguage\":\"es\",\"@id\":\"https:\/\/www.pressenza.com\/es\/2024\/07\/cristo-el-ministro-de-la-paz\/#primaryimage\",\"url\":\"https:\/\/www.pressenza.com\/wp-content\/uploads\/2024\/07\/Ministro-Cristo-Fotografia-oficial-de-la-Presidencia-de-Colombia.jpg\",\"contentUrl\":\"https:\/\/www.pressenza.com\/wp-content\/uploads\/2024\/07\/Ministro-Cristo-Fotografia-oficial-de-la-Presidencia-de-Colombia.jpg\",\"width\":820,\"height\":547,\"caption\":\"Ministro Juan Fernando Cristo\"},{\"@type\":\"BreadcrumbList\",\"@id\":\"https:\/\/www.pressenza.com\/es\/2024\/07\/cristo-el-ministro-de-la-paz\/#breadcrumb\",\"itemListElement\":[{\"@type\":\"ListItem\",\"position\":1,\"name\":\"Accueil\",\"item\":\"https:\/\/www.pressenza.com\/es\/\"},{\"@type\":\"ListItem\",\"position\":2,\"name\":\"Cristo, el ministro de la paz\"}]},{\"@type\":\"WebSite\",\"@id\":\"https:\/\/www.pressenza.com\/es\/#website\",\"url\":\"https:\/\/www.pressenza.com\/es\/\",\"name\":\"Pressenza\",\"description\":\"International Press Agency\",\"publisher\":{\"@id\":\"https:\/\/www.pressenza.com\/es\/#organization\"},\"potentialAction\":[{\"@type\":\"SearchAction\",\"target\":{\"@type\":\"EntryPoint\",\"urlTemplate\":\"https:\/\/www.pressenza.com\/es\/?s={search_term_string}\"},\"query-input\":{\"@type\":\"PropertyValueSpecification\",\"valueRequired\":true,\"valueName\":\"search_term_string\"}}],\"inLanguage\":\"es\"},{\"@type\":\"Organization\",\"@id\":\"https:\/\/www.pressenza.com\/es\/#organization\",\"name\":\"Pressenza\",\"url\":\"https:\/\/www.pressenza.com\/es\/\",\"logo\":{\"@type\":\"ImageObject\",\"inLanguage\":\"es\",\"@id\":\"https:\/\/www.pressenza.com\/es\/#\/schema\/logo\/image\/\",\"url\":\"https:\/\/www.pressenza.com\/wp-content\/uploads\/2022\/10\/pressenza_logo_200x200.jpg\",\"contentUrl\":\"https:\/\/www.pressenza.com\/wp-content\/uploads\/2022\/10\/pressenza_logo_200x200.jpg\",\"width\":200,\"height\":200,\"caption\":\"Pressenza\"},\"image\":{\"@id\":\"https:\/\/www.pressenza.com\/es\/#\/schema\/logo\/image\/\"},\"sameAs\":[\"https:\/\/www.facebook.com\/PressenzaItalia\",\"https:\/\/x.com\/PressenzaIPA\"]},{\"@type\":\"Person\",\"@id\":\"https:\/\/www.pressenza.com\/es\/#\/schema\/person\/476779c5c0c262f919761226ef961a29\",\"name\":\"Gloria Arias Nieto\",\"description\":\"M\u00e9dica y periodista, columnista de El Espectador. Promotora de procesos de paz y reconciliaci\u00f3n. Miembro del movimiento Defendamos la Paz (DLP) @gloriariasnieto\",\"sameAs\":[\"https:\/\/x.com\/gloriariasnieto\"],\"url\":\"https:\/\/www.pressenza.com\/es\/author\/gloria-arias-nieto\/\"}]}<\/script>\n<!-- \/ Yoast SEO plugin. -->","yoast_head_json":{"title":"Cristo, el ministro de la paz","description":"9 de julio 2024, El Espectador Un jefe me dijo que yo era tan rebelde que mi firma parec\u00eda una flecha en contrav\u00eda. Quiz\u00e1 por eso me aburren los cocteles","robots":{"index":"index","follow":"follow","max-snippet":"max-snippet:-1","max-image-preview":"max-image-preview:large","max-video-preview":"max-video-preview:-1"},"canonical":"https:\/\/www.pressenza.com\/es\/2024\/07\/cristo-el-ministro-de-la-paz\/","og_locale":"es_ES","og_type":"article","og_title":"Cristo, el ministro de la paz","og_description":"9 de julio 2024, El Espectador Un jefe me dijo que yo era tan rebelde que mi firma parec\u00eda una flecha en contrav\u00eda. Quiz\u00e1 por eso me aburren los cocteles","og_url":"https:\/\/www.pressenza.com\/es\/2024\/07\/cristo-el-ministro-de-la-paz\/","og_site_name":"Pressenza","article_publisher":"https:\/\/www.facebook.com\/PressenzaItalia","article_published_time":"2024-07-12T01:42:27+00:00","og_image":[{"width":820,"height":547,"url":"https:\/\/www.pressenza.com\/wp-content\/uploads\/2024\/07\/Ministro-Cristo-Fotografia-oficial-de-la-Presidencia-de-Colombia.jpg","type":"image\/jpeg"}],"author":"Gloria Arias Nieto","twitter_card":"summary_large_image","twitter_creator":"@gloriariasnieto","twitter_site":"@PressenzaIPA","twitter_misc":{"Escrito por":"Gloria Arias Nieto","Tiempo de lectura":"4 minutos"},"schema":{"@context":"https:\/\/schema.org","@graph":[{"@type":"Article","@id":"https:\/\/www.pressenza.com\/es\/2024\/07\/cristo-el-ministro-de-la-paz\/#article","isPartOf":{"@id":"https:\/\/www.pressenza.com\/es\/2024\/07\/cristo-el-ministro-de-la-paz\/"},"author":{"name":"Gloria Arias Nieto","@id":"https:\/\/www.pressenza.com\/es\/#\/schema\/person\/476779c5c0c262f919761226ef961a29"},"headline":"Cristo, el ministro de la paz","datePublished":"2024-07-12T01:42:27+00:00","mainEntityOfPage":{"@id":"https:\/\/www.pressenza.com\/es\/2024\/07\/cristo-el-ministro-de-la-paz\/"},"wordCount":708,"publisher":{"@id":"https:\/\/www.pressenza.com\/es\/#organization"},"image":{"@id":"https:\/\/www.pressenza.com\/es\/2024\/07\/cristo-el-ministro-de-la-paz\/#primaryimage"},"thumbnailUrl":"https:\/\/www.pressenza.com\/wp-content\/uploads\/2024\/07\/Ministro-Cristo-Fotografia-oficial-de-la-Presidencia-de-Colombia.jpg","keywords":["#LaHuellaDeLosLideres","Acuerdos de Paz","Colombia","Paz"],"articleSection":["Opiniones","Paz y Desarme","Pol\u00edtica","Sudam\u00e9rica"],"inLanguage":"es"},{"@type":"WebPage","@id":"https:\/\/www.pressenza.com\/es\/2024\/07\/cristo-el-ministro-de-la-paz\/","url":"https:\/\/www.pressenza.com\/es\/2024\/07\/cristo-el-ministro-de-la-paz\/","name":"Cristo, el ministro de la paz","isPartOf":{"@id":"https:\/\/www.pressenza.com\/es\/#website"},"primaryImageOfPage":{"@id":"https:\/\/www.pressenza.com\/es\/2024\/07\/cristo-el-ministro-de-la-paz\/#primaryimage"},"image":{"@id":"https:\/\/www.pressenza.com\/es\/2024\/07\/cristo-el-ministro-de-la-paz\/#primaryimage"},"thumbnailUrl":"https:\/\/www.pressenza.com\/wp-content\/uploads\/2024\/07\/Ministro-Cristo-Fotografia-oficial-de-la-Presidencia-de-Colombia.jpg","datePublished":"2024-07-12T01:42:27+00:00","description":"9 de julio 2024, El Espectador Un jefe me dijo que yo era tan rebelde que mi firma parec\u00eda una flecha en contrav\u00eda. Quiz\u00e1 por eso me aburren los cocteles","breadcrumb":{"@id":"https:\/\/www.pressenza.com\/es\/2024\/07\/cristo-el-ministro-de-la-paz\/#breadcrumb"},"inLanguage":"es","potentialAction":[{"@type":"ReadAction","target":["https:\/\/www.pressenza.com\/es\/2024\/07\/cristo-el-ministro-de-la-paz\/"]}]},{"@type":"ImageObject","inLanguage":"es","@id":"https:\/\/www.pressenza.com\/es\/2024\/07\/cristo-el-ministro-de-la-paz\/#primaryimage","url":"https:\/\/www.pressenza.com\/wp-content\/uploads\/2024\/07\/Ministro-Cristo-Fotografia-oficial-de-la-Presidencia-de-Colombia.jpg","contentUrl":"https:\/\/www.pressenza.com\/wp-content\/uploads\/2024\/07\/Ministro-Cristo-Fotografia-oficial-de-la-Presidencia-de-Colombia.jpg","width":820,"height":547,"caption":"Ministro Juan Fernando Cristo"},{"@type":"BreadcrumbList","@id":"https:\/\/www.pressenza.com\/es\/2024\/07\/cristo-el-ministro-de-la-paz\/#breadcrumb","itemListElement":[{"@type":"ListItem","position":1,"name":"Accueil","item":"https:\/\/www.pressenza.com\/es\/"},{"@type":"ListItem","position":2,"name":"Cristo, el ministro de la paz"}]},{"@type":"WebSite","@id":"https:\/\/www.pressenza.com\/es\/#website","url":"https:\/\/www.pressenza.com\/es\/","name":"Pressenza","description":"International Press Agency","publisher":{"@id":"https:\/\/www.pressenza.com\/es\/#organization"},"potentialAction":[{"@type":"SearchAction","target":{"@type":"EntryPoint","urlTemplate":"https:\/\/www.pressenza.com\/es\/?s={search_term_string}"},"query-input":{"@type":"PropertyValueSpecification","valueRequired":true,"valueName":"search_term_string"}}],"inLanguage":"es"},{"@type":"Organization","@id":"https:\/\/www.pressenza.com\/es\/#organization","name":"Pressenza","url":"https:\/\/www.pressenza.com\/es\/","logo":{"@type":"ImageObject","inLanguage":"es","@id":"https:\/\/www.pressenza.com\/es\/#\/schema\/logo\/image\/","url":"https:\/\/www.pressenza.com\/wp-content\/uploads\/2022\/10\/pressenza_logo_200x200.jpg","contentUrl":"https:\/\/www.pressenza.com\/wp-content\/uploads\/2022\/10\/pressenza_logo_200x200.jpg","width":200,"height":200,"caption":"Pressenza"},"image":{"@id":"https:\/\/www.pressenza.com\/es\/#\/schema\/logo\/image\/"},"sameAs":["https:\/\/www.facebook.com\/PressenzaItalia","https:\/\/x.com\/PressenzaIPA"]},{"@type":"Person","@id":"https:\/\/www.pressenza.com\/es\/#\/schema\/person\/476779c5c0c262f919761226ef961a29","name":"Gloria Arias Nieto","description":"M\u00e9dica y periodista, columnista de El Espectador. Promotora de procesos de paz y reconciliaci\u00f3n. Miembro del movimiento Defendamos la Paz (DLP) @gloriariasnieto","sameAs":["https:\/\/x.com\/gloriariasnieto"],"url":"https:\/\/www.pressenza.com\/es\/author\/gloria-arias-nieto\/"}]}},"place":"Bogot\u00e1, Colombia","original_article_url":"https:\/\/www.elespectador.com\/opinion\/columnistas\/gloria-arias-nieto\/cristo-el-ministro-de-la-paz\/","_links":{"self":[{"href":"https:\/\/www.pressenza.com\/es\/wp-json\/wp\/v2\/posts\/2536051","targetHints":{"allow":["GET"]}}],"collection":[{"href":"https:\/\/www.pressenza.com\/es\/wp-json\/wp\/v2\/posts"}],"about":[{"href":"https:\/\/www.pressenza.com\/es\/wp-json\/wp\/v2\/types\/post"}],"author":[{"embeddable":true,"href":"https:\/\/www.pressenza.com\/es\/wp-json\/wp\/v2\/users\/1897"}],"replies":[{"embeddable":true,"href":"https:\/\/www.pressenza.com\/es\/wp-json\/wp\/v2\/comments?post=2536051"}],"version-history":[{"count":0,"href":"https:\/\/www.pressenza.com\/es\/wp-json\/wp\/v2\/posts\/2536051\/revisions"}],"wp:featuredmedia":[{"embeddable":true,"href":"https:\/\/www.pressenza.com\/es\/wp-json\/wp\/v2\/media\/2536054"}],"wp:attachment":[{"href":"https:\/\/www.pressenza.com\/es\/wp-json\/wp\/v2\/media?parent=2536051"}],"wp:term":[{"taxonomy":"category","embeddable":true,"href":"https:\/\/www.pressenza.com\/es\/wp-json\/wp\/v2\/categories?post=2536051"},{"taxonomy":"post_tag","embeddable":true,"href":"https:\/\/www.pressenza.com\/es\/wp-json\/wp\/v2\/tags?post=2536051"}],"curies":[{"name":"wp","href":"https:\/\/api.w.org\/{rel}","templated":true}]}}