{"id":2536033,"date":"2024-07-11T23:00:37","date_gmt":"2024-07-11T22:00:37","guid":{"rendered":"https:\/\/www.pressenza.com\/?p=2536033"},"modified":"2024-07-11T23:00:37","modified_gmt":"2024-07-11T22:00:37","slug":"punir-a-los-trece-anos-retroceder-cien","status":"publish","type":"post","link":"https:\/\/www.pressenza.com\/es\/2024\/07\/punir-a-los-trece-anos-retroceder-cien\/","title":{"rendered":"Punir a los trece a\u00f1os, retroceder cien"},"content":{"rendered":"<p style=\"padding-left: 40px;\">La abogada especializada en Criminal\u00edstica Claudia Cesaroni convers\u00f3 con Al Margen en Ideas Circulares, el programa de Lucas Zeni en Radio C, y opin\u00f3 sobre el proyecto de ley del Gobierno para bajar la edad de punibilidad en la Argentina. Tambi\u00e9n se expres\u00f3 Alejandro Palmas, referente de Vientos de Libertad de Bariloche<em>.<\/em><\/p>\n<p style=\"padding-left: 40px;\">Por Pablo Bassi \/ Cooperativa de Comunicaci\u00f3n Popular Al Margen<\/p>\n<p>La Ministra de Seguridad Patricia Bullrich present\u00f3 junto al Ministro de Justicia Mariano C\u00faneo Libarona un proyecto de ley para bajar la edad de punibilidad penal fijada actualmente a partir de los 16 a\u00f1os. No es la primera vez que lo hace: en 2017 y 2019, durante la presidencia de Mauricio Macri, Bullrich alent\u00f3 una reforma similar. Ahora la novedad es que pretende hacerlo a partir de los 13, acerc\u00e1ndose a la norma que reg\u00eda antes de 1921 cuando fue elevada a los 14 a\u00f1os.<\/p>\n<p>La inseguridad sigue siendo una preocupaci\u00f3n de los argentinos, aunque desplazada por la inflaci\u00f3n, la corrupci\u00f3n y la pobreza (sondeo de junio de M&amp;F) y los salarios bajos (sondeo de mayo de UDeSA).<\/p>\n<blockquote><p><em>\u201cLos\u00a0sectores conservadores y de derecha tienden a construir en el sentido com\u00fan el imaginario de que la inseguridad y su crecimiento est\u00e1n relacionados a que los j\u00f3venes cometen m\u00e1s delitos a m\u00e1s baja edad y no a un modelo pol\u00edtico y econ\u00f3mico de exclusi\u00f3n<\/em>\u201d, dice Alejandro Palmas, referente Vientos de Libertad y del Movimiento de Infancias de Bariloche y ex trabajador de la Secretar\u00eda de Ni\u00f1ez, Adolescencia y Familia de la Naci\u00f3n.<\/p><\/blockquote>\n<p>El R\u00e9gimen Penal de la Minoridad vigente, creado en 1980 a partir de un decreto ley del dictador Jorge Videla, no tiene tope de pena. Por eso la Corte Interamericana de Derechos Humanos conden\u00f3 en 2013 al Estado argentino tras aplicar una condena a cadena perpetua. \u201cEs un r\u00e9gimen que hay modificar\u201d, dijo la abogada Claudia Cesaroni en el programa radial Ideas Circulares.\u00a0<em>\u201cPero esta ley que propone Bullrich es peor que la de Videla. Es mejor dejar las cosas como est\u00e1n. No hay datos reales ni oficiales de cr\u00edmenes cometidos por menores de 16 a\u00f1os. Puede haber uno, dos o tres en un a\u00f1o, los que pr\u00e1cticamente no inciden en las estad\u00edsticas generales\u201d<\/em>.<\/p>\n<p>Bullrich y C\u00faneo Libarona proponen penas de hasta 20 a\u00f1os de prisi\u00f3n para la mayor\u00eda de los delitos. Y faculta a los jueces a investigar y someter a menores de 13 a \u201cinternaci\u00f3n\u201d con fines de \u201creadaptaci\u00f3n social\u201d en aquellos casos que consideren que exista riesgo de comisi\u00f3n de nuevos delitos o que el ni\u00f1o sea peligroso para s\u00ed o para terceros. Esto implicar\u00eda \u2013para Cesaroni\u2013 el regreso del Patronato. La Ley de Patronato de Menores de 1919 consider\u00f3 a los ni\u00f1os y adolescentes objeto a tutelar por el Estado: una concepci\u00f3n abandonada en 2006 con la sanci\u00f3n de la Ley de Protecci\u00f3n Integral que reconoce a los menores como sujetos de derecho.<\/p>\n<p>\u201cLos invito a ver la pel\u00edcula de Leonardo Favio\u00a0<em>Cr\u00f3nica de un ni\u00f1o solo<\/em>\u00a0o a leer\u00a0<em>Las tumbas<\/em>, de Enrique Medina\u201d, dice Cesaroni, \u201cobras que retratan la vida en los reformatorios de la Ley de Patronato donde los pibes vegetaban hasta los 21 y s\u00f3lo los m\u00e1s lindos, los m\u00e1s blanquitos, los m\u00e1s gorditos, con suerte, llegaban a ser adoptados\u201d.<\/p>\n<h3><strong>Qu\u00e9 hacer<\/strong><\/h3>\n<p><em>\u201cNosotros no decimos que no tenemos nada que hacer, decimos que hay cosas para hacer por fuera del sistema penal\u201d<\/em>, explica Cesaroni, que integra la Red Argentina No Baja. \u201c<em>Ocurre que\u00a0e<\/em><em>n este contexto pol\u00edtico dif\u00edcilmente cualquier discusi\u00f3n pueda salir de lo estrictamente punitivo<\/em><em>.\u00a0<\/em><em>Fijate qu\u00e9 interesante y perverso: en su comunicado de presentaci\u00f3n del proyecto, el Gobierno dice que ni\u00f1os y adolescentes son utilizados por bandas criminales. Entonces, si es as\u00ed, son v\u00edctimas de esa utilizaci\u00f3n. \u00a1C\u00f3mo la respuesta va a ser descargar sobre ellos un proceso penal!\u201d.<\/em><\/p>\n<blockquote><p>Menos de cuatro mil ni\u00f1os y adolescentes en todo el pa\u00eds est\u00e1n procesados o transitando alg\u00fan tipo de intervenci\u00f3n penal. El 81,1% de las aprehensiones de ni\u00f1os y adolescentes en 2023 fue por presuntos delitos contra la propiedad, seg\u00fan los \u00faltimos datos del Ministerio de Justicia de la Naci\u00f3n. En Bariloche los delitos graves \u2013homicidios, lesiones, terrorismo, delitos contra la humanidad\u2013 son pr\u00e1cticamente inexistentes entre adolescentes. Por eso tampoco hay alojamientos institucionales espec\u00edficos para ellos.<\/p><\/blockquote>\n<p><em>\u201cEl que ingresa al sistema penal sale peor de lo que entra\u201d, <\/em>dice Palmas<em>. \u201cEs un atajo millonario<\/em><em>\u00a0<\/em><em>que lejos de resolver los problemas de los pibes y las pibas, los profundiza. M\u00e1s que pensar en modelos punitivos creemos que la soluci\u00f3n pasa por tener un batall\u00f3n de pol\u00edticas p\u00fablicas preventivas, promocionales, que lleguen a todos los territorios en relaci\u00f3n al arte, la cultura, la educaci\u00f3n, la formaci\u00f3n en un oficio\u201d.<\/em><\/p>\n<p>Cesaroni dice que insertar ni\u00f1os y adolescentes dentro del sistema penal tiene un costo en personal, medidas de seguridad, tratamiento que prefiere disponer en un equipo de 50 trabajadores sociales, educadores y profesores de f\u00fatbol.\u00a0<em>\u201cAtravesamos un momento pol\u00edtico en que se est\u00e1 dinamitando las pol\u00edticas p\u00fablicas del Estado socia<\/em><em>l<\/em><em>\u00a0y siete de cada diez menores de 18 a\u00f1os est\u00e1n bajo la l\u00ednea de pobreza.<\/em>\u201d.<\/p>\n","protected":false},"excerpt":{"rendered":"<p>La abogada especializada en Criminal\u00edstica Claudia Cesaroni convers\u00f3 con Al Margen en Ideas Circulares, el programa de Lucas Zeni en Radio C, y opin\u00f3 sobre el proyecto de ley del Gobierno para bajar la edad de punibilidad en la Argentina.&hellip;<\/p>\n","protected":false},"author":1254,"featured_media":2536034,"comment_status":"closed","ping_status":"closed","sticky":false,"template":"","format":"standard","meta":{"footnotes":""},"categories":[79,46976,161,67],"tags":[34143,398,16213,124587,17495],"class_list":["post-2536033","post","type-post","status-publish","format-standard","has-post-thumbnail","hentry","category-derechos-humanos","category-jovenes","category-opiniones","category-sudamerica","tag-imputabilidad","tag-justicia","tag-menores","tag-regimen-penal","tag-seguridad"],"yoast_head":"<!-- This site is optimized with the Yoast SEO plugin v27.1.1 - https:\/\/yoast.com\/product\/yoast-seo-wordpress\/ -->\n<title>Punir a los trece a\u00f1os, retroceder cien<\/title>\n<meta name=\"description\" content=\"La abogada especializada en Criminal\u00edstica Claudia Cesaroni convers\u00f3 con Al Margen en Ideas Circulares, el programa de Lucas Zeni en Radio C, y opin\u00f3\" \/>\n<meta name=\"robots\" content=\"index, follow, max-snippet:-1, max-image-preview:large, max-video-preview:-1\" \/>\n<link rel=\"canonical\" href=\"https:\/\/www.pressenza.com\/es\/2024\/07\/punir-a-los-trece-anos-retroceder-cien\/\" \/>\n<meta property=\"og:locale\" content=\"es_ES\" \/>\n<meta property=\"og:type\" content=\"article\" \/>\n<meta property=\"og:title\" content=\"Punir a los trece a\u00f1os, retroceder cien\" \/>\n<meta property=\"og:description\" content=\"La abogada especializada en Criminal\u00edstica Claudia Cesaroni convers\u00f3 con Al Margen en Ideas Circulares, el programa de Lucas Zeni en Radio C, y opin\u00f3\" \/>\n<meta property=\"og:url\" content=\"https:\/\/www.pressenza.com\/es\/2024\/07\/punir-a-los-trece-anos-retroceder-cien\/\" \/>\n<meta property=\"og:site_name\" content=\"Pressenza\" \/>\n<meta property=\"article:publisher\" content=\"https:\/\/www.facebook.com\/PressenzaItalia\" \/>\n<meta property=\"article:author\" content=\"https:\/\/www.facebook.com\/pressenza\" \/>\n<meta property=\"article:published_time\" content=\"2024-07-11T22:00:37+00:00\" \/>\n<meta property=\"og:image\" content=\"https:\/\/www.pressenza.com\/wp-content\/uploads\/2024\/07\/de-Eugenia-Neme.jpeg\" \/>\n\t<meta property=\"og:image:width\" content=\"1024\" \/>\n\t<meta property=\"og:image:height\" content=\"512\" \/>\n\t<meta property=\"og:image:type\" content=\"image\/jpeg\" \/>\n<meta name=\"author\" content=\"Redacci\u00f3n Mar del Plata\" \/>\n<meta name=\"twitter:card\" content=\"summary_large_image\" \/>\n<meta name=\"twitter:creator\" content=\"@Pressenza\" \/>\n<meta name=\"twitter:site\" content=\"@PressenzaIPA\" \/>\n<meta name=\"twitter:label1\" content=\"Escrito por\" \/>\n\t<meta name=\"twitter:data1\" content=\"Redacci\u00f3n Mar del Plata\" \/>\n\t<meta name=\"twitter:label2\" content=\"Tiempo de lectura\" \/>\n\t<meta name=\"twitter:data2\" content=\"4 minutos\" \/>\n<script type=\"application\/ld+json\" class=\"yoast-schema-graph\">{\"@context\":\"https:\/\/schema.org\",\"@graph\":[{\"@type\":\"Article\",\"@id\":\"https:\/\/www.pressenza.com\/es\/2024\/07\/punir-a-los-trece-anos-retroceder-cien\/#article\",\"isPartOf\":{\"@id\":\"https:\/\/www.pressenza.com\/es\/2024\/07\/punir-a-los-trece-anos-retroceder-cien\/\"},\"author\":{\"name\":\"Redacci\u00f3n Mar del Plata\",\"@id\":\"https:\/\/www.pressenza.com\/es\/#\/schema\/person\/738658b5125ecea661a8a0b96dba8b69\"},\"headline\":\"Punir a los trece a\u00f1os, retroceder cien\",\"datePublished\":\"2024-07-11T22:00:37+00:00\",\"mainEntityOfPage\":{\"@id\":\"https:\/\/www.pressenza.com\/es\/2024\/07\/punir-a-los-trece-anos-retroceder-cien\/\"},\"wordCount\":920,\"publisher\":{\"@id\":\"https:\/\/www.pressenza.com\/es\/#organization\"},\"image\":{\"@id\":\"https:\/\/www.pressenza.com\/es\/2024\/07\/punir-a-los-trece-anos-retroceder-cien\/#primaryimage\"},\"thumbnailUrl\":\"https:\/\/www.pressenza.com\/wp-content\/uploads\/2024\/07\/de-Eugenia-Neme.jpeg\",\"keywords\":[\"imputabilidad\",\"justicia\",\"menores\",\"r\u00e9gimen penal\",\"Seguridad\"],\"articleSection\":[\"Derechos Humanos\",\"J\u00f3venes\",\"Opiniones\",\"Sudam\u00e9rica\"],\"inLanguage\":\"es\"},{\"@type\":\"WebPage\",\"@id\":\"https:\/\/www.pressenza.com\/es\/2024\/07\/punir-a-los-trece-anos-retroceder-cien\/\",\"url\":\"https:\/\/www.pressenza.com\/es\/2024\/07\/punir-a-los-trece-anos-retroceder-cien\/\",\"name\":\"Punir a los trece a\u00f1os, retroceder cien\",\"isPartOf\":{\"@id\":\"https:\/\/www.pressenza.com\/es\/#website\"},\"primaryImageOfPage\":{\"@id\":\"https:\/\/www.pressenza.com\/es\/2024\/07\/punir-a-los-trece-anos-retroceder-cien\/#primaryimage\"},\"image\":{\"@id\":\"https:\/\/www.pressenza.com\/es\/2024\/07\/punir-a-los-trece-anos-retroceder-cien\/#primaryimage\"},\"thumbnailUrl\":\"https:\/\/www.pressenza.com\/wp-content\/uploads\/2024\/07\/de-Eugenia-Neme.jpeg\",\"datePublished\":\"2024-07-11T22:00:37+00:00\",\"description\":\"La abogada especializada en Criminal\u00edstica Claudia Cesaroni convers\u00f3 con Al Margen en Ideas Circulares, el programa de Lucas Zeni en Radio C, y opin\u00f3\",\"breadcrumb\":{\"@id\":\"https:\/\/www.pressenza.com\/es\/2024\/07\/punir-a-los-trece-anos-retroceder-cien\/#breadcrumb\"},\"inLanguage\":\"es\",\"potentialAction\":[{\"@type\":\"ReadAction\",\"target\":[\"https:\/\/www.pressenza.com\/es\/2024\/07\/punir-a-los-trece-anos-retroceder-cien\/\"]}]},{\"@type\":\"ImageObject\",\"inLanguage\":\"es\",\"@id\":\"https:\/\/www.pressenza.com\/es\/2024\/07\/punir-a-los-trece-anos-retroceder-cien\/#primaryimage\",\"url\":\"https:\/\/www.pressenza.com\/wp-content\/uploads\/2024\/07\/de-Eugenia-Neme.jpeg\",\"contentUrl\":\"https:\/\/www.pressenza.com\/wp-content\/uploads\/2024\/07\/de-Eugenia-Neme.jpeg\",\"width\":1024,\"height\":512},{\"@type\":\"BreadcrumbList\",\"@id\":\"https:\/\/www.pressenza.com\/es\/2024\/07\/punir-a-los-trece-anos-retroceder-cien\/#breadcrumb\",\"itemListElement\":[{\"@type\":\"ListItem\",\"position\":1,\"name\":\"Accueil\",\"item\":\"https:\/\/www.pressenza.com\/es\/\"},{\"@type\":\"ListItem\",\"position\":2,\"name\":\"Punir a los trece a\u00f1os, retroceder cien\"}]},{\"@type\":\"WebSite\",\"@id\":\"https:\/\/www.pressenza.com\/es\/#website\",\"url\":\"https:\/\/www.pressenza.com\/es\/\",\"name\":\"Pressenza\",\"description\":\"International Press Agency\",\"publisher\":{\"@id\":\"https:\/\/www.pressenza.com\/es\/#organization\"},\"potentialAction\":[{\"@type\":\"SearchAction\",\"target\":{\"@type\":\"EntryPoint\",\"urlTemplate\":\"https:\/\/www.pressenza.com\/es\/?s={search_term_string}\"},\"query-input\":{\"@type\":\"PropertyValueSpecification\",\"valueRequired\":true,\"valueName\":\"search_term_string\"}}],\"inLanguage\":\"es\"},{\"@type\":\"Organization\",\"@id\":\"https:\/\/www.pressenza.com\/es\/#organization\",\"name\":\"Pressenza\",\"url\":\"https:\/\/www.pressenza.com\/es\/\",\"logo\":{\"@type\":\"ImageObject\",\"inLanguage\":\"es\",\"@id\":\"https:\/\/www.pressenza.com\/es\/#\/schema\/logo\/image\/\",\"url\":\"https:\/\/www.pressenza.com\/wp-content\/uploads\/2022\/10\/pressenza_logo_200x200.jpg\",\"contentUrl\":\"https:\/\/www.pressenza.com\/wp-content\/uploads\/2022\/10\/pressenza_logo_200x200.jpg\",\"width\":200,\"height\":200,\"caption\":\"Pressenza\"},\"image\":{\"@id\":\"https:\/\/www.pressenza.com\/es\/#\/schema\/logo\/image\/\"},\"sameAs\":[\"https:\/\/www.facebook.com\/PressenzaItalia\",\"https:\/\/x.com\/PressenzaIPA\"]},{\"@type\":\"Person\",\"@id\":\"https:\/\/www.pressenza.com\/es\/#\/schema\/person\/738658b5125ecea661a8a0b96dba8b69\",\"name\":\"Redacci\u00f3n Mar del Plata\",\"description\":\"News published by the Pressenza bureau in Mar Del Plata, Argentina\",\"sameAs\":[\"https:\/\/www.facebook.com\/pressenza\",\"https:\/\/x.com\/Pressenza\"],\"url\":\"https:\/\/www.pressenza.com\/es\/author\/redaccion-mar-del-plata\/\"}]}<\/script>\n<!-- \/ Yoast SEO plugin. -->","yoast_head_json":{"title":"Punir a los trece a\u00f1os, retroceder cien","description":"La abogada especializada en Criminal\u00edstica Claudia Cesaroni convers\u00f3 con Al Margen en Ideas Circulares, el programa de Lucas Zeni en Radio C, y opin\u00f3","robots":{"index":"index","follow":"follow","max-snippet":"max-snippet:-1","max-image-preview":"max-image-preview:large","max-video-preview":"max-video-preview:-1"},"canonical":"https:\/\/www.pressenza.com\/es\/2024\/07\/punir-a-los-trece-anos-retroceder-cien\/","og_locale":"es_ES","og_type":"article","og_title":"Punir a los trece a\u00f1os, retroceder cien","og_description":"La abogada especializada en Criminal\u00edstica Claudia Cesaroni convers\u00f3 con Al Margen en Ideas Circulares, el programa de Lucas Zeni en Radio C, y opin\u00f3","og_url":"https:\/\/www.pressenza.com\/es\/2024\/07\/punir-a-los-trece-anos-retroceder-cien\/","og_site_name":"Pressenza","article_publisher":"https:\/\/www.facebook.com\/PressenzaItalia","article_author":"https:\/\/www.facebook.com\/pressenza","article_published_time":"2024-07-11T22:00:37+00:00","og_image":[{"width":1024,"height":512,"url":"https:\/\/www.pressenza.com\/wp-content\/uploads\/2024\/07\/de-Eugenia-Neme.jpeg","type":"image\/jpeg"}],"author":"Redacci\u00f3n Mar del Plata","twitter_card":"summary_large_image","twitter_creator":"@Pressenza","twitter_site":"@PressenzaIPA","twitter_misc":{"Escrito por":"Redacci\u00f3n Mar del Plata","Tiempo de lectura":"4 minutos"},"schema":{"@context":"https:\/\/schema.org","@graph":[{"@type":"Article","@id":"https:\/\/www.pressenza.com\/es\/2024\/07\/punir-a-los-trece-anos-retroceder-cien\/#article","isPartOf":{"@id":"https:\/\/www.pressenza.com\/es\/2024\/07\/punir-a-los-trece-anos-retroceder-cien\/"},"author":{"name":"Redacci\u00f3n Mar del Plata","@id":"https:\/\/www.pressenza.com\/es\/#\/schema\/person\/738658b5125ecea661a8a0b96dba8b69"},"headline":"Punir a los trece a\u00f1os, retroceder cien","datePublished":"2024-07-11T22:00:37+00:00","mainEntityOfPage":{"@id":"https:\/\/www.pressenza.com\/es\/2024\/07\/punir-a-los-trece-anos-retroceder-cien\/"},"wordCount":920,"publisher":{"@id":"https:\/\/www.pressenza.com\/es\/#organization"},"image":{"@id":"https:\/\/www.pressenza.com\/es\/2024\/07\/punir-a-los-trece-anos-retroceder-cien\/#primaryimage"},"thumbnailUrl":"https:\/\/www.pressenza.com\/wp-content\/uploads\/2024\/07\/de-Eugenia-Neme.jpeg","keywords":["imputabilidad","justicia","menores","r\u00e9gimen penal","Seguridad"],"articleSection":["Derechos Humanos","J\u00f3venes","Opiniones","Sudam\u00e9rica"],"inLanguage":"es"},{"@type":"WebPage","@id":"https:\/\/www.pressenza.com\/es\/2024\/07\/punir-a-los-trece-anos-retroceder-cien\/","url":"https:\/\/www.pressenza.com\/es\/2024\/07\/punir-a-los-trece-anos-retroceder-cien\/","name":"Punir a los trece a\u00f1os, retroceder cien","isPartOf":{"@id":"https:\/\/www.pressenza.com\/es\/#website"},"primaryImageOfPage":{"@id":"https:\/\/www.pressenza.com\/es\/2024\/07\/punir-a-los-trece-anos-retroceder-cien\/#primaryimage"},"image":{"@id":"https:\/\/www.pressenza.com\/es\/2024\/07\/punir-a-los-trece-anos-retroceder-cien\/#primaryimage"},"thumbnailUrl":"https:\/\/www.pressenza.com\/wp-content\/uploads\/2024\/07\/de-Eugenia-Neme.jpeg","datePublished":"2024-07-11T22:00:37+00:00","description":"La abogada especializada en Criminal\u00edstica Claudia Cesaroni convers\u00f3 con Al Margen en Ideas Circulares, el programa de Lucas Zeni en Radio C, y opin\u00f3","breadcrumb":{"@id":"https:\/\/www.pressenza.com\/es\/2024\/07\/punir-a-los-trece-anos-retroceder-cien\/#breadcrumb"},"inLanguage":"es","potentialAction":[{"@type":"ReadAction","target":["https:\/\/www.pressenza.com\/es\/2024\/07\/punir-a-los-trece-anos-retroceder-cien\/"]}]},{"@type":"ImageObject","inLanguage":"es","@id":"https:\/\/www.pressenza.com\/es\/2024\/07\/punir-a-los-trece-anos-retroceder-cien\/#primaryimage","url":"https:\/\/www.pressenza.com\/wp-content\/uploads\/2024\/07\/de-Eugenia-Neme.jpeg","contentUrl":"https:\/\/www.pressenza.com\/wp-content\/uploads\/2024\/07\/de-Eugenia-Neme.jpeg","width":1024,"height":512},{"@type":"BreadcrumbList","@id":"https:\/\/www.pressenza.com\/es\/2024\/07\/punir-a-los-trece-anos-retroceder-cien\/#breadcrumb","itemListElement":[{"@type":"ListItem","position":1,"name":"Accueil","item":"https:\/\/www.pressenza.com\/es\/"},{"@type":"ListItem","position":2,"name":"Punir a los trece a\u00f1os, retroceder cien"}]},{"@type":"WebSite","@id":"https:\/\/www.pressenza.com\/es\/#website","url":"https:\/\/www.pressenza.com\/es\/","name":"Pressenza","description":"International Press Agency","publisher":{"@id":"https:\/\/www.pressenza.com\/es\/#organization"},"potentialAction":[{"@type":"SearchAction","target":{"@type":"EntryPoint","urlTemplate":"https:\/\/www.pressenza.com\/es\/?s={search_term_string}"},"query-input":{"@type":"PropertyValueSpecification","valueRequired":true,"valueName":"search_term_string"}}],"inLanguage":"es"},{"@type":"Organization","@id":"https:\/\/www.pressenza.com\/es\/#organization","name":"Pressenza","url":"https:\/\/www.pressenza.com\/es\/","logo":{"@type":"ImageObject","inLanguage":"es","@id":"https:\/\/www.pressenza.com\/es\/#\/schema\/logo\/image\/","url":"https:\/\/www.pressenza.com\/wp-content\/uploads\/2022\/10\/pressenza_logo_200x200.jpg","contentUrl":"https:\/\/www.pressenza.com\/wp-content\/uploads\/2022\/10\/pressenza_logo_200x200.jpg","width":200,"height":200,"caption":"Pressenza"},"image":{"@id":"https:\/\/www.pressenza.com\/es\/#\/schema\/logo\/image\/"},"sameAs":["https:\/\/www.facebook.com\/PressenzaItalia","https:\/\/x.com\/PressenzaIPA"]},{"@type":"Person","@id":"https:\/\/www.pressenza.com\/es\/#\/schema\/person\/738658b5125ecea661a8a0b96dba8b69","name":"Redacci\u00f3n Mar del Plata","description":"News published by the Pressenza bureau in Mar Del Plata, Argentina","sameAs":["https:\/\/www.facebook.com\/pressenza","https:\/\/x.com\/Pressenza"],"url":"https:\/\/www.pressenza.com\/es\/author\/redaccion-mar-del-plata\/"}]}},"place":"Al Margen, R\u00edo Negro, Argentina","original_article_url":"https:\/\/almargen.org.ar\/2024\/07\/10\/punir-a-los-trece-anos-retroceder-cien\/","_links":{"self":[{"href":"https:\/\/www.pressenza.com\/es\/wp-json\/wp\/v2\/posts\/2536033","targetHints":{"allow":["GET"]}}],"collection":[{"href":"https:\/\/www.pressenza.com\/es\/wp-json\/wp\/v2\/posts"}],"about":[{"href":"https:\/\/www.pressenza.com\/es\/wp-json\/wp\/v2\/types\/post"}],"author":[{"embeddable":true,"href":"https:\/\/www.pressenza.com\/es\/wp-json\/wp\/v2\/users\/1254"}],"replies":[{"embeddable":true,"href":"https:\/\/www.pressenza.com\/es\/wp-json\/wp\/v2\/comments?post=2536033"}],"version-history":[{"count":0,"href":"https:\/\/www.pressenza.com\/es\/wp-json\/wp\/v2\/posts\/2536033\/revisions"}],"wp:featuredmedia":[{"embeddable":true,"href":"https:\/\/www.pressenza.com\/es\/wp-json\/wp\/v2\/media\/2536034"}],"wp:attachment":[{"href":"https:\/\/www.pressenza.com\/es\/wp-json\/wp\/v2\/media?parent=2536033"}],"wp:term":[{"taxonomy":"category","embeddable":true,"href":"https:\/\/www.pressenza.com\/es\/wp-json\/wp\/v2\/categories?post=2536033"},{"taxonomy":"post_tag","embeddable":true,"href":"https:\/\/www.pressenza.com\/es\/wp-json\/wp\/v2\/tags?post=2536033"}],"curies":[{"name":"wp","href":"https:\/\/api.w.org\/{rel}","templated":true}]}}