{"id":2534597,"date":"2024-07-05T00:31:20","date_gmt":"2024-07-04T23:31:20","guid":{"rendered":"https:\/\/www.pressenza.com\/?p=2534597"},"modified":"2024-07-05T01:10:12","modified_gmt":"2024-07-05T00:10:12","slug":"teatro-comunitario-novedades-abre-sus-puertas-a-la-experiencia-de-una-programacion-cultural-colectiva","status":"publish","type":"post","link":"https:\/\/www.pressenza.com\/es\/2024\/07\/teatro-comunitario-novedades-abre-sus-puertas-a-la-experiencia-de-una-programacion-cultural-colectiva\/","title":{"rendered":"Teatro Comunitario Novedades abre sus puertas a la experiencia de una programaci\u00f3n cultural colectiva"},"content":{"rendered":"<p><em>por Carla Trenfo Salvo<\/em><\/p>\n<p><em>Este domingo 7 de julio a las 10:30 horas nuevamente el <strong>Teatro Comunitario Novedades<\/strong> se prepara para recibir alrededor de cien personas, las cuales ser\u00e1n parte de un proceso comunitario de programaci\u00f3n colectiva. Las personas que asistan este fin de semana podr\u00e1n ser parte de la cartelera cultural del 2do semestre 2024.<\/em><\/p>\n<p>Queremos hacer llegar esta invitaci\u00f3n a todas\/os\/es quienes quieran realizar sus actividades culturales, vecinales, organizativas, art\u00edsticas u otras en el Teatro Comunitario Novedades (TCN), un espacio que es gestionado por vecinas y vecinos del Barrio Yungay. Esta programaci\u00f3n colectiva tiene por objetivo romper con el esquema de postulaci\u00f3n para acceder a espacios de promoci\u00f3n y difusi\u00f3n de la cultura. Esta programaci\u00f3n no fomenta la competencia y exclusi\u00f3n a las que estamos habituados, ya sea por medio de un jurado o evaluadores.<\/p>\n<p>El espacio est\u00e1 dispuesto para talleristas, personas mayores, ni\u00f1eces, ciclos de cine, artes esc\u00e9nicas, festivales, ferias de artes y oficios, fomento a la lectura, reuniones vecinales, capacitaciones, encuentros, espacio para ensayos y exposiciones.<\/p>\n<p>Para participar del llamado a la \u00faltima programaci\u00f3n colectiva de este a\u00f1o, debes <strong><em>inscribirte en el formulario que puedes completar en <\/em><\/strong><a href=\"http:\/\/www.tcn.cl\"><strong><em>www.tcn.cl<\/em><\/strong><\/a><strong><em>, hasta el s\u00e1bado 6 de julio a las 14 hrs<\/em><\/strong>. Una vez que hayas ingresado tus datos al formulario, puedes <strong><em>presentarte el d\u00eda domingo 7 de julio a las 10.30<\/em><\/strong> hrs para ser parte del proceso comunitario.<\/p>\n<p>\u00a1Te esperamos!<\/p>\n<p>&nbsp;<\/p>\n<div class=\"post-gallery\">\n\t\t\t<figure class=\"post-gallery-item\">\n\t\t\t\t<img decoding=\"async\" src=\"https:\/\/www.pressenza.com\/wp-content\/uploads\/2024\/07\/WhatsApp-Image-2024-07-04-at-18.05.39-1-820x615.jpeg\" loading=\"lazy\">\n\t\t\t\t<figcaption>\n\t\t\t\t\tInterior del TCN\n\t\t\t\t<\/figcaption>\n\t\t\t<\/figure>\n\t\t\t<figure class=\"post-gallery-item\">\n\t\t\t\t<img decoding=\"async\" src=\"https:\/\/www.pressenza.com\/wp-content\/uploads\/2024\/07\/Panel-de-programacion-comunitaria-del-TCM-768x1024.jpeg\" loading=\"lazy\">\n\t\t\t\t<figcaption>\n\t\t\t\t\tProgramaci\u00f3n colectiva del TCN\n\t\t\t\t<\/figcaption>\n\t\t\t<\/figure>\n\t\t\t<figure class=\"post-gallery-item\">\n\t\t\t\t<img decoding=\"async\" src=\"https:\/\/www.pressenza.com\/wp-content\/uploads\/2024\/07\/WhatsApp-Image-2024-03-18-at-09.32.17-820x615.jpeg\" loading=\"lazy\">\n\t\t\t\t<figcaption>\n\t\t\t\t\tExterior del TCN\n\t\t\t\t<\/figcaption>\n\t\t\t<\/figure><\/div>\n<p>&nbsp;<\/p>\n<p>&nbsp;<\/p>\n<p>&nbsp;<\/p>\n","protected":false},"excerpt":{"rendered":"<p>por Carla Trenfo Salvo Este domingo 7 de julio a las 10:30 horas nuevamente el Teatro Comunitario Novedades se prepara para recibir alrededor de cien personas, las cuales ser\u00e1n parte de un proceso comunitario de programaci\u00f3n colectiva. Las personas que&hellip;<\/p>\n","protected":false},"author":1657,"featured_media":2534628,"comment_status":"closed","ping_status":"closed","sticky":false,"template":"","format":"standard","meta":{"footnotes":""},"categories":[11389,75,67],"tags":[49342,124383,121373],"class_list":["post-2534597","post","type-post","status-publish","format-standard","has-post-thumbnail","hentry","category-contenido-original","category-cultura-es","category-sudamerica","tag-barrio-yungay","tag-programacion-colectiva","tag-teatro-comunitario-novedades"],"yoast_head":"<!-- This site is optimized with the Yoast SEO plugin v27.1.1 - https:\/\/yoast.com\/product\/yoast-seo-wordpress\/ -->\n<title>Teatro Comunitario Novedades abre sus puertas a la experiencia de una programaci\u00f3n cultural colectiva<\/title>\n<meta name=\"description\" content=\"por Carla Trenfo Salvo Este domingo 7 de julio a las 10:30 horas nuevamente el Teatro Comunitario Novedades se prepara para recibir alrededor de cien\" \/>\n<meta name=\"robots\" content=\"index, follow, max-snippet:-1, max-image-preview:large, max-video-preview:-1\" \/>\n<link rel=\"canonical\" href=\"https:\/\/www.pressenza.com\/es\/2024\/07\/teatro-comunitario-novedades-abre-sus-puertas-a-la-experiencia-de-una-programacion-cultural-colectiva\/\" \/>\n<meta property=\"og:locale\" content=\"es_ES\" \/>\n<meta property=\"og:type\" content=\"article\" \/>\n<meta property=\"og:title\" content=\"Teatro Comunitario Novedades abre sus puertas a la experiencia de una programaci\u00f3n cultural colectiva\" \/>\n<meta property=\"og:description\" content=\"por Carla Trenfo Salvo Este domingo 7 de julio a las 10:30 horas nuevamente el Teatro Comunitario Novedades se prepara para recibir alrededor de cien\" \/>\n<meta property=\"og:url\" content=\"https:\/\/www.pressenza.com\/es\/2024\/07\/teatro-comunitario-novedades-abre-sus-puertas-a-la-experiencia-de-una-programacion-cultural-colectiva\/\" \/>\n<meta property=\"og:site_name\" content=\"Pressenza\" \/>\n<meta property=\"article:publisher\" content=\"https:\/\/www.facebook.com\/PressenzaItalia\" \/>\n<meta property=\"article:published_time\" content=\"2024-07-04T23:31:20+00:00\" \/>\n<meta property=\"article:modified_time\" content=\"2024-07-05T00:10:12+00:00\" \/>\n<meta property=\"og:image\" content=\"https:\/\/www.pressenza.com\/wp-content\/uploads\/2024\/07\/WhatsApp-Image-2024-07-04-at-18.06.17.jpeg\" \/>\n\t<meta property=\"og:image:width\" content=\"1080\" \/>\n\t<meta property=\"og:image:height\" content=\"1080\" \/>\n\t<meta property=\"og:image:type\" content=\"image\/jpeg\" \/>\n<meta name=\"author\" content=\"David Mel\u00e9ndez Tormen\" \/>\n<meta name=\"twitter:card\" content=\"summary_large_image\" \/>\n<meta name=\"twitter:creator\" content=\"@PressenzaIPA\" \/>\n<meta name=\"twitter:site\" content=\"@PressenzaIPA\" \/>\n<meta name=\"twitter:label1\" content=\"Escrito por\" \/>\n\t<meta name=\"twitter:data1\" content=\"David Mel\u00e9ndez Tormen\" \/>\n\t<meta name=\"twitter:label2\" content=\"Tiempo de lectura\" \/>\n\t<meta name=\"twitter:data2\" content=\"2 minutos\" \/>\n<script type=\"application\/ld+json\" class=\"yoast-schema-graph\">{\"@context\":\"https:\/\/schema.org\",\"@graph\":[{\"@type\":\"Article\",\"@id\":\"https:\/\/www.pressenza.com\/es\/2024\/07\/teatro-comunitario-novedades-abre-sus-puertas-a-la-experiencia-de-una-programacion-cultural-colectiva\/#article\",\"isPartOf\":{\"@id\":\"https:\/\/www.pressenza.com\/es\/2024\/07\/teatro-comunitario-novedades-abre-sus-puertas-a-la-experiencia-de-una-programacion-cultural-colectiva\/\"},\"author\":{\"name\":\"David Mel\u00e9ndez Tormen\",\"@id\":\"https:\/\/www.pressenza.com\/es\/#\/schema\/person\/70f60c9c4fac1fd1dfead42691972065\"},\"headline\":\"Teatro Comunitario Novedades abre sus puertas a la experiencia de una programaci\u00f3n cultural colectiva\",\"datePublished\":\"2024-07-04T23:31:20+00:00\",\"dateModified\":\"2024-07-05T00:10:12+00:00\",\"mainEntityOfPage\":{\"@id\":\"https:\/\/www.pressenza.com\/es\/2024\/07\/teatro-comunitario-novedades-abre-sus-puertas-a-la-experiencia-de-una-programacion-cultural-colectiva\/\"},\"wordCount\":266,\"publisher\":{\"@id\":\"https:\/\/www.pressenza.com\/es\/#organization\"},\"image\":{\"@id\":\"https:\/\/www.pressenza.com\/es\/2024\/07\/teatro-comunitario-novedades-abre-sus-puertas-a-la-experiencia-de-una-programacion-cultural-colectiva\/#primaryimage\"},\"thumbnailUrl\":\"https:\/\/www.pressenza.com\/wp-content\/uploads\/2024\/07\/WhatsApp-Image-2024-07-04-at-18.06.17.jpeg\",\"keywords\":[\"barrio Yungay\",\"programaci\u00f3n colectiva\",\"Teatro Comunitario Novedades\"],\"articleSection\":[\"Contenido Original\",\"Cultura y Medios\",\"Sudam\u00e9rica\"],\"inLanguage\":\"es\"},{\"@type\":\"WebPage\",\"@id\":\"https:\/\/www.pressenza.com\/es\/2024\/07\/teatro-comunitario-novedades-abre-sus-puertas-a-la-experiencia-de-una-programacion-cultural-colectiva\/\",\"url\":\"https:\/\/www.pressenza.com\/es\/2024\/07\/teatro-comunitario-novedades-abre-sus-puertas-a-la-experiencia-de-una-programacion-cultural-colectiva\/\",\"name\":\"Teatro Comunitario Novedades abre sus puertas a la experiencia de una programaci\u00f3n cultural colectiva\",\"isPartOf\":{\"@id\":\"https:\/\/www.pressenza.com\/es\/#website\"},\"primaryImageOfPage\":{\"@id\":\"https:\/\/www.pressenza.com\/es\/2024\/07\/teatro-comunitario-novedades-abre-sus-puertas-a-la-experiencia-de-una-programacion-cultural-colectiva\/#primaryimage\"},\"image\":{\"@id\":\"https:\/\/www.pressenza.com\/es\/2024\/07\/teatro-comunitario-novedades-abre-sus-puertas-a-la-experiencia-de-una-programacion-cultural-colectiva\/#primaryimage\"},\"thumbnailUrl\":\"https:\/\/www.pressenza.com\/wp-content\/uploads\/2024\/07\/WhatsApp-Image-2024-07-04-at-18.06.17.jpeg\",\"datePublished\":\"2024-07-04T23:31:20+00:00\",\"dateModified\":\"2024-07-05T00:10:12+00:00\",\"description\":\"por Carla Trenfo Salvo Este domingo 7 de julio a las 10:30 horas nuevamente el Teatro Comunitario Novedades se prepara para recibir alrededor de cien\",\"breadcrumb\":{\"@id\":\"https:\/\/www.pressenza.com\/es\/2024\/07\/teatro-comunitario-novedades-abre-sus-puertas-a-la-experiencia-de-una-programacion-cultural-colectiva\/#breadcrumb\"},\"inLanguage\":\"es\",\"potentialAction\":[{\"@type\":\"ReadAction\",\"target\":[\"https:\/\/www.pressenza.com\/es\/2024\/07\/teatro-comunitario-novedades-abre-sus-puertas-a-la-experiencia-de-una-programacion-cultural-colectiva\/\"]}]},{\"@type\":\"ImageObject\",\"inLanguage\":\"es\",\"@id\":\"https:\/\/www.pressenza.com\/es\/2024\/07\/teatro-comunitario-novedades-abre-sus-puertas-a-la-experiencia-de-una-programacion-cultural-colectiva\/#primaryimage\",\"url\":\"https:\/\/www.pressenza.com\/wp-content\/uploads\/2024\/07\/WhatsApp-Image-2024-07-04-at-18.06.17.jpeg\",\"contentUrl\":\"https:\/\/www.pressenza.com\/wp-content\/uploads\/2024\/07\/WhatsApp-Image-2024-07-04-at-18.06.17.jpeg\",\"width\":1080,\"height\":1080,\"caption\":\"Programaci\u00f3n cultural colectiva del Teatro Comunitario Novedades\"},{\"@type\":\"BreadcrumbList\",\"@id\":\"https:\/\/www.pressenza.com\/es\/2024\/07\/teatro-comunitario-novedades-abre-sus-puertas-a-la-experiencia-de-una-programacion-cultural-colectiva\/#breadcrumb\",\"itemListElement\":[{\"@type\":\"ListItem\",\"position\":1,\"name\":\"Accueil\",\"item\":\"https:\/\/www.pressenza.com\/es\/\"},{\"@type\":\"ListItem\",\"position\":2,\"name\":\"Teatro Comunitario Novedades abre sus puertas a la experiencia de una programaci\u00f3n cultural colectiva\"}]},{\"@type\":\"WebSite\",\"@id\":\"https:\/\/www.pressenza.com\/es\/#website\",\"url\":\"https:\/\/www.pressenza.com\/es\/\",\"name\":\"Pressenza\",\"description\":\"International Press Agency\",\"publisher\":{\"@id\":\"https:\/\/www.pressenza.com\/es\/#organization\"},\"potentialAction\":[{\"@type\":\"SearchAction\",\"target\":{\"@type\":\"EntryPoint\",\"urlTemplate\":\"https:\/\/www.pressenza.com\/es\/?s={search_term_string}\"},\"query-input\":{\"@type\":\"PropertyValueSpecification\",\"valueRequired\":true,\"valueName\":\"search_term_string\"}}],\"inLanguage\":\"es\"},{\"@type\":\"Organization\",\"@id\":\"https:\/\/www.pressenza.com\/es\/#organization\",\"name\":\"Pressenza\",\"url\":\"https:\/\/www.pressenza.com\/es\/\",\"logo\":{\"@type\":\"ImageObject\",\"inLanguage\":\"es\",\"@id\":\"https:\/\/www.pressenza.com\/es\/#\/schema\/logo\/image\/\",\"url\":\"https:\/\/www.pressenza.com\/wp-content\/uploads\/2022\/10\/pressenza_logo_200x200.jpg\",\"contentUrl\":\"https:\/\/www.pressenza.com\/wp-content\/uploads\/2022\/10\/pressenza_logo_200x200.jpg\",\"width\":200,\"height\":200,\"caption\":\"Pressenza\"},\"image\":{\"@id\":\"https:\/\/www.pressenza.com\/es\/#\/schema\/logo\/image\/\"},\"sameAs\":[\"https:\/\/www.facebook.com\/PressenzaItalia\",\"https:\/\/x.com\/PressenzaIPA\"]},{\"@type\":\"Person\",\"@id\":\"https:\/\/www.pressenza.com\/es\/#\/schema\/person\/70f60c9c4fac1fd1dfead42691972065\",\"name\":\"David Mel\u00e9ndez Tormen\",\"description\":\"Humanist and diversity activist. Born in 1972 in Santiago de Chile. Bachelor\u2019s Degree in Humanities and German-English to Spanish Translator, with studies in journalism. Currently doing a M.A. on Social Transformations. Collaborator in Pressenza since 2018. Co-author, with Riccardo Marinai, of the book Mjuros que Hablan, a compilation of graffitis from the Chilean \\\"estallido social\\\" of 2019.\",\"url\":\"https:\/\/www.pressenza.com\/es\/author\/david-melendez\/\"}]}<\/script>\n<!-- \/ Yoast SEO plugin. -->","yoast_head_json":{"title":"Teatro Comunitario Novedades abre sus puertas a la experiencia de una programaci\u00f3n cultural colectiva","description":"por Carla Trenfo Salvo Este domingo 7 de julio a las 10:30 horas nuevamente el Teatro Comunitario Novedades se prepara para recibir alrededor de cien","robots":{"index":"index","follow":"follow","max-snippet":"max-snippet:-1","max-image-preview":"max-image-preview:large","max-video-preview":"max-video-preview:-1"},"canonical":"https:\/\/www.pressenza.com\/es\/2024\/07\/teatro-comunitario-novedades-abre-sus-puertas-a-la-experiencia-de-una-programacion-cultural-colectiva\/","og_locale":"es_ES","og_type":"article","og_title":"Teatro Comunitario Novedades abre sus puertas a la experiencia de una programaci\u00f3n cultural colectiva","og_description":"por Carla Trenfo Salvo Este domingo 7 de julio a las 10:30 horas nuevamente el Teatro Comunitario Novedades se prepara para recibir alrededor de cien","og_url":"https:\/\/www.pressenza.com\/es\/2024\/07\/teatro-comunitario-novedades-abre-sus-puertas-a-la-experiencia-de-una-programacion-cultural-colectiva\/","og_site_name":"Pressenza","article_publisher":"https:\/\/www.facebook.com\/PressenzaItalia","article_published_time":"2024-07-04T23:31:20+00:00","article_modified_time":"2024-07-05T00:10:12+00:00","og_image":[{"width":1080,"height":1080,"url":"https:\/\/www.pressenza.com\/wp-content\/uploads\/2024\/07\/WhatsApp-Image-2024-07-04-at-18.06.17.jpeg","type":"image\/jpeg"}],"author":"David Mel\u00e9ndez Tormen","twitter_card":"summary_large_image","twitter_creator":"@PressenzaIPA","twitter_site":"@PressenzaIPA","twitter_misc":{"Escrito por":"David Mel\u00e9ndez Tormen","Tiempo de lectura":"2 minutos"},"schema":{"@context":"https:\/\/schema.org","@graph":[{"@type":"Article","@id":"https:\/\/www.pressenza.com\/es\/2024\/07\/teatro-comunitario-novedades-abre-sus-puertas-a-la-experiencia-de-una-programacion-cultural-colectiva\/#article","isPartOf":{"@id":"https:\/\/www.pressenza.com\/es\/2024\/07\/teatro-comunitario-novedades-abre-sus-puertas-a-la-experiencia-de-una-programacion-cultural-colectiva\/"},"author":{"name":"David Mel\u00e9ndez Tormen","@id":"https:\/\/www.pressenza.com\/es\/#\/schema\/person\/70f60c9c4fac1fd1dfead42691972065"},"headline":"Teatro Comunitario Novedades abre sus puertas a la experiencia de una programaci\u00f3n cultural colectiva","datePublished":"2024-07-04T23:31:20+00:00","dateModified":"2024-07-05T00:10:12+00:00","mainEntityOfPage":{"@id":"https:\/\/www.pressenza.com\/es\/2024\/07\/teatro-comunitario-novedades-abre-sus-puertas-a-la-experiencia-de-una-programacion-cultural-colectiva\/"},"wordCount":266,"publisher":{"@id":"https:\/\/www.pressenza.com\/es\/#organization"},"image":{"@id":"https:\/\/www.pressenza.com\/es\/2024\/07\/teatro-comunitario-novedades-abre-sus-puertas-a-la-experiencia-de-una-programacion-cultural-colectiva\/#primaryimage"},"thumbnailUrl":"https:\/\/www.pressenza.com\/wp-content\/uploads\/2024\/07\/WhatsApp-Image-2024-07-04-at-18.06.17.jpeg","keywords":["barrio Yungay","programaci\u00f3n colectiva","Teatro Comunitario Novedades"],"articleSection":["Contenido Original","Cultura y Medios","Sudam\u00e9rica"],"inLanguage":"es"},{"@type":"WebPage","@id":"https:\/\/www.pressenza.com\/es\/2024\/07\/teatro-comunitario-novedades-abre-sus-puertas-a-la-experiencia-de-una-programacion-cultural-colectiva\/","url":"https:\/\/www.pressenza.com\/es\/2024\/07\/teatro-comunitario-novedades-abre-sus-puertas-a-la-experiencia-de-una-programacion-cultural-colectiva\/","name":"Teatro Comunitario Novedades abre sus puertas a la experiencia de una programaci\u00f3n cultural colectiva","isPartOf":{"@id":"https:\/\/www.pressenza.com\/es\/#website"},"primaryImageOfPage":{"@id":"https:\/\/www.pressenza.com\/es\/2024\/07\/teatro-comunitario-novedades-abre-sus-puertas-a-la-experiencia-de-una-programacion-cultural-colectiva\/#primaryimage"},"image":{"@id":"https:\/\/www.pressenza.com\/es\/2024\/07\/teatro-comunitario-novedades-abre-sus-puertas-a-la-experiencia-de-una-programacion-cultural-colectiva\/#primaryimage"},"thumbnailUrl":"https:\/\/www.pressenza.com\/wp-content\/uploads\/2024\/07\/WhatsApp-Image-2024-07-04-at-18.06.17.jpeg","datePublished":"2024-07-04T23:31:20+00:00","dateModified":"2024-07-05T00:10:12+00:00","description":"por Carla Trenfo Salvo Este domingo 7 de julio a las 10:30 horas nuevamente el Teatro Comunitario Novedades se prepara para recibir alrededor de cien","breadcrumb":{"@id":"https:\/\/www.pressenza.com\/es\/2024\/07\/teatro-comunitario-novedades-abre-sus-puertas-a-la-experiencia-de-una-programacion-cultural-colectiva\/#breadcrumb"},"inLanguage":"es","potentialAction":[{"@type":"ReadAction","target":["https:\/\/www.pressenza.com\/es\/2024\/07\/teatro-comunitario-novedades-abre-sus-puertas-a-la-experiencia-de-una-programacion-cultural-colectiva\/"]}]},{"@type":"ImageObject","inLanguage":"es","@id":"https:\/\/www.pressenza.com\/es\/2024\/07\/teatro-comunitario-novedades-abre-sus-puertas-a-la-experiencia-de-una-programacion-cultural-colectiva\/#primaryimage","url":"https:\/\/www.pressenza.com\/wp-content\/uploads\/2024\/07\/WhatsApp-Image-2024-07-04-at-18.06.17.jpeg","contentUrl":"https:\/\/www.pressenza.com\/wp-content\/uploads\/2024\/07\/WhatsApp-Image-2024-07-04-at-18.06.17.jpeg","width":1080,"height":1080,"caption":"Programaci\u00f3n cultural colectiva del Teatro Comunitario Novedades"},{"@type":"BreadcrumbList","@id":"https:\/\/www.pressenza.com\/es\/2024\/07\/teatro-comunitario-novedades-abre-sus-puertas-a-la-experiencia-de-una-programacion-cultural-colectiva\/#breadcrumb","itemListElement":[{"@type":"ListItem","position":1,"name":"Accueil","item":"https:\/\/www.pressenza.com\/es\/"},{"@type":"ListItem","position":2,"name":"Teatro Comunitario Novedades abre sus puertas a la experiencia de una programaci\u00f3n cultural colectiva"}]},{"@type":"WebSite","@id":"https:\/\/www.pressenza.com\/es\/#website","url":"https:\/\/www.pressenza.com\/es\/","name":"Pressenza","description":"International Press Agency","publisher":{"@id":"https:\/\/www.pressenza.com\/es\/#organization"},"potentialAction":[{"@type":"SearchAction","target":{"@type":"EntryPoint","urlTemplate":"https:\/\/www.pressenza.com\/es\/?s={search_term_string}"},"query-input":{"@type":"PropertyValueSpecification","valueRequired":true,"valueName":"search_term_string"}}],"inLanguage":"es"},{"@type":"Organization","@id":"https:\/\/www.pressenza.com\/es\/#organization","name":"Pressenza","url":"https:\/\/www.pressenza.com\/es\/","logo":{"@type":"ImageObject","inLanguage":"es","@id":"https:\/\/www.pressenza.com\/es\/#\/schema\/logo\/image\/","url":"https:\/\/www.pressenza.com\/wp-content\/uploads\/2022\/10\/pressenza_logo_200x200.jpg","contentUrl":"https:\/\/www.pressenza.com\/wp-content\/uploads\/2022\/10\/pressenza_logo_200x200.jpg","width":200,"height":200,"caption":"Pressenza"},"image":{"@id":"https:\/\/www.pressenza.com\/es\/#\/schema\/logo\/image\/"},"sameAs":["https:\/\/www.facebook.com\/PressenzaItalia","https:\/\/x.com\/PressenzaIPA"]},{"@type":"Person","@id":"https:\/\/www.pressenza.com\/es\/#\/schema\/person\/70f60c9c4fac1fd1dfead42691972065","name":"David Mel\u00e9ndez Tormen","description":"Humanist and diversity activist. Born in 1972 in Santiago de Chile. Bachelor\u2019s Degree in Humanities and German-English to Spanish Translator, with studies in journalism. Currently doing a M.A. on Social Transformations. Collaborator in Pressenza since 2018. Co-author, with Riccardo Marinai, of the book Mjuros que Hablan, a compilation of graffitis from the Chilean \"estallido social\" of 2019.","url":"https:\/\/www.pressenza.com\/es\/author\/david-melendez\/"}]}},"place":"Santiago de Chile","original_article_url":"","_links":{"self":[{"href":"https:\/\/www.pressenza.com\/es\/wp-json\/wp\/v2\/posts\/2534597","targetHints":{"allow":["GET"]}}],"collection":[{"href":"https:\/\/www.pressenza.com\/es\/wp-json\/wp\/v2\/posts"}],"about":[{"href":"https:\/\/www.pressenza.com\/es\/wp-json\/wp\/v2\/types\/post"}],"author":[{"embeddable":true,"href":"https:\/\/www.pressenza.com\/es\/wp-json\/wp\/v2\/users\/1657"}],"replies":[{"embeddable":true,"href":"https:\/\/www.pressenza.com\/es\/wp-json\/wp\/v2\/comments?post=2534597"}],"version-history":[{"count":0,"href":"https:\/\/www.pressenza.com\/es\/wp-json\/wp\/v2\/posts\/2534597\/revisions"}],"wp:featuredmedia":[{"embeddable":true,"href":"https:\/\/www.pressenza.com\/es\/wp-json\/wp\/v2\/media\/2534628"}],"wp:attachment":[{"href":"https:\/\/www.pressenza.com\/es\/wp-json\/wp\/v2\/media?parent=2534597"}],"wp:term":[{"taxonomy":"category","embeddable":true,"href":"https:\/\/www.pressenza.com\/es\/wp-json\/wp\/v2\/categories?post=2534597"},{"taxonomy":"post_tag","embeddable":true,"href":"https:\/\/www.pressenza.com\/es\/wp-json\/wp\/v2\/tags?post=2534597"}],"curies":[{"name":"wp","href":"https:\/\/api.w.org\/{rel}","templated":true}]}}