{"id":2533831,"date":"2024-07-01T15:52:40","date_gmt":"2024-07-01T14:52:40","guid":{"rendered":"https:\/\/www.pressenza.com\/?p=2533831"},"modified":"2024-07-01T15:52:40","modified_gmt":"2024-07-01T14:52:40","slug":"la-doble-moral","status":"publish","type":"post","link":"https:\/\/www.pressenza.com\/es\/2024\/07\/la-doble-moral\/","title":{"rendered":"La doble moral"},"content":{"rendered":"<p>Tan dif\u00edcil como encontrar una aguja en un pajar parece la posibilidad de se\u00f1alar a un pol\u00edtico que no practique una <em>doble moral<\/em>. Duele reconocerlo, pero en todos los pa\u00edses del mundo los gobernantes, legisladores y altos dirigentes m\u00e1s bien act\u00faan conforme a sus intereses, m\u00e1s que en raz\u00f3n a sus convicciones. En <em>doble moral<\/em> viven derechistas e izquierdistas y, en este caso, tambi\u00e9n los que se proclaman de centro, quienes de por s\u00ed viven en un pavoroso zigzagueo ideol\u00f3gico. Incluso, adem\u00e1s, los que se ufanan de ser apol\u00edticos, sin darse cuenta que el eclecticismo suele rendirle tributo, justamente, a la <em>doble moral<\/em>.<\/p>\n<p>Hoy en Chile la inconsecuencia es uno de los reproches cruzados m\u00e1s corrientes entre oficialistas y opositores. Como si la historia de pronto se nos hubiera borrado de nuestras conciencias, al grado que la condici\u00f3n de \u201cdem\u00f3crata\u201d se la arrogan tanto los golpistas del a\u00f1o 73, como lo que fueron derrocados por el Golpe Militar. Es cuesti\u00f3n de hacer memoria: la conspiraci\u00f3n pinochetista se efectu\u00f3 en nombre de la democracia y de la libertad en contra de quienes eran acusados de querer llevarnos a una \u201cdictadura del proletariado\u201d.<\/p>\n<p>Muchos de los que brindaron, colaboraron y se favorecieron con el r\u00e9gimen c\u00edvico militar hoy se han transformado en los campeones de la democracia que, seg\u00fan acusan, est\u00e1 amagada por la izquierda y, muy en particular, por el Partido Comunista en el poder. Se reprocha, por lo mismo, de tener una <em>doble moral<\/em> a los golpistas de ayer, esto es a los derechistas de hoy. Al mismo tiempo, tambi\u00e9n a los que fueron expulsados, torturados, exiliados y reprimidos de mil formas por su apoyo a Allende y llegaron a La Moneda mediante elecciones libres e informadas.<\/p>\n<p>En materia internacional, los campeones de la <em>doble moral<\/em> son los que gobiernan Estados Unidos, adem\u00e1s de los que se constituyen en sus aliados y c\u00f3mplices. Reci\u00e9n salidos de m\u00faltiples guerras fratricidas y de horrendos reg\u00edmenes dictatoriales, los europeos compiten con el gobierno de la Casa Blanca en autoproclamarse como dem\u00f3cratas y promotores de la paz mundial. Todo esto, mientras incrementan sus armas y se las dan a los que est\u00e1n en guerra, como un gran aliciente de la industria militar y la carrera armamentista, el m\u00e1s oneroso negocio de las grandes potencias.<\/p>\n<p>El Gran Gendarme de la Humanidad enfrentar\u00e1 elecciones este a\u00f1o para escoger a un ladr\u00f3n y degenerado o a un hip\u00f3crita y genocida como lo son Trump y Biden. Por algo, en el viejo continente los que ganan las elecciones son ahora los partidos neonazis y fascistas, estimulados por la <em>doble moral<\/em> y la corrupci\u00f3n de socialdem\u00f3cratas y democratacristianos. Es la hora de los oportunistas y caudillos.<\/p>\n<p>Una descarada <em>doble moral<\/em> para enjuiciar a pa\u00edses como China, Rusia, Arabia Saudita o las Coreas, seg\u00fan sean los intereses del comercio mundial. Lluvias de ep\u00edtetos contra los reg\u00edmenes de Venezuela, Nicaragua y Cuba, en todo un silencio c\u00f3mplice sobre las violaciones a los Derechos Humanos que se cometen en las naciones ricas, en su codicia febril por apropiarse de los recursos naturales de las naciones pobres, aunque muchas veces tambi\u00e9n serviles.<\/p>\n<p>\u00a1Qu\u00e9 dif\u00edcil dilema enfrenta el gobierno de Boric rindi\u00e9ndose a la pol\u00edtica exterior estadounidense y, en consecuencia, alineado imp\u00fadicamente con Ucrania!\u00a0 Deslind\u00e1ndose de Latinoam\u00e9rica para ir de besamanos ante los gobernantes europeos; para colmo, recientemente derrotados en las elecciones de su comunidad de naciones. Pero el dividendo de tal gira por el viejo continente son las oportunidades de negocios que se le ofrecieron a alemanes, franceses, belgas y otros. Gracias, por supuesto, a la <em>doble moral<\/em> de quienes ayer promet\u00edan la nacionalizaci\u00f3n de muestra riquezas fundamentales y hoy buscan vender nuestros yacimientos y, si fuera necesario, nuestra misma geograf\u00eda y soberan\u00eda. Por lo que ni siquiera se descarta la revisi\u00f3n del Tratado Ant\u00e1rtico a fin de explotar sus tesoros escondidos por los hielos.<\/p>\n<p>Qu\u00e9 paradoja: la izquierda hoy en la b\u00fasqueda de negocios; la derecha, ahora, en salvaguardia de la democracia. Toda una enorme manifestaci\u00f3n de <em>doble moral<\/em> en la que se vale ignorar el genocidio y los cr\u00edmenes contra la humanidad de Estados Unidos, Israel y Europa, ahora apoyados por el m\u00e1s reciente de los desvergonzados de nuestra regi\u00f3n; el presidente Milei. Un \u201clibertario\u201d que acrecienta deliberadamente, en seis meses de gobierno, el n\u00famero de desocupados y pobres de Argentina en nombre de la buena nueva capitalista. En que ser\u00e1 otro colapso pol\u00edtico, social y econ\u00f3mico en nuestra Regi\u00f3n.<\/p>\n<p><em>Doble moral<\/em>, agregada de descomposici\u00f3n ideol\u00f3gica y alta dosis de ignorancia la de aquellos izquierdistas que siguen pensando que el m\u00e9rito del socialismo es justo ignorar las violaciones a la dignidad de las personas cometidas por sus pa\u00edses de muy dudosa identidad democr\u00e1tica. Que no quieren darse cuenta que Putin ya no gobierna la rusa sovi\u00e9tica y que la China comunista se ha convertido en la verdadera campeona del libre comercio mundial. <em>Doble moral<\/em> que lleva a algunas izquierdas gobernantes a comportarse como los pa\u00edses m\u00e1s obsecuentes a Washington.<\/p>\n<p>Pareciera que la pol\u00edtica en todas partes y durante toda la historia ha sido m\u00e1s de lo mismo y que, de verdad, ahora carecemos de s\u00f3lidos referentes morales. Como un Nelson Mandela, por ejemplo, y aquellos que prefirieron la c\u00e1rcel, incluso la misma muerte, antes de vulnerar su c\u00f3digo \u00e9tico. Que entendieron la pol\u00edtica como un servicio p\u00fablico, una vocaci\u00f3n liberadora y no en un trampol\u00edn para sus ambiciones personales.<\/p>\n<p>\u00bfSeguiremos sufragando por quienes despu\u00e9s contradicen tan descaradamente sus promesas? \u00bfO por aquellos que ejercen hoy su oposici\u00f3n para llegar a gobernar tal cual lo hacen sus adversarios?\u00a0 Unos y otros en entera doble moral.<\/p>\n<p>Nos consuela, en tal sentido la liberaci\u00f3n de Julian Assange, despu\u00e9s de una oprobiosa y sistem\u00e1tica persecuci\u00f3n por todos los medios desde Estados Unidos, potencia que se ufana de respetar la libertad de prensa, pero castiga cruelmente a los que asumen con dignidad su tarea de informar y dejar en evidencia sus cr\u00edmenes. Para lo cual, en su <em>doble moral<\/em> no vacila en sobornar a jueces y pol\u00edticos europeos. Bloqueando por a\u00f1os a los pa\u00edses que quisieron bridarle\u00a0 asilo contra la opresi\u00f3n a este eminente periodista que puso al desnudo las tenebrosas acciones del imperialismo y el horror se sus guerras.<\/p>\n","protected":false},"excerpt":{"rendered":"<p>Tan dif\u00edcil como encontrar una aguja en un pajar parece la posibilidad de se\u00f1alar a un pol\u00edtico que no practique una doble moral. Duele reconocerlo, pero en todos los pa\u00edses del mundo los gobernantes, legisladores y altos dirigentes m\u00e1s bien&hellip;<\/p>\n","protected":false},"author":1739,"featured_media":2533832,"comment_status":"closed","ping_status":"closed","sticky":false,"template":"","format":"standard","meta":{"footnotes":""},"categories":[11389,161,74,67],"tags":[124277],"class_list":["post-2533831","post","type-post","status-publish","format-standard","has-post-thumbnail","hentry","category-contenido-original","category-opiniones","category-politica-es","category-sudamerica","tag-doble-moral"],"yoast_head":"<!-- This site is optimized with the Yoast SEO plugin v27.1.1 - https:\/\/yoast.com\/product\/yoast-seo-wordpress\/ -->\n<title>La doble moral<\/title>\n<meta name=\"description\" content=\"Tan dif\u00edcil como encontrar una aguja en un pajar parece la posibilidad de se\u00f1alar a un pol\u00edtico que no practique una doble moral. Duele reconocerlo, pero\" \/>\n<meta name=\"robots\" content=\"index, follow, max-snippet:-1, max-image-preview:large, max-video-preview:-1\" \/>\n<link rel=\"canonical\" href=\"https:\/\/www.pressenza.com\/es\/2024\/07\/la-doble-moral\/\" \/>\n<meta property=\"og:locale\" content=\"es_ES\" \/>\n<meta property=\"og:type\" content=\"article\" \/>\n<meta property=\"og:title\" content=\"La doble moral\" \/>\n<meta property=\"og:description\" content=\"Tan dif\u00edcil como encontrar una aguja en un pajar parece la posibilidad de se\u00f1alar a un pol\u00edtico que no practique una doble moral. Duele reconocerlo, pero\" \/>\n<meta property=\"og:url\" content=\"https:\/\/www.pressenza.com\/es\/2024\/07\/la-doble-moral\/\" \/>\n<meta property=\"og:site_name\" content=\"Pressenza\" \/>\n<meta property=\"article:publisher\" content=\"https:\/\/www.facebook.com\/PressenzaItalia\" \/>\n<meta property=\"article:published_time\" content=\"2024-07-01T14:52:40+00:00\" \/>\n<meta property=\"og:image\" content=\"https:\/\/www.pressenza.com\/wp-content\/uploads\/2024\/07\/images-3-5-2048x1193-1.jpeg\" \/>\n\t<meta property=\"og:image:width\" content=\"1920\" \/>\n\t<meta property=\"og:image:height\" content=\"1118\" \/>\n\t<meta property=\"og:image:type\" content=\"image\/jpeg\" \/>\n<meta name=\"author\" content=\"Juan Pablo C\u00e1rdenas\" \/>\n<meta name=\"twitter:card\" content=\"summary_large_image\" \/>\n<meta name=\"twitter:creator\" content=\"@PressenzaIPA\" \/>\n<meta name=\"twitter:site\" content=\"@PressenzaIPA\" \/>\n<meta name=\"twitter:label1\" content=\"Escrito por\" \/>\n\t<meta name=\"twitter:data1\" content=\"Juan Pablo C\u00e1rdenas\" \/>\n\t<meta name=\"twitter:label2\" content=\"Tiempo de lectura\" \/>\n\t<meta name=\"twitter:data2\" content=\"5 minutos\" \/>\n<script type=\"application\/ld+json\" class=\"yoast-schema-graph\">{\"@context\":\"https:\/\/schema.org\",\"@graph\":[{\"@type\":\"Article\",\"@id\":\"https:\/\/www.pressenza.com\/es\/2024\/07\/la-doble-moral\/#article\",\"isPartOf\":{\"@id\":\"https:\/\/www.pressenza.com\/es\/2024\/07\/la-doble-moral\/\"},\"author\":{\"name\":\"Juan Pablo C\u00e1rdenas\",\"@id\":\"https:\/\/www.pressenza.com\/es\/#\/schema\/person\/d72a7c8c014dcbfa2ef9e9976103ea0d\"},\"headline\":\"La doble moral\",\"datePublished\":\"2024-07-01T14:52:40+00:00\",\"mainEntityOfPage\":{\"@id\":\"https:\/\/www.pressenza.com\/es\/2024\/07\/la-doble-moral\/\"},\"wordCount\":1126,\"publisher\":{\"@id\":\"https:\/\/www.pressenza.com\/es\/#organization\"},\"image\":{\"@id\":\"https:\/\/www.pressenza.com\/es\/2024\/07\/la-doble-moral\/#primaryimage\"},\"thumbnailUrl\":\"https:\/\/www.pressenza.com\/wp-content\/uploads\/2024\/07\/images-3-5-2048x1193-1.jpeg\",\"keywords\":[\"doble moral\"],\"articleSection\":[\"Contenido Original\",\"Opiniones\",\"Pol\u00edtica\",\"Sudam\u00e9rica\"],\"inLanguage\":\"es\"},{\"@type\":\"WebPage\",\"@id\":\"https:\/\/www.pressenza.com\/es\/2024\/07\/la-doble-moral\/\",\"url\":\"https:\/\/www.pressenza.com\/es\/2024\/07\/la-doble-moral\/\",\"name\":\"La doble moral\",\"isPartOf\":{\"@id\":\"https:\/\/www.pressenza.com\/es\/#website\"},\"primaryImageOfPage\":{\"@id\":\"https:\/\/www.pressenza.com\/es\/2024\/07\/la-doble-moral\/#primaryimage\"},\"image\":{\"@id\":\"https:\/\/www.pressenza.com\/es\/2024\/07\/la-doble-moral\/#primaryimage\"},\"thumbnailUrl\":\"https:\/\/www.pressenza.com\/wp-content\/uploads\/2024\/07\/images-3-5-2048x1193-1.jpeg\",\"datePublished\":\"2024-07-01T14:52:40+00:00\",\"description\":\"Tan dif\u00edcil como encontrar una aguja en un pajar parece la posibilidad de se\u00f1alar a un pol\u00edtico que no practique una doble moral. Duele reconocerlo, pero\",\"breadcrumb\":{\"@id\":\"https:\/\/www.pressenza.com\/es\/2024\/07\/la-doble-moral\/#breadcrumb\"},\"inLanguage\":\"es\",\"potentialAction\":[{\"@type\":\"ReadAction\",\"target\":[\"https:\/\/www.pressenza.com\/es\/2024\/07\/la-doble-moral\/\"]}]},{\"@type\":\"ImageObject\",\"inLanguage\":\"es\",\"@id\":\"https:\/\/www.pressenza.com\/es\/2024\/07\/la-doble-moral\/#primaryimage\",\"url\":\"https:\/\/www.pressenza.com\/wp-content\/uploads\/2024\/07\/images-3-5-2048x1193-1.jpeg\",\"contentUrl\":\"https:\/\/www.pressenza.com\/wp-content\/uploads\/2024\/07\/images-3-5-2048x1193-1.jpeg\",\"width\":1920,\"height\":1118},{\"@type\":\"BreadcrumbList\",\"@id\":\"https:\/\/www.pressenza.com\/es\/2024\/07\/la-doble-moral\/#breadcrumb\",\"itemListElement\":[{\"@type\":\"ListItem\",\"position\":1,\"name\":\"Accueil\",\"item\":\"https:\/\/www.pressenza.com\/es\/\"},{\"@type\":\"ListItem\",\"position\":2,\"name\":\"La doble moral\"}]},{\"@type\":\"WebSite\",\"@id\":\"https:\/\/www.pressenza.com\/es\/#website\",\"url\":\"https:\/\/www.pressenza.com\/es\/\",\"name\":\"Pressenza\",\"description\":\"International Press Agency\",\"publisher\":{\"@id\":\"https:\/\/www.pressenza.com\/es\/#organization\"},\"potentialAction\":[{\"@type\":\"SearchAction\",\"target\":{\"@type\":\"EntryPoint\",\"urlTemplate\":\"https:\/\/www.pressenza.com\/es\/?s={search_term_string}\"},\"query-input\":{\"@type\":\"PropertyValueSpecification\",\"valueRequired\":true,\"valueName\":\"search_term_string\"}}],\"inLanguage\":\"es\"},{\"@type\":\"Organization\",\"@id\":\"https:\/\/www.pressenza.com\/es\/#organization\",\"name\":\"Pressenza\",\"url\":\"https:\/\/www.pressenza.com\/es\/\",\"logo\":{\"@type\":\"ImageObject\",\"inLanguage\":\"es\",\"@id\":\"https:\/\/www.pressenza.com\/es\/#\/schema\/logo\/image\/\",\"url\":\"https:\/\/www.pressenza.com\/wp-content\/uploads\/2022\/10\/pressenza_logo_200x200.jpg\",\"contentUrl\":\"https:\/\/www.pressenza.com\/wp-content\/uploads\/2022\/10\/pressenza_logo_200x200.jpg\",\"width\":200,\"height\":200,\"caption\":\"Pressenza\"},\"image\":{\"@id\":\"https:\/\/www.pressenza.com\/es\/#\/schema\/logo\/image\/\"},\"sameAs\":[\"https:\/\/www.facebook.com\/PressenzaItalia\",\"https:\/\/x.com\/PressenzaIPA\"]},{\"@type\":\"Person\",\"@id\":\"https:\/\/www.pressenza.com\/es\/#\/schema\/person\/d72a7c8c014dcbfa2ef9e9976103ea0d\",\"name\":\"Juan Pablo C\u00e1rdenas\",\"description\":\"Juan Pablo C\u00e1rdenas Squella es un periodista y profesor universitario de vasta trayectoria. En el 2005 recibi\u00f3 en premio nacional de Periodismo y, antes, la Pluma de Oro de la Libertad, otorgada por la Federaci\u00f3n Mundial de la Prensa. Tambi\u00e9n obtuvo el Premio Latinoamericano de Periodismo, la Houten Camara de Holanda (1989) entre otras m\u00faltiples distinciones nacionales y extranjeras. Forma parte de los sesenta periodistas del mundo considerados H\u00e9roes de la Libertad de Expresi\u00f3n, reconocimiento hecho por la Federaci\u00f3n Internacional de Periodistas. Ha sido director y columnista de las revistas Debate Universitario, An\u00e1lisis y Los Tiempos, as\u00ed como del diario electr\u00f3nico primeral\u00ednea.cl. Tambi\u00e9n fue por m\u00e1s 18 a\u00f1os director de la Radio Universidad de Chile y de su diario digital. Se ha desempe\u00f1ado como profesor de varias escuelas de periodismo de Santiago y Valpara\u00edso y en la Universidad de Chile alcanz\u00f3 el grado de profesor titular y senador universitario.\",\"url\":\"https:\/\/www.pressenza.com\/es\/author\/juan-pablo-cardenas\/\"}]}<\/script>\n<!-- \/ Yoast SEO plugin. -->","yoast_head_json":{"title":"La doble moral","description":"Tan dif\u00edcil como encontrar una aguja en un pajar parece la posibilidad de se\u00f1alar a un pol\u00edtico que no practique una doble moral. Duele reconocerlo, pero","robots":{"index":"index","follow":"follow","max-snippet":"max-snippet:-1","max-image-preview":"max-image-preview:large","max-video-preview":"max-video-preview:-1"},"canonical":"https:\/\/www.pressenza.com\/es\/2024\/07\/la-doble-moral\/","og_locale":"es_ES","og_type":"article","og_title":"La doble moral","og_description":"Tan dif\u00edcil como encontrar una aguja en un pajar parece la posibilidad de se\u00f1alar a un pol\u00edtico que no practique una doble moral. Duele reconocerlo, pero","og_url":"https:\/\/www.pressenza.com\/es\/2024\/07\/la-doble-moral\/","og_site_name":"Pressenza","article_publisher":"https:\/\/www.facebook.com\/PressenzaItalia","article_published_time":"2024-07-01T14:52:40+00:00","og_image":[{"width":1920,"height":1118,"url":"https:\/\/www.pressenza.com\/wp-content\/uploads\/2024\/07\/images-3-5-2048x1193-1.jpeg","type":"image\/jpeg"}],"author":"Juan Pablo C\u00e1rdenas","twitter_card":"summary_large_image","twitter_creator":"@PressenzaIPA","twitter_site":"@PressenzaIPA","twitter_misc":{"Escrito por":"Juan Pablo C\u00e1rdenas","Tiempo de lectura":"5 minutos"},"schema":{"@context":"https:\/\/schema.org","@graph":[{"@type":"Article","@id":"https:\/\/www.pressenza.com\/es\/2024\/07\/la-doble-moral\/#article","isPartOf":{"@id":"https:\/\/www.pressenza.com\/es\/2024\/07\/la-doble-moral\/"},"author":{"name":"Juan Pablo C\u00e1rdenas","@id":"https:\/\/www.pressenza.com\/es\/#\/schema\/person\/d72a7c8c014dcbfa2ef9e9976103ea0d"},"headline":"La doble moral","datePublished":"2024-07-01T14:52:40+00:00","mainEntityOfPage":{"@id":"https:\/\/www.pressenza.com\/es\/2024\/07\/la-doble-moral\/"},"wordCount":1126,"publisher":{"@id":"https:\/\/www.pressenza.com\/es\/#organization"},"image":{"@id":"https:\/\/www.pressenza.com\/es\/2024\/07\/la-doble-moral\/#primaryimage"},"thumbnailUrl":"https:\/\/www.pressenza.com\/wp-content\/uploads\/2024\/07\/images-3-5-2048x1193-1.jpeg","keywords":["doble moral"],"articleSection":["Contenido Original","Opiniones","Pol\u00edtica","Sudam\u00e9rica"],"inLanguage":"es"},{"@type":"WebPage","@id":"https:\/\/www.pressenza.com\/es\/2024\/07\/la-doble-moral\/","url":"https:\/\/www.pressenza.com\/es\/2024\/07\/la-doble-moral\/","name":"La doble moral","isPartOf":{"@id":"https:\/\/www.pressenza.com\/es\/#website"},"primaryImageOfPage":{"@id":"https:\/\/www.pressenza.com\/es\/2024\/07\/la-doble-moral\/#primaryimage"},"image":{"@id":"https:\/\/www.pressenza.com\/es\/2024\/07\/la-doble-moral\/#primaryimage"},"thumbnailUrl":"https:\/\/www.pressenza.com\/wp-content\/uploads\/2024\/07\/images-3-5-2048x1193-1.jpeg","datePublished":"2024-07-01T14:52:40+00:00","description":"Tan dif\u00edcil como encontrar una aguja en un pajar parece la posibilidad de se\u00f1alar a un pol\u00edtico que no practique una doble moral. Duele reconocerlo, pero","breadcrumb":{"@id":"https:\/\/www.pressenza.com\/es\/2024\/07\/la-doble-moral\/#breadcrumb"},"inLanguage":"es","potentialAction":[{"@type":"ReadAction","target":["https:\/\/www.pressenza.com\/es\/2024\/07\/la-doble-moral\/"]}]},{"@type":"ImageObject","inLanguage":"es","@id":"https:\/\/www.pressenza.com\/es\/2024\/07\/la-doble-moral\/#primaryimage","url":"https:\/\/www.pressenza.com\/wp-content\/uploads\/2024\/07\/images-3-5-2048x1193-1.jpeg","contentUrl":"https:\/\/www.pressenza.com\/wp-content\/uploads\/2024\/07\/images-3-5-2048x1193-1.jpeg","width":1920,"height":1118},{"@type":"BreadcrumbList","@id":"https:\/\/www.pressenza.com\/es\/2024\/07\/la-doble-moral\/#breadcrumb","itemListElement":[{"@type":"ListItem","position":1,"name":"Accueil","item":"https:\/\/www.pressenza.com\/es\/"},{"@type":"ListItem","position":2,"name":"La doble moral"}]},{"@type":"WebSite","@id":"https:\/\/www.pressenza.com\/es\/#website","url":"https:\/\/www.pressenza.com\/es\/","name":"Pressenza","description":"International Press Agency","publisher":{"@id":"https:\/\/www.pressenza.com\/es\/#organization"},"potentialAction":[{"@type":"SearchAction","target":{"@type":"EntryPoint","urlTemplate":"https:\/\/www.pressenza.com\/es\/?s={search_term_string}"},"query-input":{"@type":"PropertyValueSpecification","valueRequired":true,"valueName":"search_term_string"}}],"inLanguage":"es"},{"@type":"Organization","@id":"https:\/\/www.pressenza.com\/es\/#organization","name":"Pressenza","url":"https:\/\/www.pressenza.com\/es\/","logo":{"@type":"ImageObject","inLanguage":"es","@id":"https:\/\/www.pressenza.com\/es\/#\/schema\/logo\/image\/","url":"https:\/\/www.pressenza.com\/wp-content\/uploads\/2022\/10\/pressenza_logo_200x200.jpg","contentUrl":"https:\/\/www.pressenza.com\/wp-content\/uploads\/2022\/10\/pressenza_logo_200x200.jpg","width":200,"height":200,"caption":"Pressenza"},"image":{"@id":"https:\/\/www.pressenza.com\/es\/#\/schema\/logo\/image\/"},"sameAs":["https:\/\/www.facebook.com\/PressenzaItalia","https:\/\/x.com\/PressenzaIPA"]},{"@type":"Person","@id":"https:\/\/www.pressenza.com\/es\/#\/schema\/person\/d72a7c8c014dcbfa2ef9e9976103ea0d","name":"Juan Pablo C\u00e1rdenas","description":"Juan Pablo C\u00e1rdenas Squella es un periodista y profesor universitario de vasta trayectoria. En el 2005 recibi\u00f3 en premio nacional de Periodismo y, antes, la Pluma de Oro de la Libertad, otorgada por la Federaci\u00f3n Mundial de la Prensa. Tambi\u00e9n obtuvo el Premio Latinoamericano de Periodismo, la Houten Camara de Holanda (1989) entre otras m\u00faltiples distinciones nacionales y extranjeras. Forma parte de los sesenta periodistas del mundo considerados H\u00e9roes de la Libertad de Expresi\u00f3n, reconocimiento hecho por la Federaci\u00f3n Internacional de Periodistas. Ha sido director y columnista de las revistas Debate Universitario, An\u00e1lisis y Los Tiempos, as\u00ed como del diario electr\u00f3nico primeral\u00ednea.cl. Tambi\u00e9n fue por m\u00e1s 18 a\u00f1os director de la Radio Universidad de Chile y de su diario digital. Se ha desempe\u00f1ado como profesor de varias escuelas de periodismo de Santiago y Valpara\u00edso y en la Universidad de Chile alcanz\u00f3 el grado de profesor titular y senador universitario.","url":"https:\/\/www.pressenza.com\/es\/author\/juan-pablo-cardenas\/"}]}},"place":"Santiago de Chile","original_article_url":"","_links":{"self":[{"href":"https:\/\/www.pressenza.com\/es\/wp-json\/wp\/v2\/posts\/2533831","targetHints":{"allow":["GET"]}}],"collection":[{"href":"https:\/\/www.pressenza.com\/es\/wp-json\/wp\/v2\/posts"}],"about":[{"href":"https:\/\/www.pressenza.com\/es\/wp-json\/wp\/v2\/types\/post"}],"author":[{"embeddable":true,"href":"https:\/\/www.pressenza.com\/es\/wp-json\/wp\/v2\/users\/1739"}],"replies":[{"embeddable":true,"href":"https:\/\/www.pressenza.com\/es\/wp-json\/wp\/v2\/comments?post=2533831"}],"version-history":[{"count":0,"href":"https:\/\/www.pressenza.com\/es\/wp-json\/wp\/v2\/posts\/2533831\/revisions"}],"wp:featuredmedia":[{"embeddable":true,"href":"https:\/\/www.pressenza.com\/es\/wp-json\/wp\/v2\/media\/2533832"}],"wp:attachment":[{"href":"https:\/\/www.pressenza.com\/es\/wp-json\/wp\/v2\/media?parent=2533831"}],"wp:term":[{"taxonomy":"category","embeddable":true,"href":"https:\/\/www.pressenza.com\/es\/wp-json\/wp\/v2\/categories?post=2533831"},{"taxonomy":"post_tag","embeddable":true,"href":"https:\/\/www.pressenza.com\/es\/wp-json\/wp\/v2\/tags?post=2533831"}],"curies":[{"name":"wp","href":"https:\/\/api.w.org\/{rel}","templated":true}]}}