{"id":2533494,"date":"2024-06-29T14:35:48","date_gmt":"2024-06-29T13:35:48","guid":{"rendered":"https:\/\/www.pressenza.com\/?p=2533494"},"modified":"2024-06-29T14:35:48","modified_gmt":"2024-06-29T13:35:48","slug":"elecciones-legislativas-francia-esto-es-lo-que-sorprendio-macron-sorprendido-por-sorpresa-del-emergente-nuevo-frente-popular","status":"publish","type":"post","link":"https:\/\/www.pressenza.com\/es\/2024\/06\/elecciones-legislativas-francia-esto-es-lo-que-sorprendio-macron-sorprendido-por-sorpresa-del-emergente-nuevo-frente-popular\/","title":{"rendered":"Elecciones Legislativas Francia. Esto es lo que sorprendi\u00f3&#8230; Macron sorprendido por sorpresa del emergente Nuevo Frente Popular"},"content":{"rendered":"<blockquote><p>Sorpresas, las amamos, o las odiamos. Cuando dispersan el miedo, la ira no est\u00e1 lejos, lo que explota, o el odio, por el \u00fanico o el instigador; si, por otro lado, estamos encantados con la sorpresa, si da placer, nos gustar\u00eda abrazar a su autor, nos gustar\u00eda darle las gracias, incluso hacerle un regalo.<\/p><\/blockquote>\n<p>Por Natalie Depraz<\/p>\n<p>Los resultados de las elecciones europeas del domingo 9 de junio por la noche demostraron el r\u00e1pido ascenso de los partidos de extrema derecha. En Francia en particular, con el 32% de los votantes para el Rally Nacional, este resultado tiene una primera sorpresa, aunque se ha esperado. Sorpresa para el pueblo y para el gobierno. La sorpresa general. Todos, en la conmoci\u00f3n de la sorpresa. Sorpresa esperada, dado el auge de la RN (de extrema derecha). Solo por el brutal hecho del 32%. Este es el principio de la sorpresa: siempre (parcialmente) esperado, siempre inspirado en su singular contenido, siempre confuso en sus efectos. La sorpresa, m\u00e1s all\u00e1 de lo que se llama el shock, lo inesperado, es una estructura, y una din\u00e1mica, que se articula: en anticipaci\u00f3n (incluso parcial), sucede la crisis (su culminaci\u00f3n, tambi\u00e9n su punto ciego), luego su reacci\u00f3n (aunque fuertemente emocional).<\/p>\n<p>Eso podr\u00eda resumirse en la narrativa de nuestra situaci\u00f3n actual de crisis pol\u00edtica extrema, que es el pulso de la sorpresa.<\/p>\n<p>Pero la decisi\u00f3n del presidente franc\u00e9s de disolver la Asamblea Nacional en la noche misma de las elecciones cre\u00f3 una segunda sorpresa. Sorprendida s\u00f3lo para la poblaci\u00f3n, porque la sorpresa desencadenada por el gobierno. Esto crea otra narrativa, diferente a la que despert\u00f3 la primera sorpresa nacida del 32% de RN. Porque hay, por un lado, las personas que se sorprenden, por el otro, de las personas que los toman por sorpresa, y esos son los poseedores del poder. Francia se divide entonces en dos, el sorprendido\/los sorprendentes, hay una disociaci\u00f3n, y, en el medio, en lugar del v\u00ednculo de la deliberaci\u00f3n democr\u00e1tica, est\u00e1 la conmoci\u00f3n de la crisis, el choque de la dictadura entre pueblo y gobernantes.<\/p>\n<p>Pero la narrativa bajo el pulso de la sorpresa no terminar\u00e1 ah\u00ed.<\/p>\n<p>Porque habr\u00e1 una tercera sorpresa, un tercer acto. El acto de la resoluci\u00f3n, despu\u00e9s del primer acto, la preparaci\u00f3n (el 32% en la RN) y, segundo acto, el tr\u00e1gico momento de disoluci\u00f3n. Al d\u00eda siguiente, el lunes 10 de junio, ni siquiera 24 horas despu\u00e9s del anuncio de la disoluci\u00f3n, las principales formaciones de izquierda (France Insoumise LFI, Partido Comunista Franc\u00e9s PCF, Partido Socialista PS, Europa Ecolog\u00eda de los Verdes ELLV) han anunciado un acuerdo unitario que se llamar\u00e1 unos d\u00edas despu\u00e9s el Nuevo Frente Popular.<\/p>\n<p>Resultado concreto, esencial y principal: solo habr\u00e1 un candidato de izquierda por circunscripci\u00f3n. Esta tercera sorpresa llegar\u00e1 a un gobierno que, al que se cree que por su anuncio sorpresivo, arruina toda posibilidad de recomposici\u00f3n a la izquierda. Este es el que pens\u00f3 que era sorprendente. El efecto boomerang que est\u00e1 llevando al gobierno a su propia trampa. Qui\u00e9n mata al que con demasiada frecuencia mata a la gente&#8230;<\/p>\n<p>Esta antigua (o moderna) secuencia pol\u00edtica parecida a la tragedia se desarroll\u00f3 en un tiempo r\u00e9cord. Para los amantes de las sorpresas, ofrece un caso ejemplar de la escuela. Lo que voy a llamar aqu\u00ed \u00abcascada de sorpresas\u00bb nos ofrece un resumen emblem\u00e1tico de nuestra vida pol\u00edtica y social actual, con su reverberaci\u00f3n en muchos campos profesionales, de gesti\u00f3n, educativos, de cuidados. Vivimos al ritmo de la crisis permanente, bajo el pulso incesante de la sorpresa, que genera con golpes, saltos y consecuencias, emociones de miedo, estr\u00e9s, ira, luego inmensas fases de quema y depresi\u00f3n.<\/p>\n<p>Desde 2017, Emmanuel Macron recuerda al miedo. Considere las medidas adoptadas durante la pandemia, impulsadas con mayor frecuencia por la ignorancia y ciertamente despertando la desconsolaci\u00f3n de su pueblo. Su pol\u00edtica ha desencadenado regularmente, deslumbrante y despreciada en los distintos cuerpos profesionales, cuidadores, profesores, empleados de los servicios p\u00fablicos, sin mencionar los auges de la preocupaci\u00f3n entre los j\u00f3venes, los estudiantes con la cara del v\u00e9rtigo de un futuro sin horizontes, y del odio a los dem\u00e1s entre los que tienen, pero tambi\u00e9n entre los precarios. B\u00e1sicamente, todos los ingredientes de la ideolog\u00eda de extrema derecha est\u00e1n ah\u00ed, listos para elevar el deseo insalubre de identidad. Esta pol\u00edtica moral es una pol\u00edtica de captura perniciosa del otro, no de su recepci\u00f3n hospitalaria. Este es el experimento de la extrema derecha.<\/p>\n<p>Sin embargo, ante esta cascada de sorpresas que atomiza a la poblaci\u00f3n, propensa a las garras de un poder que rompe sus espadas, permanece, inquebrantable, la din\u00e1mica de una sorpresa emancipadora. El que el final sea inpensable es recreativo de los lazos sociales. Una sorpresa que despierta entusiasmo, j\u00fabilo y esperanza, con la promesa inquebrantable de renovaci\u00f3n radical.<\/p>\n<p>Esta es la firma de la sorprendente din\u00e1mica que naci\u00f3 al d\u00eda siguiente de la terrible sorpresa de la disoluci\u00f3n. La tercera sorpresa de la noche del lunes 10 de junio fue la fuente creativa de la unidad pol\u00edtica m\u00e1s all\u00e1 de las divisiones, incluso m\u00e1s all\u00e1 de las divisiones internas que casi el mismo d\u00eda, el lunes, matando de ra\u00edz a la nueva uni\u00f3n popular.<\/p>\n<p>De hecho, hay lo que los medios de comunicaci\u00f3n s\u00f3lo han pasado el viernes 14 de junio: despu\u00e9s de cuatro intensos d\u00edas de negociaciones y noches, ha habido candidatos no investigados, pero leg\u00edtimos, de la FI (Simonnet, Corbi\u00e1re, Garrigou). Ha habido nominados, que se han auto-invertido (Quatennens). Ha habido conflictos, intentos de golpe de putsch, y luego ha habido la energ\u00eda exterior de unificar, sorpresa m\u00e1s fuerte que todas las divisiones. As\u00ed que esta vez hubo una crisis saludable, no una aterradora y asombrosa. Una apertura sorpresa de nuevos horizontes y esperanzas de cambio.<\/p>\n<p>Esta es la virtud transformadora de la sorpresa, para los que pueden leer. Es el poder de derribar el muro de la separaci\u00f3n, ya sea el de la divisi\u00f3n o el aturdimiento.<\/p>\n<p>Macron quer\u00eda construir este muro disolviendo la Asamblea. Se ha quedado frito porque no pens\u00f3 lo que suceder\u00eda. El Presidente s\u00f3lo ha logrado levantar un enorme viento de unidad que durante diez d\u00edas ha estado barriendo el liderazgo de la depresi\u00f3n de la noche electoral.<\/p>\n<p>La sorpresa, una palanca notable para analizar la situaci\u00f3n pol\u00edtica de la crisis entre la influencia revolucionaria y la identidad de Estado sobre uno.<\/p>\n<p>&nbsp;<\/p>\n","protected":false},"excerpt":{"rendered":"<p>Sorpresas, las amamos, o las odiamos. Cuando dispersan el miedo, la ira no est\u00e1 lejos, lo que explota, o el odio, por el \u00fanico o el instigador; si, por otro lado, estamos encantados con la sorpresa, si da placer, nos&hellip;<\/p>\n","protected":false},"author":1842,"featured_media":2533495,"comment_status":"closed","ping_status":"closed","sticky":false,"template":"","format":"standard","meta":{"footnotes":""},"categories":[11389,66,106739,74],"tags":[403,1432,124220],"class_list":["post-2533494","post","type-post","status-publish","format-standard","has-post-thumbnail","hentry","category-contenido-original","category-europa-es","category-noticia","category-politica-es","tag-elecciones","tag-francia","tag-nuevo-frente-popular"],"yoast_head":"<!-- This site is optimized with the Yoast SEO plugin v27.1.1 - https:\/\/yoast.com\/product\/yoast-seo-wordpress\/ -->\n<title>Elecciones Legislativas Francia. Esto es lo que sorprendi\u00f3... Macron sorprendido por sorpresa del emergente Nuevo Frente Popular<\/title>\n<meta name=\"description\" content=\"Sorpresas, las amamos, o las odiamos. Cuando dispersan el miedo, la ira no est\u00e1 lejos, lo que explota, o el odio, por el \u00fanico o el instigador; si, por\" \/>\n<meta name=\"robots\" content=\"index, follow, max-snippet:-1, max-image-preview:large, max-video-preview:-1\" \/>\n<link rel=\"canonical\" href=\"https:\/\/www.pressenza.com\/es\/2024\/06\/elecciones-legislativas-francia-esto-es-lo-que-sorprendio-macron-sorprendido-por-sorpresa-del-emergente-nuevo-frente-popular\/\" \/>\n<meta property=\"og:locale\" content=\"es_ES\" \/>\n<meta property=\"og:type\" content=\"article\" \/>\n<meta property=\"og:title\" content=\"Elecciones Legislativas Francia. Esto es lo que sorprendi\u00f3... Macron sorprendido por sorpresa del emergente Nuevo Frente Popular\" \/>\n<meta property=\"og:description\" content=\"Sorpresas, las amamos, o las odiamos. Cuando dispersan el miedo, la ira no est\u00e1 lejos, lo que explota, o el odio, por el \u00fanico o el instigador; si, por\" \/>\n<meta property=\"og:url\" content=\"https:\/\/www.pressenza.com\/es\/2024\/06\/elecciones-legislativas-francia-esto-es-lo-que-sorprendio-macron-sorprendido-por-sorpresa-del-emergente-nuevo-frente-popular\/\" \/>\n<meta property=\"og:site_name\" content=\"Pressenza\" \/>\n<meta property=\"article:publisher\" content=\"https:\/\/www.facebook.com\/PressenzaItalia\" \/>\n<meta property=\"article:published_time\" content=\"2024-06-29T13:35:48+00:00\" \/>\n<meta property=\"og:image\" content=\"https:\/\/www.pressenza.com\/wp-content\/uploads\/2024\/06\/Image-par-Felipe-Blasco-de-Pixabay.jpg\" \/>\n\t<meta property=\"og:image:width\" content=\"820\" \/>\n\t<meta property=\"og:image:height\" content=\"546\" \/>\n\t<meta property=\"og:image:type\" content=\"image\/jpeg\" \/>\n<meta name=\"author\" content=\"Natalie Depraz\" \/>\n<meta name=\"twitter:card\" content=\"summary_large_image\" \/>\n<meta name=\"twitter:creator\" content=\"@PressenzaIPA\" \/>\n<meta name=\"twitter:site\" content=\"@PressenzaIPA\" \/>\n<meta name=\"twitter:label1\" content=\"Escrito por\" \/>\n\t<meta name=\"twitter:data1\" content=\"Natalie Depraz\" \/>\n\t<meta name=\"twitter:label2\" content=\"Tiempo de lectura\" \/>\n\t<meta name=\"twitter:data2\" content=\"5 minutos\" \/>\n<script type=\"application\/ld+json\" class=\"yoast-schema-graph\">{\"@context\":\"https:\/\/schema.org\",\"@graph\":[{\"@type\":\"Article\",\"@id\":\"https:\/\/www.pressenza.com\/es\/2024\/06\/elecciones-legislativas-francia-esto-es-lo-que-sorprendio-macron-sorprendido-por-sorpresa-del-emergente-nuevo-frente-popular\/#article\",\"isPartOf\":{\"@id\":\"https:\/\/www.pressenza.com\/es\/2024\/06\/elecciones-legislativas-francia-esto-es-lo-que-sorprendio-macron-sorprendido-por-sorpresa-del-emergente-nuevo-frente-popular\/\"},\"author\":{\"name\":\"Natalie Depraz\",\"@id\":\"https:\/\/www.pressenza.com\/es\/#\/schema\/person\/80cf05fc603db7a2775a8c1075207f1e\"},\"headline\":\"Elecciones Legislativas Francia. Esto es lo que sorprendi\u00f3&#8230; Macron sorprendido por sorpresa del emergente Nuevo Frente Popular\",\"datePublished\":\"2024-06-29T13:35:48+00:00\",\"mainEntityOfPage\":{\"@id\":\"https:\/\/www.pressenza.com\/es\/2024\/06\/elecciones-legislativas-francia-esto-es-lo-que-sorprendio-macron-sorprendido-por-sorpresa-del-emergente-nuevo-frente-popular\/\"},\"wordCount\":1151,\"publisher\":{\"@id\":\"https:\/\/www.pressenza.com\/es\/#organization\"},\"image\":{\"@id\":\"https:\/\/www.pressenza.com\/es\/2024\/06\/elecciones-legislativas-francia-esto-es-lo-que-sorprendio-macron-sorprendido-por-sorpresa-del-emergente-nuevo-frente-popular\/#primaryimage\"},\"thumbnailUrl\":\"https:\/\/www.pressenza.com\/wp-content\/uploads\/2024\/06\/Image-par-Felipe-Blasco-de-Pixabay.jpg\",\"keywords\":[\"elecciones\",\"Francia\",\"Nuevo Frente Popular\"],\"articleSection\":[\"Contenido Original\",\"Europa\",\"Noticia\",\"Pol\u00edtica\"],\"inLanguage\":\"es\"},{\"@type\":\"WebPage\",\"@id\":\"https:\/\/www.pressenza.com\/es\/2024\/06\/elecciones-legislativas-francia-esto-es-lo-que-sorprendio-macron-sorprendido-por-sorpresa-del-emergente-nuevo-frente-popular\/\",\"url\":\"https:\/\/www.pressenza.com\/es\/2024\/06\/elecciones-legislativas-francia-esto-es-lo-que-sorprendio-macron-sorprendido-por-sorpresa-del-emergente-nuevo-frente-popular\/\",\"name\":\"Elecciones Legislativas Francia. Esto es lo que sorprendi\u00f3... Macron sorprendido por sorpresa del emergente Nuevo Frente Popular\",\"isPartOf\":{\"@id\":\"https:\/\/www.pressenza.com\/es\/#website\"},\"primaryImageOfPage\":{\"@id\":\"https:\/\/www.pressenza.com\/es\/2024\/06\/elecciones-legislativas-francia-esto-es-lo-que-sorprendio-macron-sorprendido-por-sorpresa-del-emergente-nuevo-frente-popular\/#primaryimage\"},\"image\":{\"@id\":\"https:\/\/www.pressenza.com\/es\/2024\/06\/elecciones-legislativas-francia-esto-es-lo-que-sorprendio-macron-sorprendido-por-sorpresa-del-emergente-nuevo-frente-popular\/#primaryimage\"},\"thumbnailUrl\":\"https:\/\/www.pressenza.com\/wp-content\/uploads\/2024\/06\/Image-par-Felipe-Blasco-de-Pixabay.jpg\",\"datePublished\":\"2024-06-29T13:35:48+00:00\",\"description\":\"Sorpresas, las amamos, o las odiamos. Cuando dispersan el miedo, la ira no est\u00e1 lejos, lo que explota, o el odio, por el \u00fanico o el instigador; si, por\",\"breadcrumb\":{\"@id\":\"https:\/\/www.pressenza.com\/es\/2024\/06\/elecciones-legislativas-francia-esto-es-lo-que-sorprendio-macron-sorprendido-por-sorpresa-del-emergente-nuevo-frente-popular\/#breadcrumb\"},\"inLanguage\":\"es\",\"potentialAction\":[{\"@type\":\"ReadAction\",\"target\":[\"https:\/\/www.pressenza.com\/es\/2024\/06\/elecciones-legislativas-francia-esto-es-lo-que-sorprendio-macron-sorprendido-por-sorpresa-del-emergente-nuevo-frente-popular\/\"]}]},{\"@type\":\"ImageObject\",\"inLanguage\":\"es\",\"@id\":\"https:\/\/www.pressenza.com\/es\/2024\/06\/elecciones-legislativas-francia-esto-es-lo-que-sorprendio-macron-sorprendido-por-sorpresa-del-emergente-nuevo-frente-popular\/#primaryimage\",\"url\":\"https:\/\/www.pressenza.com\/wp-content\/uploads\/2024\/06\/Image-par-Felipe-Blasco-de-Pixabay.jpg\",\"contentUrl\":\"https:\/\/www.pressenza.com\/wp-content\/uploads\/2024\/06\/Image-par-Felipe-Blasco-de-Pixabay.jpg\",\"width\":820,\"height\":546},{\"@type\":\"BreadcrumbList\",\"@id\":\"https:\/\/www.pressenza.com\/es\/2024\/06\/elecciones-legislativas-francia-esto-es-lo-que-sorprendio-macron-sorprendido-por-sorpresa-del-emergente-nuevo-frente-popular\/#breadcrumb\",\"itemListElement\":[{\"@type\":\"ListItem\",\"position\":1,\"name\":\"Accueil\",\"item\":\"https:\/\/www.pressenza.com\/es\/\"},{\"@type\":\"ListItem\",\"position\":2,\"name\":\"Elecciones Legislativas Francia. Esto es lo que sorprendi\u00f3&#8230; Macron sorprendido por sorpresa del emergente Nuevo Frente Popular\"}]},{\"@type\":\"WebSite\",\"@id\":\"https:\/\/www.pressenza.com\/es\/#website\",\"url\":\"https:\/\/www.pressenza.com\/es\/\",\"name\":\"Pressenza\",\"description\":\"International Press Agency\",\"publisher\":{\"@id\":\"https:\/\/www.pressenza.com\/es\/#organization\"},\"potentialAction\":[{\"@type\":\"SearchAction\",\"target\":{\"@type\":\"EntryPoint\",\"urlTemplate\":\"https:\/\/www.pressenza.com\/es\/?s={search_term_string}\"},\"query-input\":{\"@type\":\"PropertyValueSpecification\",\"valueRequired\":true,\"valueName\":\"search_term_string\"}}],\"inLanguage\":\"es\"},{\"@type\":\"Organization\",\"@id\":\"https:\/\/www.pressenza.com\/es\/#organization\",\"name\":\"Pressenza\",\"url\":\"https:\/\/www.pressenza.com\/es\/\",\"logo\":{\"@type\":\"ImageObject\",\"inLanguage\":\"es\",\"@id\":\"https:\/\/www.pressenza.com\/es\/#\/schema\/logo\/image\/\",\"url\":\"https:\/\/www.pressenza.com\/wp-content\/uploads\/2022\/10\/pressenza_logo_200x200.jpg\",\"contentUrl\":\"https:\/\/www.pressenza.com\/wp-content\/uploads\/2022\/10\/pressenza_logo_200x200.jpg\",\"width\":200,\"height\":200,\"caption\":\"Pressenza\"},\"image\":{\"@id\":\"https:\/\/www.pressenza.com\/es\/#\/schema\/logo\/image\/\"},\"sameAs\":[\"https:\/\/www.facebook.com\/PressenzaItalia\",\"https:\/\/x.com\/PressenzaIPA\"]},{\"@type\":\"Person\",\"@id\":\"https:\/\/www.pressenza.com\/es\/#\/schema\/person\/80cf05fc603db7a2775a8c1075207f1e\",\"name\":\"Natalie Depraz\",\"description\":\"Natalie Depraz est philosophe et professeure \u00e0 l'Universit\u00e9 de Paris Nanterre. Elle a publi\u00e9 son troisi\u00e8me roman, \u2018Martine H\u2019, en 2023. Ses autres romans, \u2018L\u2019endroit\u2019 en 2019, puis \u2018D\u00e9ni ma survie\u2019 en 2021, aux \u00e9ditions 5 Sens \u00e0 Gen\u00e8ve. Son dernier livre philosophique s'intitule \u2018La surprise. Crise de la pens\u00e9e\u2019 au Seuil en 2024. Depuis 2016, engag\u00e9e dans La France Insoumise, elle s'est pr\u00e9sent\u00e9e aux \u00e9lections l\u00e9gislatives (2017) puis municipales (2020) dans le 17e arrondissement \u00e0 Paris. pr.natalie.depraz@gmail.com http:\/\/www.umr8547.ens.fr\/spip.php?rubrique50 http:\/\/eriac.univ-rouen.fr\/author\/natalie-depraz pr.natalie.depraz@gmail.com http:\/\/www.umr8547.ens.fr\/spip.php?rubrique50 http:\/\/eriac.univ-rouen.fr\/author\/natalie-depraz\",\"sameAs\":[\"http:\/\/eriac.univ-rouen.fr\/author\/natalie-depraz\/\"],\"url\":\"https:\/\/www.pressenza.com\/es\/author\/natalie-depraz\/\"}]}<\/script>\n<!-- \/ Yoast SEO plugin. -->","yoast_head_json":{"title":"Elecciones Legislativas Francia. Esto es lo que sorprendi\u00f3... Macron sorprendido por sorpresa del emergente Nuevo Frente Popular","description":"Sorpresas, las amamos, o las odiamos. Cuando dispersan el miedo, la ira no est\u00e1 lejos, lo que explota, o el odio, por el \u00fanico o el instigador; si, por","robots":{"index":"index","follow":"follow","max-snippet":"max-snippet:-1","max-image-preview":"max-image-preview:large","max-video-preview":"max-video-preview:-1"},"canonical":"https:\/\/www.pressenza.com\/es\/2024\/06\/elecciones-legislativas-francia-esto-es-lo-que-sorprendio-macron-sorprendido-por-sorpresa-del-emergente-nuevo-frente-popular\/","og_locale":"es_ES","og_type":"article","og_title":"Elecciones Legislativas Francia. Esto es lo que sorprendi\u00f3... Macron sorprendido por sorpresa del emergente Nuevo Frente Popular","og_description":"Sorpresas, las amamos, o las odiamos. Cuando dispersan el miedo, la ira no est\u00e1 lejos, lo que explota, o el odio, por el \u00fanico o el instigador; si, por","og_url":"https:\/\/www.pressenza.com\/es\/2024\/06\/elecciones-legislativas-francia-esto-es-lo-que-sorprendio-macron-sorprendido-por-sorpresa-del-emergente-nuevo-frente-popular\/","og_site_name":"Pressenza","article_publisher":"https:\/\/www.facebook.com\/PressenzaItalia","article_published_time":"2024-06-29T13:35:48+00:00","og_image":[{"width":820,"height":546,"url":"https:\/\/www.pressenza.com\/wp-content\/uploads\/2024\/06\/Image-par-Felipe-Blasco-de-Pixabay.jpg","type":"image\/jpeg"}],"author":"Natalie Depraz","twitter_card":"summary_large_image","twitter_creator":"@PressenzaIPA","twitter_site":"@PressenzaIPA","twitter_misc":{"Escrito por":"Natalie Depraz","Tiempo de lectura":"5 minutos"},"schema":{"@context":"https:\/\/schema.org","@graph":[{"@type":"Article","@id":"https:\/\/www.pressenza.com\/es\/2024\/06\/elecciones-legislativas-francia-esto-es-lo-que-sorprendio-macron-sorprendido-por-sorpresa-del-emergente-nuevo-frente-popular\/#article","isPartOf":{"@id":"https:\/\/www.pressenza.com\/es\/2024\/06\/elecciones-legislativas-francia-esto-es-lo-que-sorprendio-macron-sorprendido-por-sorpresa-del-emergente-nuevo-frente-popular\/"},"author":{"name":"Natalie Depraz","@id":"https:\/\/www.pressenza.com\/es\/#\/schema\/person\/80cf05fc603db7a2775a8c1075207f1e"},"headline":"Elecciones Legislativas Francia. Esto es lo que sorprendi\u00f3&#8230; Macron sorprendido por sorpresa del emergente Nuevo Frente Popular","datePublished":"2024-06-29T13:35:48+00:00","mainEntityOfPage":{"@id":"https:\/\/www.pressenza.com\/es\/2024\/06\/elecciones-legislativas-francia-esto-es-lo-que-sorprendio-macron-sorprendido-por-sorpresa-del-emergente-nuevo-frente-popular\/"},"wordCount":1151,"publisher":{"@id":"https:\/\/www.pressenza.com\/es\/#organization"},"image":{"@id":"https:\/\/www.pressenza.com\/es\/2024\/06\/elecciones-legislativas-francia-esto-es-lo-que-sorprendio-macron-sorprendido-por-sorpresa-del-emergente-nuevo-frente-popular\/#primaryimage"},"thumbnailUrl":"https:\/\/www.pressenza.com\/wp-content\/uploads\/2024\/06\/Image-par-Felipe-Blasco-de-Pixabay.jpg","keywords":["elecciones","Francia","Nuevo Frente Popular"],"articleSection":["Contenido Original","Europa","Noticia","Pol\u00edtica"],"inLanguage":"es"},{"@type":"WebPage","@id":"https:\/\/www.pressenza.com\/es\/2024\/06\/elecciones-legislativas-francia-esto-es-lo-que-sorprendio-macron-sorprendido-por-sorpresa-del-emergente-nuevo-frente-popular\/","url":"https:\/\/www.pressenza.com\/es\/2024\/06\/elecciones-legislativas-francia-esto-es-lo-que-sorprendio-macron-sorprendido-por-sorpresa-del-emergente-nuevo-frente-popular\/","name":"Elecciones Legislativas Francia. Esto es lo que sorprendi\u00f3... Macron sorprendido por sorpresa del emergente Nuevo Frente Popular","isPartOf":{"@id":"https:\/\/www.pressenza.com\/es\/#website"},"primaryImageOfPage":{"@id":"https:\/\/www.pressenza.com\/es\/2024\/06\/elecciones-legislativas-francia-esto-es-lo-que-sorprendio-macron-sorprendido-por-sorpresa-del-emergente-nuevo-frente-popular\/#primaryimage"},"image":{"@id":"https:\/\/www.pressenza.com\/es\/2024\/06\/elecciones-legislativas-francia-esto-es-lo-que-sorprendio-macron-sorprendido-por-sorpresa-del-emergente-nuevo-frente-popular\/#primaryimage"},"thumbnailUrl":"https:\/\/www.pressenza.com\/wp-content\/uploads\/2024\/06\/Image-par-Felipe-Blasco-de-Pixabay.jpg","datePublished":"2024-06-29T13:35:48+00:00","description":"Sorpresas, las amamos, o las odiamos. Cuando dispersan el miedo, la ira no est\u00e1 lejos, lo que explota, o el odio, por el \u00fanico o el instigador; si, por","breadcrumb":{"@id":"https:\/\/www.pressenza.com\/es\/2024\/06\/elecciones-legislativas-francia-esto-es-lo-que-sorprendio-macron-sorprendido-por-sorpresa-del-emergente-nuevo-frente-popular\/#breadcrumb"},"inLanguage":"es","potentialAction":[{"@type":"ReadAction","target":["https:\/\/www.pressenza.com\/es\/2024\/06\/elecciones-legislativas-francia-esto-es-lo-que-sorprendio-macron-sorprendido-por-sorpresa-del-emergente-nuevo-frente-popular\/"]}]},{"@type":"ImageObject","inLanguage":"es","@id":"https:\/\/www.pressenza.com\/es\/2024\/06\/elecciones-legislativas-francia-esto-es-lo-que-sorprendio-macron-sorprendido-por-sorpresa-del-emergente-nuevo-frente-popular\/#primaryimage","url":"https:\/\/www.pressenza.com\/wp-content\/uploads\/2024\/06\/Image-par-Felipe-Blasco-de-Pixabay.jpg","contentUrl":"https:\/\/www.pressenza.com\/wp-content\/uploads\/2024\/06\/Image-par-Felipe-Blasco-de-Pixabay.jpg","width":820,"height":546},{"@type":"BreadcrumbList","@id":"https:\/\/www.pressenza.com\/es\/2024\/06\/elecciones-legislativas-francia-esto-es-lo-que-sorprendio-macron-sorprendido-por-sorpresa-del-emergente-nuevo-frente-popular\/#breadcrumb","itemListElement":[{"@type":"ListItem","position":1,"name":"Accueil","item":"https:\/\/www.pressenza.com\/es\/"},{"@type":"ListItem","position":2,"name":"Elecciones Legislativas Francia. Esto es lo que sorprendi\u00f3&#8230; Macron sorprendido por sorpresa del emergente Nuevo Frente Popular"}]},{"@type":"WebSite","@id":"https:\/\/www.pressenza.com\/es\/#website","url":"https:\/\/www.pressenza.com\/es\/","name":"Pressenza","description":"International Press Agency","publisher":{"@id":"https:\/\/www.pressenza.com\/es\/#organization"},"potentialAction":[{"@type":"SearchAction","target":{"@type":"EntryPoint","urlTemplate":"https:\/\/www.pressenza.com\/es\/?s={search_term_string}"},"query-input":{"@type":"PropertyValueSpecification","valueRequired":true,"valueName":"search_term_string"}}],"inLanguage":"es"},{"@type":"Organization","@id":"https:\/\/www.pressenza.com\/es\/#organization","name":"Pressenza","url":"https:\/\/www.pressenza.com\/es\/","logo":{"@type":"ImageObject","inLanguage":"es","@id":"https:\/\/www.pressenza.com\/es\/#\/schema\/logo\/image\/","url":"https:\/\/www.pressenza.com\/wp-content\/uploads\/2022\/10\/pressenza_logo_200x200.jpg","contentUrl":"https:\/\/www.pressenza.com\/wp-content\/uploads\/2022\/10\/pressenza_logo_200x200.jpg","width":200,"height":200,"caption":"Pressenza"},"image":{"@id":"https:\/\/www.pressenza.com\/es\/#\/schema\/logo\/image\/"},"sameAs":["https:\/\/www.facebook.com\/PressenzaItalia","https:\/\/x.com\/PressenzaIPA"]},{"@type":"Person","@id":"https:\/\/www.pressenza.com\/es\/#\/schema\/person\/80cf05fc603db7a2775a8c1075207f1e","name":"Natalie Depraz","description":"Natalie Depraz est philosophe et professeure \u00e0 l'Universit\u00e9 de Paris Nanterre. Elle a publi\u00e9 son troisi\u00e8me roman, \u2018Martine H\u2019, en 2023. Ses autres romans, \u2018L\u2019endroit\u2019 en 2019, puis \u2018D\u00e9ni ma survie\u2019 en 2021, aux \u00e9ditions 5 Sens \u00e0 Gen\u00e8ve. Son dernier livre philosophique s'intitule \u2018La surprise. Crise de la pens\u00e9e\u2019 au Seuil en 2024. Depuis 2016, engag\u00e9e dans La France Insoumise, elle s'est pr\u00e9sent\u00e9e aux \u00e9lections l\u00e9gislatives (2017) puis municipales (2020) dans le 17e arrondissement \u00e0 Paris. pr.natalie.depraz@gmail.com http:\/\/www.umr8547.ens.fr\/spip.php?rubrique50 http:\/\/eriac.univ-rouen.fr\/author\/natalie-depraz pr.natalie.depraz@gmail.com http:\/\/www.umr8547.ens.fr\/spip.php?rubrique50 http:\/\/eriac.univ-rouen.fr\/author\/natalie-depraz","sameAs":["http:\/\/eriac.univ-rouen.fr\/author\/natalie-depraz\/"],"url":"https:\/\/www.pressenza.com\/es\/author\/natalie-depraz\/"}]}},"place":"Redacci\u00f3n Francia","original_article_url":"","_links":{"self":[{"href":"https:\/\/www.pressenza.com\/es\/wp-json\/wp\/v2\/posts\/2533494","targetHints":{"allow":["GET"]}}],"collection":[{"href":"https:\/\/www.pressenza.com\/es\/wp-json\/wp\/v2\/posts"}],"about":[{"href":"https:\/\/www.pressenza.com\/es\/wp-json\/wp\/v2\/types\/post"}],"author":[{"embeddable":true,"href":"https:\/\/www.pressenza.com\/es\/wp-json\/wp\/v2\/users\/1842"}],"replies":[{"embeddable":true,"href":"https:\/\/www.pressenza.com\/es\/wp-json\/wp\/v2\/comments?post=2533494"}],"version-history":[{"count":0,"href":"https:\/\/www.pressenza.com\/es\/wp-json\/wp\/v2\/posts\/2533494\/revisions"}],"wp:featuredmedia":[{"embeddable":true,"href":"https:\/\/www.pressenza.com\/es\/wp-json\/wp\/v2\/media\/2533495"}],"wp:attachment":[{"href":"https:\/\/www.pressenza.com\/es\/wp-json\/wp\/v2\/media?parent=2533494"}],"wp:term":[{"taxonomy":"category","embeddable":true,"href":"https:\/\/www.pressenza.com\/es\/wp-json\/wp\/v2\/categories?post=2533494"},{"taxonomy":"post_tag","embeddable":true,"href":"https:\/\/www.pressenza.com\/es\/wp-json\/wp\/v2\/tags?post=2533494"}],"curies":[{"name":"wp","href":"https:\/\/api.w.org\/{rel}","templated":true}]}}