{"id":2532963,"date":"2024-06-27T04:18:03","date_gmt":"2024-06-27T03:18:03","guid":{"rendered":"https:\/\/www.pressenza.com\/?p=2532963"},"modified":"2024-06-27T04:18:03","modified_gmt":"2024-06-27T03:18:03","slug":"las-esterilizaciones-forzadas-son-crimenes-de-lesa-humanidad-yudith-conto","status":"publish","type":"post","link":"https:\/\/www.pressenza.com\/es\/2024\/06\/las-esterilizaciones-forzadas-son-crimenes-de-lesa-humanidad-yudith-conto\/","title":{"rendered":"Las esterilizaciones forzadas son cr\u00edmenes de lesa humanidad: Yudith Conto"},"content":{"rendered":"<h3>Mientras en el Per\u00fa, Alberto Fujimori, recibe innumerables beneficios (el indulto humanitario, pese a juzg\u00e1rsele por delitos de lesa humanidad y corrupci\u00f3n; asimismo, se le asigna gasolina y asistente personal, adem\u00e1s de estar en proceso su solicitud para una pensi\u00f3n vitalicia de m\u00e1s de 15 mil soles y, acaba de afiliarse al partido Fuerza Popular de su hija Keiko Fujimori); en Chile ampl\u00edan la extradici\u00f3n del exdictador indicando que \u00ablos delitos de lesa humanidad no prescriben\u00bb.<\/h3>\n<p class=\"Subtitle\">En el portal La Mula.pe, Yudith Conto, abogada de Derechos Humanos Sin Fronteras, explic\u00f3 las acciones que el gobierno chileno viene desarrollando en el marco de la ley, ante delitos tan graves como las esterilizaciones forzadas que afectaron a 300 mil v\u00edctimas. A continuaci\u00f3n una esclarecedora entrevista sobre este caso:<\/p>\n<p class=\"Subtitle\">Por: LaMula.pe<\/p>\n<p>Las esterilizaciones forzadas, caso por el cual Chile ha ampliado la extradici\u00f3n del exdictador Alberto Fujimori,\u00a0<strong>no han prescrito porque se trata de cr\u00edmenes de lesa humanidad<\/strong>, se\u00f1al\u00f3, en La Mula TV, Yudith Conto, abogada de Derechos Humanos Sin Fronteras.<\/p>\n<p>En \u00abAl Filo\u00bb, Conto resalt\u00f3 que el caso de esterilizaciones forzadas es un delito de lesa humanidad y que la Corte Suprema de Chile tom\u00f3 en cuenta este tipo de\u00a0 delitos no prescriben debido a la naturaleza de los abusos sistem\u00e1ticos.<\/p>\n<blockquote class=\"poster\">\n<h4>\u00abRecordemos que aproximadamente 300,000 v\u00edctimas habr\u00edan sido esterilizadas en contra de su voluntad, sin que hayan sido informadas y sin que se les comunique en su lengua materna, que es el idioma quechua\u00bb, se\u00f1al\u00f3.<\/h4>\n<\/blockquote>\n<p>La abogada precis\u00f3 que el delito en el caso de esterilizaciones forzadas es de\u00a0<strong>lesiones graves con consecuencia de muerte\u00a0<\/strong>en el contexto de graves violaciones a los derechos humanos. A lo largo de estos a\u00f1os, se\u00f1al\u00f3, los denunciados, entre ellos el congresista Alejandro Aguinaga, han demostrado una conducta procesal particular con demandas de amparo para suspender el proceso. Adem\u00e1s, cuestion\u00f3 que Aguinaga haya sido uno de los promotores de la ley de impunidad, que busca amnist\u00eda para los criminales de lesa humanidad.<\/p>\n<p>Este lunes, el\u00a0<strong>Poder Judicial de Chile<\/strong>\u00a0orden\u00f3 la ampliaci\u00f3n de la extradici\u00f3n del exdictador Alberto Fujimori por cinco casos de violaciones a los derechos humanos, incluyendo el caso de esterilizaciones forzadas.<\/p>\n<p>El caso de las esterilizaciones forzadas, que comenz\u00f3 en la d\u00e9cada de 1990, ha afectado a cerca de 300,000 mujeres y algunos hombres, la mayor\u00eda de ellos ind\u00edgenas y campesinos. La decisi\u00f3n reciente de Chile de ampliar la extradici\u00f3n de Fujimori representa un avance significativo en la b\u00fasqueda de justicia.<\/p>\n<p>Mira la entrevista completa en el canal de YouTube de La Mula TV:<\/p>\n<p><iframe loading=\"lazy\" src=\"https:\/\/www.youtube.com\/embed\/8Ro93TJKN0Q?si=jm3RJ3yPPLppen9-&amp;amp;start=82\" width=\"100%\" height=\"315\" frameborder=\"0\" allowfullscreen=\"allowfullscreen\" data-mce-fragment=\"1\"><\/iframe><\/p>\n","protected":false},"excerpt":{"rendered":"<p>Mientras en el Per\u00fa, Alberto Fujimori, recibe innumerables beneficios (el indulto humanitario, pese a juzg\u00e1rsele por delitos de lesa humanidad y corrupci\u00f3n; asimismo, se le asigna gasolina y asistente personal, adem\u00e1s de estar en proceso su solicitud para una pensi\u00f3n&hellip;<\/p>\n","protected":false},"author":831,"featured_media":2532970,"comment_status":"closed","ping_status":"closed","sticky":false,"template":"","format":"standard","meta":{"footnotes":""},"categories":[11389,79,74,67],"tags":[15354,38863,24785,124129,13186],"class_list":["post-2532963","post","type-post","status-publish","format-standard","has-post-thumbnail","hentry","category-contenido-original","category-derechos-humanos","category-politica-es","category-sudamerica","tag-alberto-fujimori","tag-delitos-de-lesa-humanidad","tag-esterilizaciones-forzadas","tag-extradicion-a-chile","tag-impunidad"],"yoast_head":"<!-- This site is optimized with the Yoast SEO plugin v27.1.1 - https:\/\/yoast.com\/product\/yoast-seo-wordpress\/ -->\n<title>Las esterilizaciones forzadas son cr\u00edmenes de lesa humanidad: Yudith Conto<\/title>\n<meta name=\"description\" content=\"Mientras en el Per\u00fa, Alberto Fujimori, recibe innumerables beneficios (el indulto humanitario, pese a juzg\u00e1rsele por delitos de lesa humanidad y\" \/>\n<meta name=\"robots\" content=\"index, follow, max-snippet:-1, max-image-preview:large, max-video-preview:-1\" \/>\n<link rel=\"canonical\" href=\"https:\/\/www.pressenza.com\/es\/2024\/06\/las-esterilizaciones-forzadas-son-crimenes-de-lesa-humanidad-yudith-conto\/\" \/>\n<meta property=\"og:locale\" content=\"es_ES\" \/>\n<meta property=\"og:type\" content=\"article\" \/>\n<meta property=\"og:title\" content=\"Las esterilizaciones forzadas son cr\u00edmenes de lesa humanidad: Yudith Conto\" \/>\n<meta property=\"og:description\" content=\"Mientras en el Per\u00fa, Alberto Fujimori, recibe innumerables beneficios (el indulto humanitario, pese a juzg\u00e1rsele por delitos de lesa humanidad y\" \/>\n<meta property=\"og:url\" content=\"https:\/\/www.pressenza.com\/es\/2024\/06\/las-esterilizaciones-forzadas-son-crimenes-de-lesa-humanidad-yudith-conto\/\" \/>\n<meta property=\"og:site_name\" content=\"Pressenza\" \/>\n<meta property=\"article:publisher\" content=\"https:\/\/www.facebook.com\/PressenzaItalia\" \/>\n<meta property=\"article:published_time\" content=\"2024-06-27T03:18:03+00:00\" \/>\n<meta property=\"og:image\" content=\"https:\/\/www.pressenza.com\/wp-content\/uploads\/2024\/06\/idehpucp.png\" \/>\n\t<meta property=\"og:image:width\" content=\"877\" \/>\n\t<meta property=\"og:image:height\" content=\"626\" \/>\n\t<meta property=\"og:image:type\" content=\"image\/png\" \/>\n<meta name=\"author\" content=\"Redacci\u00f3n Per\u00fa\" \/>\n<meta name=\"twitter:card\" content=\"summary_large_image\" \/>\n<meta name=\"twitter:creator\" content=\"@PressenzaIPA\" \/>\n<meta name=\"twitter:site\" content=\"@PressenzaIPA\" \/>\n<meta name=\"twitter:label1\" content=\"Escrito por\" \/>\n\t<meta name=\"twitter:data1\" content=\"Redacci\u00f3n Per\u00fa\" \/>\n\t<meta name=\"twitter:label2\" content=\"Tiempo de lectura\" \/>\n\t<meta name=\"twitter:data2\" content=\"2 minutos\" \/>\n<script type=\"application\/ld+json\" class=\"yoast-schema-graph\">{\"@context\":\"https:\/\/schema.org\",\"@graph\":[{\"@type\":\"Article\",\"@id\":\"https:\/\/www.pressenza.com\/es\/2024\/06\/las-esterilizaciones-forzadas-son-crimenes-de-lesa-humanidad-yudith-conto\/#article\",\"isPartOf\":{\"@id\":\"https:\/\/www.pressenza.com\/es\/2024\/06\/las-esterilizaciones-forzadas-son-crimenes-de-lesa-humanidad-yudith-conto\/\"},\"author\":{\"name\":\"Redacci\u00f3n Per\u00fa\",\"@id\":\"https:\/\/www.pressenza.com\/es\/#\/schema\/person\/e86c29a41185b85084a478822f5de81b\"},\"headline\":\"Las esterilizaciones forzadas son cr\u00edmenes de lesa humanidad: Yudith Conto\",\"datePublished\":\"2024-06-27T03:18:03+00:00\",\"mainEntityOfPage\":{\"@id\":\"https:\/\/www.pressenza.com\/es\/2024\/06\/las-esterilizaciones-forzadas-son-crimenes-de-lesa-humanidad-yudith-conto\/\"},\"wordCount\":457,\"publisher\":{\"@id\":\"https:\/\/www.pressenza.com\/es\/#organization\"},\"image\":{\"@id\":\"https:\/\/www.pressenza.com\/es\/2024\/06\/las-esterilizaciones-forzadas-son-crimenes-de-lesa-humanidad-yudith-conto\/#primaryimage\"},\"thumbnailUrl\":\"https:\/\/www.pressenza.com\/wp-content\/uploads\/2024\/06\/idehpucp.png\",\"keywords\":[\"Alberto Fujimori\",\"delitos de lesa humanidad\",\"esterilizaciones forzadas\",\"extradici\u00f3n a Chile\",\"Impunidad\"],\"articleSection\":[\"Contenido Original\",\"Derechos Humanos\",\"Pol\u00edtica\",\"Sudam\u00e9rica\"],\"inLanguage\":\"es\"},{\"@type\":\"WebPage\",\"@id\":\"https:\/\/www.pressenza.com\/es\/2024\/06\/las-esterilizaciones-forzadas-son-crimenes-de-lesa-humanidad-yudith-conto\/\",\"url\":\"https:\/\/www.pressenza.com\/es\/2024\/06\/las-esterilizaciones-forzadas-son-crimenes-de-lesa-humanidad-yudith-conto\/\",\"name\":\"Las esterilizaciones forzadas son cr\u00edmenes de lesa humanidad: Yudith Conto\",\"isPartOf\":{\"@id\":\"https:\/\/www.pressenza.com\/es\/#website\"},\"primaryImageOfPage\":{\"@id\":\"https:\/\/www.pressenza.com\/es\/2024\/06\/las-esterilizaciones-forzadas-son-crimenes-de-lesa-humanidad-yudith-conto\/#primaryimage\"},\"image\":{\"@id\":\"https:\/\/www.pressenza.com\/es\/2024\/06\/las-esterilizaciones-forzadas-son-crimenes-de-lesa-humanidad-yudith-conto\/#primaryimage\"},\"thumbnailUrl\":\"https:\/\/www.pressenza.com\/wp-content\/uploads\/2024\/06\/idehpucp.png\",\"datePublished\":\"2024-06-27T03:18:03+00:00\",\"description\":\"Mientras en el Per\u00fa, Alberto Fujimori, recibe innumerables beneficios (el indulto humanitario, pese a juzg\u00e1rsele por delitos de lesa humanidad y\",\"breadcrumb\":{\"@id\":\"https:\/\/www.pressenza.com\/es\/2024\/06\/las-esterilizaciones-forzadas-son-crimenes-de-lesa-humanidad-yudith-conto\/#breadcrumb\"},\"inLanguage\":\"es\",\"potentialAction\":[{\"@type\":\"ReadAction\",\"target\":[\"https:\/\/www.pressenza.com\/es\/2024\/06\/las-esterilizaciones-forzadas-son-crimenes-de-lesa-humanidad-yudith-conto\/\"]}]},{\"@type\":\"ImageObject\",\"inLanguage\":\"es\",\"@id\":\"https:\/\/www.pressenza.com\/es\/2024\/06\/las-esterilizaciones-forzadas-son-crimenes-de-lesa-humanidad-yudith-conto\/#primaryimage\",\"url\":\"https:\/\/www.pressenza.com\/wp-content\/uploads\/2024\/06\/idehpucp.png\",\"contentUrl\":\"https:\/\/www.pressenza.com\/wp-content\/uploads\/2024\/06\/idehpucp.png\",\"width\":877,\"height\":626},{\"@type\":\"BreadcrumbList\",\"@id\":\"https:\/\/www.pressenza.com\/es\/2024\/06\/las-esterilizaciones-forzadas-son-crimenes-de-lesa-humanidad-yudith-conto\/#breadcrumb\",\"itemListElement\":[{\"@type\":\"ListItem\",\"position\":1,\"name\":\"Accueil\",\"item\":\"https:\/\/www.pressenza.com\/es\/\"},{\"@type\":\"ListItem\",\"position\":2,\"name\":\"Las esterilizaciones forzadas son cr\u00edmenes de lesa humanidad: Yudith Conto\"}]},{\"@type\":\"WebSite\",\"@id\":\"https:\/\/www.pressenza.com\/es\/#website\",\"url\":\"https:\/\/www.pressenza.com\/es\/\",\"name\":\"Pressenza\",\"description\":\"International Press Agency\",\"publisher\":{\"@id\":\"https:\/\/www.pressenza.com\/es\/#organization\"},\"potentialAction\":[{\"@type\":\"SearchAction\",\"target\":{\"@type\":\"EntryPoint\",\"urlTemplate\":\"https:\/\/www.pressenza.com\/es\/?s={search_term_string}\"},\"query-input\":{\"@type\":\"PropertyValueSpecification\",\"valueRequired\":true,\"valueName\":\"search_term_string\"}}],\"inLanguage\":\"es\"},{\"@type\":\"Organization\",\"@id\":\"https:\/\/www.pressenza.com\/es\/#organization\",\"name\":\"Pressenza\",\"url\":\"https:\/\/www.pressenza.com\/es\/\",\"logo\":{\"@type\":\"ImageObject\",\"inLanguage\":\"es\",\"@id\":\"https:\/\/www.pressenza.com\/es\/#\/schema\/logo\/image\/\",\"url\":\"https:\/\/www.pressenza.com\/wp-content\/uploads\/2022\/10\/pressenza_logo_200x200.jpg\",\"contentUrl\":\"https:\/\/www.pressenza.com\/wp-content\/uploads\/2022\/10\/pressenza_logo_200x200.jpg\",\"width\":200,\"height\":200,\"caption\":\"Pressenza\"},\"image\":{\"@id\":\"https:\/\/www.pressenza.com\/es\/#\/schema\/logo\/image\/\"},\"sameAs\":[\"https:\/\/www.facebook.com\/PressenzaItalia\",\"https:\/\/x.com\/PressenzaIPA\"]},{\"@type\":\"Person\",\"@id\":\"https:\/\/www.pressenza.com\/es\/#\/schema\/person\/e86c29a41185b85084a478822f5de81b\",\"name\":\"Redacci\u00f3n Per\u00fa\",\"description\":\"News published by the Pressenza bureau in Peru\",\"url\":\"https:\/\/www.pressenza.com\/es\/author\/redaccion-peru\/\"}]}<\/script>\n<!-- \/ Yoast SEO plugin. -->","yoast_head_json":{"title":"Las esterilizaciones forzadas son cr\u00edmenes de lesa humanidad: Yudith Conto","description":"Mientras en el Per\u00fa, Alberto Fujimori, recibe innumerables beneficios (el indulto humanitario, pese a juzg\u00e1rsele por delitos de lesa humanidad y","robots":{"index":"index","follow":"follow","max-snippet":"max-snippet:-1","max-image-preview":"max-image-preview:large","max-video-preview":"max-video-preview:-1"},"canonical":"https:\/\/www.pressenza.com\/es\/2024\/06\/las-esterilizaciones-forzadas-son-crimenes-de-lesa-humanidad-yudith-conto\/","og_locale":"es_ES","og_type":"article","og_title":"Las esterilizaciones forzadas son cr\u00edmenes de lesa humanidad: Yudith Conto","og_description":"Mientras en el Per\u00fa, Alberto Fujimori, recibe innumerables beneficios (el indulto humanitario, pese a juzg\u00e1rsele por delitos de lesa humanidad y","og_url":"https:\/\/www.pressenza.com\/es\/2024\/06\/las-esterilizaciones-forzadas-son-crimenes-de-lesa-humanidad-yudith-conto\/","og_site_name":"Pressenza","article_publisher":"https:\/\/www.facebook.com\/PressenzaItalia","article_published_time":"2024-06-27T03:18:03+00:00","og_image":[{"width":877,"height":626,"url":"https:\/\/www.pressenza.com\/wp-content\/uploads\/2024\/06\/idehpucp.png","type":"image\/png"}],"author":"Redacci\u00f3n Per\u00fa","twitter_card":"summary_large_image","twitter_creator":"@PressenzaIPA","twitter_site":"@PressenzaIPA","twitter_misc":{"Escrito por":"Redacci\u00f3n Per\u00fa","Tiempo de lectura":"2 minutos"},"schema":{"@context":"https:\/\/schema.org","@graph":[{"@type":"Article","@id":"https:\/\/www.pressenza.com\/es\/2024\/06\/las-esterilizaciones-forzadas-son-crimenes-de-lesa-humanidad-yudith-conto\/#article","isPartOf":{"@id":"https:\/\/www.pressenza.com\/es\/2024\/06\/las-esterilizaciones-forzadas-son-crimenes-de-lesa-humanidad-yudith-conto\/"},"author":{"name":"Redacci\u00f3n Per\u00fa","@id":"https:\/\/www.pressenza.com\/es\/#\/schema\/person\/e86c29a41185b85084a478822f5de81b"},"headline":"Las esterilizaciones forzadas son cr\u00edmenes de lesa humanidad: Yudith Conto","datePublished":"2024-06-27T03:18:03+00:00","mainEntityOfPage":{"@id":"https:\/\/www.pressenza.com\/es\/2024\/06\/las-esterilizaciones-forzadas-son-crimenes-de-lesa-humanidad-yudith-conto\/"},"wordCount":457,"publisher":{"@id":"https:\/\/www.pressenza.com\/es\/#organization"},"image":{"@id":"https:\/\/www.pressenza.com\/es\/2024\/06\/las-esterilizaciones-forzadas-son-crimenes-de-lesa-humanidad-yudith-conto\/#primaryimage"},"thumbnailUrl":"https:\/\/www.pressenza.com\/wp-content\/uploads\/2024\/06\/idehpucp.png","keywords":["Alberto Fujimori","delitos de lesa humanidad","esterilizaciones forzadas","extradici\u00f3n a Chile","Impunidad"],"articleSection":["Contenido Original","Derechos Humanos","Pol\u00edtica","Sudam\u00e9rica"],"inLanguage":"es"},{"@type":"WebPage","@id":"https:\/\/www.pressenza.com\/es\/2024\/06\/las-esterilizaciones-forzadas-son-crimenes-de-lesa-humanidad-yudith-conto\/","url":"https:\/\/www.pressenza.com\/es\/2024\/06\/las-esterilizaciones-forzadas-son-crimenes-de-lesa-humanidad-yudith-conto\/","name":"Las esterilizaciones forzadas son cr\u00edmenes de lesa humanidad: Yudith Conto","isPartOf":{"@id":"https:\/\/www.pressenza.com\/es\/#website"},"primaryImageOfPage":{"@id":"https:\/\/www.pressenza.com\/es\/2024\/06\/las-esterilizaciones-forzadas-son-crimenes-de-lesa-humanidad-yudith-conto\/#primaryimage"},"image":{"@id":"https:\/\/www.pressenza.com\/es\/2024\/06\/las-esterilizaciones-forzadas-son-crimenes-de-lesa-humanidad-yudith-conto\/#primaryimage"},"thumbnailUrl":"https:\/\/www.pressenza.com\/wp-content\/uploads\/2024\/06\/idehpucp.png","datePublished":"2024-06-27T03:18:03+00:00","description":"Mientras en el Per\u00fa, Alberto Fujimori, recibe innumerables beneficios (el indulto humanitario, pese a juzg\u00e1rsele por delitos de lesa humanidad y","breadcrumb":{"@id":"https:\/\/www.pressenza.com\/es\/2024\/06\/las-esterilizaciones-forzadas-son-crimenes-de-lesa-humanidad-yudith-conto\/#breadcrumb"},"inLanguage":"es","potentialAction":[{"@type":"ReadAction","target":["https:\/\/www.pressenza.com\/es\/2024\/06\/las-esterilizaciones-forzadas-son-crimenes-de-lesa-humanidad-yudith-conto\/"]}]},{"@type":"ImageObject","inLanguage":"es","@id":"https:\/\/www.pressenza.com\/es\/2024\/06\/las-esterilizaciones-forzadas-son-crimenes-de-lesa-humanidad-yudith-conto\/#primaryimage","url":"https:\/\/www.pressenza.com\/wp-content\/uploads\/2024\/06\/idehpucp.png","contentUrl":"https:\/\/www.pressenza.com\/wp-content\/uploads\/2024\/06\/idehpucp.png","width":877,"height":626},{"@type":"BreadcrumbList","@id":"https:\/\/www.pressenza.com\/es\/2024\/06\/las-esterilizaciones-forzadas-son-crimenes-de-lesa-humanidad-yudith-conto\/#breadcrumb","itemListElement":[{"@type":"ListItem","position":1,"name":"Accueil","item":"https:\/\/www.pressenza.com\/es\/"},{"@type":"ListItem","position":2,"name":"Las esterilizaciones forzadas son cr\u00edmenes de lesa humanidad: Yudith Conto"}]},{"@type":"WebSite","@id":"https:\/\/www.pressenza.com\/es\/#website","url":"https:\/\/www.pressenza.com\/es\/","name":"Pressenza","description":"International Press Agency","publisher":{"@id":"https:\/\/www.pressenza.com\/es\/#organization"},"potentialAction":[{"@type":"SearchAction","target":{"@type":"EntryPoint","urlTemplate":"https:\/\/www.pressenza.com\/es\/?s={search_term_string}"},"query-input":{"@type":"PropertyValueSpecification","valueRequired":true,"valueName":"search_term_string"}}],"inLanguage":"es"},{"@type":"Organization","@id":"https:\/\/www.pressenza.com\/es\/#organization","name":"Pressenza","url":"https:\/\/www.pressenza.com\/es\/","logo":{"@type":"ImageObject","inLanguage":"es","@id":"https:\/\/www.pressenza.com\/es\/#\/schema\/logo\/image\/","url":"https:\/\/www.pressenza.com\/wp-content\/uploads\/2022\/10\/pressenza_logo_200x200.jpg","contentUrl":"https:\/\/www.pressenza.com\/wp-content\/uploads\/2022\/10\/pressenza_logo_200x200.jpg","width":200,"height":200,"caption":"Pressenza"},"image":{"@id":"https:\/\/www.pressenza.com\/es\/#\/schema\/logo\/image\/"},"sameAs":["https:\/\/www.facebook.com\/PressenzaItalia","https:\/\/x.com\/PressenzaIPA"]},{"@type":"Person","@id":"https:\/\/www.pressenza.com\/es\/#\/schema\/person\/e86c29a41185b85084a478822f5de81b","name":"Redacci\u00f3n Per\u00fa","description":"News published by the Pressenza bureau in Peru","url":"https:\/\/www.pressenza.com\/es\/author\/redaccion-peru\/"}]}},"place":"","original_article_url":"","_links":{"self":[{"href":"https:\/\/www.pressenza.com\/es\/wp-json\/wp\/v2\/posts\/2532963","targetHints":{"allow":["GET"]}}],"collection":[{"href":"https:\/\/www.pressenza.com\/es\/wp-json\/wp\/v2\/posts"}],"about":[{"href":"https:\/\/www.pressenza.com\/es\/wp-json\/wp\/v2\/types\/post"}],"author":[{"embeddable":true,"href":"https:\/\/www.pressenza.com\/es\/wp-json\/wp\/v2\/users\/831"}],"replies":[{"embeddable":true,"href":"https:\/\/www.pressenza.com\/es\/wp-json\/wp\/v2\/comments?post=2532963"}],"version-history":[{"count":0,"href":"https:\/\/www.pressenza.com\/es\/wp-json\/wp\/v2\/posts\/2532963\/revisions"}],"wp:featuredmedia":[{"embeddable":true,"href":"https:\/\/www.pressenza.com\/es\/wp-json\/wp\/v2\/media\/2532970"}],"wp:attachment":[{"href":"https:\/\/www.pressenza.com\/es\/wp-json\/wp\/v2\/media?parent=2532963"}],"wp:term":[{"taxonomy":"category","embeddable":true,"href":"https:\/\/www.pressenza.com\/es\/wp-json\/wp\/v2\/categories?post=2532963"},{"taxonomy":"post_tag","embeddable":true,"href":"https:\/\/www.pressenza.com\/es\/wp-json\/wp\/v2\/tags?post=2532963"}],"curies":[{"name":"wp","href":"https:\/\/api.w.org\/{rel}","templated":true}]}}