{"id":2532,"date":"2009-12-08T00:00:00","date_gmt":"2009-12-08T00:00:00","guid":{"rendered":""},"modified":"2009-12-09T01:08:00","modified_gmt":"2009-12-09T01:08:00","slug":"entregan-demanda-al-equipo-base-de-la-marcha-mundial-por-la-paz-y-la-no-violenciax","status":"publish","type":"post","link":"https:\/\/www.pressenza.com\/es\/2009\/12\/entregan-demanda-al-equipo-base-de-la-marcha-mundial-por-la-paz-y-la-no-violenciax\/","title":{"rendered":"Entregan  demanda al Equipo Base de la Marcha Mundial por la Paz y la No Violencia."},"content":{"rendered":"<p>Fuente: agencia de noticias Itzagual  (ANI)<\/p>\n<p>Diferentes vecinos de las comunidades de San Marcos, salieron al paso de la Marcha Mundial por la Paz y la No Violencia. Los vecinos dieron a conocer su  preocupacion al Equipo Base de la Marcha Mundial por los actos cometidos por la transnacional Union Fenosa  en el departamento de San Marcos.<br \/>\nSeg\u00fan los vecinos, ellos se mantienen molestos con la administracion de la multinacional  dado el terrible saqueo en cuanto al excesivo cobro que estos hacen sin medida, causando un enorme sufrimiento en la poblacion.<\/p>\n<p>Esta multinacional viene actuando de esta manera desde el a\u00f1o dos mil dos en todo el Altliplano de Guatemala. Ademas cuentan con el monopolio en la distribucion de la electricidad en casi todo el pais mediante sub-empresas de Deocsa y Deorsa.<\/p>\n<p>Otra de las causas por las que exigen la abolicion de esta multinacional es por el enriquecimiento desmedido mediante el cobro de una factura con datos inexistentes. Este malestar reivindicativo lo expresaron hoy alrededor de las 10 de la ma\u00f1ana en la carretera, salida de Tecun Uman. Donde los manifestantes le han entregado este mensaje al Equipo Base de la Marcha Mundial por la Paz y la no Violencia.<\/p>\n<p>Asi mismo, denunciaron el asesinato de un antiguo jefe del grupo Mr V\u00edctor G\u00e1lvez P\u00e9rez  el pasado mes de octubre por parte de los paramilitares, que segun los manifestantes es un asesinato \u00abpermitido\u00bb por quienes encabezan el poder y actuan asi de forma  continuada.<\/p>\n","protected":false},"excerpt":{"rendered":"<p>Diferentes vecinos de las comunidades de San Marcos, salieron al paso de la Marcha Mundial por la Paz y la No Violencia. Los vecinos dieron a conocer su  preocupacion al Equipo Base de la Marcha Mundial por la Paz y la No Violencia por los actos cometidos por la transnacional Union Fenosa  en el departamento de San Marcos.<\/p>\n","protected":false},"author":19,"featured_media":0,"comment_status":"closed","ping_status":"open","sticky":false,"template":"","format":"standard","meta":{"footnotes":""},"categories":[69,39,74],"tags":[],"class_list":["post-2532","post","type-post","status-publish","format-standard","hentry","category-america-central","category-internacional","category-politica-es"],"yoast_head":"<!-- This site is optimized with the Yoast SEO plugin v27.1.1 - https:\/\/yoast.com\/product\/yoast-seo-wordpress\/ -->\n<title>Entregan demanda al Equipo Base de la Marcha Mundial por la Paz y la No Violencia.<\/title>\n<meta name=\"description\" content=\"Diferentes vecinos de las comunidades de San Marcos, salieron al paso de la Marcha Mundial por la Paz y la No Violencia. Los vecinos dieron a conocer su preocupacion al Equipo Base de la Marcha Mundial por la Paz y la No Violencia por los actos cometidos por la transnacional Union Fenosa en el departamento de San Marcos.\" \/>\n<meta name=\"robots\" content=\"index, follow, max-snippet:-1, max-image-preview:large, max-video-preview:-1\" \/>\n<link rel=\"canonical\" href=\"https:\/\/www.pressenza.com\/es\/2009\/12\/entregan-demanda-al-equipo-base-de-la-marcha-mundial-por-la-paz-y-la-no-violenciax\/\" \/>\n<meta property=\"og:locale\" content=\"es_ES\" \/>\n<meta property=\"og:type\" content=\"article\" \/>\n<meta property=\"og:title\" content=\"Entregan demanda al Equipo Base de la Marcha Mundial por la Paz y la No Violencia.\" \/>\n<meta property=\"og:description\" content=\"Diferentes vecinos de las comunidades de San Marcos, salieron al paso de la Marcha Mundial por la Paz y la No Violencia. Los vecinos dieron a conocer su preocupacion al Equipo Base de la Marcha Mundial por la Paz y la No Violencia por los actos cometidos por la transnacional Union Fenosa en el departamento de San Marcos.\" \/>\n<meta property=\"og:url\" content=\"https:\/\/www.pressenza.com\/es\/2009\/12\/entregan-demanda-al-equipo-base-de-la-marcha-mundial-por-la-paz-y-la-no-violenciax\/\" \/>\n<meta property=\"og:site_name\" content=\"Pressenza\" \/>\n<meta property=\"article:publisher\" content=\"https:\/\/www.facebook.com\/PressenzaItalia\" \/>\n<meta property=\"article:author\" content=\"https:\/\/www.facebook.com\/pressenza\" \/>\n<meta property=\"article:published_time\" content=\"2009-12-08T00:00:00+00:00\" \/>\n<meta property=\"article:modified_time\" content=\"2009-12-09T01:08:00+00:00\" \/>\n<meta name=\"author\" content=\"Pressenza IPA\" \/>\n<meta name=\"twitter:card\" content=\"summary_large_image\" \/>\n<meta name=\"twitter:creator\" content=\"@PressenzaIPA\" \/>\n<meta name=\"twitter:site\" content=\"@PressenzaIPA\" \/>\n<meta name=\"twitter:label1\" content=\"Escrito por\" \/>\n\t<meta name=\"twitter:data1\" content=\"Pressenza IPA\" \/>\n\t<meta name=\"twitter:label2\" content=\"Tiempo de lectura\" \/>\n\t<meta name=\"twitter:data2\" content=\"1 minuto\" \/>\n<script type=\"application\/ld+json\" class=\"yoast-schema-graph\">{\"@context\":\"https:\/\/schema.org\",\"@graph\":[{\"@type\":\"Article\",\"@id\":\"https:\/\/www.pressenza.com\/es\/2009\/12\/entregan-demanda-al-equipo-base-de-la-marcha-mundial-por-la-paz-y-la-no-violenciax\/#article\",\"isPartOf\":{\"@id\":\"https:\/\/www.pressenza.com\/es\/2009\/12\/entregan-demanda-al-equipo-base-de-la-marcha-mundial-por-la-paz-y-la-no-violenciax\/\"},\"author\":{\"name\":\"Pressenza IPA\",\"@id\":\"https:\/\/www.pressenza.com\/es\/#\/schema\/person\/010e5d02bcf40965427a1289a4cc8d75\"},\"headline\":\"Entregan demanda al Equipo Base de la Marcha Mundial por la Paz y la No Violencia.\",\"datePublished\":\"2009-12-08T00:00:00+00:00\",\"dateModified\":\"2009-12-09T01:08:00+00:00\",\"mainEntityOfPage\":{\"@id\":\"https:\/\/www.pressenza.com\/es\/2009\/12\/entregan-demanda-al-equipo-base-de-la-marcha-mundial-por-la-paz-y-la-no-violenciax\/\"},\"wordCount\":266,\"publisher\":{\"@id\":\"https:\/\/www.pressenza.com\/es\/#organization\"},\"articleSection\":[\"Am\u00e9rica Central\",\"Internacional\",\"Pol\u00edtica\"],\"inLanguage\":\"es\"},{\"@type\":\"WebPage\",\"@id\":\"https:\/\/www.pressenza.com\/es\/2009\/12\/entregan-demanda-al-equipo-base-de-la-marcha-mundial-por-la-paz-y-la-no-violenciax\/\",\"url\":\"https:\/\/www.pressenza.com\/es\/2009\/12\/entregan-demanda-al-equipo-base-de-la-marcha-mundial-por-la-paz-y-la-no-violenciax\/\",\"name\":\"Entregan demanda al Equipo Base de la Marcha Mundial por la Paz y la No Violencia.\",\"isPartOf\":{\"@id\":\"https:\/\/www.pressenza.com\/es\/#website\"},\"datePublished\":\"2009-12-08T00:00:00+00:00\",\"dateModified\":\"2009-12-09T01:08:00+00:00\",\"description\":\"Diferentes vecinos de las comunidades de San Marcos, salieron al paso de la Marcha Mundial por la Paz y la No Violencia. Los vecinos dieron a conocer su preocupacion al Equipo Base de la Marcha Mundial por la Paz y la No Violencia por los actos cometidos por la transnacional Union Fenosa en el departamento de San Marcos.\",\"breadcrumb\":{\"@id\":\"https:\/\/www.pressenza.com\/es\/2009\/12\/entregan-demanda-al-equipo-base-de-la-marcha-mundial-por-la-paz-y-la-no-violenciax\/#breadcrumb\"},\"inLanguage\":\"es\",\"potentialAction\":[{\"@type\":\"ReadAction\",\"target\":[\"https:\/\/www.pressenza.com\/es\/2009\/12\/entregan-demanda-al-equipo-base-de-la-marcha-mundial-por-la-paz-y-la-no-violenciax\/\"]}]},{\"@type\":\"BreadcrumbList\",\"@id\":\"https:\/\/www.pressenza.com\/es\/2009\/12\/entregan-demanda-al-equipo-base-de-la-marcha-mundial-por-la-paz-y-la-no-violenciax\/#breadcrumb\",\"itemListElement\":[{\"@type\":\"ListItem\",\"position\":1,\"name\":\"Accueil\",\"item\":\"https:\/\/www.pressenza.com\/es\/\"},{\"@type\":\"ListItem\",\"position\":2,\"name\":\"Entregan demanda al Equipo Base de la Marcha Mundial por la Paz y la No Violencia.\"}]},{\"@type\":\"WebSite\",\"@id\":\"https:\/\/www.pressenza.com\/es\/#website\",\"url\":\"https:\/\/www.pressenza.com\/es\/\",\"name\":\"Pressenza\",\"description\":\"International Press Agency\",\"publisher\":{\"@id\":\"https:\/\/www.pressenza.com\/es\/#organization\"},\"potentialAction\":[{\"@type\":\"SearchAction\",\"target\":{\"@type\":\"EntryPoint\",\"urlTemplate\":\"https:\/\/www.pressenza.com\/es\/?s={search_term_string}\"},\"query-input\":{\"@type\":\"PropertyValueSpecification\",\"valueRequired\":true,\"valueName\":\"search_term_string\"}}],\"inLanguage\":\"es\"},{\"@type\":\"Organization\",\"@id\":\"https:\/\/www.pressenza.com\/es\/#organization\",\"name\":\"Pressenza\",\"url\":\"https:\/\/www.pressenza.com\/es\/\",\"logo\":{\"@type\":\"ImageObject\",\"inLanguage\":\"es\",\"@id\":\"https:\/\/www.pressenza.com\/es\/#\/schema\/logo\/image\/\",\"url\":\"https:\/\/www.pressenza.com\/wp-content\/uploads\/2022\/10\/pressenza_logo_200x200.jpg\",\"contentUrl\":\"https:\/\/www.pressenza.com\/wp-content\/uploads\/2022\/10\/pressenza_logo_200x200.jpg\",\"width\":200,\"height\":200,\"caption\":\"Pressenza\"},\"image\":{\"@id\":\"https:\/\/www.pressenza.com\/es\/#\/schema\/logo\/image\/\"},\"sameAs\":[\"https:\/\/www.facebook.com\/PressenzaItalia\",\"https:\/\/x.com\/PressenzaIPA\"]},{\"@type\":\"Person\",\"@id\":\"https:\/\/www.pressenza.com\/es\/#\/schema\/person\/010e5d02bcf40965427a1289a4cc8d75\",\"name\":\"Pressenza IPA\",\"description\":\"News from Pressenza IPA correspondents\",\"sameAs\":[\"https:\/\/www.facebook.com\/pressenza\",\"https:\/\/x.com\/PressenzaIPA\"],\"url\":\"https:\/\/www.pressenza.com\/es\/author\/pressenza-ipa\/\"}]}<\/script>\n<!-- \/ Yoast SEO plugin. -->","yoast_head_json":{"title":"Entregan demanda al Equipo Base de la Marcha Mundial por la Paz y la No Violencia.","description":"Diferentes vecinos de las comunidades de San Marcos, salieron al paso de la Marcha Mundial por la Paz y la No Violencia. Los vecinos dieron a conocer su preocupacion al Equipo Base de la Marcha Mundial por la Paz y la No Violencia por los actos cometidos por la transnacional Union Fenosa en el departamento de San Marcos.","robots":{"index":"index","follow":"follow","max-snippet":"max-snippet:-1","max-image-preview":"max-image-preview:large","max-video-preview":"max-video-preview:-1"},"canonical":"https:\/\/www.pressenza.com\/es\/2009\/12\/entregan-demanda-al-equipo-base-de-la-marcha-mundial-por-la-paz-y-la-no-violenciax\/","og_locale":"es_ES","og_type":"article","og_title":"Entregan demanda al Equipo Base de la Marcha Mundial por la Paz y la No Violencia.","og_description":"Diferentes vecinos de las comunidades de San Marcos, salieron al paso de la Marcha Mundial por la Paz y la No Violencia. Los vecinos dieron a conocer su preocupacion al Equipo Base de la Marcha Mundial por la Paz y la No Violencia por los actos cometidos por la transnacional Union Fenosa en el departamento de San Marcos.","og_url":"https:\/\/www.pressenza.com\/es\/2009\/12\/entregan-demanda-al-equipo-base-de-la-marcha-mundial-por-la-paz-y-la-no-violenciax\/","og_site_name":"Pressenza","article_publisher":"https:\/\/www.facebook.com\/PressenzaItalia","article_author":"https:\/\/www.facebook.com\/pressenza","article_published_time":"2009-12-08T00:00:00+00:00","article_modified_time":"2009-12-09T01:08:00+00:00","author":"Pressenza IPA","twitter_card":"summary_large_image","twitter_creator":"@PressenzaIPA","twitter_site":"@PressenzaIPA","twitter_misc":{"Escrito por":"Pressenza IPA","Tiempo de lectura":"1 minuto"},"schema":{"@context":"https:\/\/schema.org","@graph":[{"@type":"Article","@id":"https:\/\/www.pressenza.com\/es\/2009\/12\/entregan-demanda-al-equipo-base-de-la-marcha-mundial-por-la-paz-y-la-no-violenciax\/#article","isPartOf":{"@id":"https:\/\/www.pressenza.com\/es\/2009\/12\/entregan-demanda-al-equipo-base-de-la-marcha-mundial-por-la-paz-y-la-no-violenciax\/"},"author":{"name":"Pressenza IPA","@id":"https:\/\/www.pressenza.com\/es\/#\/schema\/person\/010e5d02bcf40965427a1289a4cc8d75"},"headline":"Entregan demanda al Equipo Base de la Marcha Mundial por la Paz y la No Violencia.","datePublished":"2009-12-08T00:00:00+00:00","dateModified":"2009-12-09T01:08:00+00:00","mainEntityOfPage":{"@id":"https:\/\/www.pressenza.com\/es\/2009\/12\/entregan-demanda-al-equipo-base-de-la-marcha-mundial-por-la-paz-y-la-no-violenciax\/"},"wordCount":266,"publisher":{"@id":"https:\/\/www.pressenza.com\/es\/#organization"},"articleSection":["Am\u00e9rica Central","Internacional","Pol\u00edtica"],"inLanguage":"es"},{"@type":"WebPage","@id":"https:\/\/www.pressenza.com\/es\/2009\/12\/entregan-demanda-al-equipo-base-de-la-marcha-mundial-por-la-paz-y-la-no-violenciax\/","url":"https:\/\/www.pressenza.com\/es\/2009\/12\/entregan-demanda-al-equipo-base-de-la-marcha-mundial-por-la-paz-y-la-no-violenciax\/","name":"Entregan demanda al Equipo Base de la Marcha Mundial por la Paz y la No Violencia.","isPartOf":{"@id":"https:\/\/www.pressenza.com\/es\/#website"},"datePublished":"2009-12-08T00:00:00+00:00","dateModified":"2009-12-09T01:08:00+00:00","description":"Diferentes vecinos de las comunidades de San Marcos, salieron al paso de la Marcha Mundial por la Paz y la No Violencia. Los vecinos dieron a conocer su preocupacion al Equipo Base de la Marcha Mundial por la Paz y la No Violencia por los actos cometidos por la transnacional Union Fenosa en el departamento de San Marcos.","breadcrumb":{"@id":"https:\/\/www.pressenza.com\/es\/2009\/12\/entregan-demanda-al-equipo-base-de-la-marcha-mundial-por-la-paz-y-la-no-violenciax\/#breadcrumb"},"inLanguage":"es","potentialAction":[{"@type":"ReadAction","target":["https:\/\/www.pressenza.com\/es\/2009\/12\/entregan-demanda-al-equipo-base-de-la-marcha-mundial-por-la-paz-y-la-no-violenciax\/"]}]},{"@type":"BreadcrumbList","@id":"https:\/\/www.pressenza.com\/es\/2009\/12\/entregan-demanda-al-equipo-base-de-la-marcha-mundial-por-la-paz-y-la-no-violenciax\/#breadcrumb","itemListElement":[{"@type":"ListItem","position":1,"name":"Accueil","item":"https:\/\/www.pressenza.com\/es\/"},{"@type":"ListItem","position":2,"name":"Entregan demanda al Equipo Base de la Marcha Mundial por la Paz y la No Violencia."}]},{"@type":"WebSite","@id":"https:\/\/www.pressenza.com\/es\/#website","url":"https:\/\/www.pressenza.com\/es\/","name":"Pressenza","description":"International Press Agency","publisher":{"@id":"https:\/\/www.pressenza.com\/es\/#organization"},"potentialAction":[{"@type":"SearchAction","target":{"@type":"EntryPoint","urlTemplate":"https:\/\/www.pressenza.com\/es\/?s={search_term_string}"},"query-input":{"@type":"PropertyValueSpecification","valueRequired":true,"valueName":"search_term_string"}}],"inLanguage":"es"},{"@type":"Organization","@id":"https:\/\/www.pressenza.com\/es\/#organization","name":"Pressenza","url":"https:\/\/www.pressenza.com\/es\/","logo":{"@type":"ImageObject","inLanguage":"es","@id":"https:\/\/www.pressenza.com\/es\/#\/schema\/logo\/image\/","url":"https:\/\/www.pressenza.com\/wp-content\/uploads\/2022\/10\/pressenza_logo_200x200.jpg","contentUrl":"https:\/\/www.pressenza.com\/wp-content\/uploads\/2022\/10\/pressenza_logo_200x200.jpg","width":200,"height":200,"caption":"Pressenza"},"image":{"@id":"https:\/\/www.pressenza.com\/es\/#\/schema\/logo\/image\/"},"sameAs":["https:\/\/www.facebook.com\/PressenzaItalia","https:\/\/x.com\/PressenzaIPA"]},{"@type":"Person","@id":"https:\/\/www.pressenza.com\/es\/#\/schema\/person\/010e5d02bcf40965427a1289a4cc8d75","name":"Pressenza IPA","description":"News from Pressenza IPA correspondents","sameAs":["https:\/\/www.facebook.com\/pressenza","https:\/\/x.com\/PressenzaIPA"],"url":"https:\/\/www.pressenza.com\/es\/author\/pressenza-ipa\/"}]}},"place":"Guatemala City","original_article_url":"","_links":{"self":[{"href":"https:\/\/www.pressenza.com\/es\/wp-json\/wp\/v2\/posts\/2532","targetHints":{"allow":["GET"]}}],"collection":[{"href":"https:\/\/www.pressenza.com\/es\/wp-json\/wp\/v2\/posts"}],"about":[{"href":"https:\/\/www.pressenza.com\/es\/wp-json\/wp\/v2\/types\/post"}],"author":[{"embeddable":true,"href":"https:\/\/www.pressenza.com\/es\/wp-json\/wp\/v2\/users\/19"}],"replies":[{"embeddable":true,"href":"https:\/\/www.pressenza.com\/es\/wp-json\/wp\/v2\/comments?post=2532"}],"version-history":[{"count":0,"href":"https:\/\/www.pressenza.com\/es\/wp-json\/wp\/v2\/posts\/2532\/revisions"}],"wp:attachment":[{"href":"https:\/\/www.pressenza.com\/es\/wp-json\/wp\/v2\/media?parent=2532"}],"wp:term":[{"taxonomy":"category","embeddable":true,"href":"https:\/\/www.pressenza.com\/es\/wp-json\/wp\/v2\/categories?post=2532"},{"taxonomy":"post_tag","embeddable":true,"href":"https:\/\/www.pressenza.com\/es\/wp-json\/wp\/v2\/tags?post=2532"}],"curies":[{"name":"wp","href":"https:\/\/api.w.org\/{rel}","templated":true}]}}