{"id":2531988,"date":"2024-06-22T04:26:55","date_gmt":"2024-06-22T03:26:55","guid":{"rendered":"https:\/\/www.pressenza.com\/?p=2531988"},"modified":"2024-06-22T04:26:55","modified_gmt":"2024-06-22T03:26:55","slug":"medios-en-peru-menos-ingresos-mas-acoso","status":"publish","type":"post","link":"https:\/\/www.pressenza.com\/es\/2024\/06\/medios-en-peru-menos-ingresos-mas-acoso\/","title":{"rendered":"Medios en Per\u00fa: menos ingresos, m\u00e1s acoso"},"content":{"rendered":"<p><strong>Compartimos los principales hallazgos del reporte 2024 del Instituto Reuters sobre la situaci\u00f3n de los medios de comunicaci\u00f3n en Per\u00fa.<\/strong><\/p>\n<p>Los principales medios peruanos se han visto gravemente afectados por la recesi\u00f3n econ\u00f3mica y sus ingresos publicitarios se han derrumbado provocando despidos y recortes de gastos.<\/p>\n<p>No obstante, el consumo de noticias se ha mantenido en un a\u00f1o marcado por las violentas protestas y revelaciones sobre el uso del sistema judicial como un arma contra periodistas, cada vez m\u00e1s acosados.<\/p>\n<p>Este es el panorama que recoge sobre la situaci\u00f3n de los medios de comunicaci\u00f3n en Per\u00fa el\u00a0<strong><a href=\"https:\/\/reutersinstitute.politics.ox.ac.uk\/es\/digital-news-report\/2024\/peru\" target=\"_blank\" rel=\"noopener\">Digital News Report 2024<\/a><\/strong>, elaborado por el Instituto Reuters para el Periodismo y publicado el 17 de junio.<\/p>\n<h3><strong>Medios en ca\u00edda<\/strong><\/h3>\n<p>Seg\u00fan este reporte, los dos mayores grupos period\u00edsticos, El Comercio y La Rep\u00fablica reportaron en 2023 ca\u00eddas en sus ingresos publicitarios.<\/p>\n<p>El Comercio experiment\u00f3 un retroceso del 16,7% y p\u00e9rdidas globales por m\u00e1s de 19 millones de d\u00f3lares, y despidi\u00f3 a unos 150 trabajadores.<\/p>\n<p>Mientras que el Grupo La Rep\u00fablica cerr\u00f3 varias oficinas regionales y ech\u00f3 a unas 200 personas a finales de a\u00f1o.<\/p>\n<h3><strong>M\u00e1s acoso a periodistas<\/strong><\/h3>\n<p>Al mismo tiempo, la prensa sufre un acoso judicial que viene creciendo a\u00f1o tras a\u00f1o.<\/p>\n<p>El reporte menciona las conexiones entre la Fiscal\u00eda General de Patricia Benavides y organizaciones pol\u00edticas y religiosas para perseguir a la periodista Paola Ugaz por investigar abusos del grupo cat\u00f3lico Sodalicio.<\/p>\n<p>As\u00ed como la vigilancia policial contra Juan Carlos Tafur, del sitio de investigaci\u00f3n Sudaca.pe, y C\u00e9sar Romero de La Rep\u00fablica, quienes supuestamente hab\u00edan investigado los antecedentes educativos de la fiscal Benavides.<\/p>\n<p>\u201cEn t\u00e9rminos m\u00e1s generales, la prensa ha se\u00f1alado un aumento de las agresiones por parte de funcionarios locales y nacionales y sus oficinas, e incluso se han registrado casos de ataques mediante cuentas oficiales en las redes sociales, buscando desacreditar informes\u201d, indica el reporte.<\/p>\n<h3><strong>Audiencia y redes sociales<\/strong><\/h3>\n<p>En 2024, algo m\u00e1s de la mitad de los encuestados (53%) se declaran muy o extremadamente interesados en las noticias: es una merma de 6 puntos con respecto a 2023, y de 8 puntos en comparaci\u00f3n con 2022.<\/p>\n<p>Se verifica una ca\u00edda general en el uso de las redes sociales para informarse. Facebook registra la mayor disminuci\u00f3n (-13%), dado que su empresa matriz, Meta, ha decidido alejarse de la promoci\u00f3n de contenidos period\u00edsticos.<\/p>\n<p>Per\u00fa se mantiene entre los cinco pa\u00edses que m\u00e1s utilizan TikTok para todos los fines (47%) y para consumir noticias (27%).<\/p>\n<p>De acuerdo con Reuters, los peruanos consumen m\u00e1s videos de corta y larga duraci\u00f3n que la mayor\u00eda de los dem\u00e1s pa\u00edses.<\/p>\n<p>El 95% de los encuestados dicen que ven videos para informarse: el 85% de ellos consumen al menos uno por semana en formato breve, mientras que un 39% lo hacen todos los d\u00edas.<\/p>\n<div class=\"media_embed\"><iframe loading=\"lazy\" id=\"datawrapper-chart-ITpKW\" title=\"Alcance semanal \u2013 offline\" src=\"https:\/\/datawrapper.dwcdn.net\/ITpKW\/3\/\" width=\"\" height=\"669px\" frameborder=\"0\" scrolling=\"no\" aria-label=\"Barras divididas\" data-external=\"1\" data-mce-fragment=\"1\"><\/iframe><\/div>\n<h3><\/h3>\n<div class=\"media_embed\"><iframe loading=\"lazy\" id=\"datawrapper-chart-VL7G5\" title=\"Alcance semanal - online \" src=\"https:\/\/datawrapper.dwcdn.net\/VL7G5\/2\/\" width=\"\" height=\"726px\" frameborder=\"0\" scrolling=\"no\" aria-label=\"Barras divididas\" data-external=\"1\" data-mce-fragment=\"1\"><\/iframe><\/div>\n<h3><strong>Medios cambiantes<\/strong><\/h3>\n<p>La prensa escrita y la televisi\u00f3n han experimentado una leve recuperaci\u00f3n como fuentes de noticias, pero el uso de las opciones online se ha mantenido estancado.<\/p>\n<div class=\"media_embed\"><iframe loading=\"lazy\" id=\"datawrapper-chart-jhYT0\" title=\"Fuentes de noticias\" src=\"https:\/\/datawrapper.dwcdn.net\/jhYT0\/5\/\" width=\"\" height=\"561px\" frameborder=\"0\" scrolling=\"no\" aria-label=\"Interactive line chart\" data-external=\"1\" data-mce-fragment=\"1\"><\/iframe><\/div>\n<p>&nbsp;<\/p>\n<div class=\"media_embed\"><iframe loading=\"lazy\" id=\"datawrapper-chart-zqJB9\" title=\"Confianza en las noticias en general\" src=\"https:\/\/datawrapper.dwcdn.net\/zqJB9\/2\/\" width=\"\" height=\"487px\" frameborder=\"0\" scrolling=\"no\" aria-label=\"Interactive line chart\" data-external=\"1\" data-mce-fragment=\"1\"><\/iframe><\/div>\n<p>&nbsp;<\/p>\n<p>La proporci\u00f3n de quienes conf\u00edan en la mayor\u00eda de las noticias la mayor parte del tiempo est\u00e1 en 35%: sigue siendo baja, tanto para los est\u00e1ndares globales como regionales. Muchos peruanos consideran que los medios no son suficientemente independientes de los poderosos intereses empresariales y pol\u00edticos.<\/p>\n<p>Sin embargo, m\u00e1s del 50% de nuestros encuestados conf\u00eda en algunas marcas tradicionales, como RPP Noticias (la mayor cadena de radiodifusi\u00f3n) y\u00a0<em>El Peruano<\/em>\u00a0(el peri\u00f3dico que fund\u00f3 Sim\u00f3n Bol\u00edvar en 1825).<\/p>\n<div class=\"media_embed\"><iframe loading=\"lazy\" id=\"datawrapper-chart-PB6dJ\" title=\"Puntuaci\u00f3n de confianza de cada medio\" src=\"https:\/\/datawrapper.dwcdn.net\/PB6dJ\/3\/\" width=\"\" height=\"1230px\" frameborder=\"0\" scrolling=\"no\" aria-label=\"Tabla\" data-external=\"1\" data-mce-fragment=\"1\"><\/iframe><\/div>\n<p>&nbsp;<\/p>\n<div class=\"media_embed\"><iframe loading=\"lazy\" id=\"datawrapper-chart-Fw5LB\" title=\"Principales redes sociales, de mensajer\u00eda y de video\" src=\"https:\/\/datawrapper.dwcdn.net\/Fw5LB\/3\/\" width=\"\" height=\"526px\" frameborder=\"0\" scrolling=\"no\" aria-label=\"Tabla\" data-external=\"1\" data-mce-fragment=\"1\"><\/iframe><\/div>\n<p>&nbsp;<\/p>\n","protected":false},"excerpt":{"rendered":"<p>Compartimos los principales hallazgos del reporte 2024 del Instituto Reuters sobre la situaci\u00f3n de los medios de comunicaci\u00f3n en Per\u00fa. Los principales medios peruanos se han visto gravemente afectados por la recesi\u00f3n econ\u00f3mica y sus ingresos publicitarios se han derrumbado&hellip;<\/p>\n","protected":false},"author":1256,"featured_media":2531991,"comment_status":"closed","ping_status":"closed","sticky":false,"template":"","format":"standard","meta":{"footnotes":""},"categories":[75,106739,67],"tags":[94890,124004,523,124006,3117,124005],"class_list":["post-2531988","post","type-post","status-publish","format-standard","has-post-thumbnail","hentry","category-cultura-es","category-noticia","category-sudamerica","tag-el-comercio","tag-la-republica","tag-medios-de-comunicacion","tag-recesion-economica","tag-redes-sociales","tag-rpp"],"yoast_head":"<!-- This site is optimized with the Yoast SEO plugin v27.1.1 - https:\/\/yoast.com\/product\/yoast-seo-wordpress\/ -->\n<title>Medios en Per\u00fa: menos ingresos, m\u00e1s acoso<\/title>\n<meta name=\"description\" content=\"Compartimos los principales hallazgos del reporte 2024 del Instituto Reuters sobre la situaci\u00f3n de los medios de comunicaci\u00f3n en Per\u00fa. Los principales\" \/>\n<meta name=\"robots\" content=\"index, follow, max-snippet:-1, max-image-preview:large, max-video-preview:-1\" \/>\n<link rel=\"canonical\" href=\"https:\/\/www.pressenza.com\/es\/2024\/06\/medios-en-peru-menos-ingresos-mas-acoso\/\" \/>\n<meta property=\"og:locale\" content=\"es_ES\" \/>\n<meta property=\"og:type\" content=\"article\" \/>\n<meta property=\"og:title\" content=\"Medios en Per\u00fa: menos ingresos, m\u00e1s acoso\" \/>\n<meta property=\"og:description\" content=\"Compartimos los principales hallazgos del reporte 2024 del Instituto Reuters sobre la situaci\u00f3n de los medios de comunicaci\u00f3n en Per\u00fa. Los principales\" \/>\n<meta property=\"og:url\" content=\"https:\/\/www.pressenza.com\/es\/2024\/06\/medios-en-peru-menos-ingresos-mas-acoso\/\" \/>\n<meta property=\"og:site_name\" content=\"Pressenza\" \/>\n<meta property=\"article:publisher\" content=\"https:\/\/www.facebook.com\/PressenzaItalia\" \/>\n<meta property=\"article:author\" content=\"https:\/\/www.facebook.com\/servindinoticias\/?fref=ts\" \/>\n<meta property=\"article:published_time\" content=\"2024-06-22T03:26:55+00:00\" \/>\n<meta property=\"og:image\" content=\"https:\/\/www.pressenza.com\/wp-content\/uploads\/2024\/06\/mmc-terje-sollier.webp\" \/>\n\t<meta property=\"og:image:width\" content=\"1125\" \/>\n\t<meta property=\"og:image:height\" content=\"750\" \/>\n\t<meta property=\"og:image:type\" content=\"image\/webp\" \/>\n<meta name=\"author\" content=\"SERVINDI\" \/>\n<meta name=\"twitter:card\" content=\"summary_large_image\" \/>\n<meta name=\"twitter:creator\" content=\"@servindi\" \/>\n<meta name=\"twitter:site\" content=\"@PressenzaIPA\" \/>\n<meta name=\"twitter:label1\" content=\"Escrito por\" \/>\n\t<meta name=\"twitter:data1\" content=\"SERVINDI\" \/>\n\t<meta name=\"twitter:label2\" content=\"Tiempo de lectura\" \/>\n\t<meta name=\"twitter:data2\" content=\"3 minutos\" \/>\n<script type=\"application\/ld+json\" class=\"yoast-schema-graph\">{\"@context\":\"https:\/\/schema.org\",\"@graph\":[{\"@type\":\"Article\",\"@id\":\"https:\/\/www.pressenza.com\/es\/2024\/06\/medios-en-peru-menos-ingresos-mas-acoso\/#article\",\"isPartOf\":{\"@id\":\"https:\/\/www.pressenza.com\/es\/2024\/06\/medios-en-peru-menos-ingresos-mas-acoso\/\"},\"author\":{\"name\":\"SERVINDI\",\"@id\":\"https:\/\/www.pressenza.com\/es\/#\/schema\/person\/6f7bffaf2962fc89e55e93589c50d908\"},\"headline\":\"Medios en Per\u00fa: menos ingresos, m\u00e1s acoso\",\"datePublished\":\"2024-06-22T03:26:55+00:00\",\"mainEntityOfPage\":{\"@id\":\"https:\/\/www.pressenza.com\/es\/2024\/06\/medios-en-peru-menos-ingresos-mas-acoso\/\"},\"wordCount\":614,\"publisher\":{\"@id\":\"https:\/\/www.pressenza.com\/es\/#organization\"},\"image\":{\"@id\":\"https:\/\/www.pressenza.com\/es\/2024\/06\/medios-en-peru-menos-ingresos-mas-acoso\/#primaryimage\"},\"thumbnailUrl\":\"https:\/\/www.pressenza.com\/wp-content\/uploads\/2024\/06\/mmc-terje-sollier.webp\",\"keywords\":[\"El Comercio\",\"La Rep\u00fablica\",\"medios de comunicaci\u00f3n\",\"recesi\u00f3n econ\u00f3mica\",\"redes sociales\",\"RPP\"],\"articleSection\":[\"Cultura y Medios\",\"Noticia\",\"Sudam\u00e9rica\"],\"inLanguage\":\"es\"},{\"@type\":\"WebPage\",\"@id\":\"https:\/\/www.pressenza.com\/es\/2024\/06\/medios-en-peru-menos-ingresos-mas-acoso\/\",\"url\":\"https:\/\/www.pressenza.com\/es\/2024\/06\/medios-en-peru-menos-ingresos-mas-acoso\/\",\"name\":\"Medios en Per\u00fa: menos ingresos, m\u00e1s acoso\",\"isPartOf\":{\"@id\":\"https:\/\/www.pressenza.com\/es\/#website\"},\"primaryImageOfPage\":{\"@id\":\"https:\/\/www.pressenza.com\/es\/2024\/06\/medios-en-peru-menos-ingresos-mas-acoso\/#primaryimage\"},\"image\":{\"@id\":\"https:\/\/www.pressenza.com\/es\/2024\/06\/medios-en-peru-menos-ingresos-mas-acoso\/#primaryimage\"},\"thumbnailUrl\":\"https:\/\/www.pressenza.com\/wp-content\/uploads\/2024\/06\/mmc-terje-sollier.webp\",\"datePublished\":\"2024-06-22T03:26:55+00:00\",\"description\":\"Compartimos los principales hallazgos del reporte 2024 del Instituto Reuters sobre la situaci\u00f3n de los medios de comunicaci\u00f3n en Per\u00fa. Los principales\",\"breadcrumb\":{\"@id\":\"https:\/\/www.pressenza.com\/es\/2024\/06\/medios-en-peru-menos-ingresos-mas-acoso\/#breadcrumb\"},\"inLanguage\":\"es\",\"potentialAction\":[{\"@type\":\"ReadAction\",\"target\":[\"https:\/\/www.pressenza.com\/es\/2024\/06\/medios-en-peru-menos-ingresos-mas-acoso\/\"]}]},{\"@type\":\"ImageObject\",\"inLanguage\":\"es\",\"@id\":\"https:\/\/www.pressenza.com\/es\/2024\/06\/medios-en-peru-menos-ingresos-mas-acoso\/#primaryimage\",\"url\":\"https:\/\/www.pressenza.com\/wp-content\/uploads\/2024\/06\/mmc-terje-sollier.webp\",\"contentUrl\":\"https:\/\/www.pressenza.com\/wp-content\/uploads\/2024\/06\/mmc-terje-sollier.webp\",\"width\":1125,\"height\":750},{\"@type\":\"BreadcrumbList\",\"@id\":\"https:\/\/www.pressenza.com\/es\/2024\/06\/medios-en-peru-menos-ingresos-mas-acoso\/#breadcrumb\",\"itemListElement\":[{\"@type\":\"ListItem\",\"position\":1,\"name\":\"Accueil\",\"item\":\"https:\/\/www.pressenza.com\/es\/\"},{\"@type\":\"ListItem\",\"position\":2,\"name\":\"Medios en Per\u00fa: menos ingresos, m\u00e1s acoso\"}]},{\"@type\":\"WebSite\",\"@id\":\"https:\/\/www.pressenza.com\/es\/#website\",\"url\":\"https:\/\/www.pressenza.com\/es\/\",\"name\":\"Pressenza\",\"description\":\"International Press Agency\",\"publisher\":{\"@id\":\"https:\/\/www.pressenza.com\/es\/#organization\"},\"potentialAction\":[{\"@type\":\"SearchAction\",\"target\":{\"@type\":\"EntryPoint\",\"urlTemplate\":\"https:\/\/www.pressenza.com\/es\/?s={search_term_string}\"},\"query-input\":{\"@type\":\"PropertyValueSpecification\",\"valueRequired\":true,\"valueName\":\"search_term_string\"}}],\"inLanguage\":\"es\"},{\"@type\":\"Organization\",\"@id\":\"https:\/\/www.pressenza.com\/es\/#organization\",\"name\":\"Pressenza\",\"url\":\"https:\/\/www.pressenza.com\/es\/\",\"logo\":{\"@type\":\"ImageObject\",\"inLanguage\":\"es\",\"@id\":\"https:\/\/www.pressenza.com\/es\/#\/schema\/logo\/image\/\",\"url\":\"https:\/\/www.pressenza.com\/wp-content\/uploads\/2022\/10\/pressenza_logo_200x200.jpg\",\"contentUrl\":\"https:\/\/www.pressenza.com\/wp-content\/uploads\/2022\/10\/pressenza_logo_200x200.jpg\",\"width\":200,\"height\":200,\"caption\":\"Pressenza\"},\"image\":{\"@id\":\"https:\/\/www.pressenza.com\/es\/#\/schema\/logo\/image\/\"},\"sameAs\":[\"https:\/\/www.facebook.com\/PressenzaItalia\",\"https:\/\/x.com\/PressenzaIPA\"]},{\"@type\":\"Person\",\"@id\":\"https:\/\/www.pressenza.com\/es\/#\/schema\/person\/6f7bffaf2962fc89e55e93589c50d908\",\"name\":\"SERVINDI\",\"description\":\"Conscientes de nuestro rol de apoyo y acompa\u00f1amiento operamos como una agencia de noticias y elaboramos notas informativas, informes especiales, entrevistas y producciones de audio y v\u00eddeo, relacionadas al acontecer ind\u00edgena y ambiental nacional y mundial. www.servindi.org\",\"sameAs\":[\"https:\/\/www.facebook.com\/servindinoticias\/?fref=ts\",\"https:\/\/x.com\/servindi\"],\"url\":\"https:\/\/www.pressenza.com\/es\/author\/servindi\/\"}]}<\/script>\n<!-- \/ Yoast SEO plugin. -->","yoast_head_json":{"title":"Medios en Per\u00fa: menos ingresos, m\u00e1s acoso","description":"Compartimos los principales hallazgos del reporte 2024 del Instituto Reuters sobre la situaci\u00f3n de los medios de comunicaci\u00f3n en Per\u00fa. Los principales","robots":{"index":"index","follow":"follow","max-snippet":"max-snippet:-1","max-image-preview":"max-image-preview:large","max-video-preview":"max-video-preview:-1"},"canonical":"https:\/\/www.pressenza.com\/es\/2024\/06\/medios-en-peru-menos-ingresos-mas-acoso\/","og_locale":"es_ES","og_type":"article","og_title":"Medios en Per\u00fa: menos ingresos, m\u00e1s acoso","og_description":"Compartimos los principales hallazgos del reporte 2024 del Instituto Reuters sobre la situaci\u00f3n de los medios de comunicaci\u00f3n en Per\u00fa. Los principales","og_url":"https:\/\/www.pressenza.com\/es\/2024\/06\/medios-en-peru-menos-ingresos-mas-acoso\/","og_site_name":"Pressenza","article_publisher":"https:\/\/www.facebook.com\/PressenzaItalia","article_author":"https:\/\/www.facebook.com\/servindinoticias\/?fref=ts","article_published_time":"2024-06-22T03:26:55+00:00","og_image":[{"width":1125,"height":750,"url":"https:\/\/www.pressenza.com\/wp-content\/uploads\/2024\/06\/mmc-terje-sollier.webp","type":"image\/webp"}],"author":"SERVINDI","twitter_card":"summary_large_image","twitter_creator":"@servindi","twitter_site":"@PressenzaIPA","twitter_misc":{"Escrito por":"SERVINDI","Tiempo de lectura":"3 minutos"},"schema":{"@context":"https:\/\/schema.org","@graph":[{"@type":"Article","@id":"https:\/\/www.pressenza.com\/es\/2024\/06\/medios-en-peru-menos-ingresos-mas-acoso\/#article","isPartOf":{"@id":"https:\/\/www.pressenza.com\/es\/2024\/06\/medios-en-peru-menos-ingresos-mas-acoso\/"},"author":{"name":"SERVINDI","@id":"https:\/\/www.pressenza.com\/es\/#\/schema\/person\/6f7bffaf2962fc89e55e93589c50d908"},"headline":"Medios en Per\u00fa: menos ingresos, m\u00e1s acoso","datePublished":"2024-06-22T03:26:55+00:00","mainEntityOfPage":{"@id":"https:\/\/www.pressenza.com\/es\/2024\/06\/medios-en-peru-menos-ingresos-mas-acoso\/"},"wordCount":614,"publisher":{"@id":"https:\/\/www.pressenza.com\/es\/#organization"},"image":{"@id":"https:\/\/www.pressenza.com\/es\/2024\/06\/medios-en-peru-menos-ingresos-mas-acoso\/#primaryimage"},"thumbnailUrl":"https:\/\/www.pressenza.com\/wp-content\/uploads\/2024\/06\/mmc-terje-sollier.webp","keywords":["El Comercio","La Rep\u00fablica","medios de comunicaci\u00f3n","recesi\u00f3n econ\u00f3mica","redes sociales","RPP"],"articleSection":["Cultura y Medios","Noticia","Sudam\u00e9rica"],"inLanguage":"es"},{"@type":"WebPage","@id":"https:\/\/www.pressenza.com\/es\/2024\/06\/medios-en-peru-menos-ingresos-mas-acoso\/","url":"https:\/\/www.pressenza.com\/es\/2024\/06\/medios-en-peru-menos-ingresos-mas-acoso\/","name":"Medios en Per\u00fa: menos ingresos, m\u00e1s acoso","isPartOf":{"@id":"https:\/\/www.pressenza.com\/es\/#website"},"primaryImageOfPage":{"@id":"https:\/\/www.pressenza.com\/es\/2024\/06\/medios-en-peru-menos-ingresos-mas-acoso\/#primaryimage"},"image":{"@id":"https:\/\/www.pressenza.com\/es\/2024\/06\/medios-en-peru-menos-ingresos-mas-acoso\/#primaryimage"},"thumbnailUrl":"https:\/\/www.pressenza.com\/wp-content\/uploads\/2024\/06\/mmc-terje-sollier.webp","datePublished":"2024-06-22T03:26:55+00:00","description":"Compartimos los principales hallazgos del reporte 2024 del Instituto Reuters sobre la situaci\u00f3n de los medios de comunicaci\u00f3n en Per\u00fa. Los principales","breadcrumb":{"@id":"https:\/\/www.pressenza.com\/es\/2024\/06\/medios-en-peru-menos-ingresos-mas-acoso\/#breadcrumb"},"inLanguage":"es","potentialAction":[{"@type":"ReadAction","target":["https:\/\/www.pressenza.com\/es\/2024\/06\/medios-en-peru-menos-ingresos-mas-acoso\/"]}]},{"@type":"ImageObject","inLanguage":"es","@id":"https:\/\/www.pressenza.com\/es\/2024\/06\/medios-en-peru-menos-ingresos-mas-acoso\/#primaryimage","url":"https:\/\/www.pressenza.com\/wp-content\/uploads\/2024\/06\/mmc-terje-sollier.webp","contentUrl":"https:\/\/www.pressenza.com\/wp-content\/uploads\/2024\/06\/mmc-terje-sollier.webp","width":1125,"height":750},{"@type":"BreadcrumbList","@id":"https:\/\/www.pressenza.com\/es\/2024\/06\/medios-en-peru-menos-ingresos-mas-acoso\/#breadcrumb","itemListElement":[{"@type":"ListItem","position":1,"name":"Accueil","item":"https:\/\/www.pressenza.com\/es\/"},{"@type":"ListItem","position":2,"name":"Medios en Per\u00fa: menos ingresos, m\u00e1s acoso"}]},{"@type":"WebSite","@id":"https:\/\/www.pressenza.com\/es\/#website","url":"https:\/\/www.pressenza.com\/es\/","name":"Pressenza","description":"International Press Agency","publisher":{"@id":"https:\/\/www.pressenza.com\/es\/#organization"},"potentialAction":[{"@type":"SearchAction","target":{"@type":"EntryPoint","urlTemplate":"https:\/\/www.pressenza.com\/es\/?s={search_term_string}"},"query-input":{"@type":"PropertyValueSpecification","valueRequired":true,"valueName":"search_term_string"}}],"inLanguage":"es"},{"@type":"Organization","@id":"https:\/\/www.pressenza.com\/es\/#organization","name":"Pressenza","url":"https:\/\/www.pressenza.com\/es\/","logo":{"@type":"ImageObject","inLanguage":"es","@id":"https:\/\/www.pressenza.com\/es\/#\/schema\/logo\/image\/","url":"https:\/\/www.pressenza.com\/wp-content\/uploads\/2022\/10\/pressenza_logo_200x200.jpg","contentUrl":"https:\/\/www.pressenza.com\/wp-content\/uploads\/2022\/10\/pressenza_logo_200x200.jpg","width":200,"height":200,"caption":"Pressenza"},"image":{"@id":"https:\/\/www.pressenza.com\/es\/#\/schema\/logo\/image\/"},"sameAs":["https:\/\/www.facebook.com\/PressenzaItalia","https:\/\/x.com\/PressenzaIPA"]},{"@type":"Person","@id":"https:\/\/www.pressenza.com\/es\/#\/schema\/person\/6f7bffaf2962fc89e55e93589c50d908","name":"SERVINDI","description":"Conscientes de nuestro rol de apoyo y acompa\u00f1amiento operamos como una agencia de noticias y elaboramos notas informativas, informes especiales, entrevistas y producciones de audio y v\u00eddeo, relacionadas al acontecer ind\u00edgena y ambiental nacional y mundial. www.servindi.org","sameAs":["https:\/\/www.facebook.com\/servindinoticias\/?fref=ts","https:\/\/x.com\/servindi"],"url":"https:\/\/www.pressenza.com\/es\/author\/servindi\/"}]}},"place":"","original_article_url":"","_links":{"self":[{"href":"https:\/\/www.pressenza.com\/es\/wp-json\/wp\/v2\/posts\/2531988","targetHints":{"allow":["GET"]}}],"collection":[{"href":"https:\/\/www.pressenza.com\/es\/wp-json\/wp\/v2\/posts"}],"about":[{"href":"https:\/\/www.pressenza.com\/es\/wp-json\/wp\/v2\/types\/post"}],"author":[{"embeddable":true,"href":"https:\/\/www.pressenza.com\/es\/wp-json\/wp\/v2\/users\/1256"}],"replies":[{"embeddable":true,"href":"https:\/\/www.pressenza.com\/es\/wp-json\/wp\/v2\/comments?post=2531988"}],"version-history":[{"count":0,"href":"https:\/\/www.pressenza.com\/es\/wp-json\/wp\/v2\/posts\/2531988\/revisions"}],"wp:featuredmedia":[{"embeddable":true,"href":"https:\/\/www.pressenza.com\/es\/wp-json\/wp\/v2\/media\/2531991"}],"wp:attachment":[{"href":"https:\/\/www.pressenza.com\/es\/wp-json\/wp\/v2\/media?parent=2531988"}],"wp:term":[{"taxonomy":"category","embeddable":true,"href":"https:\/\/www.pressenza.com\/es\/wp-json\/wp\/v2\/categories?post=2531988"},{"taxonomy":"post_tag","embeddable":true,"href":"https:\/\/www.pressenza.com\/es\/wp-json\/wp\/v2\/tags?post=2531988"}],"curies":[{"name":"wp","href":"https:\/\/api.w.org\/{rel}","templated":true}]}}