{"id":2531612,"date":"2024-06-21T02:53:20","date_gmt":"2024-06-21T01:53:20","guid":{"rendered":"https:\/\/www.pressenza.com\/?p=2531612"},"modified":"2024-06-20T02:54:02","modified_gmt":"2024-06-20T01:54:02","slug":"camilo-cabrera-en-el-corazon-de-colombia","status":"publish","type":"post","link":"https:\/\/www.pressenza.com\/es\/2024\/06\/camilo-cabrera-en-el-corazon-de-colombia\/","title":{"rendered":"Camilo Cabrera, en el coraz\u00f3n de Colombia"},"content":{"rendered":"<p><span style=\"color: #808080;\"><em>18 de junio 2024, el Espectador<\/em><\/span><\/p>\n<p class=\"p2\">Colombia est\u00e1 pasando por un momento cr\u00edtico en los sistemas de salud. Una competencia est\u00e9ril entre lo p\u00fablico y lo privado, en la que muchos parecen haber olvidado que lo principal no es qui\u00e9n tiene la raz\u00f3n, sino qui\u00e9n es capaz de cuidar mejor la dignidad y la vida del paciente. Queda claro con esta carrera de acusaciones de corrupci\u00f3n, ineficiencia y cartas bajo la mesa, que la agresividad es un desgaste innecesario, que le quita tiempo a la acci\u00f3n y rompe la paciencia de las relaciones humanas; solo las alianzas y la corresponsabilidad ayudan a tejer mejores sociedades con desarrollos m\u00e1s arm\u00f3nicos y menos excluyentes. En fin\u2026 esta columna no es para hablar de sistemas de salud, sino para honrar la vida y dar gracias por un m\u00e9dico y una instituci\u00f3n que lo han dado todo, para que el coraz\u00f3n de Colombia siga latiendo.<\/p>\n<p class=\"p2\">Seg\u00fan el reporte, Camilo Cabrera, huilense, amante de los pasodobles, m\u00e9dico de la Universidad Nacional y cirujano cardio vascular formado en el Texas Medical Center de Houston, falleci\u00f3 este viernes 14 de junio. Lo que no dice el dictamen es que su vida seguir\u00e1 palpitando en el cuerpo y alma de miles de ni\u00f1os, ni\u00f1as y adolescentes, porque \u00e9l y su hermano Reinaldo Cabrera Polan\u00eda crearon hace 50 a\u00f1os la Fundaci\u00f3n Cardio Infantil, rebautizada <i>La Cardio<\/i>, por el cari\u00f1o popular. La gente va a <i>La Cardio <\/i>porque le tienen confianza y gratitud, es su lugar seguro, el que al salvar ni\u00f1os est\u00e1 -adem\u00e1s- salvando la esperanza.<\/p>\n<p class=\"p2\"><i>La Cardio <\/i>es uno de los 5 mejores hospitales de Am\u00e9rica Latina, y se reconoce como el mejor complejo hospitalario de alto nivel en Colombia; de ella se puede escribir en cifras o en emociones. Se puede hablar de los casi 90.000 metros de sus instalaciones con edificios, \u00e1rboles y jardines; o de los municipios y veredas hasta donde ha llegado su sabidur\u00eda y generosidad porque en alianza con donantes e instituciones solidarias, ha cubierto los sitios m\u00e1s remotos de nuestra naci\u00f3n, para darle una segunda oportunidad de vivir a quienes cre\u00edan que todo estaba perdido. En nuestro contexto de inequidad, mientras m\u00e1s pobres y m\u00e1s lejos de los centros de poder, m\u00e1s bajas son las expectativas de vida, pero La Cardio naci\u00f3 para que nunca nadie se d\u00e9 por vencido, y ha organizado a lo largo y ancho de Colombia jornadas de detecci\u00f3n temprana de condiciones cardiovasculares, cadenas de bondad y talento, de ciencia y conciencia para sintonizar a miles de ciudadanos y entidades alrededor de la responsabilidad de salvar vidas. Salvar vidas, as\u00ed, sin adjetivos ni condiciones, porque para el verdadero ejercicio misional de la medicina no hay l\u00edmites ni ego\u00edsmos. Solo puede haber voluntad, conocimiento y generosidad.<\/p>\n<p class=\"p1\">M\u00e1s de 50 especialidades quir\u00fargicas, 35.000 cirug\u00edas cardiovasculares y m\u00e1s de 1.700 trasplantes; 3.000 trabajadores, el hospital #1 en trasplantes de toda Colombia y el #1 en trasplantes hep\u00e1ticos en ni\u00f1os; pedagog\u00eda hospitalaria para los peque\u00f1os grandes pacientes, educaci\u00f3n en salud, investigaci\u00f3n cl\u00ednica, convenios docente-asistenciales dentro y fuera de nuestro pa\u00eds. Y podr\u00edamos seguir una larga lista\u2026 Pero quiz\u00e1 baste con una sola palabra: \u201cmisi\u00f3n\u201d. Esa es su esencia. Esa preciosa relaci\u00f3n que logra milagros cuando se unen trabajo, convicci\u00f3n, dulzura y sabidur\u00eda. La Cardio es un lugar que honra la vida, en cada cent\u00edmetro, en cada instante y en cada noche de guardia cuidando la vida de un ni\u00f1o. En La Cardio todo esfuerzo vale la pena.<\/p>\n<p class=\"p1\">Querido Camilo, tu coraz\u00f3n seguir\u00e1 latiendo por siempre en el coraz\u00f3n de nuestra infancia, y creo que esa es la manera m\u00e1s bonita de ejercer la eternidad.<\/p>\n","protected":false},"excerpt":{"rendered":"<p>18 de junio 2024, el Espectador Colombia est\u00e1 pasando por un momento cr\u00edtico en los sistemas de salud. Una competencia est\u00e9ril entre lo p\u00fablico y lo privado, en la que muchos parecen haber olvidado que lo principal no es qui\u00e9n&hellip;<\/p>\n","protected":false},"author":1897,"featured_media":2531613,"comment_status":"closed","ping_status":"closed","sticky":false,"template":"","format":"standard","meta":{"footnotes":""},"categories":[75,161,1239,67],"tags":[78568,30949,123960,30,123959,419],"class_list":["post-2531612","post","type-post","status-publish","format-standard","has-post-thumbnail","hentry","category-cultura-es","category-opiniones","category-salud","category-sudamerica","tag-lahuelladeloslideres","tag-acuerdos-de-paz","tag-camilo-cabrera","tag-colombia","tag-la-cardio","tag-paz"],"yoast_head":"<!-- This site is optimized with the Yoast SEO plugin v27.1.1 - https:\/\/yoast.com\/product\/yoast-seo-wordpress\/ -->\n<title>Camilo Cabrera, en el coraz\u00f3n de Colombia<\/title>\n<meta name=\"description\" content=\"18 de junio 2024, el Espectador Colombia est\u00e1 pasando por un momento cr\u00edtico en los sistemas de salud. Una competencia est\u00e9ril entre lo p\u00fablico y lo\" \/>\n<meta name=\"robots\" content=\"index, follow, max-snippet:-1, max-image-preview:large, max-video-preview:-1\" \/>\n<link rel=\"canonical\" href=\"https:\/\/www.pressenza.com\/es\/2024\/06\/camilo-cabrera-en-el-corazon-de-colombia\/\" \/>\n<meta property=\"og:locale\" content=\"es_ES\" \/>\n<meta property=\"og:type\" content=\"article\" \/>\n<meta property=\"og:title\" content=\"Camilo Cabrera, en el coraz\u00f3n de Colombia\" \/>\n<meta property=\"og:description\" content=\"18 de junio 2024, el Espectador Colombia est\u00e1 pasando por un momento cr\u00edtico en los sistemas de salud. Una competencia est\u00e9ril entre lo p\u00fablico y lo\" \/>\n<meta property=\"og:url\" content=\"https:\/\/www.pressenza.com\/es\/2024\/06\/camilo-cabrera-en-el-corazon-de-colombia\/\" \/>\n<meta property=\"og:site_name\" content=\"Pressenza\" \/>\n<meta property=\"article:publisher\" content=\"https:\/\/www.facebook.com\/PressenzaItalia\" \/>\n<meta property=\"article:published_time\" content=\"2024-06-21T01:53:20+00:00\" \/>\n<meta property=\"og:image\" content=\"https:\/\/www.pressenza.com\/wp-content\/uploads\/2024\/06\/Dr-Cabrera-Fundacion-Cardioinfantil-LaCardio-Flickr.jpg\" \/>\n\t<meta property=\"og:image:width\" content=\"1024\" \/>\n\t<meta property=\"og:image:height\" content=\"576\" \/>\n\t<meta property=\"og:image:type\" content=\"image\/jpeg\" \/>\n<meta name=\"author\" content=\"Gloria Arias Nieto\" \/>\n<meta name=\"twitter:card\" content=\"summary_large_image\" \/>\n<meta name=\"twitter:creator\" content=\"@gloriariasnieto\" \/>\n<meta name=\"twitter:site\" content=\"@PressenzaIPA\" \/>\n<meta name=\"twitter:label1\" content=\"Escrito por\" \/>\n\t<meta name=\"twitter:data1\" content=\"Gloria Arias Nieto\" \/>\n\t<meta name=\"twitter:label2\" content=\"Tiempo de lectura\" \/>\n\t<meta name=\"twitter:data2\" content=\"3 minutos\" \/>\n<script type=\"application\/ld+json\" class=\"yoast-schema-graph\">{\"@context\":\"https:\/\/schema.org\",\"@graph\":[{\"@type\":\"Article\",\"@id\":\"https:\/\/www.pressenza.com\/es\/2024\/06\/camilo-cabrera-en-el-corazon-de-colombia\/#article\",\"isPartOf\":{\"@id\":\"https:\/\/www.pressenza.com\/es\/2024\/06\/camilo-cabrera-en-el-corazon-de-colombia\/\"},\"author\":{\"name\":\"Gloria Arias Nieto\",\"@id\":\"https:\/\/www.pressenza.com\/es\/#\/schema\/person\/476779c5c0c262f919761226ef961a29\"},\"headline\":\"Camilo Cabrera, en el coraz\u00f3n de Colombia\",\"datePublished\":\"2024-06-21T01:53:20+00:00\",\"mainEntityOfPage\":{\"@id\":\"https:\/\/www.pressenza.com\/es\/2024\/06\/camilo-cabrera-en-el-corazon-de-colombia\/\"},\"wordCount\":654,\"publisher\":{\"@id\":\"https:\/\/www.pressenza.com\/es\/#organization\"},\"image\":{\"@id\":\"https:\/\/www.pressenza.com\/es\/2024\/06\/camilo-cabrera-en-el-corazon-de-colombia\/#primaryimage\"},\"thumbnailUrl\":\"https:\/\/www.pressenza.com\/wp-content\/uploads\/2024\/06\/Dr-Cabrera-Fundacion-Cardioinfantil-LaCardio-Flickr.jpg\",\"keywords\":[\"#LaHuellaDeLosLideres\",\"Acuerdos de Paz\",\"Camilo Cabrera\",\"Colombia\",\"La Cardio\",\"Paz\"],\"articleSection\":[\"Cultura y Medios\",\"Opiniones\",\"Salud\",\"Sudam\u00e9rica\"],\"inLanguage\":\"es\"},{\"@type\":\"WebPage\",\"@id\":\"https:\/\/www.pressenza.com\/es\/2024\/06\/camilo-cabrera-en-el-corazon-de-colombia\/\",\"url\":\"https:\/\/www.pressenza.com\/es\/2024\/06\/camilo-cabrera-en-el-corazon-de-colombia\/\",\"name\":\"Camilo Cabrera, en el coraz\u00f3n de Colombia\",\"isPartOf\":{\"@id\":\"https:\/\/www.pressenza.com\/es\/#website\"},\"primaryImageOfPage\":{\"@id\":\"https:\/\/www.pressenza.com\/es\/2024\/06\/camilo-cabrera-en-el-corazon-de-colombia\/#primaryimage\"},\"image\":{\"@id\":\"https:\/\/www.pressenza.com\/es\/2024\/06\/camilo-cabrera-en-el-corazon-de-colombia\/#primaryimage\"},\"thumbnailUrl\":\"https:\/\/www.pressenza.com\/wp-content\/uploads\/2024\/06\/Dr-Cabrera-Fundacion-Cardioinfantil-LaCardio-Flickr.jpg\",\"datePublished\":\"2024-06-21T01:53:20+00:00\",\"description\":\"18 de junio 2024, el Espectador Colombia est\u00e1 pasando por un momento cr\u00edtico en los sistemas de salud. Una competencia est\u00e9ril entre lo p\u00fablico y lo\",\"breadcrumb\":{\"@id\":\"https:\/\/www.pressenza.com\/es\/2024\/06\/camilo-cabrera-en-el-corazon-de-colombia\/#breadcrumb\"},\"inLanguage\":\"es\",\"potentialAction\":[{\"@type\":\"ReadAction\",\"target\":[\"https:\/\/www.pressenza.com\/es\/2024\/06\/camilo-cabrera-en-el-corazon-de-colombia\/\"]}]},{\"@type\":\"ImageObject\",\"inLanguage\":\"es\",\"@id\":\"https:\/\/www.pressenza.com\/es\/2024\/06\/camilo-cabrera-en-el-corazon-de-colombia\/#primaryimage\",\"url\":\"https:\/\/www.pressenza.com\/wp-content\/uploads\/2024\/06\/Dr-Cabrera-Fundacion-Cardioinfantil-LaCardio-Flickr.jpg\",\"contentUrl\":\"https:\/\/www.pressenza.com\/wp-content\/uploads\/2024\/06\/Dr-Cabrera-Fundacion-Cardioinfantil-LaCardio-Flickr.jpg\",\"width\":1024,\"height\":576,\"caption\":\"Dr. Camilo Cabrera\"},{\"@type\":\"BreadcrumbList\",\"@id\":\"https:\/\/www.pressenza.com\/es\/2024\/06\/camilo-cabrera-en-el-corazon-de-colombia\/#breadcrumb\",\"itemListElement\":[{\"@type\":\"ListItem\",\"position\":1,\"name\":\"Accueil\",\"item\":\"https:\/\/www.pressenza.com\/es\/\"},{\"@type\":\"ListItem\",\"position\":2,\"name\":\"Camilo Cabrera, en el coraz\u00f3n de Colombia\"}]},{\"@type\":\"WebSite\",\"@id\":\"https:\/\/www.pressenza.com\/es\/#website\",\"url\":\"https:\/\/www.pressenza.com\/es\/\",\"name\":\"Pressenza\",\"description\":\"International Press Agency\",\"publisher\":{\"@id\":\"https:\/\/www.pressenza.com\/es\/#organization\"},\"potentialAction\":[{\"@type\":\"SearchAction\",\"target\":{\"@type\":\"EntryPoint\",\"urlTemplate\":\"https:\/\/www.pressenza.com\/es\/?s={search_term_string}\"},\"query-input\":{\"@type\":\"PropertyValueSpecification\",\"valueRequired\":true,\"valueName\":\"search_term_string\"}}],\"inLanguage\":\"es\"},{\"@type\":\"Organization\",\"@id\":\"https:\/\/www.pressenza.com\/es\/#organization\",\"name\":\"Pressenza\",\"url\":\"https:\/\/www.pressenza.com\/es\/\",\"logo\":{\"@type\":\"ImageObject\",\"inLanguage\":\"es\",\"@id\":\"https:\/\/www.pressenza.com\/es\/#\/schema\/logo\/image\/\",\"url\":\"https:\/\/www.pressenza.com\/wp-content\/uploads\/2022\/10\/pressenza_logo_200x200.jpg\",\"contentUrl\":\"https:\/\/www.pressenza.com\/wp-content\/uploads\/2022\/10\/pressenza_logo_200x200.jpg\",\"width\":200,\"height\":200,\"caption\":\"Pressenza\"},\"image\":{\"@id\":\"https:\/\/www.pressenza.com\/es\/#\/schema\/logo\/image\/\"},\"sameAs\":[\"https:\/\/www.facebook.com\/PressenzaItalia\",\"https:\/\/x.com\/PressenzaIPA\"]},{\"@type\":\"Person\",\"@id\":\"https:\/\/www.pressenza.com\/es\/#\/schema\/person\/476779c5c0c262f919761226ef961a29\",\"name\":\"Gloria Arias Nieto\",\"description\":\"M\u00e9dica y periodista, columnista de El Espectador. Promotora de procesos de paz y reconciliaci\u00f3n. Miembro del movimiento Defendamos la Paz (DLP) @gloriariasnieto\",\"sameAs\":[\"https:\/\/x.com\/gloriariasnieto\"],\"url\":\"https:\/\/www.pressenza.com\/es\/author\/gloria-arias-nieto\/\"}]}<\/script>\n<!-- \/ Yoast SEO plugin. -->","yoast_head_json":{"title":"Camilo Cabrera, en el coraz\u00f3n de Colombia","description":"18 de junio 2024, el Espectador Colombia est\u00e1 pasando por un momento cr\u00edtico en los sistemas de salud. Una competencia est\u00e9ril entre lo p\u00fablico y lo","robots":{"index":"index","follow":"follow","max-snippet":"max-snippet:-1","max-image-preview":"max-image-preview:large","max-video-preview":"max-video-preview:-1"},"canonical":"https:\/\/www.pressenza.com\/es\/2024\/06\/camilo-cabrera-en-el-corazon-de-colombia\/","og_locale":"es_ES","og_type":"article","og_title":"Camilo Cabrera, en el coraz\u00f3n de Colombia","og_description":"18 de junio 2024, el Espectador Colombia est\u00e1 pasando por un momento cr\u00edtico en los sistemas de salud. Una competencia est\u00e9ril entre lo p\u00fablico y lo","og_url":"https:\/\/www.pressenza.com\/es\/2024\/06\/camilo-cabrera-en-el-corazon-de-colombia\/","og_site_name":"Pressenza","article_publisher":"https:\/\/www.facebook.com\/PressenzaItalia","article_published_time":"2024-06-21T01:53:20+00:00","og_image":[{"width":1024,"height":576,"url":"https:\/\/www.pressenza.com\/wp-content\/uploads\/2024\/06\/Dr-Cabrera-Fundacion-Cardioinfantil-LaCardio-Flickr.jpg","type":"image\/jpeg"}],"author":"Gloria Arias Nieto","twitter_card":"summary_large_image","twitter_creator":"@gloriariasnieto","twitter_site":"@PressenzaIPA","twitter_misc":{"Escrito por":"Gloria Arias Nieto","Tiempo de lectura":"3 minutos"},"schema":{"@context":"https:\/\/schema.org","@graph":[{"@type":"Article","@id":"https:\/\/www.pressenza.com\/es\/2024\/06\/camilo-cabrera-en-el-corazon-de-colombia\/#article","isPartOf":{"@id":"https:\/\/www.pressenza.com\/es\/2024\/06\/camilo-cabrera-en-el-corazon-de-colombia\/"},"author":{"name":"Gloria Arias Nieto","@id":"https:\/\/www.pressenza.com\/es\/#\/schema\/person\/476779c5c0c262f919761226ef961a29"},"headline":"Camilo Cabrera, en el coraz\u00f3n de Colombia","datePublished":"2024-06-21T01:53:20+00:00","mainEntityOfPage":{"@id":"https:\/\/www.pressenza.com\/es\/2024\/06\/camilo-cabrera-en-el-corazon-de-colombia\/"},"wordCount":654,"publisher":{"@id":"https:\/\/www.pressenza.com\/es\/#organization"},"image":{"@id":"https:\/\/www.pressenza.com\/es\/2024\/06\/camilo-cabrera-en-el-corazon-de-colombia\/#primaryimage"},"thumbnailUrl":"https:\/\/www.pressenza.com\/wp-content\/uploads\/2024\/06\/Dr-Cabrera-Fundacion-Cardioinfantil-LaCardio-Flickr.jpg","keywords":["#LaHuellaDeLosLideres","Acuerdos de Paz","Camilo Cabrera","Colombia","La Cardio","Paz"],"articleSection":["Cultura y Medios","Opiniones","Salud","Sudam\u00e9rica"],"inLanguage":"es"},{"@type":"WebPage","@id":"https:\/\/www.pressenza.com\/es\/2024\/06\/camilo-cabrera-en-el-corazon-de-colombia\/","url":"https:\/\/www.pressenza.com\/es\/2024\/06\/camilo-cabrera-en-el-corazon-de-colombia\/","name":"Camilo Cabrera, en el coraz\u00f3n de Colombia","isPartOf":{"@id":"https:\/\/www.pressenza.com\/es\/#website"},"primaryImageOfPage":{"@id":"https:\/\/www.pressenza.com\/es\/2024\/06\/camilo-cabrera-en-el-corazon-de-colombia\/#primaryimage"},"image":{"@id":"https:\/\/www.pressenza.com\/es\/2024\/06\/camilo-cabrera-en-el-corazon-de-colombia\/#primaryimage"},"thumbnailUrl":"https:\/\/www.pressenza.com\/wp-content\/uploads\/2024\/06\/Dr-Cabrera-Fundacion-Cardioinfantil-LaCardio-Flickr.jpg","datePublished":"2024-06-21T01:53:20+00:00","description":"18 de junio 2024, el Espectador Colombia est\u00e1 pasando por un momento cr\u00edtico en los sistemas de salud. Una competencia est\u00e9ril entre lo p\u00fablico y lo","breadcrumb":{"@id":"https:\/\/www.pressenza.com\/es\/2024\/06\/camilo-cabrera-en-el-corazon-de-colombia\/#breadcrumb"},"inLanguage":"es","potentialAction":[{"@type":"ReadAction","target":["https:\/\/www.pressenza.com\/es\/2024\/06\/camilo-cabrera-en-el-corazon-de-colombia\/"]}]},{"@type":"ImageObject","inLanguage":"es","@id":"https:\/\/www.pressenza.com\/es\/2024\/06\/camilo-cabrera-en-el-corazon-de-colombia\/#primaryimage","url":"https:\/\/www.pressenza.com\/wp-content\/uploads\/2024\/06\/Dr-Cabrera-Fundacion-Cardioinfantil-LaCardio-Flickr.jpg","contentUrl":"https:\/\/www.pressenza.com\/wp-content\/uploads\/2024\/06\/Dr-Cabrera-Fundacion-Cardioinfantil-LaCardio-Flickr.jpg","width":1024,"height":576,"caption":"Dr. Camilo Cabrera"},{"@type":"BreadcrumbList","@id":"https:\/\/www.pressenza.com\/es\/2024\/06\/camilo-cabrera-en-el-corazon-de-colombia\/#breadcrumb","itemListElement":[{"@type":"ListItem","position":1,"name":"Accueil","item":"https:\/\/www.pressenza.com\/es\/"},{"@type":"ListItem","position":2,"name":"Camilo Cabrera, en el coraz\u00f3n de Colombia"}]},{"@type":"WebSite","@id":"https:\/\/www.pressenza.com\/es\/#website","url":"https:\/\/www.pressenza.com\/es\/","name":"Pressenza","description":"International Press Agency","publisher":{"@id":"https:\/\/www.pressenza.com\/es\/#organization"},"potentialAction":[{"@type":"SearchAction","target":{"@type":"EntryPoint","urlTemplate":"https:\/\/www.pressenza.com\/es\/?s={search_term_string}"},"query-input":{"@type":"PropertyValueSpecification","valueRequired":true,"valueName":"search_term_string"}}],"inLanguage":"es"},{"@type":"Organization","@id":"https:\/\/www.pressenza.com\/es\/#organization","name":"Pressenza","url":"https:\/\/www.pressenza.com\/es\/","logo":{"@type":"ImageObject","inLanguage":"es","@id":"https:\/\/www.pressenza.com\/es\/#\/schema\/logo\/image\/","url":"https:\/\/www.pressenza.com\/wp-content\/uploads\/2022\/10\/pressenza_logo_200x200.jpg","contentUrl":"https:\/\/www.pressenza.com\/wp-content\/uploads\/2022\/10\/pressenza_logo_200x200.jpg","width":200,"height":200,"caption":"Pressenza"},"image":{"@id":"https:\/\/www.pressenza.com\/es\/#\/schema\/logo\/image\/"},"sameAs":["https:\/\/www.facebook.com\/PressenzaItalia","https:\/\/x.com\/PressenzaIPA"]},{"@type":"Person","@id":"https:\/\/www.pressenza.com\/es\/#\/schema\/person\/476779c5c0c262f919761226ef961a29","name":"Gloria Arias Nieto","description":"M\u00e9dica y periodista, columnista de El Espectador. Promotora de procesos de paz y reconciliaci\u00f3n. Miembro del movimiento Defendamos la Paz (DLP) @gloriariasnieto","sameAs":["https:\/\/x.com\/gloriariasnieto"],"url":"https:\/\/www.pressenza.com\/es\/author\/gloria-arias-nieto\/"}]}},"place":"Bogot\u00e1, Colombia","original_article_url":"https:\/\/www.elespectador.com\/opinion\/columnistas\/gloria-arias-nieto\/camilo-cabrera-en-el-corazon-de-colombia\/","_links":{"self":[{"href":"https:\/\/www.pressenza.com\/es\/wp-json\/wp\/v2\/posts\/2531612","targetHints":{"allow":["GET"]}}],"collection":[{"href":"https:\/\/www.pressenza.com\/es\/wp-json\/wp\/v2\/posts"}],"about":[{"href":"https:\/\/www.pressenza.com\/es\/wp-json\/wp\/v2\/types\/post"}],"author":[{"embeddable":true,"href":"https:\/\/www.pressenza.com\/es\/wp-json\/wp\/v2\/users\/1897"}],"replies":[{"embeddable":true,"href":"https:\/\/www.pressenza.com\/es\/wp-json\/wp\/v2\/comments?post=2531612"}],"version-history":[{"count":0,"href":"https:\/\/www.pressenza.com\/es\/wp-json\/wp\/v2\/posts\/2531612\/revisions"}],"wp:featuredmedia":[{"embeddable":true,"href":"https:\/\/www.pressenza.com\/es\/wp-json\/wp\/v2\/media\/2531613"}],"wp:attachment":[{"href":"https:\/\/www.pressenza.com\/es\/wp-json\/wp\/v2\/media?parent=2531612"}],"wp:term":[{"taxonomy":"category","embeddable":true,"href":"https:\/\/www.pressenza.com\/es\/wp-json\/wp\/v2\/categories?post=2531612"},{"taxonomy":"post_tag","embeddable":true,"href":"https:\/\/www.pressenza.com\/es\/wp-json\/wp\/v2\/tags?post=2531612"}],"curies":[{"name":"wp","href":"https:\/\/api.w.org\/{rel}","templated":true}]}}