{"id":2531208,"date":"2024-06-17T22:35:05","date_gmt":"2024-06-17T21:35:05","guid":{"rendered":"https:\/\/www.pressenza.com\/?p=2531208"},"modified":"2024-06-17T22:35:05","modified_gmt":"2024-06-17T21:35:05","slug":"celebran-manifestacion-en-contra-de-la-extrema-derecha-en-lille-francia","status":"publish","type":"post","link":"https:\/\/www.pressenza.com\/es\/2024\/06\/celebran-manifestacion-en-contra-de-la-extrema-derecha-en-lille-francia\/","title":{"rendered":"Celebran manifestaci\u00f3n en contra de la extrema derecha en Lille, Francia"},"content":{"rendered":"<p>Publicamos las im\u00e1genes del 15 de junio de 2024 de personas participando en una manifestaci\u00f3n en contra de la extrema derecha, en Lille, en el norte de Francia. Un total de 250.000 personas salieron a las calles en Francia este s\u00e1bado, incluyendo a 75.000 en Par\u00eds, para protestar en contra de la extrema derecha, seg\u00fan la polic\u00eda. (Xinhua\/Sebastien Courdji)<\/p>\n<p><img loading=\"lazy\" decoding=\"async\" class=\"alignnone wp-image-2531211 size-full\" src=\"https:\/\/www.pressenza.com\/wp-content\/uploads\/2024\/06\/primera20240617df59c57efcf24f7e8a28aa2f00736890_202406170c6206f6fea4422780ba8faa3e677406.png\" alt=\"\" width=\"1020\" height=\"680\" srcset=\"https:\/\/www.pressenza.com\/wp-content\/uploads\/2024\/06\/primera20240617df59c57efcf24f7e8a28aa2f00736890_202406170c6206f6fea4422780ba8faa3e677406.png 1020w, https:\/\/www.pressenza.com\/wp-content\/uploads\/2024\/06\/primera20240617df59c57efcf24f7e8a28aa2f00736890_202406170c6206f6fea4422780ba8faa3e677406-300x200.png 300w, https:\/\/www.pressenza.com\/wp-content\/uploads\/2024\/06\/primera20240617df59c57efcf24f7e8a28aa2f00736890_202406170c6206f6fea4422780ba8faa3e677406-820x547.png 820w\" sizes=\"auto, (max-width: 1020px) 100vw, 1020px\" \/><\/p>\n<p><img loading=\"lazy\" decoding=\"async\" class=\"alignnone wp-image-2531212 size-full\" src=\"https:\/\/www.pressenza.com\/wp-content\/uploads\/2024\/06\/segunda20240617df59c57efcf24f7e8a28aa2f00736890_2024061769e3a3c1c8284f1aa66a350ac8ceae65.png\" alt=\"\" width=\"1020\" height=\"680\" srcset=\"https:\/\/www.pressenza.com\/wp-content\/uploads\/2024\/06\/segunda20240617df59c57efcf24f7e8a28aa2f00736890_2024061769e3a3c1c8284f1aa66a350ac8ceae65.png 1020w, https:\/\/www.pressenza.com\/wp-content\/uploads\/2024\/06\/segunda20240617df59c57efcf24f7e8a28aa2f00736890_2024061769e3a3c1c8284f1aa66a350ac8ceae65-300x200.png 300w, https:\/\/www.pressenza.com\/wp-content\/uploads\/2024\/06\/segunda20240617df59c57efcf24f7e8a28aa2f00736890_2024061769e3a3c1c8284f1aa66a350ac8ceae65-820x547.png 820w\" sizes=\"auto, (max-width: 1020px) 100vw, 1020px\" \/><\/p>\n<p><img loading=\"lazy\" decoding=\"async\" class=\"alignnone wp-image-2531213 size-full\" src=\"https:\/\/www.pressenza.com\/wp-content\/uploads\/2024\/06\/tercera20240617df59c57efcf24f7e8a28aa2f00736890_20240617a82905be03d84bad85ee2e0cb839f6d7.png\" alt=\"\" width=\"1020\" height=\"680\" srcset=\"https:\/\/www.pressenza.com\/wp-content\/uploads\/2024\/06\/tercera20240617df59c57efcf24f7e8a28aa2f00736890_20240617a82905be03d84bad85ee2e0cb839f6d7.png 1020w, https:\/\/www.pressenza.com\/wp-content\/uploads\/2024\/06\/tercera20240617df59c57efcf24f7e8a28aa2f00736890_20240617a82905be03d84bad85ee2e0cb839f6d7-300x200.png 300w, https:\/\/www.pressenza.com\/wp-content\/uploads\/2024\/06\/tercera20240617df59c57efcf24f7e8a28aa2f00736890_20240617a82905be03d84bad85ee2e0cb839f6d7-820x547.png 820w\" sizes=\"auto, (max-width: 1020px) 100vw, 1020px\" \/><\/p>\n","protected":false},"excerpt":{"rendered":"<p>Publicamos las im\u00e1genes del 15 de junio de 2024 de personas participando en una manifestaci\u00f3n en contra de la extrema derecha, en Lille, en el norte de Francia. Un total de 250.000 personas salieron a las calles en Francia este&hellip;<\/p>\n","protected":false},"author":2266,"featured_media":2531210,"comment_status":"closed","ping_status":"closed","sticky":false,"template":"","format":"standard","meta":{"footnotes":""},"categories":[66,5667,74],"tags":[1432,394,105824],"class_list":["post-2531208","post","type-post","status-publish","format-standard","has-post-thumbnail","hentry","category-europa-es","category-foto-reportajes","category-politica-es","tag-francia","tag-protestas-sociales","tag-ultra-derecha"],"yoast_head":"<!-- This site is optimized with the Yoast SEO plugin v27.1.1 - https:\/\/yoast.com\/product\/yoast-seo-wordpress\/ -->\n<title>Celebran manifestaci\u00f3n en contra de la extrema derecha en Lille, Francia<\/title>\n<meta name=\"description\" content=\"Publicamos las im\u00e1genes del 15 de junio de 2024 de personas participando en una manifestaci\u00f3n en contra de la extrema derecha, en Lille, en el norte de\" \/>\n<meta name=\"robots\" content=\"index, follow, max-snippet:-1, max-image-preview:large, max-video-preview:-1\" \/>\n<link rel=\"canonical\" href=\"https:\/\/www.pressenza.com\/es\/2024\/06\/celebran-manifestacion-en-contra-de-la-extrema-derecha-en-lille-francia\/\" \/>\n<meta property=\"og:locale\" content=\"es_ES\" \/>\n<meta property=\"og:type\" content=\"article\" \/>\n<meta property=\"og:title\" content=\"Celebran manifestaci\u00f3n en contra de la extrema derecha en Lille, Francia\" \/>\n<meta property=\"og:description\" content=\"Publicamos las im\u00e1genes del 15 de junio de 2024 de personas participando en una manifestaci\u00f3n en contra de la extrema derecha, en Lille, en el norte de\" \/>\n<meta property=\"og:url\" content=\"https:\/\/www.pressenza.com\/es\/2024\/06\/celebran-manifestacion-en-contra-de-la-extrema-derecha-en-lille-francia\/\" \/>\n<meta property=\"og:site_name\" content=\"Pressenza\" \/>\n<meta property=\"article:publisher\" content=\"https:\/\/www.facebook.com\/PressenzaItalia\" \/>\n<meta property=\"article:published_time\" content=\"2024-06-17T21:35:05+00:00\" \/>\n<meta property=\"og:image\" content=\"https:\/\/www.pressenza.com\/wp-content\/uploads\/2024\/06\/portada20240617df59c57efcf24f7e8a28aa2f00736890_202406177f4bf750b62241bba2cea2cb82230d46.png\" \/>\n\t<meta property=\"og:image:width\" content=\"1020\" \/>\n\t<meta property=\"og:image:height\" content=\"680\" \/>\n\t<meta property=\"og:image:type\" content=\"image\/png\" \/>\n<meta name=\"author\" content=\"Xinhua\" \/>\n<meta name=\"twitter:card\" content=\"summary_large_image\" \/>\n<meta name=\"twitter:creator\" content=\"@PressenzaIPA\" \/>\n<meta name=\"twitter:site\" content=\"@PressenzaIPA\" \/>\n<meta name=\"twitter:label1\" content=\"Escrito por\" \/>\n\t<meta name=\"twitter:data1\" content=\"Xinhua\" \/>\n\t<meta name=\"twitter:label2\" content=\"Tiempo de lectura\" \/>\n\t<meta name=\"twitter:data2\" content=\"1 minuto\" \/>\n<script type=\"application\/ld+json\" class=\"yoast-schema-graph\">{\"@context\":\"https:\/\/schema.org\",\"@graph\":[{\"@type\":\"Article\",\"@id\":\"https:\/\/www.pressenza.com\/es\/2024\/06\/celebran-manifestacion-en-contra-de-la-extrema-derecha-en-lille-francia\/#article\",\"isPartOf\":{\"@id\":\"https:\/\/www.pressenza.com\/es\/2024\/06\/celebran-manifestacion-en-contra-de-la-extrema-derecha-en-lille-francia\/\"},\"author\":{\"name\":\"Xinhua\",\"@id\":\"https:\/\/www.pressenza.com\/es\/#\/schema\/person\/f7d16a80c42ebb5aefb3b4c8b32b6c2e\"},\"headline\":\"Celebran manifestaci\u00f3n en contra de la extrema derecha en Lille, Francia\",\"datePublished\":\"2024-06-17T21:35:05+00:00\",\"mainEntityOfPage\":{\"@id\":\"https:\/\/www.pressenza.com\/es\/2024\/06\/celebran-manifestacion-en-contra-de-la-extrema-derecha-en-lille-francia\/\"},\"wordCount\":74,\"publisher\":{\"@id\":\"https:\/\/www.pressenza.com\/es\/#organization\"},\"image\":{\"@id\":\"https:\/\/www.pressenza.com\/es\/2024\/06\/celebran-manifestacion-en-contra-de-la-extrema-derecha-en-lille-francia\/#primaryimage\"},\"thumbnailUrl\":\"https:\/\/www.pressenza.com\/wp-content\/uploads\/2024\/06\/portada20240617df59c57efcf24f7e8a28aa2f00736890_202406177f4bf750b62241bba2cea2cb82230d46.png\",\"keywords\":[\"Francia\",\"protestas sociales\",\"ultra derecha\"],\"articleSection\":[\"Europa\",\"Fotorreportajes\",\"Pol\u00edtica\"],\"inLanguage\":\"es\"},{\"@type\":\"WebPage\",\"@id\":\"https:\/\/www.pressenza.com\/es\/2024\/06\/celebran-manifestacion-en-contra-de-la-extrema-derecha-en-lille-francia\/\",\"url\":\"https:\/\/www.pressenza.com\/es\/2024\/06\/celebran-manifestacion-en-contra-de-la-extrema-derecha-en-lille-francia\/\",\"name\":\"Celebran manifestaci\u00f3n en contra de la extrema derecha en Lille, Francia\",\"isPartOf\":{\"@id\":\"https:\/\/www.pressenza.com\/es\/#website\"},\"primaryImageOfPage\":{\"@id\":\"https:\/\/www.pressenza.com\/es\/2024\/06\/celebran-manifestacion-en-contra-de-la-extrema-derecha-en-lille-francia\/#primaryimage\"},\"image\":{\"@id\":\"https:\/\/www.pressenza.com\/es\/2024\/06\/celebran-manifestacion-en-contra-de-la-extrema-derecha-en-lille-francia\/#primaryimage\"},\"thumbnailUrl\":\"https:\/\/www.pressenza.com\/wp-content\/uploads\/2024\/06\/portada20240617df59c57efcf24f7e8a28aa2f00736890_202406177f4bf750b62241bba2cea2cb82230d46.png\",\"datePublished\":\"2024-06-17T21:35:05+00:00\",\"description\":\"Publicamos las im\u00e1genes del 15 de junio de 2024 de personas participando en una manifestaci\u00f3n en contra de la extrema derecha, en Lille, en el norte de\",\"breadcrumb\":{\"@id\":\"https:\/\/www.pressenza.com\/es\/2024\/06\/celebran-manifestacion-en-contra-de-la-extrema-derecha-en-lille-francia\/#breadcrumb\"},\"inLanguage\":\"es\",\"potentialAction\":[{\"@type\":\"ReadAction\",\"target\":[\"https:\/\/www.pressenza.com\/es\/2024\/06\/celebran-manifestacion-en-contra-de-la-extrema-derecha-en-lille-francia\/\"]}]},{\"@type\":\"ImageObject\",\"inLanguage\":\"es\",\"@id\":\"https:\/\/www.pressenza.com\/es\/2024\/06\/celebran-manifestacion-en-contra-de-la-extrema-derecha-en-lille-francia\/#primaryimage\",\"url\":\"https:\/\/www.pressenza.com\/wp-content\/uploads\/2024\/06\/portada20240617df59c57efcf24f7e8a28aa2f00736890_202406177f4bf750b62241bba2cea2cb82230d46.png\",\"contentUrl\":\"https:\/\/www.pressenza.com\/wp-content\/uploads\/2024\/06\/portada20240617df59c57efcf24f7e8a28aa2f00736890_202406177f4bf750b62241bba2cea2cb82230d46.png\",\"width\":1020,\"height\":680},{\"@type\":\"BreadcrumbList\",\"@id\":\"https:\/\/www.pressenza.com\/es\/2024\/06\/celebran-manifestacion-en-contra-de-la-extrema-derecha-en-lille-francia\/#breadcrumb\",\"itemListElement\":[{\"@type\":\"ListItem\",\"position\":1,\"name\":\"Accueil\",\"item\":\"https:\/\/www.pressenza.com\/es\/\"},{\"@type\":\"ListItem\",\"position\":2,\"name\":\"Celebran manifestaci\u00f3n en contra de la extrema derecha en Lille, Francia\"}]},{\"@type\":\"WebSite\",\"@id\":\"https:\/\/www.pressenza.com\/es\/#website\",\"url\":\"https:\/\/www.pressenza.com\/es\/\",\"name\":\"Pressenza\",\"description\":\"International Press Agency\",\"publisher\":{\"@id\":\"https:\/\/www.pressenza.com\/es\/#organization\"},\"potentialAction\":[{\"@type\":\"SearchAction\",\"target\":{\"@type\":\"EntryPoint\",\"urlTemplate\":\"https:\/\/www.pressenza.com\/es\/?s={search_term_string}\"},\"query-input\":{\"@type\":\"PropertyValueSpecification\",\"valueRequired\":true,\"valueName\":\"search_term_string\"}}],\"inLanguage\":\"es\"},{\"@type\":\"Organization\",\"@id\":\"https:\/\/www.pressenza.com\/es\/#organization\",\"name\":\"Pressenza\",\"url\":\"https:\/\/www.pressenza.com\/es\/\",\"logo\":{\"@type\":\"ImageObject\",\"inLanguage\":\"es\",\"@id\":\"https:\/\/www.pressenza.com\/es\/#\/schema\/logo\/image\/\",\"url\":\"https:\/\/www.pressenza.com\/wp-content\/uploads\/2022\/10\/pressenza_logo_200x200.jpg\",\"contentUrl\":\"https:\/\/www.pressenza.com\/wp-content\/uploads\/2022\/10\/pressenza_logo_200x200.jpg\",\"width\":200,\"height\":200,\"caption\":\"Pressenza\"},\"image\":{\"@id\":\"https:\/\/www.pressenza.com\/es\/#\/schema\/logo\/image\/\"},\"sameAs\":[\"https:\/\/www.facebook.com\/PressenzaItalia\",\"https:\/\/x.com\/PressenzaIPA\"]},{\"@type\":\"Person\",\"@id\":\"https:\/\/www.pressenza.com\/es\/#\/schema\/person\/f7d16a80c42ebb5aefb3b4c8b32b6c2e\",\"name\":\"Xinhua\",\"description\":\"Official State news agency of the People's Republic of China. http:\/\/www.xinhuanet.com\/. \u00a0 \u00a0Xinhua articles and photos published on Pressenza are free to reproduce, provided that the source and author are clearly mentioned.\",\"url\":\"https:\/\/www.pressenza.com\/es\/author\/xinhua\/\"}]}<\/script>\n<!-- \/ Yoast SEO plugin. -->","yoast_head_json":{"title":"Celebran manifestaci\u00f3n en contra de la extrema derecha en Lille, Francia","description":"Publicamos las im\u00e1genes del 15 de junio de 2024 de personas participando en una manifestaci\u00f3n en contra de la extrema derecha, en Lille, en el norte de","robots":{"index":"index","follow":"follow","max-snippet":"max-snippet:-1","max-image-preview":"max-image-preview:large","max-video-preview":"max-video-preview:-1"},"canonical":"https:\/\/www.pressenza.com\/es\/2024\/06\/celebran-manifestacion-en-contra-de-la-extrema-derecha-en-lille-francia\/","og_locale":"es_ES","og_type":"article","og_title":"Celebran manifestaci\u00f3n en contra de la extrema derecha en Lille, Francia","og_description":"Publicamos las im\u00e1genes del 15 de junio de 2024 de personas participando en una manifestaci\u00f3n en contra de la extrema derecha, en Lille, en el norte de","og_url":"https:\/\/www.pressenza.com\/es\/2024\/06\/celebran-manifestacion-en-contra-de-la-extrema-derecha-en-lille-francia\/","og_site_name":"Pressenza","article_publisher":"https:\/\/www.facebook.com\/PressenzaItalia","article_published_time":"2024-06-17T21:35:05+00:00","og_image":[{"width":1020,"height":680,"url":"https:\/\/www.pressenza.com\/wp-content\/uploads\/2024\/06\/portada20240617df59c57efcf24f7e8a28aa2f00736890_202406177f4bf750b62241bba2cea2cb82230d46.png","type":"image\/png"}],"author":"Xinhua","twitter_card":"summary_large_image","twitter_creator":"@PressenzaIPA","twitter_site":"@PressenzaIPA","twitter_misc":{"Escrito por":"Xinhua","Tiempo de lectura":"1 minuto"},"schema":{"@context":"https:\/\/schema.org","@graph":[{"@type":"Article","@id":"https:\/\/www.pressenza.com\/es\/2024\/06\/celebran-manifestacion-en-contra-de-la-extrema-derecha-en-lille-francia\/#article","isPartOf":{"@id":"https:\/\/www.pressenza.com\/es\/2024\/06\/celebran-manifestacion-en-contra-de-la-extrema-derecha-en-lille-francia\/"},"author":{"name":"Xinhua","@id":"https:\/\/www.pressenza.com\/es\/#\/schema\/person\/f7d16a80c42ebb5aefb3b4c8b32b6c2e"},"headline":"Celebran manifestaci\u00f3n en contra de la extrema derecha en Lille, Francia","datePublished":"2024-06-17T21:35:05+00:00","mainEntityOfPage":{"@id":"https:\/\/www.pressenza.com\/es\/2024\/06\/celebran-manifestacion-en-contra-de-la-extrema-derecha-en-lille-francia\/"},"wordCount":74,"publisher":{"@id":"https:\/\/www.pressenza.com\/es\/#organization"},"image":{"@id":"https:\/\/www.pressenza.com\/es\/2024\/06\/celebran-manifestacion-en-contra-de-la-extrema-derecha-en-lille-francia\/#primaryimage"},"thumbnailUrl":"https:\/\/www.pressenza.com\/wp-content\/uploads\/2024\/06\/portada20240617df59c57efcf24f7e8a28aa2f00736890_202406177f4bf750b62241bba2cea2cb82230d46.png","keywords":["Francia","protestas sociales","ultra derecha"],"articleSection":["Europa","Fotorreportajes","Pol\u00edtica"],"inLanguage":"es"},{"@type":"WebPage","@id":"https:\/\/www.pressenza.com\/es\/2024\/06\/celebran-manifestacion-en-contra-de-la-extrema-derecha-en-lille-francia\/","url":"https:\/\/www.pressenza.com\/es\/2024\/06\/celebran-manifestacion-en-contra-de-la-extrema-derecha-en-lille-francia\/","name":"Celebran manifestaci\u00f3n en contra de la extrema derecha en Lille, Francia","isPartOf":{"@id":"https:\/\/www.pressenza.com\/es\/#website"},"primaryImageOfPage":{"@id":"https:\/\/www.pressenza.com\/es\/2024\/06\/celebran-manifestacion-en-contra-de-la-extrema-derecha-en-lille-francia\/#primaryimage"},"image":{"@id":"https:\/\/www.pressenza.com\/es\/2024\/06\/celebran-manifestacion-en-contra-de-la-extrema-derecha-en-lille-francia\/#primaryimage"},"thumbnailUrl":"https:\/\/www.pressenza.com\/wp-content\/uploads\/2024\/06\/portada20240617df59c57efcf24f7e8a28aa2f00736890_202406177f4bf750b62241bba2cea2cb82230d46.png","datePublished":"2024-06-17T21:35:05+00:00","description":"Publicamos las im\u00e1genes del 15 de junio de 2024 de personas participando en una manifestaci\u00f3n en contra de la extrema derecha, en Lille, en el norte de","breadcrumb":{"@id":"https:\/\/www.pressenza.com\/es\/2024\/06\/celebran-manifestacion-en-contra-de-la-extrema-derecha-en-lille-francia\/#breadcrumb"},"inLanguage":"es","potentialAction":[{"@type":"ReadAction","target":["https:\/\/www.pressenza.com\/es\/2024\/06\/celebran-manifestacion-en-contra-de-la-extrema-derecha-en-lille-francia\/"]}]},{"@type":"ImageObject","inLanguage":"es","@id":"https:\/\/www.pressenza.com\/es\/2024\/06\/celebran-manifestacion-en-contra-de-la-extrema-derecha-en-lille-francia\/#primaryimage","url":"https:\/\/www.pressenza.com\/wp-content\/uploads\/2024\/06\/portada20240617df59c57efcf24f7e8a28aa2f00736890_202406177f4bf750b62241bba2cea2cb82230d46.png","contentUrl":"https:\/\/www.pressenza.com\/wp-content\/uploads\/2024\/06\/portada20240617df59c57efcf24f7e8a28aa2f00736890_202406177f4bf750b62241bba2cea2cb82230d46.png","width":1020,"height":680},{"@type":"BreadcrumbList","@id":"https:\/\/www.pressenza.com\/es\/2024\/06\/celebran-manifestacion-en-contra-de-la-extrema-derecha-en-lille-francia\/#breadcrumb","itemListElement":[{"@type":"ListItem","position":1,"name":"Accueil","item":"https:\/\/www.pressenza.com\/es\/"},{"@type":"ListItem","position":2,"name":"Celebran manifestaci\u00f3n en contra de la extrema derecha en Lille, Francia"}]},{"@type":"WebSite","@id":"https:\/\/www.pressenza.com\/es\/#website","url":"https:\/\/www.pressenza.com\/es\/","name":"Pressenza","description":"International Press Agency","publisher":{"@id":"https:\/\/www.pressenza.com\/es\/#organization"},"potentialAction":[{"@type":"SearchAction","target":{"@type":"EntryPoint","urlTemplate":"https:\/\/www.pressenza.com\/es\/?s={search_term_string}"},"query-input":{"@type":"PropertyValueSpecification","valueRequired":true,"valueName":"search_term_string"}}],"inLanguage":"es"},{"@type":"Organization","@id":"https:\/\/www.pressenza.com\/es\/#organization","name":"Pressenza","url":"https:\/\/www.pressenza.com\/es\/","logo":{"@type":"ImageObject","inLanguage":"es","@id":"https:\/\/www.pressenza.com\/es\/#\/schema\/logo\/image\/","url":"https:\/\/www.pressenza.com\/wp-content\/uploads\/2022\/10\/pressenza_logo_200x200.jpg","contentUrl":"https:\/\/www.pressenza.com\/wp-content\/uploads\/2022\/10\/pressenza_logo_200x200.jpg","width":200,"height":200,"caption":"Pressenza"},"image":{"@id":"https:\/\/www.pressenza.com\/es\/#\/schema\/logo\/image\/"},"sameAs":["https:\/\/www.facebook.com\/PressenzaItalia","https:\/\/x.com\/PressenzaIPA"]},{"@type":"Person","@id":"https:\/\/www.pressenza.com\/es\/#\/schema\/person\/f7d16a80c42ebb5aefb3b4c8b32b6c2e","name":"Xinhua","description":"Official State news agency of the People's Republic of China. http:\/\/www.xinhuanet.com\/. \u00a0 \u00a0Xinhua articles and photos published on Pressenza are free to reproduce, provided that the source and author are clearly mentioned.","url":"https:\/\/www.pressenza.com\/es\/author\/xinhua\/"}]}},"place":"Lille, Francia","original_article_url":"https:\/\/spanish.xinhuanet.com\/20240617\/df59c57efcf24f7e8a28aa2f00736890\/c.html","_links":{"self":[{"href":"https:\/\/www.pressenza.com\/es\/wp-json\/wp\/v2\/posts\/2531208","targetHints":{"allow":["GET"]}}],"collection":[{"href":"https:\/\/www.pressenza.com\/es\/wp-json\/wp\/v2\/posts"}],"about":[{"href":"https:\/\/www.pressenza.com\/es\/wp-json\/wp\/v2\/types\/post"}],"author":[{"embeddable":true,"href":"https:\/\/www.pressenza.com\/es\/wp-json\/wp\/v2\/users\/2266"}],"replies":[{"embeddable":true,"href":"https:\/\/www.pressenza.com\/es\/wp-json\/wp\/v2\/comments?post=2531208"}],"version-history":[{"count":0,"href":"https:\/\/www.pressenza.com\/es\/wp-json\/wp\/v2\/posts\/2531208\/revisions"}],"wp:featuredmedia":[{"embeddable":true,"href":"https:\/\/www.pressenza.com\/es\/wp-json\/wp\/v2\/media\/2531210"}],"wp:attachment":[{"href":"https:\/\/www.pressenza.com\/es\/wp-json\/wp\/v2\/media?parent=2531208"}],"wp:term":[{"taxonomy":"category","embeddable":true,"href":"https:\/\/www.pressenza.com\/es\/wp-json\/wp\/v2\/categories?post=2531208"},{"taxonomy":"post_tag","embeddable":true,"href":"https:\/\/www.pressenza.com\/es\/wp-json\/wp\/v2\/tags?post=2531208"}],"curies":[{"name":"wp","href":"https:\/\/api.w.org\/{rel}","templated":true}]}}