{"id":2530802,"date":"2024-06-16T12:15:30","date_gmt":"2024-06-16T11:15:30","guid":{"rendered":"https:\/\/www.pressenza.com\/?p=2530802"},"modified":"2024-06-16T12:15:30","modified_gmt":"2024-06-16T11:15:30","slug":"ceremonia-del-ano-nuevo-mapuche-y-pasacalle-de-chinchintirapie-en-el-barrio-yungay-de-santiago","status":"publish","type":"post","link":"https:\/\/www.pressenza.com\/es\/2024\/06\/ceremonia-del-ano-nuevo-mapuche-y-pasacalle-de-chinchintirapie-en-el-barrio-yungay-de-santiago\/","title":{"rendered":"Ceremonia del A\u00f1o Nuevo Mapuche y pasacalle de Chinchintirapi\u00e9 en el barrio Yungay de Santiago"},"content":{"rendered":"<p>Anoche las calles del Barrio Yungay se llenaron de m\u00fasica y simbolismo gracias a la ceremonia Wetripant\u00fc, con que el pueblo mapuche celebra el cambio de a\u00f1o. En un ambiente festivo y lleno de gente joven y bien organizada (bailarinas, bailarines, orquesta y otras funciones), la murga avanz\u00f3 por las calles, generando curiosidad e inter\u00e9s entre los vecinos.<\/p>\n<p>La ceremonia y el pasacalles estuvieron protagonizados por la gente de la escuela carnavalera Chinchintirapi\u00e9, en colaboraci\u00f3n con el Teatro Comunitario Novedades, que fue punto de partida y de llegada, y en donde los carnavaleros pudieron consumir una reponedora comida y guardar sus disfraces.<\/p>\n<p>&nbsp;<\/p>\n<div class=\"post-gallery\">\n\t\t\t<figure class=\"post-gallery-item\">\n\t\t\t\t<img decoding=\"async\" src=\"https:\/\/www.pressenza.com\/wp-content\/uploads\/2024\/06\/Chinchintirapie_TCN2-1-820x547.jpg\" loading=\"lazy\">\n\t\t\t\t<figcaption>\n\t\t\t\t\t\n\t\t\t\t<\/figcaption>\n\t\t\t<\/figure>\n\t\t\t<figure class=\"post-gallery-item\">\n\t\t\t\t<img decoding=\"async\" src=\"https:\/\/www.pressenza.com\/wp-content\/uploads\/2024\/06\/Chinchintirapie_v2-820x997.jpg\" loading=\"lazy\">\n\t\t\t\t<figcaption>\n\t\t\t\t\t\n\t\t\t\t<\/figcaption>\n\t\t\t<\/figure>\n\t\t\t<figure class=\"post-gallery-item\">\n\t\t\t\t<img decoding=\"async\" src=\"https:\/\/www.pressenza.com\/wp-content\/uploads\/2024\/06\/Chinchintirapie_v3-820x462.jpg\" loading=\"lazy\">\n\t\t\t\t<figcaption>\n\t\t\t\t\tPaso de la murga\n\t\t\t\t<\/figcaption>\n\t\t\t<\/figure><\/div>\n<p>&nbsp;<\/p>\n","protected":false},"excerpt":{"rendered":"<p>Anoche las calles del Barrio Yungay se llenaron de m\u00fasica y simbolismo gracias a la ceremonia Wetripant\u00fc, con que el pueblo mapuche celebra el cambio de a\u00f1o. En un ambiente festivo y lleno de gente joven y bien organizada (bailarinas,&hellip;<\/p>\n","protected":false},"author":1657,"featured_media":2530806,"comment_status":"closed","ping_status":"closed","sticky":false,"template":"","format":"standard","meta":{"footnotes":""},"categories":[11389,75,1241,80,67],"tags":[49342,123825,123824,121373,123826],"class_list":["post-2530802","post","type-post","status-publish","format-standard","has-post-thumbnail","hentry","category-contenido-original","category-cultura-es","category-diversidad","category-pueblos-originarios","category-sudamerica","tag-barrio-yungay","tag-ceremonia-de-ano-nuevo-mapuche","tag-escuela-carnavalesca-chinchintirapie","tag-teatro-comunitario-novedades","tag-wentripantu"],"yoast_head":"<!-- This site is optimized with the Yoast SEO plugin v27.1.1 - https:\/\/yoast.com\/product\/yoast-seo-wordpress\/ -->\n<title>Ceremonia del A\u00f1o Nuevo Mapuche y pasacalle de Chinchintirapi\u00e9 en el barrio Yungay de Santiago<\/title>\n<meta name=\"description\" content=\"Anoche las calles del Barrio Yungay se llenaron de m\u00fasica y simbolismo gracias a la ceremonia Wetripant\u00fc, con que el pueblo mapuche celebra el cambio de\" \/>\n<meta name=\"robots\" content=\"index, follow, max-snippet:-1, max-image-preview:large, max-video-preview:-1\" \/>\n<link rel=\"canonical\" href=\"https:\/\/www.pressenza.com\/es\/2024\/06\/ceremonia-del-ano-nuevo-mapuche-y-pasacalle-de-chinchintirapie-en-el-barrio-yungay-de-santiago\/\" \/>\n<meta property=\"og:locale\" content=\"es_ES\" \/>\n<meta property=\"og:type\" content=\"article\" \/>\n<meta property=\"og:title\" content=\"Ceremonia del A\u00f1o Nuevo Mapuche y pasacalle de Chinchintirapi\u00e9 en el barrio Yungay de Santiago\" \/>\n<meta property=\"og:description\" content=\"Anoche las calles del Barrio Yungay se llenaron de m\u00fasica y simbolismo gracias a la ceremonia Wetripant\u00fc, con que el pueblo mapuche celebra el cambio de\" \/>\n<meta property=\"og:url\" content=\"https:\/\/www.pressenza.com\/es\/2024\/06\/ceremonia-del-ano-nuevo-mapuche-y-pasacalle-de-chinchintirapie-en-el-barrio-yungay-de-santiago\/\" \/>\n<meta property=\"og:site_name\" content=\"Pressenza\" \/>\n<meta property=\"article:publisher\" content=\"https:\/\/www.facebook.com\/PressenzaItalia\" \/>\n<meta property=\"article:published_time\" content=\"2024-06-16T11:15:30+00:00\" \/>\n<meta property=\"og:image\" content=\"https:\/\/www.pressenza.com\/wp-content\/uploads\/2024\/06\/Chinchintirapie_15jun2024_1-e1718536518119.jpeg\" \/>\n\t<meta property=\"og:image:width\" content=\"1392\" \/>\n\t<meta property=\"og:image:height\" content=\"1080\" \/>\n\t<meta property=\"og:image:type\" content=\"image\/jpeg\" \/>\n<meta name=\"author\" content=\"David Mel\u00e9ndez Tormen\" \/>\n<meta name=\"twitter:card\" content=\"summary_large_image\" \/>\n<meta name=\"twitter:creator\" content=\"@PressenzaIPA\" \/>\n<meta name=\"twitter:site\" content=\"@PressenzaIPA\" \/>\n<meta name=\"twitter:label1\" content=\"Escrito por\" \/>\n\t<meta name=\"twitter:data1\" content=\"David Mel\u00e9ndez Tormen\" \/>\n\t<meta name=\"twitter:label2\" content=\"Tiempo de lectura\" \/>\n\t<meta name=\"twitter:data2\" content=\"1 minuto\" \/>\n<script type=\"application\/ld+json\" class=\"yoast-schema-graph\">{\"@context\":\"https:\/\/schema.org\",\"@graph\":[{\"@type\":\"Article\",\"@id\":\"https:\/\/www.pressenza.com\/es\/2024\/06\/ceremonia-del-ano-nuevo-mapuche-y-pasacalle-de-chinchintirapie-en-el-barrio-yungay-de-santiago\/#article\",\"isPartOf\":{\"@id\":\"https:\/\/www.pressenza.com\/es\/2024\/06\/ceremonia-del-ano-nuevo-mapuche-y-pasacalle-de-chinchintirapie-en-el-barrio-yungay-de-santiago\/\"},\"author\":{\"name\":\"David Mel\u00e9ndez Tormen\",\"@id\":\"https:\/\/www.pressenza.com\/es\/#\/schema\/person\/70f60c9c4fac1fd1dfead42691972065\"},\"headline\":\"Ceremonia del A\u00f1o Nuevo Mapuche y pasacalle de Chinchintirapi\u00e9 en el barrio Yungay de Santiago\",\"datePublished\":\"2024-06-16T11:15:30+00:00\",\"mainEntityOfPage\":{\"@id\":\"https:\/\/www.pressenza.com\/es\/2024\/06\/ceremonia-del-ano-nuevo-mapuche-y-pasacalle-de-chinchintirapie-en-el-barrio-yungay-de-santiago\/\"},\"wordCount\":126,\"publisher\":{\"@id\":\"https:\/\/www.pressenza.com\/es\/#organization\"},\"image\":{\"@id\":\"https:\/\/www.pressenza.com\/es\/2024\/06\/ceremonia-del-ano-nuevo-mapuche-y-pasacalle-de-chinchintirapie-en-el-barrio-yungay-de-santiago\/#primaryimage\"},\"thumbnailUrl\":\"https:\/\/www.pressenza.com\/wp-content\/uploads\/2024\/06\/Chinchintirapie_15jun2024_1-e1718536518119.jpeg\",\"keywords\":[\"barrio Yungay\",\"ceremonia de A\u00f1o Nuevo Mapuche\",\"escuela carnavalesca Chinchintirapi\u00e9\",\"Teatro Comunitario Novedades\",\"Wentripant\u00fc\"],\"articleSection\":[\"Contenido Original\",\"Cultura y Medios\",\"Diversidad\",\"Pueblos Originarios\",\"Sudam\u00e9rica\"],\"inLanguage\":\"es\"},{\"@type\":\"WebPage\",\"@id\":\"https:\/\/www.pressenza.com\/es\/2024\/06\/ceremonia-del-ano-nuevo-mapuche-y-pasacalle-de-chinchintirapie-en-el-barrio-yungay-de-santiago\/\",\"url\":\"https:\/\/www.pressenza.com\/es\/2024\/06\/ceremonia-del-ano-nuevo-mapuche-y-pasacalle-de-chinchintirapie-en-el-barrio-yungay-de-santiago\/\",\"name\":\"Ceremonia del A\u00f1o Nuevo Mapuche y pasacalle de Chinchintirapi\u00e9 en el barrio Yungay de Santiago\",\"isPartOf\":{\"@id\":\"https:\/\/www.pressenza.com\/es\/#website\"},\"primaryImageOfPage\":{\"@id\":\"https:\/\/www.pressenza.com\/es\/2024\/06\/ceremonia-del-ano-nuevo-mapuche-y-pasacalle-de-chinchintirapie-en-el-barrio-yungay-de-santiago\/#primaryimage\"},\"image\":{\"@id\":\"https:\/\/www.pressenza.com\/es\/2024\/06\/ceremonia-del-ano-nuevo-mapuche-y-pasacalle-de-chinchintirapie-en-el-barrio-yungay-de-santiago\/#primaryimage\"},\"thumbnailUrl\":\"https:\/\/www.pressenza.com\/wp-content\/uploads\/2024\/06\/Chinchintirapie_15jun2024_1-e1718536518119.jpeg\",\"datePublished\":\"2024-06-16T11:15:30+00:00\",\"description\":\"Anoche las calles del Barrio Yungay se llenaron de m\u00fasica y simbolismo gracias a la ceremonia Wetripant\u00fc, con que el pueblo mapuche celebra el cambio de\",\"breadcrumb\":{\"@id\":\"https:\/\/www.pressenza.com\/es\/2024\/06\/ceremonia-del-ano-nuevo-mapuche-y-pasacalle-de-chinchintirapie-en-el-barrio-yungay-de-santiago\/#breadcrumb\"},\"inLanguage\":\"es\",\"potentialAction\":[{\"@type\":\"ReadAction\",\"target\":[\"https:\/\/www.pressenza.com\/es\/2024\/06\/ceremonia-del-ano-nuevo-mapuche-y-pasacalle-de-chinchintirapie-en-el-barrio-yungay-de-santiago\/\"]}]},{\"@type\":\"ImageObject\",\"inLanguage\":\"es\",\"@id\":\"https:\/\/www.pressenza.com\/es\/2024\/06\/ceremonia-del-ano-nuevo-mapuche-y-pasacalle-de-chinchintirapie-en-el-barrio-yungay-de-santiago\/#primaryimage\",\"url\":\"https:\/\/www.pressenza.com\/wp-content\/uploads\/2024\/06\/Chinchintirapie_15jun2024_1-e1718536518119.jpeg\",\"contentUrl\":\"https:\/\/www.pressenza.com\/wp-content\/uploads\/2024\/06\/Chinchintirapie_15jun2024_1-e1718536518119.jpeg\",\"width\":1392,\"height\":1080,\"caption\":\"Ceremonia de A\u00f1o Nuevo mapuche y pasacalles de la escuela Chinchintirapi\u00e9\"},{\"@type\":\"BreadcrumbList\",\"@id\":\"https:\/\/www.pressenza.com\/es\/2024\/06\/ceremonia-del-ano-nuevo-mapuche-y-pasacalle-de-chinchintirapie-en-el-barrio-yungay-de-santiago\/#breadcrumb\",\"itemListElement\":[{\"@type\":\"ListItem\",\"position\":1,\"name\":\"Accueil\",\"item\":\"https:\/\/www.pressenza.com\/es\/\"},{\"@type\":\"ListItem\",\"position\":2,\"name\":\"Ceremonia del A\u00f1o Nuevo Mapuche y pasacalle de Chinchintirapi\u00e9 en el barrio Yungay de Santiago\"}]},{\"@type\":\"WebSite\",\"@id\":\"https:\/\/www.pressenza.com\/es\/#website\",\"url\":\"https:\/\/www.pressenza.com\/es\/\",\"name\":\"Pressenza\",\"description\":\"International Press Agency\",\"publisher\":{\"@id\":\"https:\/\/www.pressenza.com\/es\/#organization\"},\"potentialAction\":[{\"@type\":\"SearchAction\",\"target\":{\"@type\":\"EntryPoint\",\"urlTemplate\":\"https:\/\/www.pressenza.com\/es\/?s={search_term_string}\"},\"query-input\":{\"@type\":\"PropertyValueSpecification\",\"valueRequired\":true,\"valueName\":\"search_term_string\"}}],\"inLanguage\":\"es\"},{\"@type\":\"Organization\",\"@id\":\"https:\/\/www.pressenza.com\/es\/#organization\",\"name\":\"Pressenza\",\"url\":\"https:\/\/www.pressenza.com\/es\/\",\"logo\":{\"@type\":\"ImageObject\",\"inLanguage\":\"es\",\"@id\":\"https:\/\/www.pressenza.com\/es\/#\/schema\/logo\/image\/\",\"url\":\"https:\/\/www.pressenza.com\/wp-content\/uploads\/2022\/10\/pressenza_logo_200x200.jpg\",\"contentUrl\":\"https:\/\/www.pressenza.com\/wp-content\/uploads\/2022\/10\/pressenza_logo_200x200.jpg\",\"width\":200,\"height\":200,\"caption\":\"Pressenza\"},\"image\":{\"@id\":\"https:\/\/www.pressenza.com\/es\/#\/schema\/logo\/image\/\"},\"sameAs\":[\"https:\/\/www.facebook.com\/PressenzaItalia\",\"https:\/\/x.com\/PressenzaIPA\"]},{\"@type\":\"Person\",\"@id\":\"https:\/\/www.pressenza.com\/es\/#\/schema\/person\/70f60c9c4fac1fd1dfead42691972065\",\"name\":\"David Mel\u00e9ndez Tormen\",\"description\":\"Humanist and diversity activist. Born in 1972 in Santiago de Chile. Bachelor\u2019s Degree in Humanities and German-English to Spanish Translator, with studies in journalism. Currently doing a M.A. on Social Transformations. Collaborator in Pressenza since 2018. Co-author, with Riccardo Marinai, of the book Mjuros que Hablan, a compilation of graffitis from the Chilean \\\"estallido social\\\" of 2019.\",\"url\":\"https:\/\/www.pressenza.com\/es\/author\/david-melendez\/\"}]}<\/script>\n<!-- \/ Yoast SEO plugin. -->","yoast_head_json":{"title":"Ceremonia del A\u00f1o Nuevo Mapuche y pasacalle de Chinchintirapi\u00e9 en el barrio Yungay de Santiago","description":"Anoche las calles del Barrio Yungay se llenaron de m\u00fasica y simbolismo gracias a la ceremonia Wetripant\u00fc, con que el pueblo mapuche celebra el cambio de","robots":{"index":"index","follow":"follow","max-snippet":"max-snippet:-1","max-image-preview":"max-image-preview:large","max-video-preview":"max-video-preview:-1"},"canonical":"https:\/\/www.pressenza.com\/es\/2024\/06\/ceremonia-del-ano-nuevo-mapuche-y-pasacalle-de-chinchintirapie-en-el-barrio-yungay-de-santiago\/","og_locale":"es_ES","og_type":"article","og_title":"Ceremonia del A\u00f1o Nuevo Mapuche y pasacalle de Chinchintirapi\u00e9 en el barrio Yungay de Santiago","og_description":"Anoche las calles del Barrio Yungay se llenaron de m\u00fasica y simbolismo gracias a la ceremonia Wetripant\u00fc, con que el pueblo mapuche celebra el cambio de","og_url":"https:\/\/www.pressenza.com\/es\/2024\/06\/ceremonia-del-ano-nuevo-mapuche-y-pasacalle-de-chinchintirapie-en-el-barrio-yungay-de-santiago\/","og_site_name":"Pressenza","article_publisher":"https:\/\/www.facebook.com\/PressenzaItalia","article_published_time":"2024-06-16T11:15:30+00:00","og_image":[{"width":1392,"height":1080,"url":"https:\/\/www.pressenza.com\/wp-content\/uploads\/2024\/06\/Chinchintirapie_15jun2024_1-e1718536518119.jpeg","type":"image\/jpeg"}],"author":"David Mel\u00e9ndez Tormen","twitter_card":"summary_large_image","twitter_creator":"@PressenzaIPA","twitter_site":"@PressenzaIPA","twitter_misc":{"Escrito por":"David Mel\u00e9ndez Tormen","Tiempo de lectura":"1 minuto"},"schema":{"@context":"https:\/\/schema.org","@graph":[{"@type":"Article","@id":"https:\/\/www.pressenza.com\/es\/2024\/06\/ceremonia-del-ano-nuevo-mapuche-y-pasacalle-de-chinchintirapie-en-el-barrio-yungay-de-santiago\/#article","isPartOf":{"@id":"https:\/\/www.pressenza.com\/es\/2024\/06\/ceremonia-del-ano-nuevo-mapuche-y-pasacalle-de-chinchintirapie-en-el-barrio-yungay-de-santiago\/"},"author":{"name":"David Mel\u00e9ndez Tormen","@id":"https:\/\/www.pressenza.com\/es\/#\/schema\/person\/70f60c9c4fac1fd1dfead42691972065"},"headline":"Ceremonia del A\u00f1o Nuevo Mapuche y pasacalle de Chinchintirapi\u00e9 en el barrio Yungay de Santiago","datePublished":"2024-06-16T11:15:30+00:00","mainEntityOfPage":{"@id":"https:\/\/www.pressenza.com\/es\/2024\/06\/ceremonia-del-ano-nuevo-mapuche-y-pasacalle-de-chinchintirapie-en-el-barrio-yungay-de-santiago\/"},"wordCount":126,"publisher":{"@id":"https:\/\/www.pressenza.com\/es\/#organization"},"image":{"@id":"https:\/\/www.pressenza.com\/es\/2024\/06\/ceremonia-del-ano-nuevo-mapuche-y-pasacalle-de-chinchintirapie-en-el-barrio-yungay-de-santiago\/#primaryimage"},"thumbnailUrl":"https:\/\/www.pressenza.com\/wp-content\/uploads\/2024\/06\/Chinchintirapie_15jun2024_1-e1718536518119.jpeg","keywords":["barrio Yungay","ceremonia de A\u00f1o Nuevo Mapuche","escuela carnavalesca Chinchintirapi\u00e9","Teatro Comunitario Novedades","Wentripant\u00fc"],"articleSection":["Contenido Original","Cultura y Medios","Diversidad","Pueblos Originarios","Sudam\u00e9rica"],"inLanguage":"es"},{"@type":"WebPage","@id":"https:\/\/www.pressenza.com\/es\/2024\/06\/ceremonia-del-ano-nuevo-mapuche-y-pasacalle-de-chinchintirapie-en-el-barrio-yungay-de-santiago\/","url":"https:\/\/www.pressenza.com\/es\/2024\/06\/ceremonia-del-ano-nuevo-mapuche-y-pasacalle-de-chinchintirapie-en-el-barrio-yungay-de-santiago\/","name":"Ceremonia del A\u00f1o Nuevo Mapuche y pasacalle de Chinchintirapi\u00e9 en el barrio Yungay de Santiago","isPartOf":{"@id":"https:\/\/www.pressenza.com\/es\/#website"},"primaryImageOfPage":{"@id":"https:\/\/www.pressenza.com\/es\/2024\/06\/ceremonia-del-ano-nuevo-mapuche-y-pasacalle-de-chinchintirapie-en-el-barrio-yungay-de-santiago\/#primaryimage"},"image":{"@id":"https:\/\/www.pressenza.com\/es\/2024\/06\/ceremonia-del-ano-nuevo-mapuche-y-pasacalle-de-chinchintirapie-en-el-barrio-yungay-de-santiago\/#primaryimage"},"thumbnailUrl":"https:\/\/www.pressenza.com\/wp-content\/uploads\/2024\/06\/Chinchintirapie_15jun2024_1-e1718536518119.jpeg","datePublished":"2024-06-16T11:15:30+00:00","description":"Anoche las calles del Barrio Yungay se llenaron de m\u00fasica y simbolismo gracias a la ceremonia Wetripant\u00fc, con que el pueblo mapuche celebra el cambio de","breadcrumb":{"@id":"https:\/\/www.pressenza.com\/es\/2024\/06\/ceremonia-del-ano-nuevo-mapuche-y-pasacalle-de-chinchintirapie-en-el-barrio-yungay-de-santiago\/#breadcrumb"},"inLanguage":"es","potentialAction":[{"@type":"ReadAction","target":["https:\/\/www.pressenza.com\/es\/2024\/06\/ceremonia-del-ano-nuevo-mapuche-y-pasacalle-de-chinchintirapie-en-el-barrio-yungay-de-santiago\/"]}]},{"@type":"ImageObject","inLanguage":"es","@id":"https:\/\/www.pressenza.com\/es\/2024\/06\/ceremonia-del-ano-nuevo-mapuche-y-pasacalle-de-chinchintirapie-en-el-barrio-yungay-de-santiago\/#primaryimage","url":"https:\/\/www.pressenza.com\/wp-content\/uploads\/2024\/06\/Chinchintirapie_15jun2024_1-e1718536518119.jpeg","contentUrl":"https:\/\/www.pressenza.com\/wp-content\/uploads\/2024\/06\/Chinchintirapie_15jun2024_1-e1718536518119.jpeg","width":1392,"height":1080,"caption":"Ceremonia de A\u00f1o Nuevo mapuche y pasacalles de la escuela Chinchintirapi\u00e9"},{"@type":"BreadcrumbList","@id":"https:\/\/www.pressenza.com\/es\/2024\/06\/ceremonia-del-ano-nuevo-mapuche-y-pasacalle-de-chinchintirapie-en-el-barrio-yungay-de-santiago\/#breadcrumb","itemListElement":[{"@type":"ListItem","position":1,"name":"Accueil","item":"https:\/\/www.pressenza.com\/es\/"},{"@type":"ListItem","position":2,"name":"Ceremonia del A\u00f1o Nuevo Mapuche y pasacalle de Chinchintirapi\u00e9 en el barrio Yungay de Santiago"}]},{"@type":"WebSite","@id":"https:\/\/www.pressenza.com\/es\/#website","url":"https:\/\/www.pressenza.com\/es\/","name":"Pressenza","description":"International Press Agency","publisher":{"@id":"https:\/\/www.pressenza.com\/es\/#organization"},"potentialAction":[{"@type":"SearchAction","target":{"@type":"EntryPoint","urlTemplate":"https:\/\/www.pressenza.com\/es\/?s={search_term_string}"},"query-input":{"@type":"PropertyValueSpecification","valueRequired":true,"valueName":"search_term_string"}}],"inLanguage":"es"},{"@type":"Organization","@id":"https:\/\/www.pressenza.com\/es\/#organization","name":"Pressenza","url":"https:\/\/www.pressenza.com\/es\/","logo":{"@type":"ImageObject","inLanguage":"es","@id":"https:\/\/www.pressenza.com\/es\/#\/schema\/logo\/image\/","url":"https:\/\/www.pressenza.com\/wp-content\/uploads\/2022\/10\/pressenza_logo_200x200.jpg","contentUrl":"https:\/\/www.pressenza.com\/wp-content\/uploads\/2022\/10\/pressenza_logo_200x200.jpg","width":200,"height":200,"caption":"Pressenza"},"image":{"@id":"https:\/\/www.pressenza.com\/es\/#\/schema\/logo\/image\/"},"sameAs":["https:\/\/www.facebook.com\/PressenzaItalia","https:\/\/x.com\/PressenzaIPA"]},{"@type":"Person","@id":"https:\/\/www.pressenza.com\/es\/#\/schema\/person\/70f60c9c4fac1fd1dfead42691972065","name":"David Mel\u00e9ndez Tormen","description":"Humanist and diversity activist. Born in 1972 in Santiago de Chile. Bachelor\u2019s Degree in Humanities and German-English to Spanish Translator, with studies in journalism. Currently doing a M.A. on Social Transformations. Collaborator in Pressenza since 2018. Co-author, with Riccardo Marinai, of the book Mjuros que Hablan, a compilation of graffitis from the Chilean \"estallido social\" of 2019.","url":"https:\/\/www.pressenza.com\/es\/author\/david-melendez\/"}]}},"place":"Barrio Yungay, Santiago de Chile","original_article_url":"","_links":{"self":[{"href":"https:\/\/www.pressenza.com\/es\/wp-json\/wp\/v2\/posts\/2530802","targetHints":{"allow":["GET"]}}],"collection":[{"href":"https:\/\/www.pressenza.com\/es\/wp-json\/wp\/v2\/posts"}],"about":[{"href":"https:\/\/www.pressenza.com\/es\/wp-json\/wp\/v2\/types\/post"}],"author":[{"embeddable":true,"href":"https:\/\/www.pressenza.com\/es\/wp-json\/wp\/v2\/users\/1657"}],"replies":[{"embeddable":true,"href":"https:\/\/www.pressenza.com\/es\/wp-json\/wp\/v2\/comments?post=2530802"}],"version-history":[{"count":0,"href":"https:\/\/www.pressenza.com\/es\/wp-json\/wp\/v2\/posts\/2530802\/revisions"}],"wp:featuredmedia":[{"embeddable":true,"href":"https:\/\/www.pressenza.com\/es\/wp-json\/wp\/v2\/media\/2530806"}],"wp:attachment":[{"href":"https:\/\/www.pressenza.com\/es\/wp-json\/wp\/v2\/media?parent=2530802"}],"wp:term":[{"taxonomy":"category","embeddable":true,"href":"https:\/\/www.pressenza.com\/es\/wp-json\/wp\/v2\/categories?post=2530802"},{"taxonomy":"post_tag","embeddable":true,"href":"https:\/\/www.pressenza.com\/es\/wp-json\/wp\/v2\/tags?post=2530802"}],"curies":[{"name":"wp","href":"https:\/\/api.w.org\/{rel}","templated":true}]}}