{"id":2530429,"date":"2024-06-14T20:04:26","date_gmt":"2024-06-14T19:04:26","guid":{"rendered":"https:\/\/www.pressenza.com\/?p=2530429"},"modified":"2024-06-14T23:16:34","modified_gmt":"2024-06-14T22:16:34","slug":"pregon-wetxipantru-del-colectivo-chinchintirapie-en-el-teatro-novedades","status":"publish","type":"post","link":"https:\/\/www.pressenza.com\/es\/2024\/06\/pregon-wetxipantru-del-colectivo-chinchintirapie-en-el-teatro-novedades\/","title":{"rendered":"Preg\u00f3n Wetxipantr\u00fc del colectivo Chinchintirapi\u00e9, en el Teatro Comunitario Novedades"},"content":{"rendered":"<p>Este s\u00e1bado 15, a partir de las 19 pm, partir\u00e1 el Preg\u00f3n Wetxipantr\u00fc de la escuela carnavalera <a href=\"https:\/\/www.facebook.com\/chinchintirapie\/?locale=es_LA\">ChinChinTirapi\u00e9<\/a>\u00a0a beneficio de las artistas del canto y el teatro Lorenza Aillap\u00e1n y Mar\u00eda Ca\u00f1umir, en el Teatro Comunitario Novedades.<\/p>\n<p>Vengan en patota a saumeriar al bello barrio. Hay que pedir con el coraz\u00f3n que lleguen cosas buenas a este territorio.<\/p>\n<p>\u00a1No olvides llevar alimentos no perecibles para cooperar con Lorenza y su comunidad!<\/p>\n<p>&nbsp;<\/p>\n<div class=\"post-gallery\">\n\t\t\t<figure class=\"post-gallery-item\">\n\t\t\t\t<img decoding=\"async\" src=\"https:\/\/www.pressenza.com\/wp-content\/uploads\/2024\/06\/Chinchintirapie_TCN2-820x547.jpg\" loading=\"lazy\">\n\t\t\t\t<figcaption>\n\t\t\t\t\tChinchintirapie frente a Teatro Comunitario Novedades\n\t\t\t\t<\/figcaption>\n\t\t\t<\/figure>\n\t\t\t<figure class=\"post-gallery-item\">\n\t\t\t\t<img decoding=\"async\" src=\"https:\/\/www.pressenza.com\/wp-content\/uploads\/2024\/06\/Chinchintirapie_TCN-820x547.jpg\" loading=\"lazy\">\n\t\t\t\t<figcaption>\n\t\t\t\t\tChinchintirapie frente a Teatro Comunitario Novedades\n\t\t\t\t<\/figcaption>\n\t\t\t<\/figure>\n\t\t\t<figure class=\"post-gallery-item\">\n\t\t\t\t<img decoding=\"async\" src=\"https:\/\/www.pressenza.com\/wp-content\/uploads\/2024\/06\/Chinchintirapie_15jun2024-724x1024.jpeg\" loading=\"lazy\">\n\t\t\t\t<figcaption>\n\t\t\t\t\tChinchintirapie frente a Teatro Comunitario Novedades\n\t\t\t\t<\/figcaption>\n\t\t\t<\/figure><\/div>\n<p>&nbsp;<\/p>\n","protected":false},"excerpt":{"rendered":"<p>Este s\u00e1bado 15, a partir de las 19 pm, partir\u00e1 el Preg\u00f3n Wetxipantr\u00fc de la escuela carnavalera ChinChinTirapi\u00e9\u00a0a beneficio de las artistas del canto y el teatro Lorenza Aillap\u00e1n y Mar\u00eda Ca\u00f1umir, en el Teatro Comunitario Novedades. Vengan en patota&hellip;<\/p>\n","protected":false},"author":1657,"featured_media":2530504,"comment_status":"closed","ping_status":"closed","sticky":false,"template":"","format":"standard","meta":{"footnotes":""},"categories":[11389,75,1241,80,67],"tags":[49342,123771,123772,123773,121373],"class_list":["post-2530429","post","type-post","status-publish","format-standard","has-post-thumbnail","hentry","category-contenido-original","category-cultura-es","category-diversidad","category-pueblos-originarios","category-sudamerica","tag-barrio-yungay","tag-colectivo-chinchintirapie","tag-lorenza-aillapan","tag-pregon-wetxipantru","tag-teatro-comunitario-novedades"],"yoast_head":"<!-- This site is optimized with the Yoast SEO plugin v27.1.1 - https:\/\/yoast.com\/product\/yoast-seo-wordpress\/ -->\n<title>Preg\u00f3n Wetxipantr\u00fc del colectivo Chinchintirapi\u00e9, en el Teatro Comunitario Novedades<\/title>\n<meta name=\"description\" content=\"Este s\u00e1bado 15, a partir de las 19 pm, partir\u00e1 el Preg\u00f3n Wetxipantr\u00fc de la escuela carnavalera ChinChinTirapi\u00e9\u00a0a beneficio de las artistas del canto y el\" \/>\n<meta name=\"robots\" content=\"index, follow, max-snippet:-1, max-image-preview:large, max-video-preview:-1\" \/>\n<link rel=\"canonical\" href=\"https:\/\/www.pressenza.com\/es\/2024\/06\/pregon-wetxipantru-del-colectivo-chinchintirapie-en-el-teatro-novedades\/\" \/>\n<meta property=\"og:locale\" content=\"es_ES\" \/>\n<meta property=\"og:type\" content=\"article\" \/>\n<meta property=\"og:title\" content=\"Preg\u00f3n Wetxipantr\u00fc del colectivo Chinchintirapi\u00e9, en el Teatro Comunitario Novedades\" \/>\n<meta property=\"og:description\" content=\"Este s\u00e1bado 15, a partir de las 19 pm, partir\u00e1 el Preg\u00f3n Wetxipantr\u00fc de la escuela carnavalera ChinChinTirapi\u00e9\u00a0a beneficio de las artistas del canto y el\" \/>\n<meta property=\"og:url\" content=\"https:\/\/www.pressenza.com\/es\/2024\/06\/pregon-wetxipantru-del-colectivo-chinchintirapie-en-el-teatro-novedades\/\" \/>\n<meta property=\"og:site_name\" content=\"Pressenza\" \/>\n<meta property=\"article:publisher\" content=\"https:\/\/www.facebook.com\/PressenzaItalia\" \/>\n<meta property=\"article:published_time\" content=\"2024-06-14T19:04:26+00:00\" \/>\n<meta property=\"article:modified_time\" content=\"2024-06-14T22:16:34+00:00\" \/>\n<meta property=\"og:image\" content=\"https:\/\/www.pressenza.com\/wp-content\/uploads\/2024\/06\/Pregon-Chinchintirapie-jun-2024.jpeg\" \/>\n\t<meta property=\"og:image:width\" content=\"1255\" \/>\n\t<meta property=\"og:image:height\" content=\"1600\" \/>\n\t<meta property=\"og:image:type\" content=\"image\/jpeg\" \/>\n<meta name=\"author\" content=\"David Mel\u00e9ndez Tormen\" \/>\n<meta name=\"twitter:card\" content=\"summary_large_image\" \/>\n<meta name=\"twitter:creator\" content=\"@PressenzaIPA\" \/>\n<meta name=\"twitter:site\" content=\"@PressenzaIPA\" \/>\n<meta name=\"twitter:label1\" content=\"Escrito por\" \/>\n\t<meta name=\"twitter:data1\" content=\"David Mel\u00e9ndez Tormen\" \/>\n\t<meta name=\"twitter:label2\" content=\"Tiempo de lectura\" \/>\n\t<meta name=\"twitter:data2\" content=\"1 minuto\" \/>\n<script type=\"application\/ld+json\" class=\"yoast-schema-graph\">{\"@context\":\"https:\/\/schema.org\",\"@graph\":[{\"@type\":\"Article\",\"@id\":\"https:\/\/www.pressenza.com\/es\/2024\/06\/pregon-wetxipantru-del-colectivo-chinchintirapie-en-el-teatro-novedades\/#article\",\"isPartOf\":{\"@id\":\"https:\/\/www.pressenza.com\/es\/2024\/06\/pregon-wetxipantru-del-colectivo-chinchintirapie-en-el-teatro-novedades\/\"},\"author\":{\"name\":\"David Mel\u00e9ndez Tormen\",\"@id\":\"https:\/\/www.pressenza.com\/es\/#\/schema\/person\/70f60c9c4fac1fd1dfead42691972065\"},\"headline\":\"Preg\u00f3n Wetxipantr\u00fc del colectivo Chinchintirapi\u00e9, en el Teatro Comunitario Novedades\",\"datePublished\":\"2024-06-14T19:04:26+00:00\",\"dateModified\":\"2024-06-14T22:16:34+00:00\",\"mainEntityOfPage\":{\"@id\":\"https:\/\/www.pressenza.com\/es\/2024\/06\/pregon-wetxipantru-del-colectivo-chinchintirapie-en-el-teatro-novedades\/\"},\"wordCount\":91,\"publisher\":{\"@id\":\"https:\/\/www.pressenza.com\/es\/#organization\"},\"image\":{\"@id\":\"https:\/\/www.pressenza.com\/es\/2024\/06\/pregon-wetxipantru-del-colectivo-chinchintirapie-en-el-teatro-novedades\/#primaryimage\"},\"thumbnailUrl\":\"https:\/\/www.pressenza.com\/wp-content\/uploads\/2024\/06\/Pregon-Chinchintirapie-jun-2024.jpeg\",\"keywords\":[\"barrio Yungay\",\"colectivo Chinchintirapie\",\"Lorenza Aillap\u00e1n\",\"preg\u00f3n Wetxipantru\",\"Teatro Comunitario Novedades\"],\"articleSection\":[\"Contenido Original\",\"Cultura y Medios\",\"Diversidad\",\"Pueblos Originarios\",\"Sudam\u00e9rica\"],\"inLanguage\":\"es\"},{\"@type\":\"WebPage\",\"@id\":\"https:\/\/www.pressenza.com\/es\/2024\/06\/pregon-wetxipantru-del-colectivo-chinchintirapie-en-el-teatro-novedades\/\",\"url\":\"https:\/\/www.pressenza.com\/es\/2024\/06\/pregon-wetxipantru-del-colectivo-chinchintirapie-en-el-teatro-novedades\/\",\"name\":\"Preg\u00f3n Wetxipantr\u00fc del colectivo Chinchintirapi\u00e9, en el Teatro Comunitario Novedades\",\"isPartOf\":{\"@id\":\"https:\/\/www.pressenza.com\/es\/#website\"},\"primaryImageOfPage\":{\"@id\":\"https:\/\/www.pressenza.com\/es\/2024\/06\/pregon-wetxipantru-del-colectivo-chinchintirapie-en-el-teatro-novedades\/#primaryimage\"},\"image\":{\"@id\":\"https:\/\/www.pressenza.com\/es\/2024\/06\/pregon-wetxipantru-del-colectivo-chinchintirapie-en-el-teatro-novedades\/#primaryimage\"},\"thumbnailUrl\":\"https:\/\/www.pressenza.com\/wp-content\/uploads\/2024\/06\/Pregon-Chinchintirapie-jun-2024.jpeg\",\"datePublished\":\"2024-06-14T19:04:26+00:00\",\"dateModified\":\"2024-06-14T22:16:34+00:00\",\"description\":\"Este s\u00e1bado 15, a partir de las 19 pm, partir\u00e1 el Preg\u00f3n Wetxipantr\u00fc de la escuela carnavalera ChinChinTirapi\u00e9\u00a0a beneficio de las artistas del canto y el\",\"breadcrumb\":{\"@id\":\"https:\/\/www.pressenza.com\/es\/2024\/06\/pregon-wetxipantru-del-colectivo-chinchintirapie-en-el-teatro-novedades\/#breadcrumb\"},\"inLanguage\":\"es\",\"potentialAction\":[{\"@type\":\"ReadAction\",\"target\":[\"https:\/\/www.pressenza.com\/es\/2024\/06\/pregon-wetxipantru-del-colectivo-chinchintirapie-en-el-teatro-novedades\/\"]}]},{\"@type\":\"ImageObject\",\"inLanguage\":\"es\",\"@id\":\"https:\/\/www.pressenza.com\/es\/2024\/06\/pregon-wetxipantru-del-colectivo-chinchintirapie-en-el-teatro-novedades\/#primaryimage\",\"url\":\"https:\/\/www.pressenza.com\/wp-content\/uploads\/2024\/06\/Pregon-Chinchintirapie-jun-2024.jpeg\",\"contentUrl\":\"https:\/\/www.pressenza.com\/wp-content\/uploads\/2024\/06\/Pregon-Chinchintirapie-jun-2024.jpeg\",\"width\":1255,\"height\":1600},{\"@type\":\"BreadcrumbList\",\"@id\":\"https:\/\/www.pressenza.com\/es\/2024\/06\/pregon-wetxipantru-del-colectivo-chinchintirapie-en-el-teatro-novedades\/#breadcrumb\",\"itemListElement\":[{\"@type\":\"ListItem\",\"position\":1,\"name\":\"Accueil\",\"item\":\"https:\/\/www.pressenza.com\/es\/\"},{\"@type\":\"ListItem\",\"position\":2,\"name\":\"Preg\u00f3n Wetxipantr\u00fc del colectivo Chinchintirapi\u00e9, en el Teatro Comunitario Novedades\"}]},{\"@type\":\"WebSite\",\"@id\":\"https:\/\/www.pressenza.com\/es\/#website\",\"url\":\"https:\/\/www.pressenza.com\/es\/\",\"name\":\"Pressenza\",\"description\":\"International Press Agency\",\"publisher\":{\"@id\":\"https:\/\/www.pressenza.com\/es\/#organization\"},\"potentialAction\":[{\"@type\":\"SearchAction\",\"target\":{\"@type\":\"EntryPoint\",\"urlTemplate\":\"https:\/\/www.pressenza.com\/es\/?s={search_term_string}\"},\"query-input\":{\"@type\":\"PropertyValueSpecification\",\"valueRequired\":true,\"valueName\":\"search_term_string\"}}],\"inLanguage\":\"es\"},{\"@type\":\"Organization\",\"@id\":\"https:\/\/www.pressenza.com\/es\/#organization\",\"name\":\"Pressenza\",\"url\":\"https:\/\/www.pressenza.com\/es\/\",\"logo\":{\"@type\":\"ImageObject\",\"inLanguage\":\"es\",\"@id\":\"https:\/\/www.pressenza.com\/es\/#\/schema\/logo\/image\/\",\"url\":\"https:\/\/www.pressenza.com\/wp-content\/uploads\/2022\/10\/pressenza_logo_200x200.jpg\",\"contentUrl\":\"https:\/\/www.pressenza.com\/wp-content\/uploads\/2022\/10\/pressenza_logo_200x200.jpg\",\"width\":200,\"height\":200,\"caption\":\"Pressenza\"},\"image\":{\"@id\":\"https:\/\/www.pressenza.com\/es\/#\/schema\/logo\/image\/\"},\"sameAs\":[\"https:\/\/www.facebook.com\/PressenzaItalia\",\"https:\/\/x.com\/PressenzaIPA\"]},{\"@type\":\"Person\",\"@id\":\"https:\/\/www.pressenza.com\/es\/#\/schema\/person\/70f60c9c4fac1fd1dfead42691972065\",\"name\":\"David Mel\u00e9ndez Tormen\",\"description\":\"Humanist and diversity activist. Born in 1972 in Santiago de Chile. Bachelor\u2019s Degree in Humanities and German-English to Spanish Translator, with studies in journalism. Currently doing a M.A. on Social Transformations. Collaborator in Pressenza since 2018. Co-author, with Riccardo Marinai, of the book Mjuros que Hablan, a compilation of graffitis from the Chilean \\\"estallido social\\\" of 2019.\",\"url\":\"https:\/\/www.pressenza.com\/es\/author\/david-melendez\/\"}]}<\/script>\n<!-- \/ Yoast SEO plugin. -->","yoast_head_json":{"title":"Preg\u00f3n Wetxipantr\u00fc del colectivo Chinchintirapi\u00e9, en el Teatro Comunitario Novedades","description":"Este s\u00e1bado 15, a partir de las 19 pm, partir\u00e1 el Preg\u00f3n Wetxipantr\u00fc de la escuela carnavalera ChinChinTirapi\u00e9\u00a0a beneficio de las artistas del canto y el","robots":{"index":"index","follow":"follow","max-snippet":"max-snippet:-1","max-image-preview":"max-image-preview:large","max-video-preview":"max-video-preview:-1"},"canonical":"https:\/\/www.pressenza.com\/es\/2024\/06\/pregon-wetxipantru-del-colectivo-chinchintirapie-en-el-teatro-novedades\/","og_locale":"es_ES","og_type":"article","og_title":"Preg\u00f3n Wetxipantr\u00fc del colectivo Chinchintirapi\u00e9, en el Teatro Comunitario Novedades","og_description":"Este s\u00e1bado 15, a partir de las 19 pm, partir\u00e1 el Preg\u00f3n Wetxipantr\u00fc de la escuela carnavalera ChinChinTirapi\u00e9\u00a0a beneficio de las artistas del canto y el","og_url":"https:\/\/www.pressenza.com\/es\/2024\/06\/pregon-wetxipantru-del-colectivo-chinchintirapie-en-el-teatro-novedades\/","og_site_name":"Pressenza","article_publisher":"https:\/\/www.facebook.com\/PressenzaItalia","article_published_time":"2024-06-14T19:04:26+00:00","article_modified_time":"2024-06-14T22:16:34+00:00","og_image":[{"width":1255,"height":1600,"url":"https:\/\/www.pressenza.com\/wp-content\/uploads\/2024\/06\/Pregon-Chinchintirapie-jun-2024.jpeg","type":"image\/jpeg"}],"author":"David Mel\u00e9ndez Tormen","twitter_card":"summary_large_image","twitter_creator":"@PressenzaIPA","twitter_site":"@PressenzaIPA","twitter_misc":{"Escrito por":"David Mel\u00e9ndez Tormen","Tiempo de lectura":"1 minuto"},"schema":{"@context":"https:\/\/schema.org","@graph":[{"@type":"Article","@id":"https:\/\/www.pressenza.com\/es\/2024\/06\/pregon-wetxipantru-del-colectivo-chinchintirapie-en-el-teatro-novedades\/#article","isPartOf":{"@id":"https:\/\/www.pressenza.com\/es\/2024\/06\/pregon-wetxipantru-del-colectivo-chinchintirapie-en-el-teatro-novedades\/"},"author":{"name":"David Mel\u00e9ndez Tormen","@id":"https:\/\/www.pressenza.com\/es\/#\/schema\/person\/70f60c9c4fac1fd1dfead42691972065"},"headline":"Preg\u00f3n Wetxipantr\u00fc del colectivo Chinchintirapi\u00e9, en el Teatro Comunitario Novedades","datePublished":"2024-06-14T19:04:26+00:00","dateModified":"2024-06-14T22:16:34+00:00","mainEntityOfPage":{"@id":"https:\/\/www.pressenza.com\/es\/2024\/06\/pregon-wetxipantru-del-colectivo-chinchintirapie-en-el-teatro-novedades\/"},"wordCount":91,"publisher":{"@id":"https:\/\/www.pressenza.com\/es\/#organization"},"image":{"@id":"https:\/\/www.pressenza.com\/es\/2024\/06\/pregon-wetxipantru-del-colectivo-chinchintirapie-en-el-teatro-novedades\/#primaryimage"},"thumbnailUrl":"https:\/\/www.pressenza.com\/wp-content\/uploads\/2024\/06\/Pregon-Chinchintirapie-jun-2024.jpeg","keywords":["barrio Yungay","colectivo Chinchintirapie","Lorenza Aillap\u00e1n","preg\u00f3n Wetxipantru","Teatro Comunitario Novedades"],"articleSection":["Contenido Original","Cultura y Medios","Diversidad","Pueblos Originarios","Sudam\u00e9rica"],"inLanguage":"es"},{"@type":"WebPage","@id":"https:\/\/www.pressenza.com\/es\/2024\/06\/pregon-wetxipantru-del-colectivo-chinchintirapie-en-el-teatro-novedades\/","url":"https:\/\/www.pressenza.com\/es\/2024\/06\/pregon-wetxipantru-del-colectivo-chinchintirapie-en-el-teatro-novedades\/","name":"Preg\u00f3n Wetxipantr\u00fc del colectivo Chinchintirapi\u00e9, en el Teatro Comunitario Novedades","isPartOf":{"@id":"https:\/\/www.pressenza.com\/es\/#website"},"primaryImageOfPage":{"@id":"https:\/\/www.pressenza.com\/es\/2024\/06\/pregon-wetxipantru-del-colectivo-chinchintirapie-en-el-teatro-novedades\/#primaryimage"},"image":{"@id":"https:\/\/www.pressenza.com\/es\/2024\/06\/pregon-wetxipantru-del-colectivo-chinchintirapie-en-el-teatro-novedades\/#primaryimage"},"thumbnailUrl":"https:\/\/www.pressenza.com\/wp-content\/uploads\/2024\/06\/Pregon-Chinchintirapie-jun-2024.jpeg","datePublished":"2024-06-14T19:04:26+00:00","dateModified":"2024-06-14T22:16:34+00:00","description":"Este s\u00e1bado 15, a partir de las 19 pm, partir\u00e1 el Preg\u00f3n Wetxipantr\u00fc de la escuela carnavalera ChinChinTirapi\u00e9\u00a0a beneficio de las artistas del canto y el","breadcrumb":{"@id":"https:\/\/www.pressenza.com\/es\/2024\/06\/pregon-wetxipantru-del-colectivo-chinchintirapie-en-el-teatro-novedades\/#breadcrumb"},"inLanguage":"es","potentialAction":[{"@type":"ReadAction","target":["https:\/\/www.pressenza.com\/es\/2024\/06\/pregon-wetxipantru-del-colectivo-chinchintirapie-en-el-teatro-novedades\/"]}]},{"@type":"ImageObject","inLanguage":"es","@id":"https:\/\/www.pressenza.com\/es\/2024\/06\/pregon-wetxipantru-del-colectivo-chinchintirapie-en-el-teatro-novedades\/#primaryimage","url":"https:\/\/www.pressenza.com\/wp-content\/uploads\/2024\/06\/Pregon-Chinchintirapie-jun-2024.jpeg","contentUrl":"https:\/\/www.pressenza.com\/wp-content\/uploads\/2024\/06\/Pregon-Chinchintirapie-jun-2024.jpeg","width":1255,"height":1600},{"@type":"BreadcrumbList","@id":"https:\/\/www.pressenza.com\/es\/2024\/06\/pregon-wetxipantru-del-colectivo-chinchintirapie-en-el-teatro-novedades\/#breadcrumb","itemListElement":[{"@type":"ListItem","position":1,"name":"Accueil","item":"https:\/\/www.pressenza.com\/es\/"},{"@type":"ListItem","position":2,"name":"Preg\u00f3n Wetxipantr\u00fc del colectivo Chinchintirapi\u00e9, en el Teatro Comunitario Novedades"}]},{"@type":"WebSite","@id":"https:\/\/www.pressenza.com\/es\/#website","url":"https:\/\/www.pressenza.com\/es\/","name":"Pressenza","description":"International Press Agency","publisher":{"@id":"https:\/\/www.pressenza.com\/es\/#organization"},"potentialAction":[{"@type":"SearchAction","target":{"@type":"EntryPoint","urlTemplate":"https:\/\/www.pressenza.com\/es\/?s={search_term_string}"},"query-input":{"@type":"PropertyValueSpecification","valueRequired":true,"valueName":"search_term_string"}}],"inLanguage":"es"},{"@type":"Organization","@id":"https:\/\/www.pressenza.com\/es\/#organization","name":"Pressenza","url":"https:\/\/www.pressenza.com\/es\/","logo":{"@type":"ImageObject","inLanguage":"es","@id":"https:\/\/www.pressenza.com\/es\/#\/schema\/logo\/image\/","url":"https:\/\/www.pressenza.com\/wp-content\/uploads\/2022\/10\/pressenza_logo_200x200.jpg","contentUrl":"https:\/\/www.pressenza.com\/wp-content\/uploads\/2022\/10\/pressenza_logo_200x200.jpg","width":200,"height":200,"caption":"Pressenza"},"image":{"@id":"https:\/\/www.pressenza.com\/es\/#\/schema\/logo\/image\/"},"sameAs":["https:\/\/www.facebook.com\/PressenzaItalia","https:\/\/x.com\/PressenzaIPA"]},{"@type":"Person","@id":"https:\/\/www.pressenza.com\/es\/#\/schema\/person\/70f60c9c4fac1fd1dfead42691972065","name":"David Mel\u00e9ndez Tormen","description":"Humanist and diversity activist. Born in 1972 in Santiago de Chile. Bachelor\u2019s Degree in Humanities and German-English to Spanish Translator, with studies in journalism. Currently doing a M.A. on Social Transformations. Collaborator in Pressenza since 2018. Co-author, with Riccardo Marinai, of the book Mjuros que Hablan, a compilation of graffitis from the Chilean \"estallido social\" of 2019.","url":"https:\/\/www.pressenza.com\/es\/author\/david-melendez\/"}]}},"place":"Santiago de Chile","original_article_url":"","_links":{"self":[{"href":"https:\/\/www.pressenza.com\/es\/wp-json\/wp\/v2\/posts\/2530429","targetHints":{"allow":["GET"]}}],"collection":[{"href":"https:\/\/www.pressenza.com\/es\/wp-json\/wp\/v2\/posts"}],"about":[{"href":"https:\/\/www.pressenza.com\/es\/wp-json\/wp\/v2\/types\/post"}],"author":[{"embeddable":true,"href":"https:\/\/www.pressenza.com\/es\/wp-json\/wp\/v2\/users\/1657"}],"replies":[{"embeddable":true,"href":"https:\/\/www.pressenza.com\/es\/wp-json\/wp\/v2\/comments?post=2530429"}],"version-history":[{"count":0,"href":"https:\/\/www.pressenza.com\/es\/wp-json\/wp\/v2\/posts\/2530429\/revisions"}],"wp:featuredmedia":[{"embeddable":true,"href":"https:\/\/www.pressenza.com\/es\/wp-json\/wp\/v2\/media\/2530504"}],"wp:attachment":[{"href":"https:\/\/www.pressenza.com\/es\/wp-json\/wp\/v2\/media?parent=2530429"}],"wp:term":[{"taxonomy":"category","embeddable":true,"href":"https:\/\/www.pressenza.com\/es\/wp-json\/wp\/v2\/categories?post=2530429"},{"taxonomy":"post_tag","embeddable":true,"href":"https:\/\/www.pressenza.com\/es\/wp-json\/wp\/v2\/tags?post=2530429"}],"curies":[{"name":"wp","href":"https:\/\/api.w.org\/{rel}","templated":true}]}}