{"id":253014,"date":"2015-12-03T16:12:51","date_gmt":"2015-12-03T16:12:51","guid":{"rendered":"http:\/\/www.pressenza.com\/es\/?p=253014"},"modified":"2015-12-03T16:12:51","modified_gmt":"2015-12-03T16:12:51","slug":"253014","status":"publish","type":"post","link":"https:\/\/www.pressenza.com\/es\/2015\/12\/253014\/","title":{"rendered":"Esta semana en \u201cRegional y Popular\u201d: Situaci\u00f3n de derechos de las Personas con Discapacidad en Am\u00e9rica Latina y el Caribe."},"content":{"rendered":"<p>En 1992, al t\u00e9rmino del Decenio de las Naciones Unidas para los Impedidos (1983-1992), la Asamblea General proclam\u00f3 el d\u00eda 3 de Diciembre como \u201cD\u00eda Internacional de las Personas con Discapacidad\u201d.<\/p>\n<p>En Am\u00e9rica Latina y el Caribe viven unos 50 millones de seres humanos con alg\u00fan tipo de discapacidad. En la presente entrega del segmento radiof\u00f3nico Regional y Popular analizamos la situaci\u00f3n de sus derechos en los distintos pa\u00edses.<\/p>\n<p>Contamos en este programa con la participaci\u00f3n destacada de Jos\u00e9 Mar\u00eda Constantini, coordinador de la Mesa de Discapacidad del ciclo Di\u00e1logos en el Honorable Senado de la Naci\u00f3n Argentina. Participan adem\u00e1s, como es habitual, Cristina Vergara en la conducci\u00f3n, Javier Tolcachier en el an\u00e1lisis y en la edici\u00f3n y musicalizaci\u00f3n, Lucas Robaldo. <\/p>\n<p>\u201cRegional y Popular\u201d es un micro programa de aproximadamente quince minutos centrado en la integraci\u00f3n regional, producido desde la agencia internacional de noticias de Paz y No Violencia Pressenza, en colaboraci\u00f3n con radio comunitaria La Ranchada, de C\u00f3rdoba, Argentina.<\/p>\n<p>Si se quiere incluirlo en un programa o como parte de la programaci\u00f3n de una emisora, se puede descargar desde Pressenza o solicitarlo escribiendo a javiert@arnet.com.ar y enviando un correo de contacto para recibir cada entrega semanalmente.  <\/p>\n<p>A continuaci\u00f3n, el cap\u00edtulo sobre la situaci\u00f3n de los derechos de las personas con discapacidad en Am\u00e9rica Latina y el Caribe. <\/p>\n<p><iframe id='audio_9543889' frameborder='0' allowfullscreen='' scrolling='no' height='200' style='border:1px solid #EEE; box-sizing:border-box; width:100%;' src=\"https:\/\/www.ivoox.com\/player_ej_9543889_4_1.html?c1=ff6600\"><\/iframe><\/p>\n","protected":false},"excerpt":{"rendered":"<p>En 1992, al t\u00e9rmino del Decenio de las Naciones Unidas para los Impedidos (1983-1992), la Asamblea General proclam\u00f3 el d\u00eda 3 de Diciembre como \u201cD\u00eda Internacional de las Personas con Discapacidad\u201d. En Am\u00e9rica Latina y el Caribe viven unos 50&hellip;<\/p>\n","protected":false},"author":970,"featured_media":28206,"comment_status":"closed","ping_status":"open","sticky":false,"template":"","format":"standard","meta":{"footnotes":""},"categories":[79,67],"tags":[15662,16121,21254],"class_list":["post-253014","post","type-post","status-publish","format-standard","has-post-thumbnail","hentry","category-derechos-humanos","category-sudamerica","tag-america-latina-es","tag-discapacidad","tag-regional-y-popular"],"yoast_head":"<!-- This site is optimized with the Yoast SEO plugin v27.1.1 - https:\/\/yoast.com\/product\/yoast-seo-wordpress\/ -->\n<title>Esta semana en \u201cRegional y Popular\u201d: Situaci\u00f3n de derechos de las Personas con Discapacidad en Am\u00e9rica Latina y el Caribe.<\/title>\n<meta name=\"description\" content=\"En 1992, al t\u00e9rmino del Decenio de las Naciones Unidas para los Impedidos (1983-1992), la Asamblea General proclam\u00f3 el d\u00eda 3 de Diciembre como \u201cD\u00eda\" \/>\n<meta name=\"robots\" content=\"index, follow, max-snippet:-1, max-image-preview:large, max-video-preview:-1\" \/>\n<link rel=\"canonical\" href=\"https:\/\/www.pressenza.com\/es\/2015\/12\/253014\/\" \/>\n<meta property=\"og:locale\" content=\"es_ES\" \/>\n<meta property=\"og:type\" content=\"article\" \/>\n<meta property=\"og:title\" content=\"Esta semana en \u201cRegional y Popular\u201d: Situaci\u00f3n de derechos de las Personas con Discapacidad en Am\u00e9rica Latina y el Caribe.\" \/>\n<meta property=\"og:description\" content=\"En 1992, al t\u00e9rmino del Decenio de las Naciones Unidas para los Impedidos (1983-1992), la Asamblea General proclam\u00f3 el d\u00eda 3 de Diciembre como \u201cD\u00eda\" \/>\n<meta property=\"og:url\" content=\"https:\/\/www.pressenza.com\/es\/2015\/12\/253014\/\" \/>\n<meta property=\"og:site_name\" content=\"Pressenza\" \/>\n<meta property=\"article:publisher\" content=\"https:\/\/www.facebook.com\/PressenzaItalia\" \/>\n<meta property=\"article:author\" content=\"https:\/\/www.facebook.com\/javier.tolcachier?fref=ts\" \/>\n<meta property=\"article:published_time\" content=\"2015-12-03T16:12:51+00:00\" \/>\n<meta property=\"og:image\" content=\"https:\/\/www.pressenza.com\/wp-content\/uploads\/2012\/12\/Discapacidades.jpg\" \/>\n\t<meta property=\"og:image:width\" content=\"311\" \/>\n\t<meta property=\"og:image:height\" content=\"162\" \/>\n\t<meta property=\"og:image:type\" content=\"image\/jpeg\" \/>\n<meta name=\"author\" content=\"Javier Tolcachier\" \/>\n<meta name=\"twitter:card\" content=\"summary_large_image\" \/>\n<meta name=\"twitter:creator\" content=\"@jtolcachier\" \/>\n<meta name=\"twitter:site\" content=\"@PressenzaIPA\" \/>\n<meta name=\"twitter:label1\" content=\"Escrito por\" \/>\n\t<meta name=\"twitter:data1\" content=\"Javier Tolcachier\" \/>\n\t<meta name=\"twitter:label2\" content=\"Tiempo de lectura\" \/>\n\t<meta name=\"twitter:data2\" content=\"1 minuto\" \/>\n<script type=\"application\/ld+json\" class=\"yoast-schema-graph\">{\"@context\":\"https:\/\/schema.org\",\"@graph\":[{\"@type\":\"Article\",\"@id\":\"https:\/\/www.pressenza.com\/es\/2015\/12\/253014\/#article\",\"isPartOf\":{\"@id\":\"https:\/\/www.pressenza.com\/es\/2015\/12\/253014\/\"},\"author\":{\"name\":\"Javier Tolcachier\",\"@id\":\"https:\/\/www.pressenza.com\/es\/#\/schema\/person\/f353f6d4eed144101dedba60e6227564\"},\"headline\":\"Esta semana en \u201cRegional y Popular\u201d: Situaci\u00f3n de derechos de las Personas con Discapacidad en Am\u00e9rica Latina y el Caribe.\",\"datePublished\":\"2015-12-03T16:12:51+00:00\",\"mainEntityOfPage\":{\"@id\":\"https:\/\/www.pressenza.com\/es\/2015\/12\/253014\/\"},\"wordCount\":265,\"publisher\":{\"@id\":\"https:\/\/www.pressenza.com\/es\/#organization\"},\"image\":{\"@id\":\"https:\/\/www.pressenza.com\/es\/2015\/12\/253014\/#primaryimage\"},\"thumbnailUrl\":\"https:\/\/www.pressenza.com\/wp-content\/uploads\/2012\/12\/Discapacidades.jpg\",\"keywords\":[\"America Latina\",\"discapacidad\",\"Regional y Popular\"],\"articleSection\":[\"Derechos Humanos\",\"Sudam\u00e9rica\"],\"inLanguage\":\"es\"},{\"@type\":\"WebPage\",\"@id\":\"https:\/\/www.pressenza.com\/es\/2015\/12\/253014\/\",\"url\":\"https:\/\/www.pressenza.com\/es\/2015\/12\/253014\/\",\"name\":\"Esta semana en \u201cRegional y Popular\u201d: Situaci\u00f3n de derechos de las Personas con Discapacidad en Am\u00e9rica Latina y el Caribe.\",\"isPartOf\":{\"@id\":\"https:\/\/www.pressenza.com\/es\/#website\"},\"primaryImageOfPage\":{\"@id\":\"https:\/\/www.pressenza.com\/es\/2015\/12\/253014\/#primaryimage\"},\"image\":{\"@id\":\"https:\/\/www.pressenza.com\/es\/2015\/12\/253014\/#primaryimage\"},\"thumbnailUrl\":\"https:\/\/www.pressenza.com\/wp-content\/uploads\/2012\/12\/Discapacidades.jpg\",\"datePublished\":\"2015-12-03T16:12:51+00:00\",\"description\":\"En 1992, al t\u00e9rmino del Decenio de las Naciones Unidas para los Impedidos (1983-1992), la Asamblea General proclam\u00f3 el d\u00eda 3 de Diciembre como \u201cD\u00eda\",\"breadcrumb\":{\"@id\":\"https:\/\/www.pressenza.com\/es\/2015\/12\/253014\/#breadcrumb\"},\"inLanguage\":\"es\",\"potentialAction\":[{\"@type\":\"ReadAction\",\"target\":[\"https:\/\/www.pressenza.com\/es\/2015\/12\/253014\/\"]}]},{\"@type\":\"ImageObject\",\"inLanguage\":\"es\",\"@id\":\"https:\/\/www.pressenza.com\/es\/2015\/12\/253014\/#primaryimage\",\"url\":\"https:\/\/www.pressenza.com\/wp-content\/uploads\/2012\/12\/Discapacidades.jpg\",\"contentUrl\":\"https:\/\/www.pressenza.com\/wp-content\/uploads\/2012\/12\/Discapacidades.jpg\",\"width\":\"311\",\"height\":\"162\"},{\"@type\":\"BreadcrumbList\",\"@id\":\"https:\/\/www.pressenza.com\/es\/2015\/12\/253014\/#breadcrumb\",\"itemListElement\":[{\"@type\":\"ListItem\",\"position\":1,\"name\":\"Accueil\",\"item\":\"https:\/\/www.pressenza.com\/es\/\"},{\"@type\":\"ListItem\",\"position\":2,\"name\":\"Esta semana en \u201cRegional y Popular\u201d: Situaci\u00f3n de derechos de las Personas con Discapacidad en Am\u00e9rica Latina y el Caribe.\"}]},{\"@type\":\"WebSite\",\"@id\":\"https:\/\/www.pressenza.com\/es\/#website\",\"url\":\"https:\/\/www.pressenza.com\/es\/\",\"name\":\"Pressenza\",\"description\":\"International Press Agency\",\"publisher\":{\"@id\":\"https:\/\/www.pressenza.com\/es\/#organization\"},\"potentialAction\":[{\"@type\":\"SearchAction\",\"target\":{\"@type\":\"EntryPoint\",\"urlTemplate\":\"https:\/\/www.pressenza.com\/es\/?s={search_term_string}\"},\"query-input\":{\"@type\":\"PropertyValueSpecification\",\"valueRequired\":true,\"valueName\":\"search_term_string\"}}],\"inLanguage\":\"es\"},{\"@type\":\"Organization\",\"@id\":\"https:\/\/www.pressenza.com\/es\/#organization\",\"name\":\"Pressenza\",\"url\":\"https:\/\/www.pressenza.com\/es\/\",\"logo\":{\"@type\":\"ImageObject\",\"inLanguage\":\"es\",\"@id\":\"https:\/\/www.pressenza.com\/es\/#\/schema\/logo\/image\/\",\"url\":\"https:\/\/www.pressenza.com\/wp-content\/uploads\/2022\/10\/pressenza_logo_200x200.jpg\",\"contentUrl\":\"https:\/\/www.pressenza.com\/wp-content\/uploads\/2022\/10\/pressenza_logo_200x200.jpg\",\"width\":200,\"height\":200,\"caption\":\"Pressenza\"},\"image\":{\"@id\":\"https:\/\/www.pressenza.com\/es\/#\/schema\/logo\/image\/\"},\"sameAs\":[\"https:\/\/www.facebook.com\/PressenzaItalia\",\"https:\/\/x.com\/PressenzaIPA\"]},{\"@type\":\"Person\",\"@id\":\"https:\/\/www.pressenza.com\/es\/#\/schema\/person\/f353f6d4eed144101dedba60e6227564\",\"name\":\"Javier Tolcachier\",\"description\":\"Javier Tolcachier is a researcher from the World Centre of Humanist Studies, an organism of the Humanist Movement. Mail: javiertolcachier@disroot.org Twitter: @jtolcachier\",\"sameAs\":[\"https:\/\/www.facebook.com\/javier.tolcachier?fref=ts\",\"https:\/\/x.com\/jtolcachier\"],\"url\":\"https:\/\/www.pressenza.com\/es\/author\/javier-tolcachier\/\"}]}<\/script>\n<!-- \/ Yoast SEO plugin. -->","yoast_head_json":{"title":"Esta semana en \u201cRegional y Popular\u201d: Situaci\u00f3n de derechos de las Personas con Discapacidad en Am\u00e9rica Latina y el Caribe.","description":"En 1992, al t\u00e9rmino del Decenio de las Naciones Unidas para los Impedidos (1983-1992), la Asamblea General proclam\u00f3 el d\u00eda 3 de Diciembre como \u201cD\u00eda","robots":{"index":"index","follow":"follow","max-snippet":"max-snippet:-1","max-image-preview":"max-image-preview:large","max-video-preview":"max-video-preview:-1"},"canonical":"https:\/\/www.pressenza.com\/es\/2015\/12\/253014\/","og_locale":"es_ES","og_type":"article","og_title":"Esta semana en \u201cRegional y Popular\u201d: Situaci\u00f3n de derechos de las Personas con Discapacidad en Am\u00e9rica Latina y el Caribe.","og_description":"En 1992, al t\u00e9rmino del Decenio de las Naciones Unidas para los Impedidos (1983-1992), la Asamblea General proclam\u00f3 el d\u00eda 3 de Diciembre como \u201cD\u00eda","og_url":"https:\/\/www.pressenza.com\/es\/2015\/12\/253014\/","og_site_name":"Pressenza","article_publisher":"https:\/\/www.facebook.com\/PressenzaItalia","article_author":"https:\/\/www.facebook.com\/javier.tolcachier?fref=ts","article_published_time":"2015-12-03T16:12:51+00:00","og_image":[{"width":311,"height":162,"url":"https:\/\/www.pressenza.com\/wp-content\/uploads\/2012\/12\/Discapacidades.jpg","type":"image\/jpeg"}],"author":"Javier Tolcachier","twitter_card":"summary_large_image","twitter_creator":"@jtolcachier","twitter_site":"@PressenzaIPA","twitter_misc":{"Escrito por":"Javier Tolcachier","Tiempo de lectura":"1 minuto"},"schema":{"@context":"https:\/\/schema.org","@graph":[{"@type":"Article","@id":"https:\/\/www.pressenza.com\/es\/2015\/12\/253014\/#article","isPartOf":{"@id":"https:\/\/www.pressenza.com\/es\/2015\/12\/253014\/"},"author":{"name":"Javier Tolcachier","@id":"https:\/\/www.pressenza.com\/es\/#\/schema\/person\/f353f6d4eed144101dedba60e6227564"},"headline":"Esta semana en \u201cRegional y Popular\u201d: Situaci\u00f3n de derechos de las Personas con Discapacidad en Am\u00e9rica Latina y el Caribe.","datePublished":"2015-12-03T16:12:51+00:00","mainEntityOfPage":{"@id":"https:\/\/www.pressenza.com\/es\/2015\/12\/253014\/"},"wordCount":265,"publisher":{"@id":"https:\/\/www.pressenza.com\/es\/#organization"},"image":{"@id":"https:\/\/www.pressenza.com\/es\/2015\/12\/253014\/#primaryimage"},"thumbnailUrl":"https:\/\/www.pressenza.com\/wp-content\/uploads\/2012\/12\/Discapacidades.jpg","keywords":["America Latina","discapacidad","Regional y Popular"],"articleSection":["Derechos Humanos","Sudam\u00e9rica"],"inLanguage":"es"},{"@type":"WebPage","@id":"https:\/\/www.pressenza.com\/es\/2015\/12\/253014\/","url":"https:\/\/www.pressenza.com\/es\/2015\/12\/253014\/","name":"Esta semana en \u201cRegional y Popular\u201d: Situaci\u00f3n de derechos de las Personas con Discapacidad en Am\u00e9rica Latina y el Caribe.","isPartOf":{"@id":"https:\/\/www.pressenza.com\/es\/#website"},"primaryImageOfPage":{"@id":"https:\/\/www.pressenza.com\/es\/2015\/12\/253014\/#primaryimage"},"image":{"@id":"https:\/\/www.pressenza.com\/es\/2015\/12\/253014\/#primaryimage"},"thumbnailUrl":"https:\/\/www.pressenza.com\/wp-content\/uploads\/2012\/12\/Discapacidades.jpg","datePublished":"2015-12-03T16:12:51+00:00","description":"En 1992, al t\u00e9rmino del Decenio de las Naciones Unidas para los Impedidos (1983-1992), la Asamblea General proclam\u00f3 el d\u00eda 3 de Diciembre como \u201cD\u00eda","breadcrumb":{"@id":"https:\/\/www.pressenza.com\/es\/2015\/12\/253014\/#breadcrumb"},"inLanguage":"es","potentialAction":[{"@type":"ReadAction","target":["https:\/\/www.pressenza.com\/es\/2015\/12\/253014\/"]}]},{"@type":"ImageObject","inLanguage":"es","@id":"https:\/\/www.pressenza.com\/es\/2015\/12\/253014\/#primaryimage","url":"https:\/\/www.pressenza.com\/wp-content\/uploads\/2012\/12\/Discapacidades.jpg","contentUrl":"https:\/\/www.pressenza.com\/wp-content\/uploads\/2012\/12\/Discapacidades.jpg","width":"311","height":"162"},{"@type":"BreadcrumbList","@id":"https:\/\/www.pressenza.com\/es\/2015\/12\/253014\/#breadcrumb","itemListElement":[{"@type":"ListItem","position":1,"name":"Accueil","item":"https:\/\/www.pressenza.com\/es\/"},{"@type":"ListItem","position":2,"name":"Esta semana en \u201cRegional y Popular\u201d: Situaci\u00f3n de derechos de las Personas con Discapacidad en Am\u00e9rica Latina y el Caribe."}]},{"@type":"WebSite","@id":"https:\/\/www.pressenza.com\/es\/#website","url":"https:\/\/www.pressenza.com\/es\/","name":"Pressenza","description":"International Press Agency","publisher":{"@id":"https:\/\/www.pressenza.com\/es\/#organization"},"potentialAction":[{"@type":"SearchAction","target":{"@type":"EntryPoint","urlTemplate":"https:\/\/www.pressenza.com\/es\/?s={search_term_string}"},"query-input":{"@type":"PropertyValueSpecification","valueRequired":true,"valueName":"search_term_string"}}],"inLanguage":"es"},{"@type":"Organization","@id":"https:\/\/www.pressenza.com\/es\/#organization","name":"Pressenza","url":"https:\/\/www.pressenza.com\/es\/","logo":{"@type":"ImageObject","inLanguage":"es","@id":"https:\/\/www.pressenza.com\/es\/#\/schema\/logo\/image\/","url":"https:\/\/www.pressenza.com\/wp-content\/uploads\/2022\/10\/pressenza_logo_200x200.jpg","contentUrl":"https:\/\/www.pressenza.com\/wp-content\/uploads\/2022\/10\/pressenza_logo_200x200.jpg","width":200,"height":200,"caption":"Pressenza"},"image":{"@id":"https:\/\/www.pressenza.com\/es\/#\/schema\/logo\/image\/"},"sameAs":["https:\/\/www.facebook.com\/PressenzaItalia","https:\/\/x.com\/PressenzaIPA"]},{"@type":"Person","@id":"https:\/\/www.pressenza.com\/es\/#\/schema\/person\/f353f6d4eed144101dedba60e6227564","name":"Javier Tolcachier","description":"Javier Tolcachier is a researcher from the World Centre of Humanist Studies, an organism of the Humanist Movement. Mail: javiertolcachier@disroot.org Twitter: @jtolcachier","sameAs":["https:\/\/www.facebook.com\/javier.tolcachier?fref=ts","https:\/\/x.com\/jtolcachier"],"url":"https:\/\/www.pressenza.com\/es\/author\/javier-tolcachier\/"}]}},"place":"C\u00f3rdoba","original_article_url":"","_links":{"self":[{"href":"https:\/\/www.pressenza.com\/es\/wp-json\/wp\/v2\/posts\/253014","targetHints":{"allow":["GET"]}}],"collection":[{"href":"https:\/\/www.pressenza.com\/es\/wp-json\/wp\/v2\/posts"}],"about":[{"href":"https:\/\/www.pressenza.com\/es\/wp-json\/wp\/v2\/types\/post"}],"author":[{"embeddable":true,"href":"https:\/\/www.pressenza.com\/es\/wp-json\/wp\/v2\/users\/970"}],"replies":[{"embeddable":true,"href":"https:\/\/www.pressenza.com\/es\/wp-json\/wp\/v2\/comments?post=253014"}],"version-history":[{"count":0,"href":"https:\/\/www.pressenza.com\/es\/wp-json\/wp\/v2\/posts\/253014\/revisions"}],"wp:featuredmedia":[{"embeddable":true,"href":"https:\/\/www.pressenza.com\/es\/wp-json\/wp\/v2\/media\/28206"}],"wp:attachment":[{"href":"https:\/\/www.pressenza.com\/es\/wp-json\/wp\/v2\/media?parent=253014"}],"wp:term":[{"taxonomy":"category","embeddable":true,"href":"https:\/\/www.pressenza.com\/es\/wp-json\/wp\/v2\/categories?post=253014"},{"taxonomy":"post_tag","embeddable":true,"href":"https:\/\/www.pressenza.com\/es\/wp-json\/wp\/v2\/tags?post=253014"}],"curies":[{"name":"wp","href":"https:\/\/api.w.org\/{rel}","templated":true}]}}