{"id":253003,"date":"2015-12-03T11:06:04","date_gmt":"2015-12-03T11:06:04","guid":{"rendered":"http:\/\/www.pressenza.com\/es\/?p=253003"},"modified":"2015-12-03T11:06:04","modified_gmt":"2015-12-03T11:06:04","slug":"sube-discurso-contra-ultraderecha-por-cercania-de-eleccion-en-francia","status":"publish","type":"post","link":"https:\/\/www.pressenza.com\/es\/2015\/12\/sube-discurso-contra-ultraderecha-por-cercania-de-eleccion-en-francia\/","title":{"rendered":"Sube discurso contra ultraderecha por cercan\u00eda de elecci\u00f3n en Francia"},"content":{"rendered":"<p>El gobierno, el empresariado y algunos medios de prensa refuerzan hoy el discurso contra el ultraderechista Frente Nacional (FN), favorito en varios sondeos sobre las cercanas elecciones regionales en Francia.<\/p>\n<p>El primer ministro Manuel Valls llam\u00f3 a votar para hacer retroceder al FN. Cada uno debe tomar sus responsabilidades para impedir que gane, declar\u00f3 a la emisora radial Europa 1.<\/p>\n<p>Acorde con Valls, el FN echar\u00eda al pa\u00eds por tierra y arruinar\u00eda a los jubilados, los obreros y los j\u00f3venes.<\/p>\n<p>Seg\u00fan dijo, una fuerte movilizaci\u00f3n en las urnas durante las dos vueltas de los comicios, el 6 y el 13 de diciembre, ser\u00eda una respuesta a los ataques terroristas.<\/p>\n<p>Medef, la principal organizaci\u00f3n empresarial del pa\u00eds, se\u00f1al\u00f3 que el programa econ\u00f3mico de esa formaci\u00f3n pol\u00edtica no es responsable, no mira hacia el futuro y es lo contrario de lo que hay que hacer.<\/p>\n<p>Diarios de varias de las regiones donde dicho partido podr\u00eda resultar ganador, definieron su postura al manifestar su preocupaci\u00f3n ante una eventual victoria de la ultraderecha.<\/p>\n<p>El Frente obtendr\u00eda el 28 por ciento de los sufragios en el primer turno, mostr\u00f3 una pesquisa reciente realizada por el Instituto Ifop para algunos medios locales de prensa.<\/p>\n<p>Igual cantidad alcanzar\u00eda el partido conservador Los Republicanos y su alianza con la Uni\u00f3n de Dem\u00f3cratas e Independientes (UDI).<\/p>\n<p>El gubernamental Partido Socialista (PS) quedar\u00eda en tercera posici\u00f3n con el 22 por ciento, seguido por el Partido de la Izquierda y los Verdes (12 por ciento en conjunto).<\/p>\n<p>Dichos comicios, los \u00faltimos a nivel nacional antes de las presidenciales de 2017, tendr\u00e1n lugar en momentos en que el Ejecutivo tiene niveles de popularidad bastante bajos a causa del descontento con la gesti\u00f3n realizada.<\/p>\n<p>A juicio de Emmanuel Rivi\u00c3\u00bfre, director de la unidad de estrategias de opini\u00f3n del Instituto TNS Sofres, una lectura se impone: el tripartidismo est\u00e1 bien instalado en Francia con un partido en fuerte din\u00e1mica, el FN. En opini\u00f3n de especialistas, las elecciones regionales constituir\u00e1n una prueba de fuego para el Ejecutivo porque tendr\u00e1n lugar tras las departamentales de finales de marzo pasado, las cuales resultaron un nuevo rev\u00e9s para el gobierno.<\/p>\n<p>La alianza entre la conservadora Uni\u00f3n por un Movimiento Popular (cuyo nombre actual es Los Republicanos), y la UDI, gan\u00f3 66 departamentos de los 101 del pa\u00eds. El PS, que administraba 61 de esos departamentos, perdi\u00f3 25.<\/p>\n<p>El FN obtuvo el 21 por ciento de los votos, pero no conquist\u00f3 ninguna de las demarcaciones.<\/p>\n<p>De esa forma, el PS acumula varios reveses electorales consecutivos en los \u00faltimos meses: en las municipales, europeas, parciales al Senado y departamentales.<\/p>\n<p>Sin embargo, un nuevo elemento marcar\u00e1 el contexto de la celebraci\u00f3n de los comicios. Se trata del hecho de que tendr\u00e1n lugar a un mes de los ataques mortales en esta capital y en momentos en que la tensi\u00f3n es evidente entre la poblaci\u00f3n.<\/p>\n","protected":false},"excerpt":{"rendered":"<p>El gobierno, el empresariado y algunos medios de prensa refuerzan hoy el discurso contra el ultraderechista Frente Nacional (FN), favorito en varios sondeos sobre las cercanas elecciones regionales en Francia. El primer ministro Manuel Valls llam\u00f3 a votar para hacer&hellip;<\/p>\n","protected":false},"author":90,"featured_media":253006,"comment_status":"closed","ping_status":"open","sticky":false,"template":"","format":"standard","meta":{"footnotes":""},"categories":[66,74],"tags":[403,1432,10767,21007,20804],"class_list":["post-253003","post","type-post","status-publish","format-standard","has-post-thumbnail","hentry","category-europa-es","category-politica-es","tag-elecciones","tag-francia","tag-frente-nacional","tag-partido-socialista","tag-ultraderecha"],"yoast_head":"<!-- This site is optimized with the Yoast SEO plugin v27.1.1 - https:\/\/yoast.com\/product\/yoast-seo-wordpress\/ -->\n<title>Sube discurso contra ultraderecha por cercan\u00eda de elecci\u00f3n en Francia<\/title>\n<meta name=\"description\" content=\"El gobierno, el empresariado y algunos medios de prensa refuerzan hoy el discurso contra el ultraderechista Frente Nacional (FN), favorito en varios\" \/>\n<meta name=\"robots\" content=\"index, follow, max-snippet:-1, max-image-preview:large, max-video-preview:-1\" \/>\n<link rel=\"canonical\" href=\"https:\/\/www.pressenza.com\/es\/2015\/12\/sube-discurso-contra-ultraderecha-por-cercania-de-eleccion-en-francia\/\" \/>\n<meta property=\"og:locale\" content=\"es_ES\" \/>\n<meta property=\"og:type\" content=\"article\" \/>\n<meta property=\"og:title\" content=\"Sube discurso contra ultraderecha por cercan\u00eda de elecci\u00f3n en Francia\" \/>\n<meta property=\"og:description\" content=\"El gobierno, el empresariado y algunos medios de prensa refuerzan hoy el discurso contra el ultraderechista Frente Nacional (FN), favorito en varios\" \/>\n<meta property=\"og:url\" content=\"https:\/\/www.pressenza.com\/es\/2015\/12\/sube-discurso-contra-ultraderecha-por-cercania-de-eleccion-en-francia\/\" \/>\n<meta property=\"og:site_name\" content=\"Pressenza\" \/>\n<meta property=\"article:publisher\" content=\"https:\/\/www.facebook.com\/PressenzaItalia\" \/>\n<meta property=\"article:author\" content=\"https:\/\/www.facebook.com\/AgenciaPrensaLatina\" \/>\n<meta property=\"article:published_time\" content=\"2015-12-03T11:06:04+00:00\" \/>\n<meta property=\"og:image\" content=\"https:\/\/www.pressenza.com\/wp-content\/uploads\/2015\/12\/manuel-valls.jpg\" \/>\n\t<meta property=\"og:image:width\" content=\"300\" \/>\n\t<meta property=\"og:image:height\" content=\"192\" \/>\n\t<meta property=\"og:image:type\" content=\"image\/jpeg\" \/>\n<meta name=\"author\" content=\"Prensa Latina\" \/>\n<meta name=\"twitter:card\" content=\"summary_large_image\" \/>\n<meta name=\"twitter:creator\" content=\"@prensalatina_cu\" \/>\n<meta name=\"twitter:site\" content=\"@PressenzaIPA\" \/>\n<meta name=\"twitter:label1\" content=\"Escrito por\" \/>\n\t<meta name=\"twitter:data1\" content=\"Prensa Latina\" \/>\n\t<meta name=\"twitter:label2\" content=\"Tiempo de lectura\" \/>\n\t<meta name=\"twitter:data2\" content=\"2 minutos\" \/>\n<script type=\"application\/ld+json\" class=\"yoast-schema-graph\">{\"@context\":\"https:\/\/schema.org\",\"@graph\":[{\"@type\":\"Article\",\"@id\":\"https:\/\/www.pressenza.com\/es\/2015\/12\/sube-discurso-contra-ultraderecha-por-cercania-de-eleccion-en-francia\/#article\",\"isPartOf\":{\"@id\":\"https:\/\/www.pressenza.com\/es\/2015\/12\/sube-discurso-contra-ultraderecha-por-cercania-de-eleccion-en-francia\/\"},\"author\":{\"name\":\"Prensa Latina\",\"@id\":\"https:\/\/www.pressenza.com\/es\/#\/schema\/person\/e35c78ffa242d98f4f49ccb18c8631de\"},\"headline\":\"Sube discurso contra ultraderecha por cercan\u00eda de elecci\u00f3n en Francia\",\"datePublished\":\"2015-12-03T11:06:04+00:00\",\"mainEntityOfPage\":{\"@id\":\"https:\/\/www.pressenza.com\/es\/2015\/12\/sube-discurso-contra-ultraderecha-por-cercania-de-eleccion-en-francia\/\"},\"wordCount\":509,\"publisher\":{\"@id\":\"https:\/\/www.pressenza.com\/es\/#organization\"},\"image\":{\"@id\":\"https:\/\/www.pressenza.com\/es\/2015\/12\/sube-discurso-contra-ultraderecha-por-cercania-de-eleccion-en-francia\/#primaryimage\"},\"thumbnailUrl\":\"https:\/\/www.pressenza.com\/wp-content\/uploads\/2015\/12\/manuel-valls.jpg\",\"keywords\":[\"elecciones\",\"Francia\",\"Frente Nacional\",\"partido Socialista\",\"ultraderecha\"],\"articleSection\":[\"Europa\",\"Pol\u00edtica\"],\"inLanguage\":\"es\"},{\"@type\":\"WebPage\",\"@id\":\"https:\/\/www.pressenza.com\/es\/2015\/12\/sube-discurso-contra-ultraderecha-por-cercania-de-eleccion-en-francia\/\",\"url\":\"https:\/\/www.pressenza.com\/es\/2015\/12\/sube-discurso-contra-ultraderecha-por-cercania-de-eleccion-en-francia\/\",\"name\":\"Sube discurso contra ultraderecha por cercan\u00eda de elecci\u00f3n en Francia\",\"isPartOf\":{\"@id\":\"https:\/\/www.pressenza.com\/es\/#website\"},\"primaryImageOfPage\":{\"@id\":\"https:\/\/www.pressenza.com\/es\/2015\/12\/sube-discurso-contra-ultraderecha-por-cercania-de-eleccion-en-francia\/#primaryimage\"},\"image\":{\"@id\":\"https:\/\/www.pressenza.com\/es\/2015\/12\/sube-discurso-contra-ultraderecha-por-cercania-de-eleccion-en-francia\/#primaryimage\"},\"thumbnailUrl\":\"https:\/\/www.pressenza.com\/wp-content\/uploads\/2015\/12\/manuel-valls.jpg\",\"datePublished\":\"2015-12-03T11:06:04+00:00\",\"description\":\"El gobierno, el empresariado y algunos medios de prensa refuerzan hoy el discurso contra el ultraderechista Frente Nacional (FN), favorito en varios\",\"breadcrumb\":{\"@id\":\"https:\/\/www.pressenza.com\/es\/2015\/12\/sube-discurso-contra-ultraderecha-por-cercania-de-eleccion-en-francia\/#breadcrumb\"},\"inLanguage\":\"es\",\"potentialAction\":[{\"@type\":\"ReadAction\",\"target\":[\"https:\/\/www.pressenza.com\/es\/2015\/12\/sube-discurso-contra-ultraderecha-por-cercania-de-eleccion-en-francia\/\"]}]},{\"@type\":\"ImageObject\",\"inLanguage\":\"es\",\"@id\":\"https:\/\/www.pressenza.com\/es\/2015\/12\/sube-discurso-contra-ultraderecha-por-cercania-de-eleccion-en-francia\/#primaryimage\",\"url\":\"https:\/\/www.pressenza.com\/wp-content\/uploads\/2015\/12\/manuel-valls.jpg\",\"contentUrl\":\"https:\/\/www.pressenza.com\/wp-content\/uploads\/2015\/12\/manuel-valls.jpg\",\"width\":300,\"height\":192},{\"@type\":\"BreadcrumbList\",\"@id\":\"https:\/\/www.pressenza.com\/es\/2015\/12\/sube-discurso-contra-ultraderecha-por-cercania-de-eleccion-en-francia\/#breadcrumb\",\"itemListElement\":[{\"@type\":\"ListItem\",\"position\":1,\"name\":\"Accueil\",\"item\":\"https:\/\/www.pressenza.com\/es\/\"},{\"@type\":\"ListItem\",\"position\":2,\"name\":\"Sube discurso contra ultraderecha por cercan\u00eda de elecci\u00f3n en Francia\"}]},{\"@type\":\"WebSite\",\"@id\":\"https:\/\/www.pressenza.com\/es\/#website\",\"url\":\"https:\/\/www.pressenza.com\/es\/\",\"name\":\"Pressenza\",\"description\":\"International Press Agency\",\"publisher\":{\"@id\":\"https:\/\/www.pressenza.com\/es\/#organization\"},\"potentialAction\":[{\"@type\":\"SearchAction\",\"target\":{\"@type\":\"EntryPoint\",\"urlTemplate\":\"https:\/\/www.pressenza.com\/es\/?s={search_term_string}\"},\"query-input\":{\"@type\":\"PropertyValueSpecification\",\"valueRequired\":true,\"valueName\":\"search_term_string\"}}],\"inLanguage\":\"es\"},{\"@type\":\"Organization\",\"@id\":\"https:\/\/www.pressenza.com\/es\/#organization\",\"name\":\"Pressenza\",\"url\":\"https:\/\/www.pressenza.com\/es\/\",\"logo\":{\"@type\":\"ImageObject\",\"inLanguage\":\"es\",\"@id\":\"https:\/\/www.pressenza.com\/es\/#\/schema\/logo\/image\/\",\"url\":\"https:\/\/www.pressenza.com\/wp-content\/uploads\/2022\/10\/pressenza_logo_200x200.jpg\",\"contentUrl\":\"https:\/\/www.pressenza.com\/wp-content\/uploads\/2022\/10\/pressenza_logo_200x200.jpg\",\"width\":200,\"height\":200,\"caption\":\"Pressenza\"},\"image\":{\"@id\":\"https:\/\/www.pressenza.com\/es\/#\/schema\/logo\/image\/\"},\"sameAs\":[\"https:\/\/www.facebook.com\/PressenzaItalia\",\"https:\/\/x.com\/PressenzaIPA\"]},{\"@type\":\"Person\",\"@id\":\"https:\/\/www.pressenza.com\/es\/#\/schema\/person\/e35c78ffa242d98f4f49ccb18c8631de\",\"name\":\"Prensa Latina\",\"description\":\"www.prensa-latina.cu\",\"sameAs\":[\"https:\/\/www.facebook.com\/AgenciaPrensaLatina\",\"https:\/\/x.com\/prensalatina_cu\"],\"url\":\"https:\/\/www.pressenza.com\/es\/author\/prensa-latina\/\"}]}<\/script>\n<!-- \/ Yoast SEO plugin. -->","yoast_head_json":{"title":"Sube discurso contra ultraderecha por cercan\u00eda de elecci\u00f3n en Francia","description":"El gobierno, el empresariado y algunos medios de prensa refuerzan hoy el discurso contra el ultraderechista Frente Nacional (FN), favorito en varios","robots":{"index":"index","follow":"follow","max-snippet":"max-snippet:-1","max-image-preview":"max-image-preview:large","max-video-preview":"max-video-preview:-1"},"canonical":"https:\/\/www.pressenza.com\/es\/2015\/12\/sube-discurso-contra-ultraderecha-por-cercania-de-eleccion-en-francia\/","og_locale":"es_ES","og_type":"article","og_title":"Sube discurso contra ultraderecha por cercan\u00eda de elecci\u00f3n en Francia","og_description":"El gobierno, el empresariado y algunos medios de prensa refuerzan hoy el discurso contra el ultraderechista Frente Nacional (FN), favorito en varios","og_url":"https:\/\/www.pressenza.com\/es\/2015\/12\/sube-discurso-contra-ultraderecha-por-cercania-de-eleccion-en-francia\/","og_site_name":"Pressenza","article_publisher":"https:\/\/www.facebook.com\/PressenzaItalia","article_author":"https:\/\/www.facebook.com\/AgenciaPrensaLatina","article_published_time":"2015-12-03T11:06:04+00:00","og_image":[{"width":300,"height":192,"url":"https:\/\/www.pressenza.com\/wp-content\/uploads\/2015\/12\/manuel-valls.jpg","type":"image\/jpeg"}],"author":"Prensa Latina","twitter_card":"summary_large_image","twitter_creator":"@prensalatina_cu","twitter_site":"@PressenzaIPA","twitter_misc":{"Escrito por":"Prensa Latina","Tiempo de lectura":"2 minutos"},"schema":{"@context":"https:\/\/schema.org","@graph":[{"@type":"Article","@id":"https:\/\/www.pressenza.com\/es\/2015\/12\/sube-discurso-contra-ultraderecha-por-cercania-de-eleccion-en-francia\/#article","isPartOf":{"@id":"https:\/\/www.pressenza.com\/es\/2015\/12\/sube-discurso-contra-ultraderecha-por-cercania-de-eleccion-en-francia\/"},"author":{"name":"Prensa Latina","@id":"https:\/\/www.pressenza.com\/es\/#\/schema\/person\/e35c78ffa242d98f4f49ccb18c8631de"},"headline":"Sube discurso contra ultraderecha por cercan\u00eda de elecci\u00f3n en Francia","datePublished":"2015-12-03T11:06:04+00:00","mainEntityOfPage":{"@id":"https:\/\/www.pressenza.com\/es\/2015\/12\/sube-discurso-contra-ultraderecha-por-cercania-de-eleccion-en-francia\/"},"wordCount":509,"publisher":{"@id":"https:\/\/www.pressenza.com\/es\/#organization"},"image":{"@id":"https:\/\/www.pressenza.com\/es\/2015\/12\/sube-discurso-contra-ultraderecha-por-cercania-de-eleccion-en-francia\/#primaryimage"},"thumbnailUrl":"https:\/\/www.pressenza.com\/wp-content\/uploads\/2015\/12\/manuel-valls.jpg","keywords":["elecciones","Francia","Frente Nacional","partido Socialista","ultraderecha"],"articleSection":["Europa","Pol\u00edtica"],"inLanguage":"es"},{"@type":"WebPage","@id":"https:\/\/www.pressenza.com\/es\/2015\/12\/sube-discurso-contra-ultraderecha-por-cercania-de-eleccion-en-francia\/","url":"https:\/\/www.pressenza.com\/es\/2015\/12\/sube-discurso-contra-ultraderecha-por-cercania-de-eleccion-en-francia\/","name":"Sube discurso contra ultraderecha por cercan\u00eda de elecci\u00f3n en Francia","isPartOf":{"@id":"https:\/\/www.pressenza.com\/es\/#website"},"primaryImageOfPage":{"@id":"https:\/\/www.pressenza.com\/es\/2015\/12\/sube-discurso-contra-ultraderecha-por-cercania-de-eleccion-en-francia\/#primaryimage"},"image":{"@id":"https:\/\/www.pressenza.com\/es\/2015\/12\/sube-discurso-contra-ultraderecha-por-cercania-de-eleccion-en-francia\/#primaryimage"},"thumbnailUrl":"https:\/\/www.pressenza.com\/wp-content\/uploads\/2015\/12\/manuel-valls.jpg","datePublished":"2015-12-03T11:06:04+00:00","description":"El gobierno, el empresariado y algunos medios de prensa refuerzan hoy el discurso contra el ultraderechista Frente Nacional (FN), favorito en varios","breadcrumb":{"@id":"https:\/\/www.pressenza.com\/es\/2015\/12\/sube-discurso-contra-ultraderecha-por-cercania-de-eleccion-en-francia\/#breadcrumb"},"inLanguage":"es","potentialAction":[{"@type":"ReadAction","target":["https:\/\/www.pressenza.com\/es\/2015\/12\/sube-discurso-contra-ultraderecha-por-cercania-de-eleccion-en-francia\/"]}]},{"@type":"ImageObject","inLanguage":"es","@id":"https:\/\/www.pressenza.com\/es\/2015\/12\/sube-discurso-contra-ultraderecha-por-cercania-de-eleccion-en-francia\/#primaryimage","url":"https:\/\/www.pressenza.com\/wp-content\/uploads\/2015\/12\/manuel-valls.jpg","contentUrl":"https:\/\/www.pressenza.com\/wp-content\/uploads\/2015\/12\/manuel-valls.jpg","width":300,"height":192},{"@type":"BreadcrumbList","@id":"https:\/\/www.pressenza.com\/es\/2015\/12\/sube-discurso-contra-ultraderecha-por-cercania-de-eleccion-en-francia\/#breadcrumb","itemListElement":[{"@type":"ListItem","position":1,"name":"Accueil","item":"https:\/\/www.pressenza.com\/es\/"},{"@type":"ListItem","position":2,"name":"Sube discurso contra ultraderecha por cercan\u00eda de elecci\u00f3n en Francia"}]},{"@type":"WebSite","@id":"https:\/\/www.pressenza.com\/es\/#website","url":"https:\/\/www.pressenza.com\/es\/","name":"Pressenza","description":"International Press Agency","publisher":{"@id":"https:\/\/www.pressenza.com\/es\/#organization"},"potentialAction":[{"@type":"SearchAction","target":{"@type":"EntryPoint","urlTemplate":"https:\/\/www.pressenza.com\/es\/?s={search_term_string}"},"query-input":{"@type":"PropertyValueSpecification","valueRequired":true,"valueName":"search_term_string"}}],"inLanguage":"es"},{"@type":"Organization","@id":"https:\/\/www.pressenza.com\/es\/#organization","name":"Pressenza","url":"https:\/\/www.pressenza.com\/es\/","logo":{"@type":"ImageObject","inLanguage":"es","@id":"https:\/\/www.pressenza.com\/es\/#\/schema\/logo\/image\/","url":"https:\/\/www.pressenza.com\/wp-content\/uploads\/2022\/10\/pressenza_logo_200x200.jpg","contentUrl":"https:\/\/www.pressenza.com\/wp-content\/uploads\/2022\/10\/pressenza_logo_200x200.jpg","width":200,"height":200,"caption":"Pressenza"},"image":{"@id":"https:\/\/www.pressenza.com\/es\/#\/schema\/logo\/image\/"},"sameAs":["https:\/\/www.facebook.com\/PressenzaItalia","https:\/\/x.com\/PressenzaIPA"]},{"@type":"Person","@id":"https:\/\/www.pressenza.com\/es\/#\/schema\/person\/e35c78ffa242d98f4f49ccb18c8631de","name":"Prensa Latina","description":"www.prensa-latina.cu","sameAs":["https:\/\/www.facebook.com\/AgenciaPrensaLatina","https:\/\/x.com\/prensalatina_cu"],"url":"https:\/\/www.pressenza.com\/es\/author\/prensa-latina\/"}]}},"place":"Par\u00eds","original_article_url":"http:\/\/www.prensa-latina.cu\/index.php?option=com_content&task=view&idioma=1&id=4399201&Itemid=1","_links":{"self":[{"href":"https:\/\/www.pressenza.com\/es\/wp-json\/wp\/v2\/posts\/253003","targetHints":{"allow":["GET"]}}],"collection":[{"href":"https:\/\/www.pressenza.com\/es\/wp-json\/wp\/v2\/posts"}],"about":[{"href":"https:\/\/www.pressenza.com\/es\/wp-json\/wp\/v2\/types\/post"}],"author":[{"embeddable":true,"href":"https:\/\/www.pressenza.com\/es\/wp-json\/wp\/v2\/users\/90"}],"replies":[{"embeddable":true,"href":"https:\/\/www.pressenza.com\/es\/wp-json\/wp\/v2\/comments?post=253003"}],"version-history":[{"count":0,"href":"https:\/\/www.pressenza.com\/es\/wp-json\/wp\/v2\/posts\/253003\/revisions"}],"wp:featuredmedia":[{"embeddable":true,"href":"https:\/\/www.pressenza.com\/es\/wp-json\/wp\/v2\/media\/253006"}],"wp:attachment":[{"href":"https:\/\/www.pressenza.com\/es\/wp-json\/wp\/v2\/media?parent=253003"}],"wp:term":[{"taxonomy":"category","embeddable":true,"href":"https:\/\/www.pressenza.com\/es\/wp-json\/wp\/v2\/categories?post=253003"},{"taxonomy":"post_tag","embeddable":true,"href":"https:\/\/www.pressenza.com\/es\/wp-json\/wp\/v2\/tags?post=253003"}],"curies":[{"name":"wp","href":"https:\/\/api.w.org\/{rel}","templated":true}]}}