{"id":2529212,"date":"2024-06-07T21:52:33","date_gmt":"2024-06-07T20:52:33","guid":{"rendered":"https:\/\/www.pressenza.com\/?p=2529212"},"modified":"2024-06-07T21:52:33","modified_gmt":"2024-06-07T20:52:33","slug":"el-dialogo-es-para-valientes","status":"publish","type":"post","link":"https:\/\/www.pressenza.com\/es\/2024\/06\/el-dialogo-es-para-valientes\/","title":{"rendered":"El di\u00e1logo es para valientes"},"content":{"rendered":"<p>Existe coincidencia respecto a que los estados de \u00e1nimo est\u00e1n crispados en Chile. Estamos frente a conflictos ideol\u00f3gicos, de poder y de egos. Lamentablemente las conductas de las personas se han ido extremando, llegando incluso a que diputados y diputadas de la Rep\u00fablica se retiraron de la cuenta p\u00fablica del Presidente porque no les pareci\u00f3 que presentar\u00eda un proyecto de ley sobre aborto libre; lo que a nadie debiera extra\u00f1ar ya que estaba comprometido en su programa de gobierno.<\/p>\n<p>Cuando en una sociedad ese tipo de conductas comienzan a ser normalizadas, y la caricaturizaci\u00f3n del adversario lo convierte en enemigo, el paso siguiente es la confrontaci\u00f3n violenta. El espiral de violencia ya comenz\u00f3, y no sabemos en qu\u00e9 tragedia terminar\u00e1 si no somos capaces de dialogar para transformar el conflicto en el que estamos inmersos.<\/p>\n<p>Hemos ido construyendo una sociedad fragmentada en contraposici\u00f3n a una sociedad integrada. Vivimos realidades diferentes y desconectadas entre s\u00ed. Cada fragmento es endog\u00e1mico y existen muy pocos espacios institucionales y territoriales que favorezcan la cohesi\u00f3n social. Chile carece hoy de un proyecto com\u00fan y pareciera que lo \u00fanico que nos une es la bandera.<\/p>\n<p>El Centro Nansen para la Paz y el Di\u00e1logo, Lillehammer, Noruega dicen que \u201cel di\u00e1logo es una forma de comunicaci\u00f3n que ofrece tiempo y espacio para que las personas puedan mostrar la complejidad de sus respectivas realidades\u201d.<\/p>\n<p>Muchas veces confundimos di\u00e1logo con negociaci\u00f3n. El di\u00e1logo sincero y eficaz se enfoca a conocer los dolores y sue\u00f1os del otro; compartir las historias y procesar las desconfianzas; abrirse a la posibilidad de que uno no es poseedor de toda la verdad.<\/p>\n<p>Dialogar es un proceso, un camino con destino desconocido, hacerlo significa abrirse a entender al otro m\u00e1s que intentar convencer. Por ello decimos que dialogar es para valientes.<\/p>\n<p>Todas las comunidades, desde las m\u00e1s peque\u00f1as hasta las m\u00e1s grandes y diversas, enfrentan a diario el desaf\u00edo de dialogar para superar sus conflictos y avanzar en cohesi\u00f3n. Ambas condiciones son esenciales para el bienestar y buena calidad de vida de sus miembros.<\/p>\n<p>Fundaci\u00f3n Semilla se desenvuelve en el \u00e1mbito educativo y son los establecimientos educacionales nuestro campo de acci\u00f3n. Los conflictos son de variados or\u00edgenes y caracter\u00edsticas, y hemos logrado buenos resultados en resoluci\u00f3n de conflictos y superaci\u00f3n de crisis acompa\u00f1ando a las comunidades en di\u00e1logos participativos, siempre con sentido pedag\u00f3gico.<\/p>\n<p>Una charla o una jornada de reflexi\u00f3n no resuelve un conflicto; pero pueden dar un respiro en medio de una crisis, pero no es m\u00e1s que eso: un respiro. Las intervenciones puntuales dan una falsa seguridad de soluci\u00f3n. S\u00f3lo un di\u00e1logo permanente, sincero y eficaz es capaz de ser transformador.<\/p>\n","protected":false},"excerpt":{"rendered":"<p>Existe coincidencia respecto a que los estados de \u00e1nimo est\u00e1n crispados en Chile. Estamos frente a conflictos ideol\u00f3gicos, de poder y de egos. Lamentablemente las conductas de las personas se han ido extremando, llegando incluso a que diputados y diputadas&hellip;<\/p>\n","protected":false},"author":1907,"featured_media":2529216,"comment_status":"closed","ping_status":"closed","sticky":false,"template":"","format":"standard","meta":{"footnotes":""},"categories":[11389,1242,161,67],"tags":[29,3665],"class_list":["post-2529212","post","type-post","status-publish","format-standard","has-post-thumbnail","hentry","category-contenido-original","category-noviolencia-tema","category-opiniones","category-sudamerica","tag-chile","tag-dialogo"],"yoast_head":"<!-- This site is optimized with the Yoast SEO plugin v27.1.1 - https:\/\/yoast.com\/product\/yoast-seo-wordpress\/ -->\n<title>El di\u00e1logo es para valientes<\/title>\n<meta name=\"description\" content=\"Existe coincidencia respecto a que los estados de \u00e1nimo est\u00e1n crispados en Chile. Estamos frente a conflictos ideol\u00f3gicos, de poder y de egos.\" \/>\n<meta name=\"robots\" content=\"index, follow, max-snippet:-1, max-image-preview:large, max-video-preview:-1\" \/>\n<link rel=\"canonical\" href=\"https:\/\/www.pressenza.com\/es\/2024\/06\/el-dialogo-es-para-valientes\/\" \/>\n<meta property=\"og:locale\" content=\"es_ES\" \/>\n<meta property=\"og:type\" content=\"article\" \/>\n<meta property=\"og:title\" content=\"El di\u00e1logo es para valientes\" \/>\n<meta property=\"og:description\" content=\"Existe coincidencia respecto a que los estados de \u00e1nimo est\u00e1n crispados en Chile. Estamos frente a conflictos ideol\u00f3gicos, de poder y de egos.\" \/>\n<meta property=\"og:url\" content=\"https:\/\/www.pressenza.com\/es\/2024\/06\/el-dialogo-es-para-valientes\/\" \/>\n<meta property=\"og:site_name\" content=\"Pressenza\" \/>\n<meta property=\"article:publisher\" content=\"https:\/\/www.facebook.com\/PressenzaItalia\" \/>\n<meta property=\"article:published_time\" content=\"2024-06-07T20:52:33+00:00\" \/>\n<meta property=\"og:image\" content=\"https:\/\/www.pressenza.com\/wp-content\/uploads\/2024\/06\/Rafael-Edwards-casa-iluminada-con-amigos-afuera.jpg\" \/>\n\t<meta property=\"og:image:width\" content=\"720\" \/>\n\t<meta property=\"og:image:height\" content=\"540\" \/>\n\t<meta property=\"og:image:type\" content=\"image\/jpeg\" \/>\n<meta name=\"author\" content=\"Marcelo Trivelli\" \/>\n<meta name=\"twitter:card\" content=\"summary_large_image\" \/>\n<meta name=\"twitter:creator\" content=\"@PressenzaIPA\" \/>\n<meta name=\"twitter:site\" content=\"@PressenzaIPA\" \/>\n<meta name=\"twitter:label1\" content=\"Escrito por\" \/>\n\t<meta name=\"twitter:data1\" content=\"Marcelo Trivelli\" \/>\n\t<meta name=\"twitter:label2\" content=\"Tiempo de lectura\" \/>\n\t<meta name=\"twitter:data2\" content=\"3 minutos\" \/>\n<script type=\"application\/ld+json\" class=\"yoast-schema-graph\">{\"@context\":\"https:\/\/schema.org\",\"@graph\":[{\"@type\":\"Article\",\"@id\":\"https:\/\/www.pressenza.com\/es\/2024\/06\/el-dialogo-es-para-valientes\/#article\",\"isPartOf\":{\"@id\":\"https:\/\/www.pressenza.com\/es\/2024\/06\/el-dialogo-es-para-valientes\/\"},\"author\":{\"name\":\"Marcelo Trivelli\",\"@id\":\"https:\/\/www.pressenza.com\/es\/#\/schema\/person\/62f77772bfcdd01e2cf156a471ba4ec5\"},\"headline\":\"El di\u00e1logo es para valientes\",\"datePublished\":\"2024-06-07T20:52:33+00:00\",\"mainEntityOfPage\":{\"@id\":\"https:\/\/www.pressenza.com\/es\/2024\/06\/el-dialogo-es-para-valientes\/\"},\"wordCount\":483,\"publisher\":{\"@id\":\"https:\/\/www.pressenza.com\/es\/#organization\"},\"image\":{\"@id\":\"https:\/\/www.pressenza.com\/es\/2024\/06\/el-dialogo-es-para-valientes\/#primaryimage\"},\"thumbnailUrl\":\"https:\/\/www.pressenza.com\/wp-content\/uploads\/2024\/06\/Rafael-Edwards-casa-iluminada-con-amigos-afuera.jpg\",\"keywords\":[\"Chile\",\"di\u00e1logo\"],\"articleSection\":[\"Contenido Original\",\"Noviolencia\",\"Opiniones\",\"Sudam\u00e9rica\"],\"inLanguage\":\"es\"},{\"@type\":\"WebPage\",\"@id\":\"https:\/\/www.pressenza.com\/es\/2024\/06\/el-dialogo-es-para-valientes\/\",\"url\":\"https:\/\/www.pressenza.com\/es\/2024\/06\/el-dialogo-es-para-valientes\/\",\"name\":\"El di\u00e1logo es para valientes\",\"isPartOf\":{\"@id\":\"https:\/\/www.pressenza.com\/es\/#website\"},\"primaryImageOfPage\":{\"@id\":\"https:\/\/www.pressenza.com\/es\/2024\/06\/el-dialogo-es-para-valientes\/#primaryimage\"},\"image\":{\"@id\":\"https:\/\/www.pressenza.com\/es\/2024\/06\/el-dialogo-es-para-valientes\/#primaryimage\"},\"thumbnailUrl\":\"https:\/\/www.pressenza.com\/wp-content\/uploads\/2024\/06\/Rafael-Edwards-casa-iluminada-con-amigos-afuera.jpg\",\"datePublished\":\"2024-06-07T20:52:33+00:00\",\"description\":\"Existe coincidencia respecto a que los estados de \u00e1nimo est\u00e1n crispados en Chile. Estamos frente a conflictos ideol\u00f3gicos, de poder y de egos.\",\"breadcrumb\":{\"@id\":\"https:\/\/www.pressenza.com\/es\/2024\/06\/el-dialogo-es-para-valientes\/#breadcrumb\"},\"inLanguage\":\"es\",\"potentialAction\":[{\"@type\":\"ReadAction\",\"target\":[\"https:\/\/www.pressenza.com\/es\/2024\/06\/el-dialogo-es-para-valientes\/\"]}]},{\"@type\":\"ImageObject\",\"inLanguage\":\"es\",\"@id\":\"https:\/\/www.pressenza.com\/es\/2024\/06\/el-dialogo-es-para-valientes\/#primaryimage\",\"url\":\"https:\/\/www.pressenza.com\/wp-content\/uploads\/2024\/06\/Rafael-Edwards-casa-iluminada-con-amigos-afuera.jpg\",\"contentUrl\":\"https:\/\/www.pressenza.com\/wp-content\/uploads\/2024\/06\/Rafael-Edwards-casa-iluminada-con-amigos-afuera.jpg\",\"width\":720,\"height\":540,\"caption\":\"OLYMPUS DIGITAL CAMERA\"},{\"@type\":\"BreadcrumbList\",\"@id\":\"https:\/\/www.pressenza.com\/es\/2024\/06\/el-dialogo-es-para-valientes\/#breadcrumb\",\"itemListElement\":[{\"@type\":\"ListItem\",\"position\":1,\"name\":\"Accueil\",\"item\":\"https:\/\/www.pressenza.com\/es\/\"},{\"@type\":\"ListItem\",\"position\":2,\"name\":\"El di\u00e1logo es para valientes\"}]},{\"@type\":\"WebSite\",\"@id\":\"https:\/\/www.pressenza.com\/es\/#website\",\"url\":\"https:\/\/www.pressenza.com\/es\/\",\"name\":\"Pressenza\",\"description\":\"International Press Agency\",\"publisher\":{\"@id\":\"https:\/\/www.pressenza.com\/es\/#organization\"},\"potentialAction\":[{\"@type\":\"SearchAction\",\"target\":{\"@type\":\"EntryPoint\",\"urlTemplate\":\"https:\/\/www.pressenza.com\/es\/?s={search_term_string}\"},\"query-input\":{\"@type\":\"PropertyValueSpecification\",\"valueRequired\":true,\"valueName\":\"search_term_string\"}}],\"inLanguage\":\"es\"},{\"@type\":\"Organization\",\"@id\":\"https:\/\/www.pressenza.com\/es\/#organization\",\"name\":\"Pressenza\",\"url\":\"https:\/\/www.pressenza.com\/es\/\",\"logo\":{\"@type\":\"ImageObject\",\"inLanguage\":\"es\",\"@id\":\"https:\/\/www.pressenza.com\/es\/#\/schema\/logo\/image\/\",\"url\":\"https:\/\/www.pressenza.com\/wp-content\/uploads\/2022\/10\/pressenza_logo_200x200.jpg\",\"contentUrl\":\"https:\/\/www.pressenza.com\/wp-content\/uploads\/2022\/10\/pressenza_logo_200x200.jpg\",\"width\":200,\"height\":200,\"caption\":\"Pressenza\"},\"image\":{\"@id\":\"https:\/\/www.pressenza.com\/es\/#\/schema\/logo\/image\/\"},\"sameAs\":[\"https:\/\/www.facebook.com\/PressenzaItalia\",\"https:\/\/x.com\/PressenzaIPA\"]},{\"@type\":\"Person\",\"@id\":\"https:\/\/www.pressenza.com\/es\/#\/schema\/person\/62f77772bfcdd01e2cf156a471ba4ec5\",\"name\":\"Marcelo Trivelli\",\"description\":\"Engineer, consultant and columnist on current affairs, always providing a critical and reflective view that adds to the debate. Main topics: education, politics and society. He has held various positions, among others, in the public sector (former mayor of Santiago), in the third sector (founder and president of Fundaci\u00f3n Semilla) and also in the private sector as a director of companies.\",\"url\":\"https:\/\/www.pressenza.com\/es\/author\/marcelo-trivelli\/\"}]}<\/script>\n<!-- \/ Yoast SEO plugin. -->","yoast_head_json":{"title":"El di\u00e1logo es para valientes","description":"Existe coincidencia respecto a que los estados de \u00e1nimo est\u00e1n crispados en Chile. Estamos frente a conflictos ideol\u00f3gicos, de poder y de egos.","robots":{"index":"index","follow":"follow","max-snippet":"max-snippet:-1","max-image-preview":"max-image-preview:large","max-video-preview":"max-video-preview:-1"},"canonical":"https:\/\/www.pressenza.com\/es\/2024\/06\/el-dialogo-es-para-valientes\/","og_locale":"es_ES","og_type":"article","og_title":"El di\u00e1logo es para valientes","og_description":"Existe coincidencia respecto a que los estados de \u00e1nimo est\u00e1n crispados en Chile. Estamos frente a conflictos ideol\u00f3gicos, de poder y de egos.","og_url":"https:\/\/www.pressenza.com\/es\/2024\/06\/el-dialogo-es-para-valientes\/","og_site_name":"Pressenza","article_publisher":"https:\/\/www.facebook.com\/PressenzaItalia","article_published_time":"2024-06-07T20:52:33+00:00","og_image":[{"width":720,"height":540,"url":"https:\/\/www.pressenza.com\/wp-content\/uploads\/2024\/06\/Rafael-Edwards-casa-iluminada-con-amigos-afuera.jpg","type":"image\/jpeg"}],"author":"Marcelo Trivelli","twitter_card":"summary_large_image","twitter_creator":"@PressenzaIPA","twitter_site":"@PressenzaIPA","twitter_misc":{"Escrito por":"Marcelo Trivelli","Tiempo de lectura":"3 minutos"},"schema":{"@context":"https:\/\/schema.org","@graph":[{"@type":"Article","@id":"https:\/\/www.pressenza.com\/es\/2024\/06\/el-dialogo-es-para-valientes\/#article","isPartOf":{"@id":"https:\/\/www.pressenza.com\/es\/2024\/06\/el-dialogo-es-para-valientes\/"},"author":{"name":"Marcelo Trivelli","@id":"https:\/\/www.pressenza.com\/es\/#\/schema\/person\/62f77772bfcdd01e2cf156a471ba4ec5"},"headline":"El di\u00e1logo es para valientes","datePublished":"2024-06-07T20:52:33+00:00","mainEntityOfPage":{"@id":"https:\/\/www.pressenza.com\/es\/2024\/06\/el-dialogo-es-para-valientes\/"},"wordCount":483,"publisher":{"@id":"https:\/\/www.pressenza.com\/es\/#organization"},"image":{"@id":"https:\/\/www.pressenza.com\/es\/2024\/06\/el-dialogo-es-para-valientes\/#primaryimage"},"thumbnailUrl":"https:\/\/www.pressenza.com\/wp-content\/uploads\/2024\/06\/Rafael-Edwards-casa-iluminada-con-amigos-afuera.jpg","keywords":["Chile","di\u00e1logo"],"articleSection":["Contenido Original","Noviolencia","Opiniones","Sudam\u00e9rica"],"inLanguage":"es"},{"@type":"WebPage","@id":"https:\/\/www.pressenza.com\/es\/2024\/06\/el-dialogo-es-para-valientes\/","url":"https:\/\/www.pressenza.com\/es\/2024\/06\/el-dialogo-es-para-valientes\/","name":"El di\u00e1logo es para valientes","isPartOf":{"@id":"https:\/\/www.pressenza.com\/es\/#website"},"primaryImageOfPage":{"@id":"https:\/\/www.pressenza.com\/es\/2024\/06\/el-dialogo-es-para-valientes\/#primaryimage"},"image":{"@id":"https:\/\/www.pressenza.com\/es\/2024\/06\/el-dialogo-es-para-valientes\/#primaryimage"},"thumbnailUrl":"https:\/\/www.pressenza.com\/wp-content\/uploads\/2024\/06\/Rafael-Edwards-casa-iluminada-con-amigos-afuera.jpg","datePublished":"2024-06-07T20:52:33+00:00","description":"Existe coincidencia respecto a que los estados de \u00e1nimo est\u00e1n crispados en Chile. Estamos frente a conflictos ideol\u00f3gicos, de poder y de egos.","breadcrumb":{"@id":"https:\/\/www.pressenza.com\/es\/2024\/06\/el-dialogo-es-para-valientes\/#breadcrumb"},"inLanguage":"es","potentialAction":[{"@type":"ReadAction","target":["https:\/\/www.pressenza.com\/es\/2024\/06\/el-dialogo-es-para-valientes\/"]}]},{"@type":"ImageObject","inLanguage":"es","@id":"https:\/\/www.pressenza.com\/es\/2024\/06\/el-dialogo-es-para-valientes\/#primaryimage","url":"https:\/\/www.pressenza.com\/wp-content\/uploads\/2024\/06\/Rafael-Edwards-casa-iluminada-con-amigos-afuera.jpg","contentUrl":"https:\/\/www.pressenza.com\/wp-content\/uploads\/2024\/06\/Rafael-Edwards-casa-iluminada-con-amigos-afuera.jpg","width":720,"height":540,"caption":"OLYMPUS DIGITAL CAMERA"},{"@type":"BreadcrumbList","@id":"https:\/\/www.pressenza.com\/es\/2024\/06\/el-dialogo-es-para-valientes\/#breadcrumb","itemListElement":[{"@type":"ListItem","position":1,"name":"Accueil","item":"https:\/\/www.pressenza.com\/es\/"},{"@type":"ListItem","position":2,"name":"El di\u00e1logo es para valientes"}]},{"@type":"WebSite","@id":"https:\/\/www.pressenza.com\/es\/#website","url":"https:\/\/www.pressenza.com\/es\/","name":"Pressenza","description":"International Press Agency","publisher":{"@id":"https:\/\/www.pressenza.com\/es\/#organization"},"potentialAction":[{"@type":"SearchAction","target":{"@type":"EntryPoint","urlTemplate":"https:\/\/www.pressenza.com\/es\/?s={search_term_string}"},"query-input":{"@type":"PropertyValueSpecification","valueRequired":true,"valueName":"search_term_string"}}],"inLanguage":"es"},{"@type":"Organization","@id":"https:\/\/www.pressenza.com\/es\/#organization","name":"Pressenza","url":"https:\/\/www.pressenza.com\/es\/","logo":{"@type":"ImageObject","inLanguage":"es","@id":"https:\/\/www.pressenza.com\/es\/#\/schema\/logo\/image\/","url":"https:\/\/www.pressenza.com\/wp-content\/uploads\/2022\/10\/pressenza_logo_200x200.jpg","contentUrl":"https:\/\/www.pressenza.com\/wp-content\/uploads\/2022\/10\/pressenza_logo_200x200.jpg","width":200,"height":200,"caption":"Pressenza"},"image":{"@id":"https:\/\/www.pressenza.com\/es\/#\/schema\/logo\/image\/"},"sameAs":["https:\/\/www.facebook.com\/PressenzaItalia","https:\/\/x.com\/PressenzaIPA"]},{"@type":"Person","@id":"https:\/\/www.pressenza.com\/es\/#\/schema\/person\/62f77772bfcdd01e2cf156a471ba4ec5","name":"Marcelo Trivelli","description":"Engineer, consultant and columnist on current affairs, always providing a critical and reflective view that adds to the debate. Main topics: education, politics and society. He has held various positions, among others, in the public sector (former mayor of Santiago), in the third sector (founder and president of Fundaci\u00f3n Semilla) and also in the private sector as a director of companies.","url":"https:\/\/www.pressenza.com\/es\/author\/marcelo-trivelli\/"}]}},"place":"Santiago de Chile","original_article_url":"","_links":{"self":[{"href":"https:\/\/www.pressenza.com\/es\/wp-json\/wp\/v2\/posts\/2529212","targetHints":{"allow":["GET"]}}],"collection":[{"href":"https:\/\/www.pressenza.com\/es\/wp-json\/wp\/v2\/posts"}],"about":[{"href":"https:\/\/www.pressenza.com\/es\/wp-json\/wp\/v2\/types\/post"}],"author":[{"embeddable":true,"href":"https:\/\/www.pressenza.com\/es\/wp-json\/wp\/v2\/users\/1907"}],"replies":[{"embeddable":true,"href":"https:\/\/www.pressenza.com\/es\/wp-json\/wp\/v2\/comments?post=2529212"}],"version-history":[{"count":0,"href":"https:\/\/www.pressenza.com\/es\/wp-json\/wp\/v2\/posts\/2529212\/revisions"}],"wp:featuredmedia":[{"embeddable":true,"href":"https:\/\/www.pressenza.com\/es\/wp-json\/wp\/v2\/media\/2529216"}],"wp:attachment":[{"href":"https:\/\/www.pressenza.com\/es\/wp-json\/wp\/v2\/media?parent=2529212"}],"wp:term":[{"taxonomy":"category","embeddable":true,"href":"https:\/\/www.pressenza.com\/es\/wp-json\/wp\/v2\/categories?post=2529212"},{"taxonomy":"post_tag","embeddable":true,"href":"https:\/\/www.pressenza.com\/es\/wp-json\/wp\/v2\/tags?post=2529212"}],"curies":[{"name":"wp","href":"https:\/\/api.w.org\/{rel}","templated":true}]}}