{"id":2528326,"date":"2024-06-03T22:51:30","date_gmt":"2024-06-03T21:51:30","guid":{"rendered":"https:\/\/www.pressenza.com\/?p=2528326"},"modified":"2024-06-03T23:19:54","modified_gmt":"2024-06-03T22:19:54","slug":"la-furia-del-libro-de-chile-cumple-15-anos","status":"publish","type":"post","link":"https:\/\/www.pressenza.com\/es\/2024\/06\/la-furia-del-libro-de-chile-cumple-15-anos\/","title":{"rendered":"La \u00abFuria del Libro\u00bb de Chile cumple 15 a\u00f1os"},"content":{"rendered":"<p>Este fin de semana se celebr\u00f3 la 15\u00aa versi\u00f3n de la <a href=\"https:\/\/www.lafuriadellibro.com\/category\/la-furia-del-libro-2024\/\">\u00abFuria del Libro\u00bb 2024<\/a>, feria con entrada gratuita al p\u00fablico en la que distintas editoriales independientes exponen sus libros. El evento se realiz\u00f3 en la Estaci\u00f3n Mapocho, hermoso recinto patrimonial\u00a0 que pas\u00f3 de ser el punto de partida de los trenes con destino al norte del pa\u00eds a un centro cultural muy significativo para todos los chilenos, en el que adem\u00e1s de eventos, hay exhibiciones y talleres todo el a\u00f1o.<\/p>\n<p>Fue impresionante la calidad y cantidad de editoriales presentes, adem\u00e1s de las numerosas <a href=\"https:\/\/www.lafuriadellibro.com\/actividades\/\">charlas, presentaciones de libros y talleres de la programaci\u00f3n<\/a>. El p\u00fablico estuvo a la altura, llenando el recinto sobre todo el s\u00e1bado y domingo, cuando casi no se pod\u00eda caminar entre los pasillos abarrotados de gente interesada en abrir sus mentes mediante la lectura y la escritura.<\/p>\n<div id=\"attachment_2528368\" class=\"wp-caption aligncenter\"><a href=\"https:\/\/www.pressenza.com\/es\/?attachment_id=2528368\" rel=\"attachment wp-att-2528368\"><img loading=\"lazy\" decoding=\"async\" aria-describedby=\"caption-attachment-2528368\" class=\"size-medium wp-image-2528368\" src=\"https:\/\/www.pressenza.com\/wp-content\/uploads\/2024\/06\/Panoramica-interior-169x300.jpeg\" alt=\"\" width=\"169\" height=\"300\" srcset=\"https:\/\/www.pressenza.com\/wp-content\/uploads\/2024\/06\/Panoramica-interior-169x300.jpeg 169w, https:\/\/www.pressenza.com\/wp-content\/uploads\/2024\/06\/Panoramica-interior-577x1024.jpeg 577w, https:\/\/www.pressenza.com\/wp-content\/uploads\/2024\/06\/Panoramica-interior.jpeg 901w\" sizes=\"auto, (max-width: 169px) 100vw, 169px\" \/><\/a><p id=\"caption-attachment-2528368\" class=\"wp-caption-text\"><em>Panor\u00e1mica interior de la Furia del Libro<\/em><\/p><\/div>\n<p><a href=\"https:\/\/www.libreriahumanista.com\/pc\/editoriales\/virtual-ediciones\/\">Virtual Ediciones<\/a>, que lleva Jos\u00e9 Gabriel Feres, tambi\u00e9n estuvo presente en el \u00e1rea de Ciencias Sociales, ofreciendo el <a href=\"https:\/\/www.libreriahumanista.com\/p\/oferta-silo-en-coleccion-del-nuevo-humanismo\/\">conjunto de las obras de Silo<\/a> en una hermosa caja, en que cada uno de los libros incluye una breve rese\u00f1a sobre qui\u00e9n fue Mario Rodr\u00edguez Cobos y por qu\u00e9 su mensaje es m\u00e1s vigente que nunca. Y, por supuesto, los libros de Pressenza, como <a href=\"https:\/\/www.libreriahumanista.com\/p\/periodismo-no-violento-hacia-un-enfoque-humanizador-de-la-comunicacion-pressenza\/\">\u00abPeriodismo No Violento\u00bb<\/a> o <a href=\"https:\/\/www.libreriahumanista.com\/p\/muros-que-hablan-riccardo-marinai-y-david-melendez\/\">\u00abMuros que Hablan\u00bb<\/a>, una memoria gr\u00e1fica de los grafitis que acompa\u00f1aron el estallido social de octubre de 2019 en Chile.<\/p>\n<p>Tambi\u00e9n Virtual acaba de reeditar, en colaboraci\u00f3n con la <a href=\"https:\/\/www.askasis.net\/\">editorial Askasis<\/a>, el Manual del Poder Joven, con un pr\u00f3logo acerca de su nivel de actualidad en los tiempos actuales.<\/p>\n<div id=\"attachment_2528369\" class=\"wp-caption aligncenter\"><a href=\"https:\/\/www.pressenza.com\/es\/?attachment_id=2528369\" rel=\"attachment wp-att-2528369\"><img loading=\"lazy\" decoding=\"async\" aria-describedby=\"caption-attachment-2528369\" class=\"size-medium wp-image-2528369\" src=\"https:\/\/www.pressenza.com\/wp-content\/uploads\/2024\/06\/Imagen-exterior-169x300.jpeg\" alt=\"\" width=\"169\" height=\"300\" srcset=\"https:\/\/www.pressenza.com\/wp-content\/uploads\/2024\/06\/Imagen-exterior-169x300.jpeg 169w, https:\/\/www.pressenza.com\/wp-content\/uploads\/2024\/06\/Imagen-exterior-577x1024.jpeg 577w, https:\/\/www.pressenza.com\/wp-content\/uploads\/2024\/06\/Imagen-exterior.jpeg 901w\" sizes=\"auto, (max-width: 169px) 100vw, 169px\" \/><\/a><p id=\"caption-attachment-2528369\" class=\"wp-caption-text\"><em>Centro Cultural Estaci\u00f3n Mapocho<\/em><\/p><\/div>\n<p>Resulta inspirador que esta feria alternativa est\u00e9 cobrando tanto impulso y que buena parte del p\u00fablico sean j\u00f3venes, una se\u00f1al m\u00e1s de que el mundo de la cultura, tan importante y tan desatendido hoy por hoy en Chile, sigue \u00abvivito y coleando\u00bb, a pesar de la <em>desculturizaci\u00f3n<\/em> intencionada de los medios del sistema.<\/p>\n<p>&nbsp;<\/p>\n","protected":false},"excerpt":{"rendered":"<p>Este fin de semana se celebr\u00f3 la 15\u00aa versi\u00f3n de la \u00abFuria del Libro\u00bb 2024, feria con entrada gratuita al p\u00fablico en la que distintas editoriales independientes exponen sus libros. El evento se realiz\u00f3 en la Estaci\u00f3n Mapocho, hermoso recinto&hellip;<\/p>\n","protected":false},"author":1657,"featured_media":2528367,"comment_status":"closed","ping_status":"closed","sticky":false,"template":"","format":"standard","meta":{"footnotes":""},"categories":[11389,75,46976,67],"tags":[123482,123484,123485,123483,123481,80919],"class_list":["post-2528326","post","type-post","status-publish","format-standard","has-post-thumbnail","hentry","category-contenido-original","category-cultura-es","category-jovenes","category-sudamerica","tag-centro-cultural-mapocho","tag-editorial-askasis","tag-editoriales-alternativas","tag-estacion-mapocho","tag-furia-del-libro","tag-virtual-ediciones-es"],"yoast_head":"<!-- This site is optimized with the Yoast SEO plugin v27.1.1 - https:\/\/yoast.com\/product\/yoast-seo-wordpress\/ -->\n<title>La &quot;Furia del Libro&quot; de Chile cumple 15 a\u00f1os<\/title>\n<meta name=\"description\" content=\"Este fin de semana se celebr\u00f3 la 15\u00aa versi\u00f3n de la &quot;Furia del Libro&quot; 2024, feria con entrada gratuita al p\u00fablico en la que distintas editoriales\" \/>\n<meta name=\"robots\" content=\"index, follow, max-snippet:-1, max-image-preview:large, max-video-preview:-1\" \/>\n<link rel=\"canonical\" href=\"https:\/\/www.pressenza.com\/es\/2024\/06\/la-furia-del-libro-de-chile-cumple-15-anos\/\" \/>\n<meta property=\"og:locale\" content=\"es_ES\" \/>\n<meta property=\"og:type\" content=\"article\" \/>\n<meta property=\"og:title\" content=\"La &quot;Furia del Libro&quot; de Chile cumple 15 a\u00f1os\" \/>\n<meta property=\"og:description\" content=\"Este fin de semana se celebr\u00f3 la 15\u00aa versi\u00f3n de la &quot;Furia del Libro&quot; 2024, feria con entrada gratuita al p\u00fablico en la que distintas editoriales\" \/>\n<meta property=\"og:url\" content=\"https:\/\/www.pressenza.com\/es\/2024\/06\/la-furia-del-libro-de-chile-cumple-15-anos\/\" \/>\n<meta property=\"og:site_name\" content=\"Pressenza\" \/>\n<meta property=\"article:publisher\" content=\"https:\/\/www.facebook.com\/PressenzaItalia\" \/>\n<meta property=\"article:published_time\" content=\"2024-06-03T21:51:30+00:00\" \/>\n<meta property=\"article:modified_time\" content=\"2024-06-03T22:19:54+00:00\" \/>\n<meta property=\"og:image\" content=\"https:\/\/www.pressenza.com\/wp-content\/uploads\/2024\/06\/Avidos-lectores.jpeg\" \/>\n\t<meta property=\"og:image:width\" content=\"901\" \/>\n\t<meta property=\"og:image:height\" content=\"1600\" \/>\n\t<meta property=\"og:image:type\" content=\"image\/jpeg\" \/>\n<meta name=\"author\" content=\"David Mel\u00e9ndez Tormen\" \/>\n<meta name=\"twitter:card\" content=\"summary_large_image\" \/>\n<meta name=\"twitter:creator\" content=\"@PressenzaIPA\" \/>\n<meta name=\"twitter:site\" content=\"@PressenzaIPA\" \/>\n<meta name=\"twitter:label1\" content=\"Escrito por\" \/>\n\t<meta name=\"twitter:data1\" content=\"David Mel\u00e9ndez Tormen\" \/>\n\t<meta name=\"twitter:label2\" content=\"Tiempo de lectura\" \/>\n\t<meta name=\"twitter:data2\" content=\"2 minutos\" \/>\n<script type=\"application\/ld+json\" class=\"yoast-schema-graph\">{\"@context\":\"https:\/\/schema.org\",\"@graph\":[{\"@type\":\"Article\",\"@id\":\"https:\/\/www.pressenza.com\/es\/2024\/06\/la-furia-del-libro-de-chile-cumple-15-anos\/#article\",\"isPartOf\":{\"@id\":\"https:\/\/www.pressenza.com\/es\/2024\/06\/la-furia-del-libro-de-chile-cumple-15-anos\/\"},\"author\":{\"name\":\"David Mel\u00e9ndez Tormen\",\"@id\":\"https:\/\/www.pressenza.com\/es\/#\/schema\/person\/70f60c9c4fac1fd1dfead42691972065\"},\"headline\":\"La \u00abFuria del Libro\u00bb de Chile cumple 15 a\u00f1os\",\"datePublished\":\"2024-06-03T21:51:30+00:00\",\"dateModified\":\"2024-06-03T22:19:54+00:00\",\"mainEntityOfPage\":{\"@id\":\"https:\/\/www.pressenza.com\/es\/2024\/06\/la-furia-del-libro-de-chile-cumple-15-anos\/\"},\"wordCount\":370,\"publisher\":{\"@id\":\"https:\/\/www.pressenza.com\/es\/#organization\"},\"image\":{\"@id\":\"https:\/\/www.pressenza.com\/es\/2024\/06\/la-furia-del-libro-de-chile-cumple-15-anos\/#primaryimage\"},\"thumbnailUrl\":\"https:\/\/www.pressenza.com\/wp-content\/uploads\/2024\/06\/Avidos-lectores.jpeg\",\"keywords\":[\"Centro Cultural Mapocho\",\"Editorial Askasis\",\"editoriales alternativas\",\"Estaci\u00f3n Mapocho\",\"Furia del Libro\",\"Virtual Ediciones\"],\"articleSection\":[\"Contenido Original\",\"Cultura y Medios\",\"J\u00f3venes\",\"Sudam\u00e9rica\"],\"inLanguage\":\"es\"},{\"@type\":\"WebPage\",\"@id\":\"https:\/\/www.pressenza.com\/es\/2024\/06\/la-furia-del-libro-de-chile-cumple-15-anos\/\",\"url\":\"https:\/\/www.pressenza.com\/es\/2024\/06\/la-furia-del-libro-de-chile-cumple-15-anos\/\",\"name\":\"La \\\"Furia del Libro\\\" de Chile cumple 15 a\u00f1os\",\"isPartOf\":{\"@id\":\"https:\/\/www.pressenza.com\/es\/#website\"},\"primaryImageOfPage\":{\"@id\":\"https:\/\/www.pressenza.com\/es\/2024\/06\/la-furia-del-libro-de-chile-cumple-15-anos\/#primaryimage\"},\"image\":{\"@id\":\"https:\/\/www.pressenza.com\/es\/2024\/06\/la-furia-del-libro-de-chile-cumple-15-anos\/#primaryimage\"},\"thumbnailUrl\":\"https:\/\/www.pressenza.com\/wp-content\/uploads\/2024\/06\/Avidos-lectores.jpeg\",\"datePublished\":\"2024-06-03T21:51:30+00:00\",\"dateModified\":\"2024-06-03T22:19:54+00:00\",\"description\":\"Este fin de semana se celebr\u00f3 la 15\u00aa versi\u00f3n de la \\\"Furia del Libro\\\" 2024, feria con entrada gratuita al p\u00fablico en la que distintas editoriales\",\"breadcrumb\":{\"@id\":\"https:\/\/www.pressenza.com\/es\/2024\/06\/la-furia-del-libro-de-chile-cumple-15-anos\/#breadcrumb\"},\"inLanguage\":\"es\",\"potentialAction\":[{\"@type\":\"ReadAction\",\"target\":[\"https:\/\/www.pressenza.com\/es\/2024\/06\/la-furia-del-libro-de-chile-cumple-15-anos\/\"]}]},{\"@type\":\"ImageObject\",\"inLanguage\":\"es\",\"@id\":\"https:\/\/www.pressenza.com\/es\/2024\/06\/la-furia-del-libro-de-chile-cumple-15-anos\/#primaryimage\",\"url\":\"https:\/\/www.pressenza.com\/wp-content\/uploads\/2024\/06\/Avidos-lectores.jpeg\",\"contentUrl\":\"https:\/\/www.pressenza.com\/wp-content\/uploads\/2024\/06\/Avidos-lectores.jpeg\",\"width\":901,\"height\":1600,\"caption\":\"\u00c1vidos lectores\"},{\"@type\":\"BreadcrumbList\",\"@id\":\"https:\/\/www.pressenza.com\/es\/2024\/06\/la-furia-del-libro-de-chile-cumple-15-anos\/#breadcrumb\",\"itemListElement\":[{\"@type\":\"ListItem\",\"position\":1,\"name\":\"Accueil\",\"item\":\"https:\/\/www.pressenza.com\/es\/\"},{\"@type\":\"ListItem\",\"position\":2,\"name\":\"La \u00abFuria del Libro\u00bb de Chile cumple 15 a\u00f1os\"}]},{\"@type\":\"WebSite\",\"@id\":\"https:\/\/www.pressenza.com\/es\/#website\",\"url\":\"https:\/\/www.pressenza.com\/es\/\",\"name\":\"Pressenza\",\"description\":\"International Press Agency\",\"publisher\":{\"@id\":\"https:\/\/www.pressenza.com\/es\/#organization\"},\"potentialAction\":[{\"@type\":\"SearchAction\",\"target\":{\"@type\":\"EntryPoint\",\"urlTemplate\":\"https:\/\/www.pressenza.com\/es\/?s={search_term_string}\"},\"query-input\":{\"@type\":\"PropertyValueSpecification\",\"valueRequired\":true,\"valueName\":\"search_term_string\"}}],\"inLanguage\":\"es\"},{\"@type\":\"Organization\",\"@id\":\"https:\/\/www.pressenza.com\/es\/#organization\",\"name\":\"Pressenza\",\"url\":\"https:\/\/www.pressenza.com\/es\/\",\"logo\":{\"@type\":\"ImageObject\",\"inLanguage\":\"es\",\"@id\":\"https:\/\/www.pressenza.com\/es\/#\/schema\/logo\/image\/\",\"url\":\"https:\/\/www.pressenza.com\/wp-content\/uploads\/2022\/10\/pressenza_logo_200x200.jpg\",\"contentUrl\":\"https:\/\/www.pressenza.com\/wp-content\/uploads\/2022\/10\/pressenza_logo_200x200.jpg\",\"width\":200,\"height\":200,\"caption\":\"Pressenza\"},\"image\":{\"@id\":\"https:\/\/www.pressenza.com\/es\/#\/schema\/logo\/image\/\"},\"sameAs\":[\"https:\/\/www.facebook.com\/PressenzaItalia\",\"https:\/\/x.com\/PressenzaIPA\"]},{\"@type\":\"Person\",\"@id\":\"https:\/\/www.pressenza.com\/es\/#\/schema\/person\/70f60c9c4fac1fd1dfead42691972065\",\"name\":\"David Mel\u00e9ndez Tormen\",\"description\":\"Humanist and diversity activist. Born in 1972 in Santiago de Chile. Bachelor\u2019s Degree in Humanities and German-English to Spanish Translator, with studies in journalism. Currently doing a M.A. on Social Transformations. Collaborator in Pressenza since 2018. Co-author, with Riccardo Marinai, of the book Mjuros que Hablan, a compilation of graffitis from the Chilean \\\"estallido social\\\" of 2019.\",\"url\":\"https:\/\/www.pressenza.com\/es\/author\/david-melendez\/\"}]}<\/script>\n<!-- \/ Yoast SEO plugin. -->","yoast_head_json":{"title":"La \"Furia del Libro\" de Chile cumple 15 a\u00f1os","description":"Este fin de semana se celebr\u00f3 la 15\u00aa versi\u00f3n de la \"Furia del Libro\" 2024, feria con entrada gratuita al p\u00fablico en la que distintas editoriales","robots":{"index":"index","follow":"follow","max-snippet":"max-snippet:-1","max-image-preview":"max-image-preview:large","max-video-preview":"max-video-preview:-1"},"canonical":"https:\/\/www.pressenza.com\/es\/2024\/06\/la-furia-del-libro-de-chile-cumple-15-anos\/","og_locale":"es_ES","og_type":"article","og_title":"La \"Furia del Libro\" de Chile cumple 15 a\u00f1os","og_description":"Este fin de semana se celebr\u00f3 la 15\u00aa versi\u00f3n de la \"Furia del Libro\" 2024, feria con entrada gratuita al p\u00fablico en la que distintas editoriales","og_url":"https:\/\/www.pressenza.com\/es\/2024\/06\/la-furia-del-libro-de-chile-cumple-15-anos\/","og_site_name":"Pressenza","article_publisher":"https:\/\/www.facebook.com\/PressenzaItalia","article_published_time":"2024-06-03T21:51:30+00:00","article_modified_time":"2024-06-03T22:19:54+00:00","og_image":[{"width":901,"height":1600,"url":"https:\/\/www.pressenza.com\/wp-content\/uploads\/2024\/06\/Avidos-lectores.jpeg","type":"image\/jpeg"}],"author":"David Mel\u00e9ndez Tormen","twitter_card":"summary_large_image","twitter_creator":"@PressenzaIPA","twitter_site":"@PressenzaIPA","twitter_misc":{"Escrito por":"David Mel\u00e9ndez Tormen","Tiempo de lectura":"2 minutos"},"schema":{"@context":"https:\/\/schema.org","@graph":[{"@type":"Article","@id":"https:\/\/www.pressenza.com\/es\/2024\/06\/la-furia-del-libro-de-chile-cumple-15-anos\/#article","isPartOf":{"@id":"https:\/\/www.pressenza.com\/es\/2024\/06\/la-furia-del-libro-de-chile-cumple-15-anos\/"},"author":{"name":"David Mel\u00e9ndez Tormen","@id":"https:\/\/www.pressenza.com\/es\/#\/schema\/person\/70f60c9c4fac1fd1dfead42691972065"},"headline":"La \u00abFuria del Libro\u00bb de Chile cumple 15 a\u00f1os","datePublished":"2024-06-03T21:51:30+00:00","dateModified":"2024-06-03T22:19:54+00:00","mainEntityOfPage":{"@id":"https:\/\/www.pressenza.com\/es\/2024\/06\/la-furia-del-libro-de-chile-cumple-15-anos\/"},"wordCount":370,"publisher":{"@id":"https:\/\/www.pressenza.com\/es\/#organization"},"image":{"@id":"https:\/\/www.pressenza.com\/es\/2024\/06\/la-furia-del-libro-de-chile-cumple-15-anos\/#primaryimage"},"thumbnailUrl":"https:\/\/www.pressenza.com\/wp-content\/uploads\/2024\/06\/Avidos-lectores.jpeg","keywords":["Centro Cultural Mapocho","Editorial Askasis","editoriales alternativas","Estaci\u00f3n Mapocho","Furia del Libro","Virtual Ediciones"],"articleSection":["Contenido Original","Cultura y Medios","J\u00f3venes","Sudam\u00e9rica"],"inLanguage":"es"},{"@type":"WebPage","@id":"https:\/\/www.pressenza.com\/es\/2024\/06\/la-furia-del-libro-de-chile-cumple-15-anos\/","url":"https:\/\/www.pressenza.com\/es\/2024\/06\/la-furia-del-libro-de-chile-cumple-15-anos\/","name":"La \"Furia del Libro\" de Chile cumple 15 a\u00f1os","isPartOf":{"@id":"https:\/\/www.pressenza.com\/es\/#website"},"primaryImageOfPage":{"@id":"https:\/\/www.pressenza.com\/es\/2024\/06\/la-furia-del-libro-de-chile-cumple-15-anos\/#primaryimage"},"image":{"@id":"https:\/\/www.pressenza.com\/es\/2024\/06\/la-furia-del-libro-de-chile-cumple-15-anos\/#primaryimage"},"thumbnailUrl":"https:\/\/www.pressenza.com\/wp-content\/uploads\/2024\/06\/Avidos-lectores.jpeg","datePublished":"2024-06-03T21:51:30+00:00","dateModified":"2024-06-03T22:19:54+00:00","description":"Este fin de semana se celebr\u00f3 la 15\u00aa versi\u00f3n de la \"Furia del Libro\" 2024, feria con entrada gratuita al p\u00fablico en la que distintas editoriales","breadcrumb":{"@id":"https:\/\/www.pressenza.com\/es\/2024\/06\/la-furia-del-libro-de-chile-cumple-15-anos\/#breadcrumb"},"inLanguage":"es","potentialAction":[{"@type":"ReadAction","target":["https:\/\/www.pressenza.com\/es\/2024\/06\/la-furia-del-libro-de-chile-cumple-15-anos\/"]}]},{"@type":"ImageObject","inLanguage":"es","@id":"https:\/\/www.pressenza.com\/es\/2024\/06\/la-furia-del-libro-de-chile-cumple-15-anos\/#primaryimage","url":"https:\/\/www.pressenza.com\/wp-content\/uploads\/2024\/06\/Avidos-lectores.jpeg","contentUrl":"https:\/\/www.pressenza.com\/wp-content\/uploads\/2024\/06\/Avidos-lectores.jpeg","width":901,"height":1600,"caption":"\u00c1vidos lectores"},{"@type":"BreadcrumbList","@id":"https:\/\/www.pressenza.com\/es\/2024\/06\/la-furia-del-libro-de-chile-cumple-15-anos\/#breadcrumb","itemListElement":[{"@type":"ListItem","position":1,"name":"Accueil","item":"https:\/\/www.pressenza.com\/es\/"},{"@type":"ListItem","position":2,"name":"La \u00abFuria del Libro\u00bb de Chile cumple 15 a\u00f1os"}]},{"@type":"WebSite","@id":"https:\/\/www.pressenza.com\/es\/#website","url":"https:\/\/www.pressenza.com\/es\/","name":"Pressenza","description":"International Press Agency","publisher":{"@id":"https:\/\/www.pressenza.com\/es\/#organization"},"potentialAction":[{"@type":"SearchAction","target":{"@type":"EntryPoint","urlTemplate":"https:\/\/www.pressenza.com\/es\/?s={search_term_string}"},"query-input":{"@type":"PropertyValueSpecification","valueRequired":true,"valueName":"search_term_string"}}],"inLanguage":"es"},{"@type":"Organization","@id":"https:\/\/www.pressenza.com\/es\/#organization","name":"Pressenza","url":"https:\/\/www.pressenza.com\/es\/","logo":{"@type":"ImageObject","inLanguage":"es","@id":"https:\/\/www.pressenza.com\/es\/#\/schema\/logo\/image\/","url":"https:\/\/www.pressenza.com\/wp-content\/uploads\/2022\/10\/pressenza_logo_200x200.jpg","contentUrl":"https:\/\/www.pressenza.com\/wp-content\/uploads\/2022\/10\/pressenza_logo_200x200.jpg","width":200,"height":200,"caption":"Pressenza"},"image":{"@id":"https:\/\/www.pressenza.com\/es\/#\/schema\/logo\/image\/"},"sameAs":["https:\/\/www.facebook.com\/PressenzaItalia","https:\/\/x.com\/PressenzaIPA"]},{"@type":"Person","@id":"https:\/\/www.pressenza.com\/es\/#\/schema\/person\/70f60c9c4fac1fd1dfead42691972065","name":"David Mel\u00e9ndez Tormen","description":"Humanist and diversity activist. Born in 1972 in Santiago de Chile. Bachelor\u2019s Degree in Humanities and German-English to Spanish Translator, with studies in journalism. Currently doing a M.A. on Social Transformations. Collaborator in Pressenza since 2018. Co-author, with Riccardo Marinai, of the book Mjuros que Hablan, a compilation of graffitis from the Chilean \"estallido social\" of 2019.","url":"https:\/\/www.pressenza.com\/es\/author\/david-melendez\/"}]}},"place":"Santiago de Chile","original_article_url":"","_links":{"self":[{"href":"https:\/\/www.pressenza.com\/es\/wp-json\/wp\/v2\/posts\/2528326","targetHints":{"allow":["GET"]}}],"collection":[{"href":"https:\/\/www.pressenza.com\/es\/wp-json\/wp\/v2\/posts"}],"about":[{"href":"https:\/\/www.pressenza.com\/es\/wp-json\/wp\/v2\/types\/post"}],"author":[{"embeddable":true,"href":"https:\/\/www.pressenza.com\/es\/wp-json\/wp\/v2\/users\/1657"}],"replies":[{"embeddable":true,"href":"https:\/\/www.pressenza.com\/es\/wp-json\/wp\/v2\/comments?post=2528326"}],"version-history":[{"count":0,"href":"https:\/\/www.pressenza.com\/es\/wp-json\/wp\/v2\/posts\/2528326\/revisions"}],"wp:featuredmedia":[{"embeddable":true,"href":"https:\/\/www.pressenza.com\/es\/wp-json\/wp\/v2\/media\/2528367"}],"wp:attachment":[{"href":"https:\/\/www.pressenza.com\/es\/wp-json\/wp\/v2\/media?parent=2528326"}],"wp:term":[{"taxonomy":"category","embeddable":true,"href":"https:\/\/www.pressenza.com\/es\/wp-json\/wp\/v2\/categories?post=2528326"},{"taxonomy":"post_tag","embeddable":true,"href":"https:\/\/www.pressenza.com\/es\/wp-json\/wp\/v2\/tags?post=2528326"}],"curies":[{"name":"wp","href":"https:\/\/api.w.org\/{rel}","templated":true}]}}