{"id":2526955,"date":"2024-05-26T18:01:27","date_gmt":"2024-05-26T17:01:27","guid":{"rendered":"https:\/\/www.pressenza.com\/?p=2526955"},"modified":"2024-05-27T16:25:14","modified_gmt":"2024-05-27T15:25:14","slug":"somos-antisemitas","status":"publish","type":"post","link":"https:\/\/www.pressenza.com\/es\/2024\/05\/somos-antisemitas\/","title":{"rendered":"\u00bfSomos antisemitas?"},"content":{"rendered":"<p>No s\u00e9 por qu\u00e9 todos se empe\u00f1an en decir <em>antisemitismo<\/em> para referirse a las cr\u00edticas al gobierno de Israel, cuando los palestinos tambi\u00e9n son semitas. Sin embargo, esta expresi\u00f3n se ha hecho tan com\u00fan y hasta la Real Academia Espa\u00f1ola la ha adoptado, que me ver\u00e9 obligada a usarla para que me entiendan.<br \/>\nAclarado esto, me voy a referir al antisemitismo. Ya escrib\u00ed anteriormente un art\u00edculo en que afirmaba que en Chile, a mediados del Siglo XX casi no hubo antisemitismo, sobre todo en la izquierda porque hab\u00eda y todav\u00eda hay muchos jud\u00edos de izquierda. Hasta di un mont\u00f3n de nombres.<\/p>\n<p>Bien, pues ahora quienes apoyamos a los palestinos no estamos promoviendo el antisemitismo, estamos promoviendo el rechazo al actual gobierno de Israel.<br \/>\nY los miembros del lobby jud\u00edo en Estados Unidos se equivocan medio a medio cuando hablan de \u201cantisemitismo\u201d, que es lo que provocan ellos mismos al intentar proteger a Netanyahu, que es un tipo indefendible en cualquier etnia o pa\u00eds.<\/p>\n<p>Entonces, vamos precisando: los j\u00f3venes universitarios que defienden a los palestinos de Gaza y de otros lugares como Cisjordania no son antisemitas, pues s\u00f3lo est\u00e1n solidarizando con un pueblo que es v\u00edctima de un genocidio. As\u00ed lo ha considerado Sud\u00e1frica en su demanda ante la Corte Penal Internacional (CPI). Si eso es antisemitismo, la verdad es que ese sentimiento lo provocan aquellos jud\u00edos que se empe\u00f1an en confundirlo todo.<\/p>\n<p>Es verdad que hace siglos que ha habido mucho antisemitismo en el mundo. Recordemos que en 1492 los jud\u00edos fueron expulsados de Espa\u00f1a, que hubo m\u00faltiples progroms en Europa y en Asia, hasta culminar en el holocausto nazi. Todos sabemos esto y ahora las cosas han cambiado mucho.<\/p>\n<p>Defender al pueblo palestino que vive en Gaza o en otras regiones de Israel \u00bfEs ser antisemita? No, porque no son todos los jud\u00edos del mundo los que participan o aprueban esta masacre, hay muchos que la rechazan y critican.<\/p>\n<p>\u00bfSolidarizar con los palestinos es atacar al Estado de Israel? Claro que no, porque no es todo el Estado de Israel el que los est\u00e1 exterminando ni todo el Estado de Israel el que lo aprueba.<\/p>\n<p>\u00bfApoyar a los palestinos de Gaza o de Cisjordania es atacar a cualquier gobierno de Israel? No se\u00f1ores, es atacar al ACTUAL gobierno de Israel, presidido por Benjam\u00edn Netanyahu (A quien \u00a0Biden llama Bibi, por cierto, como si fueran amigos del alma, aunque Bibi no le hace el m\u00e1s m\u00ednimo caso porque sabe que va a perder las elecciones).<\/p>\n<p>De eso se trata, de hacer las debidas diferencias, para que los jud\u00edos del mundo no nos agredan a todos y para que comprendamos bien contra qu\u00e9 y contra quien estamos luchando. Es contra Netanyahu, que ya ha sido se\u00f1alado por la Fiscal\u00eda de la CPI como criminal que debe ser arrestado en cualquier pa\u00eds del mundo. Y para que ni el se\u00f1or Biden ni nadie se atreva a amenazar a la Fiscal\u00eda o a la CPI, porque si al Fiscal o a los jueces les llegara a pasar algo, ser\u00eda un crimen de lesa humanidad que transformar\u00eda todo en este planeta.<\/p>\n","protected":false},"excerpt":{"rendered":"<p>No s\u00e9 por qu\u00e9 todos se empe\u00f1an en decir antisemitismo para referirse a las cr\u00edticas al gobierno de Israel, cuando los palestinos tambi\u00e9n son semitas. Sin embargo, esta expresi\u00f3n se ha hecho tan com\u00fan y hasta la Real Academia Espa\u00f1ola&hellip;<\/p>\n","protected":false},"author":2124,"featured_media":2526962,"comment_status":"closed","ping_status":"closed","sticky":false,"template":"","format":"standard","meta":{"footnotes":""},"categories":[11389,71,1242,161],"tags":[56398,118803,57469],"class_list":["post-2526955","post","type-post","status-publish","format-standard","has-post-thumbnail","hentry","category-contenido-original","category-medio-oriente-es","category-noviolencia-tema","category-opiniones","tag-antisemitismo-es","tag-guerra-en-gaza","tag-netanyahu"],"yoast_head":"<!-- This site is optimized with the Yoast SEO plugin v27.1.1 - https:\/\/yoast.com\/product\/yoast-seo-wordpress\/ -->\n<title>\u00bfSomos antisemitas?<\/title>\n<meta name=\"description\" content=\"No s\u00e9 por qu\u00e9 todos se empe\u00f1an en decir antisemitismo para referirse a las cr\u00edticas al gobierno de Israel, cuando los palestinos tambi\u00e9n son semitas. Sin\" \/>\n<meta name=\"robots\" content=\"index, follow, max-snippet:-1, max-image-preview:large, max-video-preview:-1\" \/>\n<link rel=\"canonical\" href=\"https:\/\/www.pressenza.com\/es\/2024\/05\/somos-antisemitas\/\" \/>\n<meta property=\"og:locale\" content=\"es_ES\" \/>\n<meta property=\"og:type\" content=\"article\" \/>\n<meta property=\"og:title\" content=\"\u00bfSomos antisemitas?\" \/>\n<meta property=\"og:description\" content=\"No s\u00e9 por qu\u00e9 todos se empe\u00f1an en decir antisemitismo para referirse a las cr\u00edticas al gobierno de Israel, cuando los palestinos tambi\u00e9n son semitas. Sin\" \/>\n<meta property=\"og:url\" content=\"https:\/\/www.pressenza.com\/es\/2024\/05\/somos-antisemitas\/\" \/>\n<meta property=\"og:site_name\" content=\"Pressenza\" \/>\n<meta property=\"article:publisher\" content=\"https:\/\/www.facebook.com\/PressenzaItalia\" \/>\n<meta property=\"article:published_time\" content=\"2024-05-26T17:01:27+00:00\" \/>\n<meta property=\"article:modified_time\" content=\"2024-05-27T15:25:14+00:00\" \/>\n<meta property=\"og:image\" content=\"https:\/\/www.pressenza.com\/wp-content\/uploads\/2024\/05\/Gaza.jpg\" \/>\n\t<meta property=\"og:image:width\" content=\"1200\" \/>\n\t<meta property=\"og:image:height\" content=\"1200\" \/>\n\t<meta property=\"og:image:type\" content=\"image\/jpeg\" \/>\n<meta name=\"author\" content=\"Margarita Labarca Goddard\" \/>\n<meta name=\"twitter:card\" content=\"summary_large_image\" \/>\n<meta name=\"twitter:creator\" content=\"@PressenzaIPA\" \/>\n<meta name=\"twitter:site\" content=\"@PressenzaIPA\" \/>\n<meta name=\"twitter:label1\" content=\"Escrito por\" \/>\n\t<meta name=\"twitter:data1\" content=\"Margarita Labarca Goddard\" \/>\n\t<meta name=\"twitter:label2\" content=\"Tiempo de lectura\" \/>\n\t<meta name=\"twitter:data2\" content=\"3 minutos\" \/>\n<script type=\"application\/ld+json\" class=\"yoast-schema-graph\">{\"@context\":\"https:\/\/schema.org\",\"@graph\":[{\"@type\":\"Article\",\"@id\":\"https:\/\/www.pressenza.com\/es\/2024\/05\/somos-antisemitas\/#article\",\"isPartOf\":{\"@id\":\"https:\/\/www.pressenza.com\/es\/2024\/05\/somos-antisemitas\/\"},\"author\":{\"name\":\"Margarita Labarca Goddard\",\"@id\":\"https:\/\/www.pressenza.com\/es\/#\/schema\/person\/671f453ff8d847cc1742639e75e22e13\"},\"headline\":\"\u00bfSomos antisemitas?\",\"datePublished\":\"2024-05-26T17:01:27+00:00\",\"dateModified\":\"2024-05-27T15:25:14+00:00\",\"mainEntityOfPage\":{\"@id\":\"https:\/\/www.pressenza.com\/es\/2024\/05\/somos-antisemitas\/\"},\"wordCount\":554,\"publisher\":{\"@id\":\"https:\/\/www.pressenza.com\/es\/#organization\"},\"image\":{\"@id\":\"https:\/\/www.pressenza.com\/es\/2024\/05\/somos-antisemitas\/#primaryimage\"},\"thumbnailUrl\":\"https:\/\/www.pressenza.com\/wp-content\/uploads\/2024\/05\/Gaza.jpg\",\"keywords\":[\"antisemitismo\",\"guerra en Gaza\",\"Netanyahu\"],\"articleSection\":[\"Contenido Original\",\"Medio Oriente\",\"Noviolencia\",\"Opiniones\"],\"inLanguage\":\"es\"},{\"@type\":\"WebPage\",\"@id\":\"https:\/\/www.pressenza.com\/es\/2024\/05\/somos-antisemitas\/\",\"url\":\"https:\/\/www.pressenza.com\/es\/2024\/05\/somos-antisemitas\/\",\"name\":\"\u00bfSomos antisemitas?\",\"isPartOf\":{\"@id\":\"https:\/\/www.pressenza.com\/es\/#website\"},\"primaryImageOfPage\":{\"@id\":\"https:\/\/www.pressenza.com\/es\/2024\/05\/somos-antisemitas\/#primaryimage\"},\"image\":{\"@id\":\"https:\/\/www.pressenza.com\/es\/2024\/05\/somos-antisemitas\/#primaryimage\"},\"thumbnailUrl\":\"https:\/\/www.pressenza.com\/wp-content\/uploads\/2024\/05\/Gaza.jpg\",\"datePublished\":\"2024-05-26T17:01:27+00:00\",\"dateModified\":\"2024-05-27T15:25:14+00:00\",\"description\":\"No s\u00e9 por qu\u00e9 todos se empe\u00f1an en decir antisemitismo para referirse a las cr\u00edticas al gobierno de Israel, cuando los palestinos tambi\u00e9n son semitas. Sin\",\"breadcrumb\":{\"@id\":\"https:\/\/www.pressenza.com\/es\/2024\/05\/somos-antisemitas\/#breadcrumb\"},\"inLanguage\":\"es\",\"potentialAction\":[{\"@type\":\"ReadAction\",\"target\":[\"https:\/\/www.pressenza.com\/es\/2024\/05\/somos-antisemitas\/\"]}]},{\"@type\":\"ImageObject\",\"inLanguage\":\"es\",\"@id\":\"https:\/\/www.pressenza.com\/es\/2024\/05\/somos-antisemitas\/#primaryimage\",\"url\":\"https:\/\/www.pressenza.com\/wp-content\/uploads\/2024\/05\/Gaza.jpg\",\"contentUrl\":\"https:\/\/www.pressenza.com\/wp-content\/uploads\/2024\/05\/Gaza.jpg\",\"width\":1200,\"height\":1200},{\"@type\":\"BreadcrumbList\",\"@id\":\"https:\/\/www.pressenza.com\/es\/2024\/05\/somos-antisemitas\/#breadcrumb\",\"itemListElement\":[{\"@type\":\"ListItem\",\"position\":1,\"name\":\"Accueil\",\"item\":\"https:\/\/www.pressenza.com\/es\/\"},{\"@type\":\"ListItem\",\"position\":2,\"name\":\"\u00bfSomos antisemitas?\"}]},{\"@type\":\"WebSite\",\"@id\":\"https:\/\/www.pressenza.com\/es\/#website\",\"url\":\"https:\/\/www.pressenza.com\/es\/\",\"name\":\"Pressenza\",\"description\":\"International Press Agency\",\"publisher\":{\"@id\":\"https:\/\/www.pressenza.com\/es\/#organization\"},\"potentialAction\":[{\"@type\":\"SearchAction\",\"target\":{\"@type\":\"EntryPoint\",\"urlTemplate\":\"https:\/\/www.pressenza.com\/es\/?s={search_term_string}\"},\"query-input\":{\"@type\":\"PropertyValueSpecification\",\"valueRequired\":true,\"valueName\":\"search_term_string\"}}],\"inLanguage\":\"es\"},{\"@type\":\"Organization\",\"@id\":\"https:\/\/www.pressenza.com\/es\/#organization\",\"name\":\"Pressenza\",\"url\":\"https:\/\/www.pressenza.com\/es\/\",\"logo\":{\"@type\":\"ImageObject\",\"inLanguage\":\"es\",\"@id\":\"https:\/\/www.pressenza.com\/es\/#\/schema\/logo\/image\/\",\"url\":\"https:\/\/www.pressenza.com\/wp-content\/uploads\/2022\/10\/pressenza_logo_200x200.jpg\",\"contentUrl\":\"https:\/\/www.pressenza.com\/wp-content\/uploads\/2022\/10\/pressenza_logo_200x200.jpg\",\"width\":200,\"height\":200,\"caption\":\"Pressenza\"},\"image\":{\"@id\":\"https:\/\/www.pressenza.com\/es\/#\/schema\/logo\/image\/\"},\"sameAs\":[\"https:\/\/www.facebook.com\/PressenzaItalia\",\"https:\/\/x.com\/PressenzaIPA\"]},{\"@type\":\"Person\",\"@id\":\"https:\/\/www.pressenza.com\/es\/#\/schema\/person\/671f453ff8d847cc1742639e75e22e13\",\"name\":\"Margarita Labarca Goddard\",\"description\":\"A graduate of the University of Chile\u2019s Law School (1960), she held a prominent role in public administration during Salvador Allende\u2019s government. Her life has been shaped by a deep international perspective, from an upbringing in Argentina and post-war Paris to political exile in Cuba and Mexico following the 1973 coup. A resident of Mexico since 1979 due to judicial persecution by the Chilean dictatorship, she brings to her writing extensive expertise in the legal, political, and social issues of Latin America.\",\"url\":\"https:\/\/www.pressenza.com\/es\/author\/margarita-labarca-goddard\/\"}]}<\/script>\n<!-- \/ Yoast SEO plugin. -->","yoast_head_json":{"title":"\u00bfSomos antisemitas?","description":"No s\u00e9 por qu\u00e9 todos se empe\u00f1an en decir antisemitismo para referirse a las cr\u00edticas al gobierno de Israel, cuando los palestinos tambi\u00e9n son semitas. Sin","robots":{"index":"index","follow":"follow","max-snippet":"max-snippet:-1","max-image-preview":"max-image-preview:large","max-video-preview":"max-video-preview:-1"},"canonical":"https:\/\/www.pressenza.com\/es\/2024\/05\/somos-antisemitas\/","og_locale":"es_ES","og_type":"article","og_title":"\u00bfSomos antisemitas?","og_description":"No s\u00e9 por qu\u00e9 todos se empe\u00f1an en decir antisemitismo para referirse a las cr\u00edticas al gobierno de Israel, cuando los palestinos tambi\u00e9n son semitas. Sin","og_url":"https:\/\/www.pressenza.com\/es\/2024\/05\/somos-antisemitas\/","og_site_name":"Pressenza","article_publisher":"https:\/\/www.facebook.com\/PressenzaItalia","article_published_time":"2024-05-26T17:01:27+00:00","article_modified_time":"2024-05-27T15:25:14+00:00","og_image":[{"width":1200,"height":1200,"url":"https:\/\/www.pressenza.com\/wp-content\/uploads\/2024\/05\/Gaza.jpg","type":"image\/jpeg"}],"author":"Margarita Labarca Goddard","twitter_card":"summary_large_image","twitter_creator":"@PressenzaIPA","twitter_site":"@PressenzaIPA","twitter_misc":{"Escrito por":"Margarita Labarca Goddard","Tiempo de lectura":"3 minutos"},"schema":{"@context":"https:\/\/schema.org","@graph":[{"@type":"Article","@id":"https:\/\/www.pressenza.com\/es\/2024\/05\/somos-antisemitas\/#article","isPartOf":{"@id":"https:\/\/www.pressenza.com\/es\/2024\/05\/somos-antisemitas\/"},"author":{"name":"Margarita Labarca Goddard","@id":"https:\/\/www.pressenza.com\/es\/#\/schema\/person\/671f453ff8d847cc1742639e75e22e13"},"headline":"\u00bfSomos antisemitas?","datePublished":"2024-05-26T17:01:27+00:00","dateModified":"2024-05-27T15:25:14+00:00","mainEntityOfPage":{"@id":"https:\/\/www.pressenza.com\/es\/2024\/05\/somos-antisemitas\/"},"wordCount":554,"publisher":{"@id":"https:\/\/www.pressenza.com\/es\/#organization"},"image":{"@id":"https:\/\/www.pressenza.com\/es\/2024\/05\/somos-antisemitas\/#primaryimage"},"thumbnailUrl":"https:\/\/www.pressenza.com\/wp-content\/uploads\/2024\/05\/Gaza.jpg","keywords":["antisemitismo","guerra en Gaza","Netanyahu"],"articleSection":["Contenido Original","Medio Oriente","Noviolencia","Opiniones"],"inLanguage":"es"},{"@type":"WebPage","@id":"https:\/\/www.pressenza.com\/es\/2024\/05\/somos-antisemitas\/","url":"https:\/\/www.pressenza.com\/es\/2024\/05\/somos-antisemitas\/","name":"\u00bfSomos antisemitas?","isPartOf":{"@id":"https:\/\/www.pressenza.com\/es\/#website"},"primaryImageOfPage":{"@id":"https:\/\/www.pressenza.com\/es\/2024\/05\/somos-antisemitas\/#primaryimage"},"image":{"@id":"https:\/\/www.pressenza.com\/es\/2024\/05\/somos-antisemitas\/#primaryimage"},"thumbnailUrl":"https:\/\/www.pressenza.com\/wp-content\/uploads\/2024\/05\/Gaza.jpg","datePublished":"2024-05-26T17:01:27+00:00","dateModified":"2024-05-27T15:25:14+00:00","description":"No s\u00e9 por qu\u00e9 todos se empe\u00f1an en decir antisemitismo para referirse a las cr\u00edticas al gobierno de Israel, cuando los palestinos tambi\u00e9n son semitas. Sin","breadcrumb":{"@id":"https:\/\/www.pressenza.com\/es\/2024\/05\/somos-antisemitas\/#breadcrumb"},"inLanguage":"es","potentialAction":[{"@type":"ReadAction","target":["https:\/\/www.pressenza.com\/es\/2024\/05\/somos-antisemitas\/"]}]},{"@type":"ImageObject","inLanguage":"es","@id":"https:\/\/www.pressenza.com\/es\/2024\/05\/somos-antisemitas\/#primaryimage","url":"https:\/\/www.pressenza.com\/wp-content\/uploads\/2024\/05\/Gaza.jpg","contentUrl":"https:\/\/www.pressenza.com\/wp-content\/uploads\/2024\/05\/Gaza.jpg","width":1200,"height":1200},{"@type":"BreadcrumbList","@id":"https:\/\/www.pressenza.com\/es\/2024\/05\/somos-antisemitas\/#breadcrumb","itemListElement":[{"@type":"ListItem","position":1,"name":"Accueil","item":"https:\/\/www.pressenza.com\/es\/"},{"@type":"ListItem","position":2,"name":"\u00bfSomos antisemitas?"}]},{"@type":"WebSite","@id":"https:\/\/www.pressenza.com\/es\/#website","url":"https:\/\/www.pressenza.com\/es\/","name":"Pressenza","description":"International Press Agency","publisher":{"@id":"https:\/\/www.pressenza.com\/es\/#organization"},"potentialAction":[{"@type":"SearchAction","target":{"@type":"EntryPoint","urlTemplate":"https:\/\/www.pressenza.com\/es\/?s={search_term_string}"},"query-input":{"@type":"PropertyValueSpecification","valueRequired":true,"valueName":"search_term_string"}}],"inLanguage":"es"},{"@type":"Organization","@id":"https:\/\/www.pressenza.com\/es\/#organization","name":"Pressenza","url":"https:\/\/www.pressenza.com\/es\/","logo":{"@type":"ImageObject","inLanguage":"es","@id":"https:\/\/www.pressenza.com\/es\/#\/schema\/logo\/image\/","url":"https:\/\/www.pressenza.com\/wp-content\/uploads\/2022\/10\/pressenza_logo_200x200.jpg","contentUrl":"https:\/\/www.pressenza.com\/wp-content\/uploads\/2022\/10\/pressenza_logo_200x200.jpg","width":200,"height":200,"caption":"Pressenza"},"image":{"@id":"https:\/\/www.pressenza.com\/es\/#\/schema\/logo\/image\/"},"sameAs":["https:\/\/www.facebook.com\/PressenzaItalia","https:\/\/x.com\/PressenzaIPA"]},{"@type":"Person","@id":"https:\/\/www.pressenza.com\/es\/#\/schema\/person\/671f453ff8d847cc1742639e75e22e13","name":"Margarita Labarca Goddard","description":"A graduate of the University of Chile\u2019s Law School (1960), she held a prominent role in public administration during Salvador Allende\u2019s government. Her life has been shaped by a deep international perspective, from an upbringing in Argentina and post-war Paris to political exile in Cuba and Mexico following the 1973 coup. A resident of Mexico since 1979 due to judicial persecution by the Chilean dictatorship, she brings to her writing extensive expertise in the legal, political, and social issues of Latin America.","url":"https:\/\/www.pressenza.com\/es\/author\/margarita-labarca-goddard\/"}]}},"place":"Ciudad de M\u00e9xico, M\u00e9xico","original_article_url":"","_links":{"self":[{"href":"https:\/\/www.pressenza.com\/es\/wp-json\/wp\/v2\/posts\/2526955","targetHints":{"allow":["GET"]}}],"collection":[{"href":"https:\/\/www.pressenza.com\/es\/wp-json\/wp\/v2\/posts"}],"about":[{"href":"https:\/\/www.pressenza.com\/es\/wp-json\/wp\/v2\/types\/post"}],"author":[{"embeddable":true,"href":"https:\/\/www.pressenza.com\/es\/wp-json\/wp\/v2\/users\/2124"}],"replies":[{"embeddable":true,"href":"https:\/\/www.pressenza.com\/es\/wp-json\/wp\/v2\/comments?post=2526955"}],"version-history":[{"count":0,"href":"https:\/\/www.pressenza.com\/es\/wp-json\/wp\/v2\/posts\/2526955\/revisions"}],"wp:featuredmedia":[{"embeddable":true,"href":"https:\/\/www.pressenza.com\/es\/wp-json\/wp\/v2\/media\/2526962"}],"wp:attachment":[{"href":"https:\/\/www.pressenza.com\/es\/wp-json\/wp\/v2\/media?parent=2526955"}],"wp:term":[{"taxonomy":"category","embeddable":true,"href":"https:\/\/www.pressenza.com\/es\/wp-json\/wp\/v2\/categories?post=2526955"},{"taxonomy":"post_tag","embeddable":true,"href":"https:\/\/www.pressenza.com\/es\/wp-json\/wp\/v2\/tags?post=2526955"}],"curies":[{"name":"wp","href":"https:\/\/api.w.org\/{rel}","templated":true}]}}