{"id":2526644,"date":"2024-05-25T03:00:49","date_gmt":"2024-05-25T02:00:49","guid":{"rendered":"https:\/\/www.pressenza.com\/?p=2526644"},"modified":"2024-05-25T12:59:45","modified_gmt":"2024-05-25T11:59:45","slug":"dia-de-los-patrimonios-en-chile","status":"publish","type":"post","link":"https:\/\/www.pressenza.com\/es\/2024\/05\/dia-de-los-patrimonios-en-chile\/","title":{"rendered":"D\u00eda de los Patrimonios en Chile"},"content":{"rendered":"<p>Este fin de semana se celebrar\u00e1 en Chile el D\u00eda de los Patrimonios, en que muchas organizaciones e instituciones abren sus puertas de manera gratuita a los visitantes interesados en conocerlas. En todo el pa\u00eds ser\u00e1n m\u00e1s de 3100 actividades en todos los \u00e1mbitos de la vida cultural chilena. En el sitio oficial <a href=\"http:\/\/diadelospatrimonios.cl\">D\u00eda de los Patrimonios<\/a> puedes encontrar detalles sobre ellas.<\/p>\n<p>En Santiago, por ejemplo, se puede visitar lugares tan emblem\u00e1ticos como el edificio de la ex Intendencia, el <a href=\"https:\/\/www.diadelospatrimonios.cl\/actividad\/visitas-guiadas-al-palacio-de-la-alhambra-de-propiedad-de-la-sociedad-nacional-de-bellas\">Palacio de la Alhambra<\/a>, el <a href=\"https:\/\/mmdh.cl\/cartelera\/post-cartelera-20\">Museo de la Memoria y los Derechos Humanos<\/a>, entre muchas otras actividades. Tambi\u00e9n se ha hecho una r\u00e9plica in situ de la <a href=\"https:\/\/www.instagram.com\/reel\/C7Xj3nZu_dM\/?utm_source=ig_web_copy_link&amp;igsh=MzRlODBiNWFlZA==\">ex Estaci\u00f3n Pirque<\/a>, que hasta 1943 se ubicaba en la actual Plaza Baquedano.<\/p>\n<p>Particular atenci\u00f3n se merecen los recorridos de la memoria, como el tour de la <a href=\"https:\/\/www.diadelospatrimonios.cl\/actividad\/tour-de-la-memoria-por-el-casco-historico\">memoria por el casco hist\u00f3rico<\/a>, rememorando los sucesos que llevaron al golpe de estado de 1973, o la visita a la ex Colonia Dignidad, cerca de Parral.<\/p>\n<p>Desde sus inicios en 1999, el D\u00eda de los Patrimonios se ha ido perfilando como un importante evento de valoraci\u00f3n y reflexi\u00f3n sobre\u00a0 el patrimonio material e inmaterial chileno, convocando a\u00f1o a a\u00f1o a una creciente cantidad de visitantes y participantes de sus numerosas actividades.<\/p>\n<p>En el barrio Yungay habr\u00e1 much\u00edsimas opciones, como el Teatro Comunitario Novedades, el <a href=\"https:\/\/www.diadelospatrimonios.cl\/actividad\/casona-abierta-espacio-gargola\">Espacio G\u00e1rgola<\/a>, la <a href=\"https:\/\/www.diadelospatrimonios.cl\/actividad\/puertas-abiertas-casona-compania\">Casona Compa\u00f1\u00eda<\/a>, varias <a href=\"https:\/\/www.diadelospatrimonios.cl\/actividad\/tour-barrio-yungay\">rutas<\/a> y <a href=\"https:\/\/www.diadelospatrimonios.cl\/actividad\/dia-de-los-patrimonios-barrio-yungay\">encuentros<\/a> patrimoniales, y hasta la <a href=\"https:\/\/www.diadelospatrimonios.cl\/actividad\/la-novena-compania-bomba-yungay-del-cuerpo-de-bomberos-de-santiago-abrira-sus-puertas-al\">Novena Compa\u00f1\u00eda de Bomberos \u00abBomba Yungay\u00bb<\/a>.<\/p>\n<p>En el caso del <a href=\"https:\/\/www.diadelospatrimonios.cl\/actividad\/visita-guiada-en-el-novedades\">Teatro Comunitario Novedades<\/a>, en el que colaboro, estamos preparando una visita guiada que mostrar\u00e1 una exposici\u00f3n fotogr\u00e1fica de su historia en el renovado subterr\u00e1neo, mientras que en la sala principal se realizar\u00e1 una feria de cervezas artesanales. \u00a1No te la pierdas!<\/p>\n<p>Puedes ver otras sugerencias de visitas en Santiago en el canal <a href=\"https:\/\/www.youtube.com\/shorts\/MsXkLeQdd50\">Enciclopedia de Santiago<\/a>, de Andrei Sokolov, o en las p\u00e1ginas eventosbarrioyungay de Sila Am\u00e9stica en <a href=\"https:\/\/www.facebook.com\/groups\/511403722998914\">Facebook<\/a> o <a href=\"https:\/\/www.instagram.com\/eventosbarrioyungay\/\">Instagram<\/a>.<\/p>\n","protected":false},"excerpt":{"rendered":"<p>Este fin de semana se celebrar\u00e1 en Chile el D\u00eda de los Patrimonios, en que muchas organizaciones e instituciones abren sus puertas de manera gratuita a los visitantes interesados en conocerlas. En todo el pa\u00eds ser\u00e1n m\u00e1s de 3100 actividades&hellip;<\/p>\n","protected":false},"author":1657,"featured_media":2526647,"comment_status":"closed","ping_status":"closed","sticky":false,"template":"","format":"standard","meta":{"footnotes":""},"categories":[11389,75,79,67],"tags":[123251,123250,123252,123254,123253],"class_list":["post-2526644","post","type-post","status-publish","format-standard","has-post-thumbnail","hentry","category-contenido-original","category-cultura-es","category-derechos-humanos","category-sudamerica","tag-25-y-26-de-mayo","tag-dia-de-los-patrimonios","tag-evento-cultural-en-chile","tag-reflexion-cultural-e-historica","tag-valoracion-del-patrimonio-cultural-chileno"],"yoast_head":"<!-- This site is optimized with the Yoast SEO plugin v27.1.1 - https:\/\/yoast.com\/product\/yoast-seo-wordpress\/ -->\n<title>D\u00eda de los Patrimonios en Chile<\/title>\n<meta name=\"description\" content=\"Este fin de semana se celebrar\u00e1 en Chile el D\u00eda de los Patrimonios, en que muchas organizaciones e instituciones abren sus puertas de manera gratuita a\" \/>\n<meta name=\"robots\" content=\"index, follow, max-snippet:-1, max-image-preview:large, max-video-preview:-1\" \/>\n<link rel=\"canonical\" href=\"https:\/\/www.pressenza.com\/es\/2024\/05\/dia-de-los-patrimonios-en-chile\/\" \/>\n<meta property=\"og:locale\" content=\"es_ES\" \/>\n<meta property=\"og:type\" content=\"article\" \/>\n<meta property=\"og:title\" content=\"D\u00eda de los Patrimonios en Chile\" \/>\n<meta property=\"og:description\" content=\"Este fin de semana se celebrar\u00e1 en Chile el D\u00eda de los Patrimonios, en que muchas organizaciones e instituciones abren sus puertas de manera gratuita a\" \/>\n<meta property=\"og:url\" content=\"https:\/\/www.pressenza.com\/es\/2024\/05\/dia-de-los-patrimonios-en-chile\/\" \/>\n<meta property=\"og:site_name\" content=\"Pressenza\" \/>\n<meta property=\"article:publisher\" content=\"https:\/\/www.facebook.com\/PressenzaItalia\" \/>\n<meta property=\"article:published_time\" content=\"2024-05-25T02:00:49+00:00\" \/>\n<meta property=\"article:modified_time\" content=\"2024-05-25T11:59:45+00:00\" \/>\n<meta property=\"og:image\" content=\"https:\/\/www.pressenza.com\/wp-content\/uploads\/2024\/05\/Patrimonio-Teatro-Novedades-2024.jpg\" \/>\n\t<meta property=\"og:image:width\" content=\"526\" \/>\n\t<meta property=\"og:image:height\" content=\"526\" \/>\n\t<meta property=\"og:image:type\" content=\"image\/jpeg\" \/>\n<meta name=\"author\" content=\"David Mel\u00e9ndez Tormen\" \/>\n<meta name=\"twitter:card\" content=\"summary_large_image\" \/>\n<meta name=\"twitter:creator\" content=\"@PressenzaIPA\" \/>\n<meta name=\"twitter:site\" content=\"@PressenzaIPA\" \/>\n<meta name=\"twitter:label1\" content=\"Escrito por\" \/>\n\t<meta name=\"twitter:data1\" content=\"David Mel\u00e9ndez Tormen\" \/>\n\t<meta name=\"twitter:label2\" content=\"Tiempo de lectura\" \/>\n\t<meta name=\"twitter:data2\" content=\"2 minutos\" \/>\n<script type=\"application\/ld+json\" class=\"yoast-schema-graph\">{\"@context\":\"https:\/\/schema.org\",\"@graph\":[{\"@type\":\"Article\",\"@id\":\"https:\/\/www.pressenza.com\/es\/2024\/05\/dia-de-los-patrimonios-en-chile\/#article\",\"isPartOf\":{\"@id\":\"https:\/\/www.pressenza.com\/es\/2024\/05\/dia-de-los-patrimonios-en-chile\/\"},\"author\":{\"name\":\"David Mel\u00e9ndez Tormen\",\"@id\":\"https:\/\/www.pressenza.com\/es\/#\/schema\/person\/70f60c9c4fac1fd1dfead42691972065\"},\"headline\":\"D\u00eda de los Patrimonios en Chile\",\"datePublished\":\"2024-05-25T02:00:49+00:00\",\"dateModified\":\"2024-05-25T11:59:45+00:00\",\"mainEntityOfPage\":{\"@id\":\"https:\/\/www.pressenza.com\/es\/2024\/05\/dia-de-los-patrimonios-en-chile\/\"},\"wordCount\":340,\"publisher\":{\"@id\":\"https:\/\/www.pressenza.com\/es\/#organization\"},\"image\":{\"@id\":\"https:\/\/www.pressenza.com\/es\/2024\/05\/dia-de-los-patrimonios-en-chile\/#primaryimage\"},\"thumbnailUrl\":\"https:\/\/www.pressenza.com\/wp-content\/uploads\/2024\/05\/Patrimonio-Teatro-Novedades-2024.jpg\",\"keywords\":[\"25 y 26 de mayo\",\"D\u00eda de los Patrimonios\",\"evento cultural en Chile\",\"reflexi\u00f3n cultural e hist\u00f3rica\",\"valoraci\u00f3n del patrimonio cultural chileno\"],\"articleSection\":[\"Contenido Original\",\"Cultura y Medios\",\"Derechos Humanos\",\"Sudam\u00e9rica\"],\"inLanguage\":\"es\"},{\"@type\":\"WebPage\",\"@id\":\"https:\/\/www.pressenza.com\/es\/2024\/05\/dia-de-los-patrimonios-en-chile\/\",\"url\":\"https:\/\/www.pressenza.com\/es\/2024\/05\/dia-de-los-patrimonios-en-chile\/\",\"name\":\"D\u00eda de los Patrimonios en Chile\",\"isPartOf\":{\"@id\":\"https:\/\/www.pressenza.com\/es\/#website\"},\"primaryImageOfPage\":{\"@id\":\"https:\/\/www.pressenza.com\/es\/2024\/05\/dia-de-los-patrimonios-en-chile\/#primaryimage\"},\"image\":{\"@id\":\"https:\/\/www.pressenza.com\/es\/2024\/05\/dia-de-los-patrimonios-en-chile\/#primaryimage\"},\"thumbnailUrl\":\"https:\/\/www.pressenza.com\/wp-content\/uploads\/2024\/05\/Patrimonio-Teatro-Novedades-2024.jpg\",\"datePublished\":\"2024-05-25T02:00:49+00:00\",\"dateModified\":\"2024-05-25T11:59:45+00:00\",\"description\":\"Este fin de semana se celebrar\u00e1 en Chile el D\u00eda de los Patrimonios, en que muchas organizaciones e instituciones abren sus puertas de manera gratuita a\",\"breadcrumb\":{\"@id\":\"https:\/\/www.pressenza.com\/es\/2024\/05\/dia-de-los-patrimonios-en-chile\/#breadcrumb\"},\"inLanguage\":\"es\",\"potentialAction\":[{\"@type\":\"ReadAction\",\"target\":[\"https:\/\/www.pressenza.com\/es\/2024\/05\/dia-de-los-patrimonios-en-chile\/\"]}]},{\"@type\":\"ImageObject\",\"inLanguage\":\"es\",\"@id\":\"https:\/\/www.pressenza.com\/es\/2024\/05\/dia-de-los-patrimonios-en-chile\/#primaryimage\",\"url\":\"https:\/\/www.pressenza.com\/wp-content\/uploads\/2024\/05\/Patrimonio-Teatro-Novedades-2024.jpg\",\"contentUrl\":\"https:\/\/www.pressenza.com\/wp-content\/uploads\/2024\/05\/Patrimonio-Teatro-Novedades-2024.jpg\",\"width\":526,\"height\":526},{\"@type\":\"BreadcrumbList\",\"@id\":\"https:\/\/www.pressenza.com\/es\/2024\/05\/dia-de-los-patrimonios-en-chile\/#breadcrumb\",\"itemListElement\":[{\"@type\":\"ListItem\",\"position\":1,\"name\":\"Accueil\",\"item\":\"https:\/\/www.pressenza.com\/es\/\"},{\"@type\":\"ListItem\",\"position\":2,\"name\":\"D\u00eda de los Patrimonios en Chile\"}]},{\"@type\":\"WebSite\",\"@id\":\"https:\/\/www.pressenza.com\/es\/#website\",\"url\":\"https:\/\/www.pressenza.com\/es\/\",\"name\":\"Pressenza\",\"description\":\"International Press Agency\",\"publisher\":{\"@id\":\"https:\/\/www.pressenza.com\/es\/#organization\"},\"potentialAction\":[{\"@type\":\"SearchAction\",\"target\":{\"@type\":\"EntryPoint\",\"urlTemplate\":\"https:\/\/www.pressenza.com\/es\/?s={search_term_string}\"},\"query-input\":{\"@type\":\"PropertyValueSpecification\",\"valueRequired\":true,\"valueName\":\"search_term_string\"}}],\"inLanguage\":\"es\"},{\"@type\":\"Organization\",\"@id\":\"https:\/\/www.pressenza.com\/es\/#organization\",\"name\":\"Pressenza\",\"url\":\"https:\/\/www.pressenza.com\/es\/\",\"logo\":{\"@type\":\"ImageObject\",\"inLanguage\":\"es\",\"@id\":\"https:\/\/www.pressenza.com\/es\/#\/schema\/logo\/image\/\",\"url\":\"https:\/\/www.pressenza.com\/wp-content\/uploads\/2022\/10\/pressenza_logo_200x200.jpg\",\"contentUrl\":\"https:\/\/www.pressenza.com\/wp-content\/uploads\/2022\/10\/pressenza_logo_200x200.jpg\",\"width\":200,\"height\":200,\"caption\":\"Pressenza\"},\"image\":{\"@id\":\"https:\/\/www.pressenza.com\/es\/#\/schema\/logo\/image\/\"},\"sameAs\":[\"https:\/\/www.facebook.com\/PressenzaItalia\",\"https:\/\/x.com\/PressenzaIPA\"]},{\"@type\":\"Person\",\"@id\":\"https:\/\/www.pressenza.com\/es\/#\/schema\/person\/70f60c9c4fac1fd1dfead42691972065\",\"name\":\"David Mel\u00e9ndez Tormen\",\"description\":\"Humanist and diversity activist. Born in 1972 in Santiago de Chile. Bachelor\u2019s Degree in Humanities and German-English to Spanish Translator, with studies in journalism. Currently doing a M.A. on Social Transformations. Collaborator in Pressenza since 2018. Co-author, with Riccardo Marinai, of the book Mjuros que Hablan, a compilation of graffitis from the Chilean \\\"estallido social\\\" of 2019.\",\"url\":\"https:\/\/www.pressenza.com\/es\/author\/david-melendez\/\"}]}<\/script>\n<!-- \/ Yoast SEO plugin. -->","yoast_head_json":{"title":"D\u00eda de los Patrimonios en Chile","description":"Este fin de semana se celebrar\u00e1 en Chile el D\u00eda de los Patrimonios, en que muchas organizaciones e instituciones abren sus puertas de manera gratuita a","robots":{"index":"index","follow":"follow","max-snippet":"max-snippet:-1","max-image-preview":"max-image-preview:large","max-video-preview":"max-video-preview:-1"},"canonical":"https:\/\/www.pressenza.com\/es\/2024\/05\/dia-de-los-patrimonios-en-chile\/","og_locale":"es_ES","og_type":"article","og_title":"D\u00eda de los Patrimonios en Chile","og_description":"Este fin de semana se celebrar\u00e1 en Chile el D\u00eda de los Patrimonios, en que muchas organizaciones e instituciones abren sus puertas de manera gratuita a","og_url":"https:\/\/www.pressenza.com\/es\/2024\/05\/dia-de-los-patrimonios-en-chile\/","og_site_name":"Pressenza","article_publisher":"https:\/\/www.facebook.com\/PressenzaItalia","article_published_time":"2024-05-25T02:00:49+00:00","article_modified_time":"2024-05-25T11:59:45+00:00","og_image":[{"width":526,"height":526,"url":"https:\/\/www.pressenza.com\/wp-content\/uploads\/2024\/05\/Patrimonio-Teatro-Novedades-2024.jpg","type":"image\/jpeg"}],"author":"David Mel\u00e9ndez Tormen","twitter_card":"summary_large_image","twitter_creator":"@PressenzaIPA","twitter_site":"@PressenzaIPA","twitter_misc":{"Escrito por":"David Mel\u00e9ndez Tormen","Tiempo de lectura":"2 minutos"},"schema":{"@context":"https:\/\/schema.org","@graph":[{"@type":"Article","@id":"https:\/\/www.pressenza.com\/es\/2024\/05\/dia-de-los-patrimonios-en-chile\/#article","isPartOf":{"@id":"https:\/\/www.pressenza.com\/es\/2024\/05\/dia-de-los-patrimonios-en-chile\/"},"author":{"name":"David Mel\u00e9ndez Tormen","@id":"https:\/\/www.pressenza.com\/es\/#\/schema\/person\/70f60c9c4fac1fd1dfead42691972065"},"headline":"D\u00eda de los Patrimonios en Chile","datePublished":"2024-05-25T02:00:49+00:00","dateModified":"2024-05-25T11:59:45+00:00","mainEntityOfPage":{"@id":"https:\/\/www.pressenza.com\/es\/2024\/05\/dia-de-los-patrimonios-en-chile\/"},"wordCount":340,"publisher":{"@id":"https:\/\/www.pressenza.com\/es\/#organization"},"image":{"@id":"https:\/\/www.pressenza.com\/es\/2024\/05\/dia-de-los-patrimonios-en-chile\/#primaryimage"},"thumbnailUrl":"https:\/\/www.pressenza.com\/wp-content\/uploads\/2024\/05\/Patrimonio-Teatro-Novedades-2024.jpg","keywords":["25 y 26 de mayo","D\u00eda de los Patrimonios","evento cultural en Chile","reflexi\u00f3n cultural e hist\u00f3rica","valoraci\u00f3n del patrimonio cultural chileno"],"articleSection":["Contenido Original","Cultura y Medios","Derechos Humanos","Sudam\u00e9rica"],"inLanguage":"es"},{"@type":"WebPage","@id":"https:\/\/www.pressenza.com\/es\/2024\/05\/dia-de-los-patrimonios-en-chile\/","url":"https:\/\/www.pressenza.com\/es\/2024\/05\/dia-de-los-patrimonios-en-chile\/","name":"D\u00eda de los Patrimonios en Chile","isPartOf":{"@id":"https:\/\/www.pressenza.com\/es\/#website"},"primaryImageOfPage":{"@id":"https:\/\/www.pressenza.com\/es\/2024\/05\/dia-de-los-patrimonios-en-chile\/#primaryimage"},"image":{"@id":"https:\/\/www.pressenza.com\/es\/2024\/05\/dia-de-los-patrimonios-en-chile\/#primaryimage"},"thumbnailUrl":"https:\/\/www.pressenza.com\/wp-content\/uploads\/2024\/05\/Patrimonio-Teatro-Novedades-2024.jpg","datePublished":"2024-05-25T02:00:49+00:00","dateModified":"2024-05-25T11:59:45+00:00","description":"Este fin de semana se celebrar\u00e1 en Chile el D\u00eda de los Patrimonios, en que muchas organizaciones e instituciones abren sus puertas de manera gratuita a","breadcrumb":{"@id":"https:\/\/www.pressenza.com\/es\/2024\/05\/dia-de-los-patrimonios-en-chile\/#breadcrumb"},"inLanguage":"es","potentialAction":[{"@type":"ReadAction","target":["https:\/\/www.pressenza.com\/es\/2024\/05\/dia-de-los-patrimonios-en-chile\/"]}]},{"@type":"ImageObject","inLanguage":"es","@id":"https:\/\/www.pressenza.com\/es\/2024\/05\/dia-de-los-patrimonios-en-chile\/#primaryimage","url":"https:\/\/www.pressenza.com\/wp-content\/uploads\/2024\/05\/Patrimonio-Teatro-Novedades-2024.jpg","contentUrl":"https:\/\/www.pressenza.com\/wp-content\/uploads\/2024\/05\/Patrimonio-Teatro-Novedades-2024.jpg","width":526,"height":526},{"@type":"BreadcrumbList","@id":"https:\/\/www.pressenza.com\/es\/2024\/05\/dia-de-los-patrimonios-en-chile\/#breadcrumb","itemListElement":[{"@type":"ListItem","position":1,"name":"Accueil","item":"https:\/\/www.pressenza.com\/es\/"},{"@type":"ListItem","position":2,"name":"D\u00eda de los Patrimonios en Chile"}]},{"@type":"WebSite","@id":"https:\/\/www.pressenza.com\/es\/#website","url":"https:\/\/www.pressenza.com\/es\/","name":"Pressenza","description":"International Press Agency","publisher":{"@id":"https:\/\/www.pressenza.com\/es\/#organization"},"potentialAction":[{"@type":"SearchAction","target":{"@type":"EntryPoint","urlTemplate":"https:\/\/www.pressenza.com\/es\/?s={search_term_string}"},"query-input":{"@type":"PropertyValueSpecification","valueRequired":true,"valueName":"search_term_string"}}],"inLanguage":"es"},{"@type":"Organization","@id":"https:\/\/www.pressenza.com\/es\/#organization","name":"Pressenza","url":"https:\/\/www.pressenza.com\/es\/","logo":{"@type":"ImageObject","inLanguage":"es","@id":"https:\/\/www.pressenza.com\/es\/#\/schema\/logo\/image\/","url":"https:\/\/www.pressenza.com\/wp-content\/uploads\/2022\/10\/pressenza_logo_200x200.jpg","contentUrl":"https:\/\/www.pressenza.com\/wp-content\/uploads\/2022\/10\/pressenza_logo_200x200.jpg","width":200,"height":200,"caption":"Pressenza"},"image":{"@id":"https:\/\/www.pressenza.com\/es\/#\/schema\/logo\/image\/"},"sameAs":["https:\/\/www.facebook.com\/PressenzaItalia","https:\/\/x.com\/PressenzaIPA"]},{"@type":"Person","@id":"https:\/\/www.pressenza.com\/es\/#\/schema\/person\/70f60c9c4fac1fd1dfead42691972065","name":"David Mel\u00e9ndez Tormen","description":"Humanist and diversity activist. Born in 1972 in Santiago de Chile. Bachelor\u2019s Degree in Humanities and German-English to Spanish Translator, with studies in journalism. Currently doing a M.A. on Social Transformations. Collaborator in Pressenza since 2018. Co-author, with Riccardo Marinai, of the book Mjuros que Hablan, a compilation of graffitis from the Chilean \"estallido social\" of 2019.","url":"https:\/\/www.pressenza.com\/es\/author\/david-melendez\/"}]}},"place":"Chile","original_article_url":"","_links":{"self":[{"href":"https:\/\/www.pressenza.com\/es\/wp-json\/wp\/v2\/posts\/2526644","targetHints":{"allow":["GET"]}}],"collection":[{"href":"https:\/\/www.pressenza.com\/es\/wp-json\/wp\/v2\/posts"}],"about":[{"href":"https:\/\/www.pressenza.com\/es\/wp-json\/wp\/v2\/types\/post"}],"author":[{"embeddable":true,"href":"https:\/\/www.pressenza.com\/es\/wp-json\/wp\/v2\/users\/1657"}],"replies":[{"embeddable":true,"href":"https:\/\/www.pressenza.com\/es\/wp-json\/wp\/v2\/comments?post=2526644"}],"version-history":[{"count":0,"href":"https:\/\/www.pressenza.com\/es\/wp-json\/wp\/v2\/posts\/2526644\/revisions"}],"wp:featuredmedia":[{"embeddable":true,"href":"https:\/\/www.pressenza.com\/es\/wp-json\/wp\/v2\/media\/2526647"}],"wp:attachment":[{"href":"https:\/\/www.pressenza.com\/es\/wp-json\/wp\/v2\/media?parent=2526644"}],"wp:term":[{"taxonomy":"category","embeddable":true,"href":"https:\/\/www.pressenza.com\/es\/wp-json\/wp\/v2\/categories?post=2526644"},{"taxonomy":"post_tag","embeddable":true,"href":"https:\/\/www.pressenza.com\/es\/wp-json\/wp\/v2\/tags?post=2526644"}],"curies":[{"name":"wp","href":"https:\/\/api.w.org\/{rel}","templated":true}]}}