{"id":2526570,"date":"2024-05-24T18:29:53","date_gmt":"2024-05-24T17:29:53","guid":{"rendered":"https:\/\/www.pressenza.com\/?p=2526570"},"modified":"2024-05-24T18:29:53","modified_gmt":"2024-05-24T17:29:53","slug":"no-a-la-militarizacion-y-la-guerra-por-una-europa-de-la-distension-la-paz-y-la-seguridad-compartida","status":"publish","type":"post","link":"https:\/\/www.pressenza.com\/es\/2024\/05\/no-a-la-militarizacion-y-la-guerra-por-una-europa-de-la-distension-la-paz-y-la-seguridad-compartida\/","title":{"rendered":"No a la militarizaci\u00f3n y la Guerra. Por una Europa de la distensi\u00f3n, la paz y la seguridad compartida"},"content":{"rendered":"<p>Con motivo de las <strong>elecciones europeas del 9 de junio de 2024<\/strong>, promovemos una\u00a0<strong>movilizaci\u00f3n europea<\/strong>\u00a0<strong>contra la creciente militarizaci\u00f3n y las guerras<\/strong>. Empezamos con un\u00a0<a href=\"https:\/\/nomilitarism.eu\/castellano\/#manifiesto\"><strong>Manifiesto<\/strong><\/a>\u00a0<a href=\"https:\/\/nomilitarism.eu\/castellano\/#firma\"><strong>firmado<\/strong><\/a>\u00a0por el m\u00e1s amplio abanico de\u00a0<a href=\"https:\/\/nomilitarism.eu\/castellano\/#organizaciones\"><strong>organizaciones<\/strong><\/a>, movimientos y colectivos.<\/p>\n<p>El manifiesto\u00a0<strong>se presentar\u00e1 p\u00fablicamente en todas las poblaciones posibles, <\/strong>en actos p\u00fablicos, ante edificios significativos. Tambi\u00e9n puede enviarse a partidos pol\u00edticos, parlamentos y gobiernos nacionales y europeos por correo o fax, registrarlo como petici\u00f3n y, por supuesto, difundirlo a trav\u00e9s de las redes a partir del d\u00eda 23 de mayo. Las organizaciones y asambleas territoriales pueden\u00a0<strong>realizar otras acciones<\/strong>\u00a0para apoyar la campa\u00f1a.<\/p>\n<p>&nbsp;<\/p>\n<h3 class=\"wp-block-heading has-text-align-center\">Manifiesto<\/h3>\n<p class=\"has-text-align-center\"><strong>NO A LA MILITARIZACI\u00d3N Y NO A LA GUERRA<\/strong><\/p>\n<p class=\"has-text-align-center\"><strong>Por una Europa de la distensi\u00f3n, la paz y la seguridad compartida<\/strong><\/p>\n<p>Desde hace meses, l\u00edderes pol\u00edticos europeos abonan el terreno para que nos preparemos para una guerra. M\u00e1s all\u00e1 de si el riesgo de que estalle un conflicto b\u00e9lico a gran escala es o no real, lo cierto es que las econom\u00edas del continente ya transitan hacia unos presupuestos p\u00fablicos de guerra y que las consecuencias de esta priorizaci\u00f3n llegan en un momento en el que el coste de la vida empieza a ser inasumible para grandes capas de la poblaci\u00f3n europea.<\/p>\n<p>La historia nos ense\u00f1a que los momentos de militarizaci\u00f3n siempre son el preludio de la guerra, y para esta hace a\u00f1os que vienen preparando el marco de justificaci\u00f3n. En 2014, los pa\u00edses de la OTAN acordaron incrementar sus presupuestos de defensa hasta el 2% de su PIB. Tras la invasi\u00f3n de Ucrania y el actual genocidio en Palestina, las prioridades pol\u00edticas de la OTAN y de la UE se redirigieron a impulsar un aumento del gasto de los pa\u00edses en adquisici\u00f3n de nuevas armas, la incorporaci\u00f3n del servicio militar obligatorio y la financiaci\u00f3n de la industria militar para que produzca m\u00e1s y la creaci\u00f3n de m\u00e1s fondos de financiaci\u00f3n para desarrollar nuevos prototipos m\u00e1s letales y aut\u00f3nomos.<\/p>\n<p>Desde la UE se ha impulsado el miedo a una posible invasi\u00f3n de Rusia a Europa para que la poblaci\u00f3n apoye su pol\u00edtica de rearme y militarizaci\u00f3n. En 2023, el gasto militar de los pa\u00edses miembros de la UE aument\u00f3 un 21,3% respecto a 2022, alcanzando los 289.300 millones de euros. Si a esto sumamos el gasto comunitario (7.537 millones) y los gastos del Reino Unido y Noruega (77.323 millones \u20ac) nos encontramos con un gasto militar total de 374.000 millones \u20ac, el segundo mayor del mundo, s\u00f3lo por detr\u00e1s de EE.UU., y casi 4 veces la de Rusia (100.000 millones \u20ac).<\/p>\n<p>La Uni\u00f3n Europea est\u00e1 aplicando una absurda Pol\u00edtica de Disuasi\u00f3n Militar: quiere mostrar a su adversario que dispone de mayores capacidades destructivas, que su poder es muy superior y que el adversario tiene que desistir de atacar. Esta pol\u00edtica suicida, conduce inevitablemente a una escalada de tensi\u00f3n, a una carrera armament\u00edstica y a una espiral belicista, con el trasfondo de la amenaza nuclear y de sus consecuencias catastr\u00f3ficas, capaces de destruir la vida en el planeta varias veces.<\/p>\n<p>El 9 de junio se celebrar\u00e1n elecciones europeas y consideramos que puede ser una oportunidad para plantear nuestras reivindicaciones a las fuerzas pol\u00edticas que se presentan. Es un momento clave, o apostamos por impulsar pol\u00edticas de paz, distensi\u00f3n y seguridad compartida o acabaremos en una escalada militarista. Aumentar el gasto en defensa significa disminuir los recursos para la lucha contra el cambio clim\u00e1tico, la reducci\u00f3n de las desigualdades y la equidad de g\u00e9nero, la salud, la armonizaci\u00f3n de salarios o derechos de toda la ciudadan\u00eda.<\/p>\n<p><strong>Por todo ello, las organizaciones firmantes proponemos<\/strong><\/p>\n<p><strong>Apostar por la distensi\u00f3n<\/strong>, lejos de la ret\u00f3rica amenazante y las espirales armament\u00edsticas de la OTAN, que active el desarme, abra las puertas al di\u00e1logo y a la confianza mutua con el objetivo de desescalar los conflictos mediante el uso de la diplomacia, la negociaci\u00f3n, la cooperaci\u00f3n y la noviolencia. Estas pol\u00edticas tendr\u00edan que desembocar en la finalizaci\u00f3n de la violencia armada en Ucrania, Palestina y otros lugares. Es necesario retomar la apuesta de los a\u00f1os 90 de una seguridad com\u00fan y compartida sin exclusiones en Europa.<\/p>\n<p><strong>Impulsar una pol\u00edtica exterior orientada a la paz,\u00a0<\/strong>orientada a la seguridad humana, mediante instrumentos como la mediaci\u00f3n, la diplomacia, la defensa de los derechos humanos o la intervenci\u00f3n civil en conflictos para construir la paz<\/p>\n<p><strong>Fomentar espacios de di\u00e1logo<\/strong>\u00a0entre movimientos sociales, acad\u00e9micos y pol\u00edticos encaminados a elaborar propuestas de pol\u00edticas de paz, de cuerpos civiles de paz, de defensa civil y de seguridad no armada. Potenciar los recursos humanos y econ\u00f3micos para la reconversi\u00f3n industrial militar en sectores productivos civiles de inter\u00e9s.<\/p>\n<p><strong>Promover activamente una paz ambiental<\/strong>\u00a0sustentada en bases cient\u00edficas, con pol\u00edticas claras de descarbonizaci\u00f3n justas y seguras que minimicen y reparen los da\u00f1os que afectar\u00e1n a las generaciones venideras.<\/p>\n<p><strong>Impulsar pol\u00edticas que incidan en la mejora de la vida diaria de las personas<\/strong>. Impulsar una pol\u00edtica de seguridad humana centrada en las necesidades de las personas, con su implicaci\u00f3n y participaci\u00f3n.<\/p>\n<p><a href=\"https:\/\/nomilitarism.eu\/downloads\/\">Descarga<\/a><\/p>\n<h3 class=\"wp-block-heading\">Adhesi\u00f3n de colectivos<\/h3>\n<h4 class=\"wp-block-heading\"><a href=\"https:\/\/forms.gle\/1RQauGkxKFXu3efm6\" target=\"_blank\" rel=\"noreferrer noopener\">&gt; Firmar el manifiesto<\/a><\/h4>\n<h3 class=\"wp-block-heading\">Colectivos impulsores<\/h3>\n<ul>\n<li>Centre Del\u00e0s d\u2019Estudis per la Pau<\/li>\n<li>Fundipau<\/li>\n<li>Institut NOVACT de Noviol\u00e8ncia<\/li>\n<li>UNIPAU<\/li>\n<li>Lafede.cat \u2013 organitzacions per a la just\u00edcia global<\/li>\n<li>Coordinadora d\u2019ONG Solid\u00e0ries de les comarques gironines i l\u2019Alt Maresme,<\/li>\n<li>Coordinadora d\u2019ONG pel Desenvolupament, la Defensa dels Drets Humans i la Pau de Tarragona<\/li>\n<li>Campanya Aturemlesguerres.cat<\/li>\n<li>Plataforma Desmilitaritzem l\u2019Educaci\u00f3 de Catalunya<\/li>\n<li>Fundaci\u00f3 Carta de la Pau dirigida a l\u2019ONU<\/li>\n<li>Just\u00edcia i Pau<\/li>\n<li>Federaci\u00f3 de la Xarxa de Cooperaci\u00f3 al Desenvolupament del Sud de Catalunya<\/li>\n<li>Dones x Dones<\/li>\n<li>CIEMEN<\/li>\n<li>Alternativa Antimilitarista MOC\/ADNV Canarias<\/li>\n<li>Ecologistas en Acci\u00f3n<\/li>\n<li>Moviment d\u2019Objecci\u00f3 de Consci\u00e8ncia MOC-Val\u00e8ncia<\/li>\n<li>Asamblea Antimilitarista de Madrid<\/li>\n<li>Coordinadora de ONGD del Principado de Asturias<\/li>\n<li>Plataforma Aturem la Guerra<\/li>\n<li>Plataforma Catalunya per la pau<\/li>\n<li>WILPF (Liga Internacional de Mujeres por la Paz y la Libertad)<\/li>\n<li>Llegat Jaume Botey i Vall\u00e8s<\/li>\n<li>Coordinadora Valenciana de ONGD<\/li>\n<li>Comisi\u00f3n General Justicia y Paz<\/li>\n<li>Coordinadora Galega de ONGD<\/li>\n<li>Consell d\u2019Associacions de Barcelona<\/li>\n<li>Ca la Dona<\/li>\n<li>Alternativas Noviolentas<\/li>\n<li>Mujeres de Negro contra la Guerra \u2013 MadridEscola de Cultura de Pau de la UAB<\/li>\n<li>AIPAZ \u2013 Asociaci\u00f3n Espa\u00f1ola de Investigaci\u00f3n para la Paz<\/li>\n<li>Fundaci\u00f3n Cultura de Paz<\/li>\n<li>Movimiento Por la Paz -MPDL-<\/li>\n<li>Comunitat Palestina de Catalunya<\/li>\n<li>Prou Complicitat amb Israel<\/li>\n<li>Campanya per la fi del Comer\u00e7 d\u2019armes amb Israel<\/li>\n<\/ul>\n","protected":false},"excerpt":{"rendered":"<p>Con motivo de las elecciones europeas del 9 de junio de 2024, promovemos una\u00a0movilizaci\u00f3n europea\u00a0contra la creciente militarizaci\u00f3n y las guerras. Empezamos con un\u00a0Manifiesto\u00a0firmado\u00a0por el m\u00e1s amplio abanico de\u00a0organizaciones, movimientos y colectivos. El manifiesto\u00a0se presentar\u00e1 p\u00fablicamente en todas las poblaciones&hellip;<\/p>\n","protected":false},"author":94,"featured_media":2526572,"comment_status":"closed","ping_status":"closed","sticky":false,"template":"","format":"standard","meta":{"footnotes":""},"categories":[66,1243],"tags":[99548,794,10571],"class_list":["post-2526570","post","type-post","status-publish","format-standard","has-post-thumbnail","hentry","category-europa-es","category-paz-desarme","tag-noalaguerra","tag-armamentismo","tag-elecciones-europeas"],"yoast_head":"<!-- This site is optimized with the Yoast SEO plugin v27.1.1 - https:\/\/yoast.com\/product\/yoast-seo-wordpress\/ -->\n<title>No a la militarizaci\u00f3n y la Guerra. Por una Europa de la distensi\u00f3n, la paz y la seguridad compartida<\/title>\n<meta name=\"description\" content=\"Con motivo de las elecciones europeas del 9 de junio de 2024, promovemos una\u00a0movilizaci\u00f3n europea\u00a0contra la creciente militarizaci\u00f3n y las guerras.\" \/>\n<meta name=\"robots\" content=\"index, follow, max-snippet:-1, max-image-preview:large, max-video-preview:-1\" \/>\n<link rel=\"canonical\" href=\"https:\/\/www.pressenza.com\/es\/2024\/05\/no-a-la-militarizacion-y-la-guerra-por-una-europa-de-la-distension-la-paz-y-la-seguridad-compartida\/\" \/>\n<meta property=\"og:locale\" content=\"es_ES\" \/>\n<meta property=\"og:type\" content=\"article\" \/>\n<meta property=\"og:title\" content=\"No a la militarizaci\u00f3n y la Guerra. Por una Europa de la distensi\u00f3n, la paz y la seguridad compartida\" \/>\n<meta property=\"og:description\" content=\"Con motivo de las elecciones europeas del 9 de junio de 2024, promovemos una\u00a0movilizaci\u00f3n europea\u00a0contra la creciente militarizaci\u00f3n y las guerras.\" \/>\n<meta property=\"og:url\" content=\"https:\/\/www.pressenza.com\/es\/2024\/05\/no-a-la-militarizacion-y-la-guerra-por-una-europa-de-la-distension-la-paz-y-la-seguridad-compartida\/\" \/>\n<meta property=\"og:site_name\" content=\"Pressenza\" \/>\n<meta property=\"article:publisher\" content=\"https:\/\/www.facebook.com\/PressenzaItalia\" \/>\n<meta property=\"article:author\" content=\"https:\/\/www.facebook.com\/pressenza\" \/>\n<meta property=\"article:published_time\" content=\"2024-05-24T17:29:53+00:00\" \/>\n<meta property=\"og:image\" content=\"https:\/\/www.pressenza.com\/wp-content\/uploads\/2024\/05\/no-EU-1.png\" \/>\n\t<meta property=\"og:image:width\" content=\"540\" \/>\n\t<meta property=\"og:image:height\" content=\"540\" \/>\n\t<meta property=\"og:image:type\" content=\"image\/png\" \/>\n<meta name=\"author\" content=\"Redacci\u00f3n Madrid\" \/>\n<meta name=\"twitter:card\" content=\"summary_large_image\" \/>\n<meta name=\"twitter:creator\" content=\"@pressenza\" \/>\n<meta name=\"twitter:site\" content=\"@PressenzaIPA\" \/>\n<meta name=\"twitter:label1\" content=\"Escrito por\" \/>\n\t<meta name=\"twitter:data1\" content=\"Redacci\u00f3n Madrid\" \/>\n\t<meta name=\"twitter:label2\" content=\"Tiempo de lectura\" \/>\n\t<meta name=\"twitter:data2\" content=\"5 minutos\" \/>\n<script type=\"application\/ld+json\" class=\"yoast-schema-graph\">{\"@context\":\"https:\/\/schema.org\",\"@graph\":[{\"@type\":\"Article\",\"@id\":\"https:\/\/www.pressenza.com\/es\/2024\/05\/no-a-la-militarizacion-y-la-guerra-por-una-europa-de-la-distension-la-paz-y-la-seguridad-compartida\/#article\",\"isPartOf\":{\"@id\":\"https:\/\/www.pressenza.com\/es\/2024\/05\/no-a-la-militarizacion-y-la-guerra-por-una-europa-de-la-distension-la-paz-y-la-seguridad-compartida\/\"},\"author\":{\"name\":\"Redacci\u00f3n Madrid\",\"@id\":\"https:\/\/www.pressenza.com\/es\/#\/schema\/person\/828fc40eeca2ad7be3630e5a46adba94\"},\"headline\":\"No a la militarizaci\u00f3n y la Guerra. Por una Europa de la distensi\u00f3n, la paz y la seguridad compartida\",\"datePublished\":\"2024-05-24T17:29:53+00:00\",\"mainEntityOfPage\":{\"@id\":\"https:\/\/www.pressenza.com\/es\/2024\/05\/no-a-la-militarizacion-y-la-guerra-por-una-europa-de-la-distension-la-paz-y-la-seguridad-compartida\/\"},\"wordCount\":1153,\"publisher\":{\"@id\":\"https:\/\/www.pressenza.com\/es\/#organization\"},\"image\":{\"@id\":\"https:\/\/www.pressenza.com\/es\/2024\/05\/no-a-la-militarizacion-y-la-guerra-por-una-europa-de-la-distension-la-paz-y-la-seguridad-compartida\/#primaryimage\"},\"thumbnailUrl\":\"https:\/\/www.pressenza.com\/wp-content\/uploads\/2024\/05\/no-EU-1.png\",\"keywords\":[\"#NoAlaGuerra\",\"armamentismo\",\"Elecciones Europeas\"],\"articleSection\":[\"Europa\",\"Paz y Desarme\"],\"inLanguage\":\"es\"},{\"@type\":\"WebPage\",\"@id\":\"https:\/\/www.pressenza.com\/es\/2024\/05\/no-a-la-militarizacion-y-la-guerra-por-una-europa-de-la-distension-la-paz-y-la-seguridad-compartida\/\",\"url\":\"https:\/\/www.pressenza.com\/es\/2024\/05\/no-a-la-militarizacion-y-la-guerra-por-una-europa-de-la-distension-la-paz-y-la-seguridad-compartida\/\",\"name\":\"No a la militarizaci\u00f3n y la Guerra. Por una Europa de la distensi\u00f3n, la paz y la seguridad compartida\",\"isPartOf\":{\"@id\":\"https:\/\/www.pressenza.com\/es\/#website\"},\"primaryImageOfPage\":{\"@id\":\"https:\/\/www.pressenza.com\/es\/2024\/05\/no-a-la-militarizacion-y-la-guerra-por-una-europa-de-la-distension-la-paz-y-la-seguridad-compartida\/#primaryimage\"},\"image\":{\"@id\":\"https:\/\/www.pressenza.com\/es\/2024\/05\/no-a-la-militarizacion-y-la-guerra-por-una-europa-de-la-distension-la-paz-y-la-seguridad-compartida\/#primaryimage\"},\"thumbnailUrl\":\"https:\/\/www.pressenza.com\/wp-content\/uploads\/2024\/05\/no-EU-1.png\",\"datePublished\":\"2024-05-24T17:29:53+00:00\",\"description\":\"Con motivo de las elecciones europeas del 9 de junio de 2024, promovemos una\u00a0movilizaci\u00f3n europea\u00a0contra la creciente militarizaci\u00f3n y las guerras.\",\"breadcrumb\":{\"@id\":\"https:\/\/www.pressenza.com\/es\/2024\/05\/no-a-la-militarizacion-y-la-guerra-por-una-europa-de-la-distension-la-paz-y-la-seguridad-compartida\/#breadcrumb\"},\"inLanguage\":\"es\",\"potentialAction\":[{\"@type\":\"ReadAction\",\"target\":[\"https:\/\/www.pressenza.com\/es\/2024\/05\/no-a-la-militarizacion-y-la-guerra-por-una-europa-de-la-distension-la-paz-y-la-seguridad-compartida\/\"]}]},{\"@type\":\"ImageObject\",\"inLanguage\":\"es\",\"@id\":\"https:\/\/www.pressenza.com\/es\/2024\/05\/no-a-la-militarizacion-y-la-guerra-por-una-europa-de-la-distension-la-paz-y-la-seguridad-compartida\/#primaryimage\",\"url\":\"https:\/\/www.pressenza.com\/wp-content\/uploads\/2024\/05\/no-EU-1.png\",\"contentUrl\":\"https:\/\/www.pressenza.com\/wp-content\/uploads\/2024\/05\/no-EU-1.png\",\"width\":540,\"height\":540},{\"@type\":\"BreadcrumbList\",\"@id\":\"https:\/\/www.pressenza.com\/es\/2024\/05\/no-a-la-militarizacion-y-la-guerra-por-una-europa-de-la-distension-la-paz-y-la-seguridad-compartida\/#breadcrumb\",\"itemListElement\":[{\"@type\":\"ListItem\",\"position\":1,\"name\":\"Accueil\",\"item\":\"https:\/\/www.pressenza.com\/es\/\"},{\"@type\":\"ListItem\",\"position\":2,\"name\":\"No a la militarizaci\u00f3n y la Guerra. Por una Europa de la distensi\u00f3n, la paz y la seguridad compartida\"}]},{\"@type\":\"WebSite\",\"@id\":\"https:\/\/www.pressenza.com\/es\/#website\",\"url\":\"https:\/\/www.pressenza.com\/es\/\",\"name\":\"Pressenza\",\"description\":\"International Press Agency\",\"publisher\":{\"@id\":\"https:\/\/www.pressenza.com\/es\/#organization\"},\"potentialAction\":[{\"@type\":\"SearchAction\",\"target\":{\"@type\":\"EntryPoint\",\"urlTemplate\":\"https:\/\/www.pressenza.com\/es\/?s={search_term_string}\"},\"query-input\":{\"@type\":\"PropertyValueSpecification\",\"valueRequired\":true,\"valueName\":\"search_term_string\"}}],\"inLanguage\":\"es\"},{\"@type\":\"Organization\",\"@id\":\"https:\/\/www.pressenza.com\/es\/#organization\",\"name\":\"Pressenza\",\"url\":\"https:\/\/www.pressenza.com\/es\/\",\"logo\":{\"@type\":\"ImageObject\",\"inLanguage\":\"es\",\"@id\":\"https:\/\/www.pressenza.com\/es\/#\/schema\/logo\/image\/\",\"url\":\"https:\/\/www.pressenza.com\/wp-content\/uploads\/2022\/10\/pressenza_logo_200x200.jpg\",\"contentUrl\":\"https:\/\/www.pressenza.com\/wp-content\/uploads\/2022\/10\/pressenza_logo_200x200.jpg\",\"width\":200,\"height\":200,\"caption\":\"Pressenza\"},\"image\":{\"@id\":\"https:\/\/www.pressenza.com\/es\/#\/schema\/logo\/image\/\"},\"sameAs\":[\"https:\/\/www.facebook.com\/PressenzaItalia\",\"https:\/\/x.com\/PressenzaIPA\"]},{\"@type\":\"Person\",\"@id\":\"https:\/\/www.pressenza.com\/es\/#\/schema\/person\/828fc40eeca2ad7be3630e5a46adba94\",\"name\":\"Redacci\u00f3n Madrid\",\"description\":\"News from the Pressenza Bureau in Madrid, Spain\",\"sameAs\":[\"https:\/\/www.facebook.com\/pressenza\",\"https:\/\/x.com\/pressenza\"],\"url\":\"https:\/\/www.pressenza.com\/es\/author\/redaccion-madrid\/\"}]}<\/script>\n<!-- \/ Yoast SEO plugin. -->","yoast_head_json":{"title":"No a la militarizaci\u00f3n y la Guerra. Por una Europa de la distensi\u00f3n, la paz y la seguridad compartida","description":"Con motivo de las elecciones europeas del 9 de junio de 2024, promovemos una\u00a0movilizaci\u00f3n europea\u00a0contra la creciente militarizaci\u00f3n y las guerras.","robots":{"index":"index","follow":"follow","max-snippet":"max-snippet:-1","max-image-preview":"max-image-preview:large","max-video-preview":"max-video-preview:-1"},"canonical":"https:\/\/www.pressenza.com\/es\/2024\/05\/no-a-la-militarizacion-y-la-guerra-por-una-europa-de-la-distension-la-paz-y-la-seguridad-compartida\/","og_locale":"es_ES","og_type":"article","og_title":"No a la militarizaci\u00f3n y la Guerra. Por una Europa de la distensi\u00f3n, la paz y la seguridad compartida","og_description":"Con motivo de las elecciones europeas del 9 de junio de 2024, promovemos una\u00a0movilizaci\u00f3n europea\u00a0contra la creciente militarizaci\u00f3n y las guerras.","og_url":"https:\/\/www.pressenza.com\/es\/2024\/05\/no-a-la-militarizacion-y-la-guerra-por-una-europa-de-la-distension-la-paz-y-la-seguridad-compartida\/","og_site_name":"Pressenza","article_publisher":"https:\/\/www.facebook.com\/PressenzaItalia","article_author":"https:\/\/www.facebook.com\/pressenza","article_published_time":"2024-05-24T17:29:53+00:00","og_image":[{"width":540,"height":540,"url":"https:\/\/www.pressenza.com\/wp-content\/uploads\/2024\/05\/no-EU-1.png","type":"image\/png"}],"author":"Redacci\u00f3n Madrid","twitter_card":"summary_large_image","twitter_creator":"@pressenza","twitter_site":"@PressenzaIPA","twitter_misc":{"Escrito por":"Redacci\u00f3n Madrid","Tiempo de lectura":"5 minutos"},"schema":{"@context":"https:\/\/schema.org","@graph":[{"@type":"Article","@id":"https:\/\/www.pressenza.com\/es\/2024\/05\/no-a-la-militarizacion-y-la-guerra-por-una-europa-de-la-distension-la-paz-y-la-seguridad-compartida\/#article","isPartOf":{"@id":"https:\/\/www.pressenza.com\/es\/2024\/05\/no-a-la-militarizacion-y-la-guerra-por-una-europa-de-la-distension-la-paz-y-la-seguridad-compartida\/"},"author":{"name":"Redacci\u00f3n Madrid","@id":"https:\/\/www.pressenza.com\/es\/#\/schema\/person\/828fc40eeca2ad7be3630e5a46adba94"},"headline":"No a la militarizaci\u00f3n y la Guerra. Por una Europa de la distensi\u00f3n, la paz y la seguridad compartida","datePublished":"2024-05-24T17:29:53+00:00","mainEntityOfPage":{"@id":"https:\/\/www.pressenza.com\/es\/2024\/05\/no-a-la-militarizacion-y-la-guerra-por-una-europa-de-la-distension-la-paz-y-la-seguridad-compartida\/"},"wordCount":1153,"publisher":{"@id":"https:\/\/www.pressenza.com\/es\/#organization"},"image":{"@id":"https:\/\/www.pressenza.com\/es\/2024\/05\/no-a-la-militarizacion-y-la-guerra-por-una-europa-de-la-distension-la-paz-y-la-seguridad-compartida\/#primaryimage"},"thumbnailUrl":"https:\/\/www.pressenza.com\/wp-content\/uploads\/2024\/05\/no-EU-1.png","keywords":["#NoAlaGuerra","armamentismo","Elecciones Europeas"],"articleSection":["Europa","Paz y Desarme"],"inLanguage":"es"},{"@type":"WebPage","@id":"https:\/\/www.pressenza.com\/es\/2024\/05\/no-a-la-militarizacion-y-la-guerra-por-una-europa-de-la-distension-la-paz-y-la-seguridad-compartida\/","url":"https:\/\/www.pressenza.com\/es\/2024\/05\/no-a-la-militarizacion-y-la-guerra-por-una-europa-de-la-distension-la-paz-y-la-seguridad-compartida\/","name":"No a la militarizaci\u00f3n y la Guerra. Por una Europa de la distensi\u00f3n, la paz y la seguridad compartida","isPartOf":{"@id":"https:\/\/www.pressenza.com\/es\/#website"},"primaryImageOfPage":{"@id":"https:\/\/www.pressenza.com\/es\/2024\/05\/no-a-la-militarizacion-y-la-guerra-por-una-europa-de-la-distension-la-paz-y-la-seguridad-compartida\/#primaryimage"},"image":{"@id":"https:\/\/www.pressenza.com\/es\/2024\/05\/no-a-la-militarizacion-y-la-guerra-por-una-europa-de-la-distension-la-paz-y-la-seguridad-compartida\/#primaryimage"},"thumbnailUrl":"https:\/\/www.pressenza.com\/wp-content\/uploads\/2024\/05\/no-EU-1.png","datePublished":"2024-05-24T17:29:53+00:00","description":"Con motivo de las elecciones europeas del 9 de junio de 2024, promovemos una\u00a0movilizaci\u00f3n europea\u00a0contra la creciente militarizaci\u00f3n y las guerras.","breadcrumb":{"@id":"https:\/\/www.pressenza.com\/es\/2024\/05\/no-a-la-militarizacion-y-la-guerra-por-una-europa-de-la-distension-la-paz-y-la-seguridad-compartida\/#breadcrumb"},"inLanguage":"es","potentialAction":[{"@type":"ReadAction","target":["https:\/\/www.pressenza.com\/es\/2024\/05\/no-a-la-militarizacion-y-la-guerra-por-una-europa-de-la-distension-la-paz-y-la-seguridad-compartida\/"]}]},{"@type":"ImageObject","inLanguage":"es","@id":"https:\/\/www.pressenza.com\/es\/2024\/05\/no-a-la-militarizacion-y-la-guerra-por-una-europa-de-la-distension-la-paz-y-la-seguridad-compartida\/#primaryimage","url":"https:\/\/www.pressenza.com\/wp-content\/uploads\/2024\/05\/no-EU-1.png","contentUrl":"https:\/\/www.pressenza.com\/wp-content\/uploads\/2024\/05\/no-EU-1.png","width":540,"height":540},{"@type":"BreadcrumbList","@id":"https:\/\/www.pressenza.com\/es\/2024\/05\/no-a-la-militarizacion-y-la-guerra-por-una-europa-de-la-distension-la-paz-y-la-seguridad-compartida\/#breadcrumb","itemListElement":[{"@type":"ListItem","position":1,"name":"Accueil","item":"https:\/\/www.pressenza.com\/es\/"},{"@type":"ListItem","position":2,"name":"No a la militarizaci\u00f3n y la Guerra. Por una Europa de la distensi\u00f3n, la paz y la seguridad compartida"}]},{"@type":"WebSite","@id":"https:\/\/www.pressenza.com\/es\/#website","url":"https:\/\/www.pressenza.com\/es\/","name":"Pressenza","description":"International Press Agency","publisher":{"@id":"https:\/\/www.pressenza.com\/es\/#organization"},"potentialAction":[{"@type":"SearchAction","target":{"@type":"EntryPoint","urlTemplate":"https:\/\/www.pressenza.com\/es\/?s={search_term_string}"},"query-input":{"@type":"PropertyValueSpecification","valueRequired":true,"valueName":"search_term_string"}}],"inLanguage":"es"},{"@type":"Organization","@id":"https:\/\/www.pressenza.com\/es\/#organization","name":"Pressenza","url":"https:\/\/www.pressenza.com\/es\/","logo":{"@type":"ImageObject","inLanguage":"es","@id":"https:\/\/www.pressenza.com\/es\/#\/schema\/logo\/image\/","url":"https:\/\/www.pressenza.com\/wp-content\/uploads\/2022\/10\/pressenza_logo_200x200.jpg","contentUrl":"https:\/\/www.pressenza.com\/wp-content\/uploads\/2022\/10\/pressenza_logo_200x200.jpg","width":200,"height":200,"caption":"Pressenza"},"image":{"@id":"https:\/\/www.pressenza.com\/es\/#\/schema\/logo\/image\/"},"sameAs":["https:\/\/www.facebook.com\/PressenzaItalia","https:\/\/x.com\/PressenzaIPA"]},{"@type":"Person","@id":"https:\/\/www.pressenza.com\/es\/#\/schema\/person\/828fc40eeca2ad7be3630e5a46adba94","name":"Redacci\u00f3n Madrid","description":"News from the Pressenza Bureau in Madrid, Spain","sameAs":["https:\/\/www.facebook.com\/pressenza","https:\/\/x.com\/pressenza"],"url":"https:\/\/www.pressenza.com\/es\/author\/redaccion-madrid\/"}]}},"place":"","original_article_url":"https:\/\/alternativasnoviolentas.org\/2024\/05\/24\/no-a-la-militarizacion-y-la-guerra-por-una-europa-de-la-distension-la-paz-y-la-seguridad-compartida\/","_links":{"self":[{"href":"https:\/\/www.pressenza.com\/es\/wp-json\/wp\/v2\/posts\/2526570","targetHints":{"allow":["GET"]}}],"collection":[{"href":"https:\/\/www.pressenza.com\/es\/wp-json\/wp\/v2\/posts"}],"about":[{"href":"https:\/\/www.pressenza.com\/es\/wp-json\/wp\/v2\/types\/post"}],"author":[{"embeddable":true,"href":"https:\/\/www.pressenza.com\/es\/wp-json\/wp\/v2\/users\/94"}],"replies":[{"embeddable":true,"href":"https:\/\/www.pressenza.com\/es\/wp-json\/wp\/v2\/comments?post=2526570"}],"version-history":[{"count":0,"href":"https:\/\/www.pressenza.com\/es\/wp-json\/wp\/v2\/posts\/2526570\/revisions"}],"wp:featuredmedia":[{"embeddable":true,"href":"https:\/\/www.pressenza.com\/es\/wp-json\/wp\/v2\/media\/2526572"}],"wp:attachment":[{"href":"https:\/\/www.pressenza.com\/es\/wp-json\/wp\/v2\/media?parent=2526570"}],"wp:term":[{"taxonomy":"category","embeddable":true,"href":"https:\/\/www.pressenza.com\/es\/wp-json\/wp\/v2\/categories?post=2526570"},{"taxonomy":"post_tag","embeddable":true,"href":"https:\/\/www.pressenza.com\/es\/wp-json\/wp\/v2\/tags?post=2526570"}],"curies":[{"name":"wp","href":"https:\/\/api.w.org\/{rel}","templated":true}]}}