{"id":2526292,"date":"2024-05-23T00:53:55","date_gmt":"2024-05-22T23:53:55","guid":{"rendered":"https:\/\/www.pressenza.com\/?p=2526292"},"modified":"2024-05-23T00:53:55","modified_gmt":"2024-05-22T23:53:55","slug":"educar-la-mente-sin-educar-el-corazon-no-es-educacion","status":"publish","type":"post","link":"https:\/\/www.pressenza.com\/es\/2024\/05\/educar-la-mente-sin-educar-el-corazon-no-es-educacion\/","title":{"rendered":"Educar la mente sin educar el coraz\u00f3n no es educaci\u00f3n"},"content":{"rendered":"<div class=\"elementor-element elementor-element-2a1c8f39 elementor-hidden-phone elementor-widget elementor-widget-heading\" data-id=\"2a1c8f39\" data-element_type=\"widget\" data-widget_type=\"heading.default\">\n<div class=\"elementor-widget-container\">\n<h3 class=\"elementor-heading-title elementor-size-default\">Por Yasmine Sherif<\/h3>\n<\/div>\n<\/div>\n<p>NUEVA YORK \u2013 Esas palabras, dichas por el fil\u00f3sofo griego Arist\u00f3teles, nos recuerdan que todav\u00eda nos queda un largo camino por recorrer en lo que respecta a nuestra propia educaci\u00f3n. Haciendo esto, podremos asegurarnos de que las nuevas generaciones puedan acceder a una educaci\u00f3n inclusiva y de calidad, y utilizar sus conocimientos para construir un mundo justo, igualitario y seguro.<span id=\"more-182516\"><\/span><\/p>\n<p>Sin embargo, a la luz de las brutales atrocidades y los terribles conflictos que se expanden de forma implacable tanto en Rep\u00fablica Democr\u00e1tica del Congo como en Gaza, Sud\u00e1n y Ucrania \u2013 sin contar otros 50 conflictos que est\u00e1n teniendo lugar en el mundo ahora mismo \u2013 no podemos decir con total honestidad que estamos utilizando nuestros corazones. Ser\u00eda tambi\u00e9n deshonesto afirmar que hemos construido un mundo basado en los derechos humanos, la paz y la seguridad desde la proclamaci\u00f3n de la Carta de las Naciones Unidas en San Francisco.<\/p>\n<p>En lugar de esto, el abismo entre la ley y la perversa realidad de hoy en d\u00eda no hace m\u00e1s que ampliarse. Dentro de ese abismo oscuro, millones de ni\u00f1os y j\u00f3venes inocentes y vulnerables ruegan por algo de humanidad y piden a gritos respeto por sus derechos humanos, empezando por el derecho fundamental a tener una educaci\u00f3n inclusiva y de calidad, con un ambiente de aprendizaje que los proteja.<\/p>\n<p>Hemos creado un mundo amargo y dividido, que puede asimilarse a un sanguinario campo de batalla. Un mundo de destrucci\u00f3n que no tiene en cuenta la vida del ser humano o la del propio planeta. Uno podr\u00eda preguntarse si realmente importan los avances tecnol\u00f3gicos si estamos perdiendo nuestra humanidad. Como dijo Martin Luther King Jr: \u00abNuestro poder cient\u00edfico le ha ganado a nuestro poder espiritual. Hemos guiado a nuestros misiles m\u00e1s que a nuestros hombres.\u00bb<\/p>\n<p>Como consecuencia de esto, unos 226 millones de ni\u00f1os y adolescentes que viven dentro de los campos de batalla son incapaces de acceder a una educaci\u00f3n de calidad \u2013 adem\u00e1s, muchos de ellos pierden a sus madres, padres, hermanos, extremidades, hogares y futuros. Sorprende bastante lo destructiva que puede alcanzar a ser una mente que carece de inteligencia emocional y de educaci\u00f3n del coraz\u00f3n.<\/p>\n<p>Apuntan de manera intencional y descarada a escuelas, estudiantes y maestros, subyugan y silencian a las adolescentes, y tanto ni\u00f1as como ni\u00f1os son v\u00edctimas de guerras y violaciones sistem\u00e1ticas a sus derechos humanos. Esto ocurre desde hace tanto tiempo que lo anormal se ha vuelto normal. No puede continuar.<\/p>\n<p>\u00bfCu\u00e1ndo atenderemos a los compromisos colectivos y universales trazados en la Carta de las Naciones Unidas, en la Declaraci\u00f3n Universal de los Derechos Humanos y en los Objetivos de Desarrollo Sostenible? \u00bfCu\u00e1ndo comprenderemos que cada ni\u00f1o tiene derecho a educarse en un ambiente seguro?<\/p>\n<p>Solo lo lograremos en cuanto comencemos a educar nuestros corazones as\u00ed como educamos nuestras mentes.<\/p>\n<p>Un coraz\u00f3n educado no puede hacer la vista gorda ante la constante destrucci\u00f3n de la vida humana o de la naturaleza. Un coraz\u00f3n educado act\u00faa a favor de impedir el crecimiento de desigualdades en el mundo. Un coraz\u00f3n educado no soportar\u00eda ignorar el derecho a la educaci\u00f3n de los 226 millones de ni\u00f1os.<\/p>\n<p>Seg\u00fan Educo, que trabaja de la mano de\u00a0<i>Education Cannot Wait<\/i>, los llamados humanitarios que exigen educaci\u00f3n disminuyen dr\u00e1sticamente (casi siete veces menos) en esta \u00faltima d\u00e9cada \u2013 pasaron de 517 millones de d\u00f3lares a 3785 millones \u2013 y en este mismo per\u00edodo, las contribuciones solo se multiplicaron por cuatro, pasando de 190 millones a 805 millones.<\/p>\n<p>La diferencia es desalentadora y las consecuencias para ni\u00f1os en medio de emergencias y situaciones prolongadas de crisis son m\u00e1s que devastadoras. En efecto, la falta de fondos tendr\u00e1 resultados peligrosos para el mundo. De acuerdo con el an\u00e1lisis de Educo, \u00ab88 % de los pa\u00edses y de los territorios con crisis humanitarias tienen problemas importantes para llegar a su objetivo educativo (ODS4).\u00bb<\/p>\n<p>En cambio, hemos contribuido a la creaci\u00f3n de una disparidad generacional y hemos perpetuado ciclos de violencia, pobreza, desplazamiento forzoso y m\u00e1s desigualdades en el marco de crisis olvidadas como las de Bangladesh, Rep\u00fablica Centroafricana, Chad, L\u00edbano, Yemen, entre otras.<\/p>\n<p>Tambi\u00e9n hay una brecha significativa entre el Norte global y el Sur global. En pa\u00edses pertenecientes a la OCDE (Organizaci\u00f3n para la Cooperaci\u00f3n y el Desarrollo Econ\u00f3micos), se gastan alrededor del 7 % del PIB (producto interno bruto) en educaci\u00f3n primaria y secundaria por estudiante cada a\u00f1o. Y en algunos pa\u00edses, como por ejemplo Luxemburgo, la cantidad puede ascender a hasta 25 000 d\u00f3lares anuales por estudiante.<\/p>\n<p>Por otro lado, seg\u00fan el\u00a0<a href=\"https:\/\/www.imf.org\/en\/Blogs\/Articles\/2024\/04\/25\/sub-saharan-africas-growth-requires-quality-education-for-growing-population\">FMI<\/a>\u00a0(Fondo Monetario Internacional): \u00abEn \u00c1frica subsahariana, el presupuesto medio en educaci\u00f3n represent\u00f3 alrededor del 3,5 % del PIB en 2020 \u2013 un porcentaje por debajo de la recomendaci\u00f3n internacional, de por lo menos 4 %. Un an\u00e1lisis del FMI concluye que si se quiere llegar al Objetivo de Desarrollo Sostenible de lograr la educaci\u00f3n primaria y secundaria universal para 2030, es necesario duplicar el gasto con respecto al PIB, tanto con aportes de fondos p\u00fablicos como privados\u00bb.<\/p>\n<p>Un coraz\u00f3n educado no puede aceptar esas realidades y darle la espalda a millones de vidas j\u00f3venes y a sus posibles futuros. Los recursos existen. Volviendo a la cita de Martin Luther King Jr, la cuesti\u00f3n es c\u00f3mo decidimos utilizar esos recursos. Podemos continuar por el camino de la destrucci\u00f3n o adoptar un enfoque m\u00e1s responsable y constructivo.<\/p>\n<p>Al reunir recursos de los sectores p\u00fablico y privado, tendremos la oportunidad de educar tanto los corazones como las mentes de una generaci\u00f3n entera. Una generaci\u00f3n que tal vez logre instalar los derechos humanos, la paz y la seguridad para todos, creando as\u00ed un mundo con valores compartidos en materia de leyes y no de fuerza.<\/p>\n<p>En la entrevista de alto nivel de este mes con Amy Clarke, una de las fundadoras y tambi\u00e9n directora de impacto de la\u00a0<i>Tribe Impact Capital LLP<\/i>, exploramos una nueva y prometedora modalidad para conectar el capital del sector privado con los resultados sostenibles, con el ambiente y con la construcci\u00f3n de un mundo mejor. Al unir fuerzas con\u00a0<i>Education Cannot Wait<\/i>, Amy Clarke se\u00f1al\u00f3: \u00abMientras que ECW se esfuerza en atender las necesidades educativas inmediatas de estos ni\u00f1os, es crucial que tambi\u00e9n forjemos un camino hacia un futuro que prometa rectitud, justicia e igualdad.\u00bb En ese sentido,\u00a0<i>Tribe Impact Capital LLP<\/i>\u00a0destaca como uno de nuestros socios del sector privado que lidera tanto con su coraz\u00f3n como con su mente. Nos muestran que eso, en efecto, es posible.<\/p>\n<p>Se dice que el trayecto m\u00e1s largo que podemos hacer es el que va de la mente al coraz\u00f3n. En este momento que el mundo se sumerge en una destrucci\u00f3n total, y casi 250 millones de ni\u00f1os y maestros pierden sus extremidades, la vida y la esperanza bajo las ruinas de sus escuelas, es tiempo de zarpar en esa direcci\u00f3n.<\/p>\n","protected":false},"excerpt":{"rendered":"<p>Por Yasmine Sherif NUEVA YORK \u2013 Esas palabras, dichas por el fil\u00f3sofo griego Arist\u00f3teles, nos recuerdan que todav\u00eda nos queda un largo camino por recorrer en lo que respecta a nuestra propia educaci\u00f3n. Haciendo esto, podremos asegurarnos de que las&hellip;<\/p>\n","protected":false},"author":347,"featured_media":2526293,"comment_status":"closed","ping_status":"closed","sticky":false,"template":"","format":"standard","meta":{"footnotes":""},"categories":[75,1230,39],"tags":[393,12010,123188],"class_list":["post-2526292","post","type-post","status-publish","format-standard","has-post-thumbnail","hentry","category-cultura-es","category-educacion-tema","category-internacional","tag-educacion","tag-mundo-es","tag-objetivos-de-desarrollo-del-milenio-odm"],"yoast_head":"<!-- This site is optimized with the Yoast SEO plugin v27.1.1 - https:\/\/yoast.com\/product\/yoast-seo-wordpress\/ -->\n<title>Educar la mente sin educar el coraz\u00f3n no es educaci\u00f3n<\/title>\n<meta name=\"description\" content=\"Por Yasmine Sherif NUEVA YORK \u2013 Esas palabras, dichas por el fil\u00f3sofo griego Arist\u00f3teles, nos recuerdan que todav\u00eda nos queda un largo camino por recorrer\" \/>\n<meta name=\"robots\" content=\"index, follow, max-snippet:-1, max-image-preview:large, max-video-preview:-1\" \/>\n<link rel=\"canonical\" href=\"https:\/\/www.pressenza.com\/es\/2024\/05\/educar-la-mente-sin-educar-el-corazon-no-es-educacion\/\" \/>\n<meta property=\"og:locale\" content=\"es_ES\" \/>\n<meta property=\"og:type\" content=\"article\" \/>\n<meta property=\"og:title\" content=\"Educar la mente sin educar el coraz\u00f3n no es educaci\u00f3n\" \/>\n<meta property=\"og:description\" content=\"Por Yasmine Sherif NUEVA YORK \u2013 Esas palabras, dichas por el fil\u00f3sofo griego Arist\u00f3teles, nos recuerdan que todav\u00eda nos queda un largo camino por recorrer\" \/>\n<meta property=\"og:url\" content=\"https:\/\/www.pressenza.com\/es\/2024\/05\/educar-la-mente-sin-educar-el-corazon-no-es-educacion\/\" \/>\n<meta property=\"og:site_name\" content=\"Pressenza\" \/>\n<meta property=\"article:publisher\" content=\"https:\/\/www.facebook.com\/PressenzaItalia\" \/>\n<meta property=\"article:author\" content=\"http:\/\/www.facebook.com\/ipsnoticias\" \/>\n<meta property=\"article:published_time\" content=\"2024-05-22T23:53:55+00:00\" \/>\n<meta property=\"og:image\" content=\"https:\/\/www.pressenza.com\/wp-content\/uploads\/2024\/05\/2005-tradux1.jpg\" \/>\n\t<meta property=\"og:image:width\" content=\"630\" \/>\n\t<meta property=\"og:image:height\" content=\"354\" \/>\n\t<meta property=\"og:image:type\" content=\"image\/jpeg\" \/>\n<meta name=\"author\" content=\"Inter Press Service\" \/>\n<meta name=\"twitter:card\" content=\"summary_large_image\" \/>\n<meta name=\"twitter:creator\" content=\"@ipsnoticias\" \/>\n<meta name=\"twitter:site\" content=\"@PressenzaIPA\" \/>\n<meta name=\"twitter:label1\" content=\"Escrito por\" \/>\n\t<meta name=\"twitter:data1\" content=\"Inter Press Service\" \/>\n\t<meta name=\"twitter:label2\" content=\"Tiempo de lectura\" \/>\n\t<meta name=\"twitter:data2\" content=\"6 minutos\" \/>\n<script type=\"application\/ld+json\" class=\"yoast-schema-graph\">{\"@context\":\"https:\/\/schema.org\",\"@graph\":[{\"@type\":\"Article\",\"@id\":\"https:\/\/www.pressenza.com\/es\/2024\/05\/educar-la-mente-sin-educar-el-corazon-no-es-educacion\/#article\",\"isPartOf\":{\"@id\":\"https:\/\/www.pressenza.com\/es\/2024\/05\/educar-la-mente-sin-educar-el-corazon-no-es-educacion\/\"},\"author\":{\"name\":\"Inter Press Service\",\"@id\":\"https:\/\/www.pressenza.com\/es\/#\/schema\/person\/7467f88f6765c239bdd52f3c432de81a\"},\"headline\":\"Educar la mente sin educar el coraz\u00f3n no es educaci\u00f3n\",\"datePublished\":\"2024-05-22T23:53:55+00:00\",\"mainEntityOfPage\":{\"@id\":\"https:\/\/www.pressenza.com\/es\/2024\/05\/educar-la-mente-sin-educar-el-corazon-no-es-educacion\/\"},\"wordCount\":1213,\"publisher\":{\"@id\":\"https:\/\/www.pressenza.com\/es\/#organization\"},\"image\":{\"@id\":\"https:\/\/www.pressenza.com\/es\/2024\/05\/educar-la-mente-sin-educar-el-corazon-no-es-educacion\/#primaryimage\"},\"thumbnailUrl\":\"https:\/\/www.pressenza.com\/wp-content\/uploads\/2024\/05\/2005-tradux1.jpg\",\"keywords\":[\"Educaci\u00f3n\",\"mundo\",\"Objetivos de Desarrollo del Milenio (ODM)\"],\"articleSection\":[\"Cultura y Medios\",\"Educaci\u00f3n\",\"Internacional\"],\"inLanguage\":\"es\"},{\"@type\":\"WebPage\",\"@id\":\"https:\/\/www.pressenza.com\/es\/2024\/05\/educar-la-mente-sin-educar-el-corazon-no-es-educacion\/\",\"url\":\"https:\/\/www.pressenza.com\/es\/2024\/05\/educar-la-mente-sin-educar-el-corazon-no-es-educacion\/\",\"name\":\"Educar la mente sin educar el coraz\u00f3n no es educaci\u00f3n\",\"isPartOf\":{\"@id\":\"https:\/\/www.pressenza.com\/es\/#website\"},\"primaryImageOfPage\":{\"@id\":\"https:\/\/www.pressenza.com\/es\/2024\/05\/educar-la-mente-sin-educar-el-corazon-no-es-educacion\/#primaryimage\"},\"image\":{\"@id\":\"https:\/\/www.pressenza.com\/es\/2024\/05\/educar-la-mente-sin-educar-el-corazon-no-es-educacion\/#primaryimage\"},\"thumbnailUrl\":\"https:\/\/www.pressenza.com\/wp-content\/uploads\/2024\/05\/2005-tradux1.jpg\",\"datePublished\":\"2024-05-22T23:53:55+00:00\",\"description\":\"Por Yasmine Sherif NUEVA YORK \u2013 Esas palabras, dichas por el fil\u00f3sofo griego Arist\u00f3teles, nos recuerdan que todav\u00eda nos queda un largo camino por recorrer\",\"breadcrumb\":{\"@id\":\"https:\/\/www.pressenza.com\/es\/2024\/05\/educar-la-mente-sin-educar-el-corazon-no-es-educacion\/#breadcrumb\"},\"inLanguage\":\"es\",\"potentialAction\":[{\"@type\":\"ReadAction\",\"target\":[\"https:\/\/www.pressenza.com\/es\/2024\/05\/educar-la-mente-sin-educar-el-corazon-no-es-educacion\/\"]}]},{\"@type\":\"ImageObject\",\"inLanguage\":\"es\",\"@id\":\"https:\/\/www.pressenza.com\/es\/2024\/05\/educar-la-mente-sin-educar-el-corazon-no-es-educacion\/#primaryimage\",\"url\":\"https:\/\/www.pressenza.com\/wp-content\/uploads\/2024\/05\/2005-tradux1.jpg\",\"contentUrl\":\"https:\/\/www.pressenza.com\/wp-content\/uploads\/2024\/05\/2005-tradux1.jpg\",\"width\":630,\"height\":354,\"caption\":\"Unos 226 millones de ni\u00f1as, ni\u00f1os y adolescentes que viven en los campos de batalla son incapaces de acceder a una educaci\u00f3n de calidad.\"},{\"@type\":\"BreadcrumbList\",\"@id\":\"https:\/\/www.pressenza.com\/es\/2024\/05\/educar-la-mente-sin-educar-el-corazon-no-es-educacion\/#breadcrumb\",\"itemListElement\":[{\"@type\":\"ListItem\",\"position\":1,\"name\":\"Accueil\",\"item\":\"https:\/\/www.pressenza.com\/es\/\"},{\"@type\":\"ListItem\",\"position\":2,\"name\":\"Educar la mente sin educar el coraz\u00f3n no es educaci\u00f3n\"}]},{\"@type\":\"WebSite\",\"@id\":\"https:\/\/www.pressenza.com\/es\/#website\",\"url\":\"https:\/\/www.pressenza.com\/es\/\",\"name\":\"Pressenza\",\"description\":\"International Press Agency\",\"publisher\":{\"@id\":\"https:\/\/www.pressenza.com\/es\/#organization\"},\"potentialAction\":[{\"@type\":\"SearchAction\",\"target\":{\"@type\":\"EntryPoint\",\"urlTemplate\":\"https:\/\/www.pressenza.com\/es\/?s={search_term_string}\"},\"query-input\":{\"@type\":\"PropertyValueSpecification\",\"valueRequired\":true,\"valueName\":\"search_term_string\"}}],\"inLanguage\":\"es\"},{\"@type\":\"Organization\",\"@id\":\"https:\/\/www.pressenza.com\/es\/#organization\",\"name\":\"Pressenza\",\"url\":\"https:\/\/www.pressenza.com\/es\/\",\"logo\":{\"@type\":\"ImageObject\",\"inLanguage\":\"es\",\"@id\":\"https:\/\/www.pressenza.com\/es\/#\/schema\/logo\/image\/\",\"url\":\"https:\/\/www.pressenza.com\/wp-content\/uploads\/2022\/10\/pressenza_logo_200x200.jpg\",\"contentUrl\":\"https:\/\/www.pressenza.com\/wp-content\/uploads\/2022\/10\/pressenza_logo_200x200.jpg\",\"width\":200,\"height\":200,\"caption\":\"Pressenza\"},\"image\":{\"@id\":\"https:\/\/www.pressenza.com\/es\/#\/schema\/logo\/image\/\"},\"sameAs\":[\"https:\/\/www.facebook.com\/PressenzaItalia\",\"https:\/\/x.com\/PressenzaIPA\"]},{\"@type\":\"Person\",\"@id\":\"https:\/\/www.pressenza.com\/es\/#\/schema\/person\/7467f88f6765c239bdd52f3c432de81a\",\"name\":\"Inter Press Service\",\"description\":\"IPS is an international communications institution at the heart of a global news agency that amplifies the voices of the South and civil society on development, globalisation, human rights and the environment. www.ipsnews.net\",\"sameAs\":[\"http:\/\/www.facebook.com\/ipsnoticias\",\"https:\/\/x.com\/ipsnoticias\"],\"url\":\"https:\/\/www.pressenza.com\/es\/author\/ips-inter-press-service\/\"}]}<\/script>\n<!-- \/ Yoast SEO plugin. -->","yoast_head_json":{"title":"Educar la mente sin educar el coraz\u00f3n no es educaci\u00f3n","description":"Por Yasmine Sherif NUEVA YORK \u2013 Esas palabras, dichas por el fil\u00f3sofo griego Arist\u00f3teles, nos recuerdan que todav\u00eda nos queda un largo camino por recorrer","robots":{"index":"index","follow":"follow","max-snippet":"max-snippet:-1","max-image-preview":"max-image-preview:large","max-video-preview":"max-video-preview:-1"},"canonical":"https:\/\/www.pressenza.com\/es\/2024\/05\/educar-la-mente-sin-educar-el-corazon-no-es-educacion\/","og_locale":"es_ES","og_type":"article","og_title":"Educar la mente sin educar el coraz\u00f3n no es educaci\u00f3n","og_description":"Por Yasmine Sherif NUEVA YORK \u2013 Esas palabras, dichas por el fil\u00f3sofo griego Arist\u00f3teles, nos recuerdan que todav\u00eda nos queda un largo camino por recorrer","og_url":"https:\/\/www.pressenza.com\/es\/2024\/05\/educar-la-mente-sin-educar-el-corazon-no-es-educacion\/","og_site_name":"Pressenza","article_publisher":"https:\/\/www.facebook.com\/PressenzaItalia","article_author":"http:\/\/www.facebook.com\/ipsnoticias","article_published_time":"2024-05-22T23:53:55+00:00","og_image":[{"width":630,"height":354,"url":"https:\/\/www.pressenza.com\/wp-content\/uploads\/2024\/05\/2005-tradux1.jpg","type":"image\/jpeg"}],"author":"Inter Press Service","twitter_card":"summary_large_image","twitter_creator":"@ipsnoticias","twitter_site":"@PressenzaIPA","twitter_misc":{"Escrito por":"Inter Press Service","Tiempo de lectura":"6 minutos"},"schema":{"@context":"https:\/\/schema.org","@graph":[{"@type":"Article","@id":"https:\/\/www.pressenza.com\/es\/2024\/05\/educar-la-mente-sin-educar-el-corazon-no-es-educacion\/#article","isPartOf":{"@id":"https:\/\/www.pressenza.com\/es\/2024\/05\/educar-la-mente-sin-educar-el-corazon-no-es-educacion\/"},"author":{"name":"Inter Press Service","@id":"https:\/\/www.pressenza.com\/es\/#\/schema\/person\/7467f88f6765c239bdd52f3c432de81a"},"headline":"Educar la mente sin educar el coraz\u00f3n no es educaci\u00f3n","datePublished":"2024-05-22T23:53:55+00:00","mainEntityOfPage":{"@id":"https:\/\/www.pressenza.com\/es\/2024\/05\/educar-la-mente-sin-educar-el-corazon-no-es-educacion\/"},"wordCount":1213,"publisher":{"@id":"https:\/\/www.pressenza.com\/es\/#organization"},"image":{"@id":"https:\/\/www.pressenza.com\/es\/2024\/05\/educar-la-mente-sin-educar-el-corazon-no-es-educacion\/#primaryimage"},"thumbnailUrl":"https:\/\/www.pressenza.com\/wp-content\/uploads\/2024\/05\/2005-tradux1.jpg","keywords":["Educaci\u00f3n","mundo","Objetivos de Desarrollo del Milenio (ODM)"],"articleSection":["Cultura y Medios","Educaci\u00f3n","Internacional"],"inLanguage":"es"},{"@type":"WebPage","@id":"https:\/\/www.pressenza.com\/es\/2024\/05\/educar-la-mente-sin-educar-el-corazon-no-es-educacion\/","url":"https:\/\/www.pressenza.com\/es\/2024\/05\/educar-la-mente-sin-educar-el-corazon-no-es-educacion\/","name":"Educar la mente sin educar el coraz\u00f3n no es educaci\u00f3n","isPartOf":{"@id":"https:\/\/www.pressenza.com\/es\/#website"},"primaryImageOfPage":{"@id":"https:\/\/www.pressenza.com\/es\/2024\/05\/educar-la-mente-sin-educar-el-corazon-no-es-educacion\/#primaryimage"},"image":{"@id":"https:\/\/www.pressenza.com\/es\/2024\/05\/educar-la-mente-sin-educar-el-corazon-no-es-educacion\/#primaryimage"},"thumbnailUrl":"https:\/\/www.pressenza.com\/wp-content\/uploads\/2024\/05\/2005-tradux1.jpg","datePublished":"2024-05-22T23:53:55+00:00","description":"Por Yasmine Sherif NUEVA YORK \u2013 Esas palabras, dichas por el fil\u00f3sofo griego Arist\u00f3teles, nos recuerdan que todav\u00eda nos queda un largo camino por recorrer","breadcrumb":{"@id":"https:\/\/www.pressenza.com\/es\/2024\/05\/educar-la-mente-sin-educar-el-corazon-no-es-educacion\/#breadcrumb"},"inLanguage":"es","potentialAction":[{"@type":"ReadAction","target":["https:\/\/www.pressenza.com\/es\/2024\/05\/educar-la-mente-sin-educar-el-corazon-no-es-educacion\/"]}]},{"@type":"ImageObject","inLanguage":"es","@id":"https:\/\/www.pressenza.com\/es\/2024\/05\/educar-la-mente-sin-educar-el-corazon-no-es-educacion\/#primaryimage","url":"https:\/\/www.pressenza.com\/wp-content\/uploads\/2024\/05\/2005-tradux1.jpg","contentUrl":"https:\/\/www.pressenza.com\/wp-content\/uploads\/2024\/05\/2005-tradux1.jpg","width":630,"height":354,"caption":"Unos 226 millones de ni\u00f1as, ni\u00f1os y adolescentes que viven en los campos de batalla son incapaces de acceder a una educaci\u00f3n de calidad."},{"@type":"BreadcrumbList","@id":"https:\/\/www.pressenza.com\/es\/2024\/05\/educar-la-mente-sin-educar-el-corazon-no-es-educacion\/#breadcrumb","itemListElement":[{"@type":"ListItem","position":1,"name":"Accueil","item":"https:\/\/www.pressenza.com\/es\/"},{"@type":"ListItem","position":2,"name":"Educar la mente sin educar el coraz\u00f3n no es educaci\u00f3n"}]},{"@type":"WebSite","@id":"https:\/\/www.pressenza.com\/es\/#website","url":"https:\/\/www.pressenza.com\/es\/","name":"Pressenza","description":"International Press Agency","publisher":{"@id":"https:\/\/www.pressenza.com\/es\/#organization"},"potentialAction":[{"@type":"SearchAction","target":{"@type":"EntryPoint","urlTemplate":"https:\/\/www.pressenza.com\/es\/?s={search_term_string}"},"query-input":{"@type":"PropertyValueSpecification","valueRequired":true,"valueName":"search_term_string"}}],"inLanguage":"es"},{"@type":"Organization","@id":"https:\/\/www.pressenza.com\/es\/#organization","name":"Pressenza","url":"https:\/\/www.pressenza.com\/es\/","logo":{"@type":"ImageObject","inLanguage":"es","@id":"https:\/\/www.pressenza.com\/es\/#\/schema\/logo\/image\/","url":"https:\/\/www.pressenza.com\/wp-content\/uploads\/2022\/10\/pressenza_logo_200x200.jpg","contentUrl":"https:\/\/www.pressenza.com\/wp-content\/uploads\/2022\/10\/pressenza_logo_200x200.jpg","width":200,"height":200,"caption":"Pressenza"},"image":{"@id":"https:\/\/www.pressenza.com\/es\/#\/schema\/logo\/image\/"},"sameAs":["https:\/\/www.facebook.com\/PressenzaItalia","https:\/\/x.com\/PressenzaIPA"]},{"@type":"Person","@id":"https:\/\/www.pressenza.com\/es\/#\/schema\/person\/7467f88f6765c239bdd52f3c432de81a","name":"Inter Press Service","description":"IPS is an international communications institution at the heart of a global news agency that amplifies the voices of the South and civil society on development, globalisation, human rights and the environment. www.ipsnews.net","sameAs":["http:\/\/www.facebook.com\/ipsnoticias","https:\/\/x.com\/ipsnoticias"],"url":"https:\/\/www.pressenza.com\/es\/author\/ips-inter-press-service\/"}]}},"place":"","original_article_url":"","_links":{"self":[{"href":"https:\/\/www.pressenza.com\/es\/wp-json\/wp\/v2\/posts\/2526292","targetHints":{"allow":["GET"]}}],"collection":[{"href":"https:\/\/www.pressenza.com\/es\/wp-json\/wp\/v2\/posts"}],"about":[{"href":"https:\/\/www.pressenza.com\/es\/wp-json\/wp\/v2\/types\/post"}],"author":[{"embeddable":true,"href":"https:\/\/www.pressenza.com\/es\/wp-json\/wp\/v2\/users\/347"}],"replies":[{"embeddable":true,"href":"https:\/\/www.pressenza.com\/es\/wp-json\/wp\/v2\/comments?post=2526292"}],"version-history":[{"count":0,"href":"https:\/\/www.pressenza.com\/es\/wp-json\/wp\/v2\/posts\/2526292\/revisions"}],"wp:featuredmedia":[{"embeddable":true,"href":"https:\/\/www.pressenza.com\/es\/wp-json\/wp\/v2\/media\/2526293"}],"wp:attachment":[{"href":"https:\/\/www.pressenza.com\/es\/wp-json\/wp\/v2\/media?parent=2526292"}],"wp:term":[{"taxonomy":"category","embeddable":true,"href":"https:\/\/www.pressenza.com\/es\/wp-json\/wp\/v2\/categories?post=2526292"},{"taxonomy":"post_tag","embeddable":true,"href":"https:\/\/www.pressenza.com\/es\/wp-json\/wp\/v2\/tags?post=2526292"}],"curies":[{"name":"wp","href":"https:\/\/api.w.org\/{rel}","templated":true}]}}