{"id":2526077,"date":"2024-05-21T14:19:38","date_gmt":"2024-05-21T13:19:38","guid":{"rendered":"https:\/\/www.pressenza.com\/?p=2526077"},"modified":"2024-05-21T14:19:38","modified_gmt":"2024-05-21T13:19:38","slug":"milei-la-antidiplomatica-motosierra-chocadora-y-la-crisis-con-espana","status":"publish","type":"post","link":"https:\/\/www.pressenza.com\/es\/2024\/05\/milei-la-antidiplomatica-motosierra-chocadora-y-la-crisis-con-espana\/","title":{"rendered":"Milei, la antidiplom\u00e1tica motosierra chocadora y la crisis con Espa\u00f1a"},"content":{"rendered":"<p>Javier Milei se autoconvenci\u00f3 que deb\u00eda convertirse en un verdadero l\u00edder de la ultraderecha internacional, y crey\u00f3 que la forma m\u00e1s directa de lograr destacarse y asentar su arraigo pol\u00edtico era crear conflictos a trav\u00e9s de excesos de verborragia destructiva, destructora, que presagia una saga de choques que comenz\u00f3 en Latinoam\u00e9rica, sigui\u00f3 en Espa\u00f1a y\u2026 \u00bfLo seguir\u00e1n tolerando?<\/p>\n<p>A este producto espurio tomado por el establishment hay quienes lo tildan de delirante, porque est\u00e1 embarcado en el sue\u00f1o (pesadilla para la mayor\u00eda) de convertirse en l\u00edder de una ultraderecha internacional.<\/p>\n<p>Milei es el \u00faltimo revulsivo de la nueva ola reaccionaria mundial: no es un nacionalista cat\u00f3lico ni un neofranquista espa\u00f1ol. Y tampoco un Donald Trump (no es multimillonario, aunque hace esfuerzos por conseguirlo desde la presidencia), Nayib Bukele o Jair Bolsonaro (no es un militar)\u2026 aun cuando hace lo imposible por parecerse. Violento, insulta a sus adversarios pol\u00edtico-ideol\u00f3gicos, pero nunca de frente. Para el diputado espa\u00f1ol Gerardo Pisarello, asume las formas de un groupie de los Rolling Stones o los Sex Pistols.<\/p>\n<p>Quiz\u00e1 por su desparpajo agresivo\u00a0 y\u00a0 resentido que linda con el desborde\u00a0 y lo payasesco, su mensaje es capaz de permear en sectores medios y de escasos recursos, a los que otros dogm\u00e1ticos no llegan. Esos millones que se sienten solos y desvalidos en\u00a0 medio de un capitalismo voraz que les garantiza hambre y demasiadas dudas sobre su futuro. Muchos con un resentimiento hacia la pol\u00edtica tradicional, pero tambi\u00e9n la pol\u00edtica \u201cprogresista\u201d o \u201cpopular\u201d, que \u2013salvo contadas excepciones- no le ha resuelto sus problemas m\u00e1s acuciantes.<\/p>\n<p>No se hace notar por sus obras, sino por las sobras de sus palabras, por la agresividad de sus bots y trolls, porque la realidad es que hasta ahora, en la Argentina, se encarga de deshacer todo lo que construyeron los diversos y sucesivos gobiernos democr\u00e1ticos.<\/p>\n<p>Una de las primeras decisiones de Milei al llegar a la presidencia fue alejar a Argentina del grupo de los BRICS, integrados por Brasil, Rusia, India, China y Sud\u00e1frica, para asumir un alineamiento absoluto con Washington. Y, quiz\u00e1s, para reforzar ciertas alianzas empresariales, Milei sobreactu\u00f3 su acercamiento al juda\u00edsmo y decidi\u00f3 avalar sin fisuras la pol\u00edtica criminal y genocida de Benjam\u00edn \u201cBibi\u201d Netanyahu en Gaza.<\/p>\n<p><strong>Difamar y sumar enemigos<\/strong><\/p>\n<p>El \u00faltimo domingo habl\u00f3 en un encuentro mundial anarcocapitalista organizado por el partido de ultraderecha espa\u00f1ol Vox en Madrid, donde la emprendi\u00f3 contra el presidente Pedro S\u00e1nchez, del Partido Socialista Obrero Espa\u00f1ol (PSOE). \u201cQu\u00e9 cala\u00f1a de gente atornillada al poder. Aun cuando tenga la mujer corrupta, se ensucia y se toma cinco d\u00edas para pensarlo\u201d, dijo. Antes, hab\u00eda definido al socialismo como \u201cmaldito\u201d y \u201ccancer\u00edgeno\u201d, frase que sus anfitriones de Vox no dir\u00edan, pero para eso invitan a Milei.<\/p>\n<p>Por ahora, Espa\u00f1a tom\u00f3 una sola medida: la llamada a consultas de la embajadora implica que la retiran temporalmente. Se trata de un mensaje que, en el lenguaje de la diplomacia, expresa el malestar de un gobierno con el otro. Si bien no implica romper las relaciones bilaterales, s\u00ed se\u00f1ala que los v\u00ednculos han sido da\u00f1ados<strong>. <\/strong><\/p>\n<p>El llamar a consultas a una embajadora es un gesto considerado intermedio<strong>.<\/strong> Un escal\u00f3n menor hubiera sido que el gobierno afectado, en este caso Espa\u00f1a, hubiera convocado al embajador del pa\u00eds que cometi\u00f3 la ofensa -el argentino- para pedirle explicaciones. Un escal\u00f3n m\u00e1s alto ser\u00eda el retiro definitivo de su embajadora.<\/p>\n<p>Los papeles dicen que es el presidente de 46 millones de argentinos, por cuyos intereses debiera velar dentro y fuera del pa\u00eds. Pero en su catarsis verborr\u00e1gica, siempre deja el camino abierto para que las grandes empresas trasnacionales se apoderen de los intereses estrat\u00e9gicos de su pa\u00eds, sin decoro alguno.<\/p>\n<p>Su radicalidad neothatcheriana lo hace atractivo a ojos de la extrema derecha, que festeja al neofascista que podr\u00eda tener un discurso y un proyecto como el suyo. Y tambi\u00e9n por su antisocialismo, su anticomunitarismo y su anticomunismo visceral. Pero m\u00e1s all\u00e1 de eso, Milei les ofrece posibilidades de negocio a los capitales extractivistas y rentistas con los que las derechas del viejo continente tienen un v\u00ednculo privilegiado y que ven en Milei una buena oportunidad para quedarse con todas las riquezas argentinas.<\/p>\n<p>Pese a todo su esfuerzo, Milei no logr\u00f3 ning\u00fan compromiso de inversiones por parte de los capitalistas espa\u00f1oles. Apenas una catarata de rechazos ante sus dichos contra el presidente S\u00e1nchez y su esposa. Lo cierto es que los empresarios no rechazan el plan econ\u00f3mico de Milei, pero son conscientes de que necesitan que sus negocios sean bien resguardados por el Estado espa\u00f1ol, y cierran filas con su mandatario.<\/p>\n<p>Tampoco logr\u00f3 el aval de la derecha argentina. El bloque parlamentario Hacemos Coalici\u00f3n Federal, liderado por Migue Pichetto, inst\u00f3 a Milei \u201ca que desista de su actitud irresponsable en materia de pol\u00edtica exterior, provocando conflictos absurdos con pa\u00edses importantes del mundo\u201d,<\/p>\n<p><strong>El arte de descalificar<\/strong><\/p>\n<p>El choque diplom\u00e1tico de Javier Milei con el gobierno espa\u00f1ol tiene sus antecedentes: tambi\u00e9n Colombia llam\u00f3 a consultas a su embajador en Buenos Aires, a ra\u00edz de que Milei calific\u00f3 de \u201ccomunista asesino que est\u00e1 hundiendo a Colombia\u201d al presidente Gustavo Petro. Con el mexicano Andr\u00e9s Manuel L\u00f3pez Obrador, el roce se origin\u00f3 en que Milei lo llam\u00f3 \u201cignorante\u201d. El mexicano se limit\u00f3 a comentar que no entend\u00eda \u00abc\u00f3mo los argentinos votaron a alguien que desprecia al pueblo\u00bb.<strong>\u00a0\u00a0<\/strong><\/p>\n<p>Ni Petro ni el chileno Gabriel Boric, ni Lula en Brasil, apoyaron la candidatura de Milei. Ya durante la campa\u00f1a electoral, este busc\u00f3 utilizarlo en su favor, definirse como el cambio radical. Le dijo a un medio colombiano: \u201c\u00bfQu\u00e9 es en el fondo un socialista? Es una basura, es excremento humano\u00bb. Petro le respondi\u00f3: \u201cEsto dec\u00eda Hitler\u201d. Y all\u00ed hab\u00eda quedado el tema, porque las declaraciones de un candidato no tienen el mismo peso que las de quien cuenta con una investidura presidencial, como ahora en Espa\u00f1a.<\/p>\n<p>Durante la campa\u00f1a electoral, Milei viaj\u00f3 a Santiago de Chile y en una reuni\u00f3n de derechas dijo \u00abesperamos sacar la plaga kirchnerista, en realidad toda la plaga socialista que azota a Argentina por m\u00e1s de cien a\u00f1os, espero que ustedes tengan la dicha y la altura como para poder sacarse tambi\u00e9n a este empobrecedor de Boric\u00bb.<\/p>\n<p>Ah\u00ed no queda la cosa: la mala relaci\u00f3n con China y el abandono de la tradicional neutralidad diplom\u00e1tica argentina para alinearse con Ucrania e Israel son parte de la misma historia: pretende dejar en claro, por si alguien no lo hab\u00eda comprendido, su total alineamiento y dependencia de Estados Unidos e Israel.<\/p>\n<p>Milei tambi\u00e9n embarr\u00f3 las relaciones con Brasil al invitar a su correligionaerio ultraderechista Jair Bolsonaro al acto oficial de su asunci\u00f3n.<\/p>\n<p><strong>No es el pueblo, es Milei<\/strong><\/p>\n<p>Con habilidad pol\u00edtica, el presidente de Espa\u00f1a, Pedro S\u00e1nchez, deslig\u00f3 al pueblo argentino de las cr\u00edticas que recibi\u00f3 de parte de su par argentino y advirti\u00f3 que\u00a0Javier Milei\u00a0es la demostraci\u00f3n \u201cdel riesgo que representa esta internacional ultraderechista para sociedades\u201d que se sustentan \u201cen el progreso econ\u00f3mico, la justicia social y la convivencia\u201d.<\/p>\n<p>S\u00e1nchez dijo que las palabras de Milei no estuvieron \u00aba la altura\u00bb de un jefe de Estado y se\u00f1al\u00f3 que seguir\u00e1 esperando una rectificaci\u00f3n antes de actuar en consecuencia. En tanto, puntualiz\u00f3 que la reacci\u00f3n del gobierno espa\u00f1ol frente a este hecho (por ahora solo el retiro de la embajadora en Buenos Aires) ser\u00e1 acorde \u00aba la dignidad de la democracia espa\u00f1ola\u00bb y a los lazos de hermandad que unen a ambos pa\u00edses.<\/p>\n<p>Mientras Espa\u00f1a llamaba en consulta a su embajadora, el Presidente public\u00f3 en su cuenta de X una serie de retuits con su postura. Al gobierno espa\u00f1ol le contest\u00f3 reposteando las declaraciones de su vocero presidencial, Manuel Adorni<strong>, <\/strong>que adelant\u00f3 que Milei no pedir\u00e1 disculpas porque ellos \u00ablo trataron (primero) de odiador, de negacionista, de &#8216;ingerir sustancias&#8217;, de autoritario, de antidemocr\u00e1tico y de ser gente &#8216;muy mala'\u00bb.<\/p>\n<p>Todo este anarcocapitalismo suena raro, anacr\u00f3nico, en un mundo que nos dijeron estaba desglobalizado, donde las grandes potencias vuelven a defender formas de proteccionismo y de intervenci\u00f3n en la econom\u00eda para salvarse de la debacle, del desplome de la industria, del colapso de miles de peque\u00f1as y medianas empresas, como ocurre en Argentina.<\/p>\n<p>Quiz\u00e1 a su paso por Madrid recibi\u00f3 un tir\u00f3n orejas porque a veces se desboca, pero las derechas europeas son m\u00e1s sumisas al capital financiero y especulativo extranjero. Milei ya aprendi\u00f3 el recurso a la mentira descarnada y al insulto abierto en las acusaciones contra sus adversarios progresistas o republicanos, sum\u00e1ndose a la criminalizaci\u00f3n de los migrantes pobres, y la caracterizaci\u00f3n de cualquier t\u00edmida medida redistributiva como pol\u00edticas \u201csocialistas que solo traen promesa y muerte\u201d.<\/p>\n<p>Y despu\u00e9s de esgrimir su vor\u00e1gine verborr\u00e1gica, deja la puerta abierta a la reacci\u00f3n violenta (no olvidar que su \u201cmarca\u201d es una motosierra) a la misoginia de Milei, en sus ataques a las conquistas del movimiento feminista o LGTBI o en el elogio descarado de experiencias dictatoriales como la del gobierno c\u00edvico-militar del general Videla y sus secuaces y el negacionismo de sus cr\u00edmenes y sus 30 mil desaparecidos.<\/p>\n","protected":false},"excerpt":{"rendered":"<p>Javier Milei se autoconvenci\u00f3 que deb\u00eda convertirse en un verdadero l\u00edder de la ultraderecha internacional, y crey\u00f3 que la forma m\u00e1s directa de lograr destacarse y asentar su arraigo pol\u00edtico era crear conflictos a trav\u00e9s de excesos de verborragia destructiva,&hellip;<\/p>\n","protected":false},"author":1415,"featured_media":2526078,"comment_status":"closed","ping_status":"closed","sticky":false,"template":"","format":"standard","meta":{"footnotes":""},"categories":[74,67],"tags":[115734,23466,20804],"class_list":["post-2526077","post","type-post","status-publish","format-standard","has-post-thumbnail","hentry","category-politica-es","category-sudamerica","tag-milei","tag-pedro-sanchez","tag-ultraderecha"],"yoast_head":"<!-- This site is optimized with the Yoast SEO plugin v27.1.1 - https:\/\/yoast.com\/product\/yoast-seo-wordpress\/ -->\n<title>Milei, la antidiplom\u00e1tica motosierra chocadora y la crisis con Espa\u00f1a<\/title>\n<meta name=\"description\" content=\"Javier Milei se autoconvenci\u00f3 que deb\u00eda convertirse en un verdadero l\u00edder de la ultraderecha internacional, y crey\u00f3 que la forma m\u00e1s directa de lograr\" \/>\n<meta name=\"robots\" content=\"index, follow, max-snippet:-1, max-image-preview:large, max-video-preview:-1\" \/>\n<link rel=\"canonical\" href=\"https:\/\/www.pressenza.com\/es\/2024\/05\/milei-la-antidiplomatica-motosierra-chocadora-y-la-crisis-con-espana\/\" \/>\n<meta property=\"og:locale\" content=\"es_ES\" \/>\n<meta property=\"og:type\" content=\"article\" \/>\n<meta property=\"og:title\" content=\"Milei, la antidiplom\u00e1tica motosierra chocadora y la crisis con Espa\u00f1a\" \/>\n<meta property=\"og:description\" content=\"Javier Milei se autoconvenci\u00f3 que deb\u00eda convertirse en un verdadero l\u00edder de la ultraderecha internacional, y crey\u00f3 que la forma m\u00e1s directa de lograr\" \/>\n<meta property=\"og:url\" content=\"https:\/\/www.pressenza.com\/es\/2024\/05\/milei-la-antidiplomatica-motosierra-chocadora-y-la-crisis-con-espana\/\" \/>\n<meta property=\"og:site_name\" content=\"Pressenza\" \/>\n<meta property=\"article:publisher\" content=\"https:\/\/www.facebook.com\/PressenzaItalia\" \/>\n<meta property=\"article:published_time\" content=\"2024-05-21T13:19:38+00:00\" \/>\n<meta property=\"og:image\" content=\"https:\/\/www.pressenza.com\/wp-content\/uploads\/2024\/05\/Snakk_til_handa.jpg\" \/>\n\t<meta property=\"og:image:width\" content=\"567\" \/>\n\t<meta property=\"og:image:height\" content=\"375\" \/>\n\t<meta property=\"og:image:type\" content=\"image\/jpeg\" \/>\n<meta name=\"author\" content=\"Aram Aharonian\" \/>\n<meta name=\"twitter:card\" content=\"summary_large_image\" \/>\n<meta name=\"twitter:creator\" content=\"@PressenzaIPA\" \/>\n<meta name=\"twitter:site\" content=\"@PressenzaIPA\" \/>\n<meta name=\"twitter:label1\" content=\"Escrito por\" \/>\n\t<meta name=\"twitter:data1\" content=\"Aram Aharonian\" \/>\n\t<meta name=\"twitter:label2\" content=\"Tiempo de lectura\" \/>\n\t<meta name=\"twitter:data2\" content=\"7 minutos\" \/>\n<script type=\"application\/ld+json\" class=\"yoast-schema-graph\">{\"@context\":\"https:\/\/schema.org\",\"@graph\":[{\"@type\":\"Article\",\"@id\":\"https:\/\/www.pressenza.com\/es\/2024\/05\/milei-la-antidiplomatica-motosierra-chocadora-y-la-crisis-con-espana\/#article\",\"isPartOf\":{\"@id\":\"https:\/\/www.pressenza.com\/es\/2024\/05\/milei-la-antidiplomatica-motosierra-chocadora-y-la-crisis-con-espana\/\"},\"author\":{\"name\":\"Aram Aharonian\",\"@id\":\"https:\/\/www.pressenza.com\/es\/#\/schema\/person\/777c39c93856c085c6d5931778fbf85f\"},\"headline\":\"Milei, la antidiplom\u00e1tica motosierra chocadora y la crisis con Espa\u00f1a\",\"datePublished\":\"2024-05-21T13:19:38+00:00\",\"mainEntityOfPage\":{\"@id\":\"https:\/\/www.pressenza.com\/es\/2024\/05\/milei-la-antidiplomatica-motosierra-chocadora-y-la-crisis-con-espana\/\"},\"wordCount\":1620,\"publisher\":{\"@id\":\"https:\/\/www.pressenza.com\/es\/#organization\"},\"image\":{\"@id\":\"https:\/\/www.pressenza.com\/es\/2024\/05\/milei-la-antidiplomatica-motosierra-chocadora-y-la-crisis-con-espana\/#primaryimage\"},\"thumbnailUrl\":\"https:\/\/www.pressenza.com\/wp-content\/uploads\/2024\/05\/Snakk_til_handa.jpg\",\"keywords\":[\"Milei\",\"Pedro S\u00e1nchez\",\"ultraderecha\"],\"articleSection\":[\"Pol\u00edtica\",\"Sudam\u00e9rica\"],\"inLanguage\":\"es\"},{\"@type\":\"WebPage\",\"@id\":\"https:\/\/www.pressenza.com\/es\/2024\/05\/milei-la-antidiplomatica-motosierra-chocadora-y-la-crisis-con-espana\/\",\"url\":\"https:\/\/www.pressenza.com\/es\/2024\/05\/milei-la-antidiplomatica-motosierra-chocadora-y-la-crisis-con-espana\/\",\"name\":\"Milei, la antidiplom\u00e1tica motosierra chocadora y la crisis con Espa\u00f1a\",\"isPartOf\":{\"@id\":\"https:\/\/www.pressenza.com\/es\/#website\"},\"primaryImageOfPage\":{\"@id\":\"https:\/\/www.pressenza.com\/es\/2024\/05\/milei-la-antidiplomatica-motosierra-chocadora-y-la-crisis-con-espana\/#primaryimage\"},\"image\":{\"@id\":\"https:\/\/www.pressenza.com\/es\/2024\/05\/milei-la-antidiplomatica-motosierra-chocadora-y-la-crisis-con-espana\/#primaryimage\"},\"thumbnailUrl\":\"https:\/\/www.pressenza.com\/wp-content\/uploads\/2024\/05\/Snakk_til_handa.jpg\",\"datePublished\":\"2024-05-21T13:19:38+00:00\",\"description\":\"Javier Milei se autoconvenci\u00f3 que deb\u00eda convertirse en un verdadero l\u00edder de la ultraderecha internacional, y crey\u00f3 que la forma m\u00e1s directa de lograr\",\"breadcrumb\":{\"@id\":\"https:\/\/www.pressenza.com\/es\/2024\/05\/milei-la-antidiplomatica-motosierra-chocadora-y-la-crisis-con-espana\/#breadcrumb\"},\"inLanguage\":\"es\",\"potentialAction\":[{\"@type\":\"ReadAction\",\"target\":[\"https:\/\/www.pressenza.com\/es\/2024\/05\/milei-la-antidiplomatica-motosierra-chocadora-y-la-crisis-con-espana\/\"]}]},{\"@type\":\"ImageObject\",\"inLanguage\":\"es\",\"@id\":\"https:\/\/www.pressenza.com\/es\/2024\/05\/milei-la-antidiplomatica-motosierra-chocadora-y-la-crisis-con-espana\/#primaryimage\",\"url\":\"https:\/\/www.pressenza.com\/wp-content\/uploads\/2024\/05\/Snakk_til_handa.jpg\",\"contentUrl\":\"https:\/\/www.pressenza.com\/wp-content\/uploads\/2024\/05\/Snakk_til_handa.jpg\",\"width\":567,\"height\":375},{\"@type\":\"BreadcrumbList\",\"@id\":\"https:\/\/www.pressenza.com\/es\/2024\/05\/milei-la-antidiplomatica-motosierra-chocadora-y-la-crisis-con-espana\/#breadcrumb\",\"itemListElement\":[{\"@type\":\"ListItem\",\"position\":1,\"name\":\"Accueil\",\"item\":\"https:\/\/www.pressenza.com\/es\/\"},{\"@type\":\"ListItem\",\"position\":2,\"name\":\"Milei, la antidiplom\u00e1tica motosierra chocadora y la crisis con Espa\u00f1a\"}]},{\"@type\":\"WebSite\",\"@id\":\"https:\/\/www.pressenza.com\/es\/#website\",\"url\":\"https:\/\/www.pressenza.com\/es\/\",\"name\":\"Pressenza\",\"description\":\"International Press Agency\",\"publisher\":{\"@id\":\"https:\/\/www.pressenza.com\/es\/#organization\"},\"potentialAction\":[{\"@type\":\"SearchAction\",\"target\":{\"@type\":\"EntryPoint\",\"urlTemplate\":\"https:\/\/www.pressenza.com\/es\/?s={search_term_string}\"},\"query-input\":{\"@type\":\"PropertyValueSpecification\",\"valueRequired\":true,\"valueName\":\"search_term_string\"}}],\"inLanguage\":\"es\"},{\"@type\":\"Organization\",\"@id\":\"https:\/\/www.pressenza.com\/es\/#organization\",\"name\":\"Pressenza\",\"url\":\"https:\/\/www.pressenza.com\/es\/\",\"logo\":{\"@type\":\"ImageObject\",\"inLanguage\":\"es\",\"@id\":\"https:\/\/www.pressenza.com\/es\/#\/schema\/logo\/image\/\",\"url\":\"https:\/\/www.pressenza.com\/wp-content\/uploads\/2022\/10\/pressenza_logo_200x200.jpg\",\"contentUrl\":\"https:\/\/www.pressenza.com\/wp-content\/uploads\/2022\/10\/pressenza_logo_200x200.jpg\",\"width\":200,\"height\":200,\"caption\":\"Pressenza\"},\"image\":{\"@id\":\"https:\/\/www.pressenza.com\/es\/#\/schema\/logo\/image\/\"},\"sameAs\":[\"https:\/\/www.facebook.com\/PressenzaItalia\",\"https:\/\/x.com\/PressenzaIPA\"]},{\"@type\":\"Person\",\"@id\":\"https:\/\/www.pressenza.com\/es\/#\/schema\/person\/777c39c93856c085c6d5931778fbf85f\",\"name\":\"Aram Aharonian\",\"description\":\"Magister en Integraci\u00f3n, periodista y docente uruguayo, fundador de Telesur, director del Observatorio en Comunicaci\u00f3n y Democracia, presidente de la Fundaci\u00f3n para la Integraci\u00f3n Latinoamericana.\",\"url\":\"https:\/\/www.pressenza.com\/es\/author\/aram-aharonian\/\"}]}<\/script>\n<!-- \/ Yoast SEO plugin. -->","yoast_head_json":{"title":"Milei, la antidiplom\u00e1tica motosierra chocadora y la crisis con Espa\u00f1a","description":"Javier Milei se autoconvenci\u00f3 que deb\u00eda convertirse en un verdadero l\u00edder de la ultraderecha internacional, y crey\u00f3 que la forma m\u00e1s directa de lograr","robots":{"index":"index","follow":"follow","max-snippet":"max-snippet:-1","max-image-preview":"max-image-preview:large","max-video-preview":"max-video-preview:-1"},"canonical":"https:\/\/www.pressenza.com\/es\/2024\/05\/milei-la-antidiplomatica-motosierra-chocadora-y-la-crisis-con-espana\/","og_locale":"es_ES","og_type":"article","og_title":"Milei, la antidiplom\u00e1tica motosierra chocadora y la crisis con Espa\u00f1a","og_description":"Javier Milei se autoconvenci\u00f3 que deb\u00eda convertirse en un verdadero l\u00edder de la ultraderecha internacional, y crey\u00f3 que la forma m\u00e1s directa de lograr","og_url":"https:\/\/www.pressenza.com\/es\/2024\/05\/milei-la-antidiplomatica-motosierra-chocadora-y-la-crisis-con-espana\/","og_site_name":"Pressenza","article_publisher":"https:\/\/www.facebook.com\/PressenzaItalia","article_published_time":"2024-05-21T13:19:38+00:00","og_image":[{"width":567,"height":375,"url":"https:\/\/www.pressenza.com\/wp-content\/uploads\/2024\/05\/Snakk_til_handa.jpg","type":"image\/jpeg"}],"author":"Aram Aharonian","twitter_card":"summary_large_image","twitter_creator":"@PressenzaIPA","twitter_site":"@PressenzaIPA","twitter_misc":{"Escrito por":"Aram Aharonian","Tiempo de lectura":"7 minutos"},"schema":{"@context":"https:\/\/schema.org","@graph":[{"@type":"Article","@id":"https:\/\/www.pressenza.com\/es\/2024\/05\/milei-la-antidiplomatica-motosierra-chocadora-y-la-crisis-con-espana\/#article","isPartOf":{"@id":"https:\/\/www.pressenza.com\/es\/2024\/05\/milei-la-antidiplomatica-motosierra-chocadora-y-la-crisis-con-espana\/"},"author":{"name":"Aram Aharonian","@id":"https:\/\/www.pressenza.com\/es\/#\/schema\/person\/777c39c93856c085c6d5931778fbf85f"},"headline":"Milei, la antidiplom\u00e1tica motosierra chocadora y la crisis con Espa\u00f1a","datePublished":"2024-05-21T13:19:38+00:00","mainEntityOfPage":{"@id":"https:\/\/www.pressenza.com\/es\/2024\/05\/milei-la-antidiplomatica-motosierra-chocadora-y-la-crisis-con-espana\/"},"wordCount":1620,"publisher":{"@id":"https:\/\/www.pressenza.com\/es\/#organization"},"image":{"@id":"https:\/\/www.pressenza.com\/es\/2024\/05\/milei-la-antidiplomatica-motosierra-chocadora-y-la-crisis-con-espana\/#primaryimage"},"thumbnailUrl":"https:\/\/www.pressenza.com\/wp-content\/uploads\/2024\/05\/Snakk_til_handa.jpg","keywords":["Milei","Pedro S\u00e1nchez","ultraderecha"],"articleSection":["Pol\u00edtica","Sudam\u00e9rica"],"inLanguage":"es"},{"@type":"WebPage","@id":"https:\/\/www.pressenza.com\/es\/2024\/05\/milei-la-antidiplomatica-motosierra-chocadora-y-la-crisis-con-espana\/","url":"https:\/\/www.pressenza.com\/es\/2024\/05\/milei-la-antidiplomatica-motosierra-chocadora-y-la-crisis-con-espana\/","name":"Milei, la antidiplom\u00e1tica motosierra chocadora y la crisis con Espa\u00f1a","isPartOf":{"@id":"https:\/\/www.pressenza.com\/es\/#website"},"primaryImageOfPage":{"@id":"https:\/\/www.pressenza.com\/es\/2024\/05\/milei-la-antidiplomatica-motosierra-chocadora-y-la-crisis-con-espana\/#primaryimage"},"image":{"@id":"https:\/\/www.pressenza.com\/es\/2024\/05\/milei-la-antidiplomatica-motosierra-chocadora-y-la-crisis-con-espana\/#primaryimage"},"thumbnailUrl":"https:\/\/www.pressenza.com\/wp-content\/uploads\/2024\/05\/Snakk_til_handa.jpg","datePublished":"2024-05-21T13:19:38+00:00","description":"Javier Milei se autoconvenci\u00f3 que deb\u00eda convertirse en un verdadero l\u00edder de la ultraderecha internacional, y crey\u00f3 que la forma m\u00e1s directa de lograr","breadcrumb":{"@id":"https:\/\/www.pressenza.com\/es\/2024\/05\/milei-la-antidiplomatica-motosierra-chocadora-y-la-crisis-con-espana\/#breadcrumb"},"inLanguage":"es","potentialAction":[{"@type":"ReadAction","target":["https:\/\/www.pressenza.com\/es\/2024\/05\/milei-la-antidiplomatica-motosierra-chocadora-y-la-crisis-con-espana\/"]}]},{"@type":"ImageObject","inLanguage":"es","@id":"https:\/\/www.pressenza.com\/es\/2024\/05\/milei-la-antidiplomatica-motosierra-chocadora-y-la-crisis-con-espana\/#primaryimage","url":"https:\/\/www.pressenza.com\/wp-content\/uploads\/2024\/05\/Snakk_til_handa.jpg","contentUrl":"https:\/\/www.pressenza.com\/wp-content\/uploads\/2024\/05\/Snakk_til_handa.jpg","width":567,"height":375},{"@type":"BreadcrumbList","@id":"https:\/\/www.pressenza.com\/es\/2024\/05\/milei-la-antidiplomatica-motosierra-chocadora-y-la-crisis-con-espana\/#breadcrumb","itemListElement":[{"@type":"ListItem","position":1,"name":"Accueil","item":"https:\/\/www.pressenza.com\/es\/"},{"@type":"ListItem","position":2,"name":"Milei, la antidiplom\u00e1tica motosierra chocadora y la crisis con Espa\u00f1a"}]},{"@type":"WebSite","@id":"https:\/\/www.pressenza.com\/es\/#website","url":"https:\/\/www.pressenza.com\/es\/","name":"Pressenza","description":"International Press Agency","publisher":{"@id":"https:\/\/www.pressenza.com\/es\/#organization"},"potentialAction":[{"@type":"SearchAction","target":{"@type":"EntryPoint","urlTemplate":"https:\/\/www.pressenza.com\/es\/?s={search_term_string}"},"query-input":{"@type":"PropertyValueSpecification","valueRequired":true,"valueName":"search_term_string"}}],"inLanguage":"es"},{"@type":"Organization","@id":"https:\/\/www.pressenza.com\/es\/#organization","name":"Pressenza","url":"https:\/\/www.pressenza.com\/es\/","logo":{"@type":"ImageObject","inLanguage":"es","@id":"https:\/\/www.pressenza.com\/es\/#\/schema\/logo\/image\/","url":"https:\/\/www.pressenza.com\/wp-content\/uploads\/2022\/10\/pressenza_logo_200x200.jpg","contentUrl":"https:\/\/www.pressenza.com\/wp-content\/uploads\/2022\/10\/pressenza_logo_200x200.jpg","width":200,"height":200,"caption":"Pressenza"},"image":{"@id":"https:\/\/www.pressenza.com\/es\/#\/schema\/logo\/image\/"},"sameAs":["https:\/\/www.facebook.com\/PressenzaItalia","https:\/\/x.com\/PressenzaIPA"]},{"@type":"Person","@id":"https:\/\/www.pressenza.com\/es\/#\/schema\/person\/777c39c93856c085c6d5931778fbf85f","name":"Aram Aharonian","description":"Magister en Integraci\u00f3n, periodista y docente uruguayo, fundador de Telesur, director del Observatorio en Comunicaci\u00f3n y Democracia, presidente de la Fundaci\u00f3n para la Integraci\u00f3n Latinoamericana.","url":"https:\/\/www.pressenza.com\/es\/author\/aram-aharonian\/"}]}},"place":"","original_article_url":"","_links":{"self":[{"href":"https:\/\/www.pressenza.com\/es\/wp-json\/wp\/v2\/posts\/2526077","targetHints":{"allow":["GET"]}}],"collection":[{"href":"https:\/\/www.pressenza.com\/es\/wp-json\/wp\/v2\/posts"}],"about":[{"href":"https:\/\/www.pressenza.com\/es\/wp-json\/wp\/v2\/types\/post"}],"author":[{"embeddable":true,"href":"https:\/\/www.pressenza.com\/es\/wp-json\/wp\/v2\/users\/1415"}],"replies":[{"embeddable":true,"href":"https:\/\/www.pressenza.com\/es\/wp-json\/wp\/v2\/comments?post=2526077"}],"version-history":[{"count":0,"href":"https:\/\/www.pressenza.com\/es\/wp-json\/wp\/v2\/posts\/2526077\/revisions"}],"wp:featuredmedia":[{"embeddable":true,"href":"https:\/\/www.pressenza.com\/es\/wp-json\/wp\/v2\/media\/2526078"}],"wp:attachment":[{"href":"https:\/\/www.pressenza.com\/es\/wp-json\/wp\/v2\/media?parent=2526077"}],"wp:term":[{"taxonomy":"category","embeddable":true,"href":"https:\/\/www.pressenza.com\/es\/wp-json\/wp\/v2\/categories?post=2526077"},{"taxonomy":"post_tag","embeddable":true,"href":"https:\/\/www.pressenza.com\/es\/wp-json\/wp\/v2\/tags?post=2526077"}],"curies":[{"name":"wp","href":"https:\/\/api.w.org\/{rel}","templated":true}]}}