{"id":25118,"date":"2012-11-21T17:33:09","date_gmt":"2012-11-21T17:33:09","guid":{"rendered":"http:\/\/www.pressenza.com\/?p=25118"},"modified":"2015-07-21T21:19:20","modified_gmt":"2015-07-21T20:19:20","slug":"comunidades-de-el-mensaje-de-silo-realizan-un-pedido-por-el-cese-del-bombardeo-en-gaza","status":"publish","type":"post","link":"https:\/\/www.pressenza.com\/es\/2012\/11\/comunidades-de-el-mensaje-de-silo-realizan-un-pedido-por-el-cese-del-bombardeo-en-gaza\/","title":{"rendered":"Comunidades de El Mensaje de Silo realizan un \u00abpedido por el cese del bombardeo\u00bb en Gaza"},"content":{"rendered":"<p>Convocan a reunirse frente a las Embajadas de Israel y Palestina en la Ciudad de Buenos Aires para el pr\u00f3ximo viernes 23 de noviembre. \u00abSabemos muy bien como querr\u00edamos ser tratados si nuestros seres queridos estuviesen en esa situaci\u00f3n\u00bb, expresan los silo\u00edstas que convocan a la Ceremonia de Bienestar. El punto de encuentro ser\u00e1 a las 12.30 en Avenida de Mayo 701 (Embajada de Israel) y a las 15.30 en Riobamba 581 (Embajada de Palestina).<\/p>\n<p>\u00abHaremos una ceremonia de Bienestar y un fuerte pedido para que paren el bombardeo en la franja de Gaza. En ambas Embajadas entregaremos un pedido\u00bb, agregan. \u00abEsta es una iniciativa de varias comunidades que sentimos esta fuerte necesidad.\u00a0Invitamos a participar a todas las Comunidades y mensajeros que coincidan con este sentir.\u00bb<\/p>\n<p>Finalizan la invitaci\u00f3n con un extracto de la \u00abCeremonia de Reconocimiento\u00bb del libro El Mensaje de Silo: \u00a0\u00abConsideramos al ser humano como m\u00e1ximo valor por encima del dinero, del Estado, de la religi\u00f3n, de los modelos y de los sistemas sociales.\u00a0Consagramos la resistencia justa contra toda forma de violencia f\u00edsica, econ\u00f3mica, racial, religiosa, sexual, psicol\u00f3gica y moral.\u00bb<\/p>\n","protected":false},"excerpt":{"rendered":"<p>Convocan a reunirse frente a las Embajadas de Israel y Palestina en la Ciudad de Buenos Aires para el pr\u00f3ximo viernes 23 de noviembre. \u00abSabemos muy bien como querr\u00edamos ser tratados si nuestros seres queridos estuviesen en esa situaci\u00f3n\u00bb, expresan&hellip;<\/p>\n","protected":false},"author":20,"featured_media":25228,"comment_status":"closed","ping_status":"open","sticky":false,"template":"","format":"standard","meta":{"footnotes":""},"categories":[149,1243,67],"tags":[546,1531,383,419],"class_list":["post-25118","post","type-post","status-publish","format-standard","has-post-thumbnail","hentry","category-comunicados-de-prensa","category-paz-desarme","category-sudamerica","tag-el-mensaje-de-silo","tag-franja-de-gaza","tag-noviolencia","tag-paz"],"yoast_head":"<!-- This site is optimized with the Yoast SEO plugin v27.1.1 - https:\/\/yoast.com\/product\/yoast-seo-wordpress\/ -->\n<title>Comunidades de El Mensaje de Silo realizan un &quot;pedido por el cese del bombardeo&quot; en Gaza<\/title>\n<meta name=\"description\" content=\"Convocan a reunirse frente a las Embajadas de Israel y Palestina en la Ciudad de Buenos Aires para el pr\u00f3ximo viernes 23 de noviembre. &quot;Sabemos muy bien\" \/>\n<meta name=\"robots\" content=\"index, follow, max-snippet:-1, max-image-preview:large, max-video-preview:-1\" \/>\n<link rel=\"canonical\" href=\"https:\/\/www.pressenza.com\/es\/2012\/11\/comunidades-de-el-mensaje-de-silo-realizan-un-pedido-por-el-cese-del-bombardeo-en-gaza\/\" \/>\n<meta property=\"og:locale\" content=\"es_ES\" \/>\n<meta property=\"og:type\" content=\"article\" \/>\n<meta property=\"og:title\" content=\"Comunidades de El Mensaje de Silo realizan un &quot;pedido por el cese del bombardeo&quot; en Gaza\" \/>\n<meta property=\"og:description\" content=\"Convocan a reunirse frente a las Embajadas de Israel y Palestina en la Ciudad de Buenos Aires para el pr\u00f3ximo viernes 23 de noviembre. &quot;Sabemos muy bien\" \/>\n<meta property=\"og:url\" content=\"https:\/\/www.pressenza.com\/es\/2012\/11\/comunidades-de-el-mensaje-de-silo-realizan-un-pedido-por-el-cese-del-bombardeo-en-gaza\/\" \/>\n<meta property=\"og:site_name\" content=\"Pressenza\" \/>\n<meta property=\"article:publisher\" content=\"https:\/\/www.facebook.com\/PressenzaItalia\" \/>\n<meta property=\"article:published_time\" content=\"2012-11-21T17:33:09+00:00\" \/>\n<meta property=\"article:modified_time\" content=\"2015-07-21T20:19:20+00:00\" \/>\n<meta property=\"og:image\" content=\"https:\/\/www.pressenza.com\/wp-content\/uploads\/2012\/11\/El-Mensaje-logo.jpg\" \/>\n\t<meta property=\"og:image:width\" content=\"632\" \/>\n\t<meta property=\"og:image:height\" content=\"615\" \/>\n\t<meta property=\"og:image:type\" content=\"image\/jpeg\" \/>\n<meta name=\"author\" content=\"ivan novotny\" \/>\n<meta name=\"twitter:card\" content=\"summary_large_image\" \/>\n<meta name=\"twitter:creator\" content=\"@ivanovotny\" \/>\n<meta name=\"twitter:site\" content=\"@PressenzaIPA\" \/>\n<meta name=\"twitter:label1\" content=\"Escrito por\" \/>\n\t<meta name=\"twitter:data1\" content=\"ivan novotny\" \/>\n\t<meta name=\"twitter:label2\" content=\"Tiempo de lectura\" \/>\n\t<meta name=\"twitter:data2\" content=\"1 minuto\" \/>\n<script type=\"application\/ld+json\" class=\"yoast-schema-graph\">{\"@context\":\"https:\/\/schema.org\",\"@graph\":[{\"@type\":\"Article\",\"@id\":\"https:\/\/www.pressenza.com\/es\/2012\/11\/comunidades-de-el-mensaje-de-silo-realizan-un-pedido-por-el-cese-del-bombardeo-en-gaza\/#article\",\"isPartOf\":{\"@id\":\"https:\/\/www.pressenza.com\/es\/2012\/11\/comunidades-de-el-mensaje-de-silo-realizan-un-pedido-por-el-cese-del-bombardeo-en-gaza\/\"},\"author\":{\"name\":\"ivan novotny\",\"@id\":\"https:\/\/www.pressenza.com\/es\/#\/schema\/person\/074b2cdde387af1b7a93f788a03ec37a\"},\"headline\":\"Comunidades de El Mensaje de Silo realizan un \u00abpedido por el cese del bombardeo\u00bb en Gaza\",\"datePublished\":\"2012-11-21T17:33:09+00:00\",\"dateModified\":\"2015-07-21T20:19:20+00:00\",\"mainEntityOfPage\":{\"@id\":\"https:\/\/www.pressenza.com\/es\/2012\/11\/comunidades-de-el-mensaje-de-silo-realizan-un-pedido-por-el-cese-del-bombardeo-en-gaza\/\"},\"wordCount\":206,\"publisher\":{\"@id\":\"https:\/\/www.pressenza.com\/es\/#organization\"},\"image\":{\"@id\":\"https:\/\/www.pressenza.com\/es\/2012\/11\/comunidades-de-el-mensaje-de-silo-realizan-un-pedido-por-el-cese-del-bombardeo-en-gaza\/#primaryimage\"},\"thumbnailUrl\":\"https:\/\/www.pressenza.com\/wp-content\/uploads\/2012\/11\/El-Mensaje-logo.jpg\",\"keywords\":[\"El Mensaje de Silo\",\"Franja de Gaza\",\"Noviolencia\",\"Paz\"],\"articleSection\":[\"Comunicados de Prensa\",\"Paz y Desarme\",\"Sudam\u00e9rica\"],\"inLanguage\":\"es\"},{\"@type\":\"WebPage\",\"@id\":\"https:\/\/www.pressenza.com\/es\/2012\/11\/comunidades-de-el-mensaje-de-silo-realizan-un-pedido-por-el-cese-del-bombardeo-en-gaza\/\",\"url\":\"https:\/\/www.pressenza.com\/es\/2012\/11\/comunidades-de-el-mensaje-de-silo-realizan-un-pedido-por-el-cese-del-bombardeo-en-gaza\/\",\"name\":\"Comunidades de El Mensaje de Silo realizan un \\\"pedido por el cese del bombardeo\\\" en Gaza\",\"isPartOf\":{\"@id\":\"https:\/\/www.pressenza.com\/es\/#website\"},\"primaryImageOfPage\":{\"@id\":\"https:\/\/www.pressenza.com\/es\/2012\/11\/comunidades-de-el-mensaje-de-silo-realizan-un-pedido-por-el-cese-del-bombardeo-en-gaza\/#primaryimage\"},\"image\":{\"@id\":\"https:\/\/www.pressenza.com\/es\/2012\/11\/comunidades-de-el-mensaje-de-silo-realizan-un-pedido-por-el-cese-del-bombardeo-en-gaza\/#primaryimage\"},\"thumbnailUrl\":\"https:\/\/www.pressenza.com\/wp-content\/uploads\/2012\/11\/El-Mensaje-logo.jpg\",\"datePublished\":\"2012-11-21T17:33:09+00:00\",\"dateModified\":\"2015-07-21T20:19:20+00:00\",\"description\":\"Convocan a reunirse frente a las Embajadas de Israel y Palestina en la Ciudad de Buenos Aires para el pr\u00f3ximo viernes 23 de noviembre. \\\"Sabemos muy bien\",\"breadcrumb\":{\"@id\":\"https:\/\/www.pressenza.com\/es\/2012\/11\/comunidades-de-el-mensaje-de-silo-realizan-un-pedido-por-el-cese-del-bombardeo-en-gaza\/#breadcrumb\"},\"inLanguage\":\"es\",\"potentialAction\":[{\"@type\":\"ReadAction\",\"target\":[\"https:\/\/www.pressenza.com\/es\/2012\/11\/comunidades-de-el-mensaje-de-silo-realizan-un-pedido-por-el-cese-del-bombardeo-en-gaza\/\"]}]},{\"@type\":\"ImageObject\",\"inLanguage\":\"es\",\"@id\":\"https:\/\/www.pressenza.com\/es\/2012\/11\/comunidades-de-el-mensaje-de-silo-realizan-un-pedido-por-el-cese-del-bombardeo-en-gaza\/#primaryimage\",\"url\":\"https:\/\/www.pressenza.com\/wp-content\/uploads\/2012\/11\/El-Mensaje-logo.jpg\",\"contentUrl\":\"https:\/\/www.pressenza.com\/wp-content\/uploads\/2012\/11\/El-Mensaje-logo.jpg\",\"width\":\"632\",\"height\":\"615\"},{\"@type\":\"BreadcrumbList\",\"@id\":\"https:\/\/www.pressenza.com\/es\/2012\/11\/comunidades-de-el-mensaje-de-silo-realizan-un-pedido-por-el-cese-del-bombardeo-en-gaza\/#breadcrumb\",\"itemListElement\":[{\"@type\":\"ListItem\",\"position\":1,\"name\":\"Accueil\",\"item\":\"https:\/\/www.pressenza.com\/es\/\"},{\"@type\":\"ListItem\",\"position\":2,\"name\":\"Comunidades de El Mensaje de Silo realizan un \u00abpedido por el cese del bombardeo\u00bb en Gaza\"}]},{\"@type\":\"WebSite\",\"@id\":\"https:\/\/www.pressenza.com\/es\/#website\",\"url\":\"https:\/\/www.pressenza.com\/es\/\",\"name\":\"Pressenza\",\"description\":\"International Press Agency\",\"publisher\":{\"@id\":\"https:\/\/www.pressenza.com\/es\/#organization\"},\"potentialAction\":[{\"@type\":\"SearchAction\",\"target\":{\"@type\":\"EntryPoint\",\"urlTemplate\":\"https:\/\/www.pressenza.com\/es\/?s={search_term_string}\"},\"query-input\":{\"@type\":\"PropertyValueSpecification\",\"valueRequired\":true,\"valueName\":\"search_term_string\"}}],\"inLanguage\":\"es\"},{\"@type\":\"Organization\",\"@id\":\"https:\/\/www.pressenza.com\/es\/#organization\",\"name\":\"Pressenza\",\"url\":\"https:\/\/www.pressenza.com\/es\/\",\"logo\":{\"@type\":\"ImageObject\",\"inLanguage\":\"es\",\"@id\":\"https:\/\/www.pressenza.com\/es\/#\/schema\/logo\/image\/\",\"url\":\"https:\/\/www.pressenza.com\/wp-content\/uploads\/2022\/10\/pressenza_logo_200x200.jpg\",\"contentUrl\":\"https:\/\/www.pressenza.com\/wp-content\/uploads\/2022\/10\/pressenza_logo_200x200.jpg\",\"width\":200,\"height\":200,\"caption\":\"Pressenza\"},\"image\":{\"@id\":\"https:\/\/www.pressenza.com\/es\/#\/schema\/logo\/image\/\"},\"sameAs\":[\"https:\/\/www.facebook.com\/PressenzaItalia\",\"https:\/\/x.com\/PressenzaIPA\"]},{\"@type\":\"Person\",\"@id\":\"https:\/\/www.pressenza.com\/es\/#\/schema\/person\/074b2cdde387af1b7a93f788a03ec37a\",\"name\":\"ivan novotny\",\"description\":\"A graduate in Communication Science from the University of Buenos Aires.\",\"sameAs\":[\"https:\/\/www.instagram.com\/inovotny\",\"https:\/\/x.com\/ivanovotny\"],\"url\":\"https:\/\/www.pressenza.com\/es\/author\/ivan-novotny\/\"}]}<\/script>\n<!-- \/ Yoast SEO plugin. -->","yoast_head_json":{"title":"Comunidades de El Mensaje de Silo realizan un \"pedido por el cese del bombardeo\" en Gaza","description":"Convocan a reunirse frente a las Embajadas de Israel y Palestina en la Ciudad de Buenos Aires para el pr\u00f3ximo viernes 23 de noviembre. \"Sabemos muy bien","robots":{"index":"index","follow":"follow","max-snippet":"max-snippet:-1","max-image-preview":"max-image-preview:large","max-video-preview":"max-video-preview:-1"},"canonical":"https:\/\/www.pressenza.com\/es\/2012\/11\/comunidades-de-el-mensaje-de-silo-realizan-un-pedido-por-el-cese-del-bombardeo-en-gaza\/","og_locale":"es_ES","og_type":"article","og_title":"Comunidades de El Mensaje de Silo realizan un \"pedido por el cese del bombardeo\" en Gaza","og_description":"Convocan a reunirse frente a las Embajadas de Israel y Palestina en la Ciudad de Buenos Aires para el pr\u00f3ximo viernes 23 de noviembre. \"Sabemos muy bien","og_url":"https:\/\/www.pressenza.com\/es\/2012\/11\/comunidades-de-el-mensaje-de-silo-realizan-un-pedido-por-el-cese-del-bombardeo-en-gaza\/","og_site_name":"Pressenza","article_publisher":"https:\/\/www.facebook.com\/PressenzaItalia","article_published_time":"2012-11-21T17:33:09+00:00","article_modified_time":"2015-07-21T20:19:20+00:00","og_image":[{"width":632,"height":615,"url":"https:\/\/www.pressenza.com\/wp-content\/uploads\/2012\/11\/El-Mensaje-logo.jpg","type":"image\/jpeg"}],"author":"ivan novotny","twitter_card":"summary_large_image","twitter_creator":"@ivanovotny","twitter_site":"@PressenzaIPA","twitter_misc":{"Escrito por":"ivan novotny","Tiempo de lectura":"1 minuto"},"schema":{"@context":"https:\/\/schema.org","@graph":[{"@type":"Article","@id":"https:\/\/www.pressenza.com\/es\/2012\/11\/comunidades-de-el-mensaje-de-silo-realizan-un-pedido-por-el-cese-del-bombardeo-en-gaza\/#article","isPartOf":{"@id":"https:\/\/www.pressenza.com\/es\/2012\/11\/comunidades-de-el-mensaje-de-silo-realizan-un-pedido-por-el-cese-del-bombardeo-en-gaza\/"},"author":{"name":"ivan novotny","@id":"https:\/\/www.pressenza.com\/es\/#\/schema\/person\/074b2cdde387af1b7a93f788a03ec37a"},"headline":"Comunidades de El Mensaje de Silo realizan un \u00abpedido por el cese del bombardeo\u00bb en Gaza","datePublished":"2012-11-21T17:33:09+00:00","dateModified":"2015-07-21T20:19:20+00:00","mainEntityOfPage":{"@id":"https:\/\/www.pressenza.com\/es\/2012\/11\/comunidades-de-el-mensaje-de-silo-realizan-un-pedido-por-el-cese-del-bombardeo-en-gaza\/"},"wordCount":206,"publisher":{"@id":"https:\/\/www.pressenza.com\/es\/#organization"},"image":{"@id":"https:\/\/www.pressenza.com\/es\/2012\/11\/comunidades-de-el-mensaje-de-silo-realizan-un-pedido-por-el-cese-del-bombardeo-en-gaza\/#primaryimage"},"thumbnailUrl":"https:\/\/www.pressenza.com\/wp-content\/uploads\/2012\/11\/El-Mensaje-logo.jpg","keywords":["El Mensaje de Silo","Franja de Gaza","Noviolencia","Paz"],"articleSection":["Comunicados de Prensa","Paz y Desarme","Sudam\u00e9rica"],"inLanguage":"es"},{"@type":"WebPage","@id":"https:\/\/www.pressenza.com\/es\/2012\/11\/comunidades-de-el-mensaje-de-silo-realizan-un-pedido-por-el-cese-del-bombardeo-en-gaza\/","url":"https:\/\/www.pressenza.com\/es\/2012\/11\/comunidades-de-el-mensaje-de-silo-realizan-un-pedido-por-el-cese-del-bombardeo-en-gaza\/","name":"Comunidades de El Mensaje de Silo realizan un \"pedido por el cese del bombardeo\" en Gaza","isPartOf":{"@id":"https:\/\/www.pressenza.com\/es\/#website"},"primaryImageOfPage":{"@id":"https:\/\/www.pressenza.com\/es\/2012\/11\/comunidades-de-el-mensaje-de-silo-realizan-un-pedido-por-el-cese-del-bombardeo-en-gaza\/#primaryimage"},"image":{"@id":"https:\/\/www.pressenza.com\/es\/2012\/11\/comunidades-de-el-mensaje-de-silo-realizan-un-pedido-por-el-cese-del-bombardeo-en-gaza\/#primaryimage"},"thumbnailUrl":"https:\/\/www.pressenza.com\/wp-content\/uploads\/2012\/11\/El-Mensaje-logo.jpg","datePublished":"2012-11-21T17:33:09+00:00","dateModified":"2015-07-21T20:19:20+00:00","description":"Convocan a reunirse frente a las Embajadas de Israel y Palestina en la Ciudad de Buenos Aires para el pr\u00f3ximo viernes 23 de noviembre. \"Sabemos muy bien","breadcrumb":{"@id":"https:\/\/www.pressenza.com\/es\/2012\/11\/comunidades-de-el-mensaje-de-silo-realizan-un-pedido-por-el-cese-del-bombardeo-en-gaza\/#breadcrumb"},"inLanguage":"es","potentialAction":[{"@type":"ReadAction","target":["https:\/\/www.pressenza.com\/es\/2012\/11\/comunidades-de-el-mensaje-de-silo-realizan-un-pedido-por-el-cese-del-bombardeo-en-gaza\/"]}]},{"@type":"ImageObject","inLanguage":"es","@id":"https:\/\/www.pressenza.com\/es\/2012\/11\/comunidades-de-el-mensaje-de-silo-realizan-un-pedido-por-el-cese-del-bombardeo-en-gaza\/#primaryimage","url":"https:\/\/www.pressenza.com\/wp-content\/uploads\/2012\/11\/El-Mensaje-logo.jpg","contentUrl":"https:\/\/www.pressenza.com\/wp-content\/uploads\/2012\/11\/El-Mensaje-logo.jpg","width":"632","height":"615"},{"@type":"BreadcrumbList","@id":"https:\/\/www.pressenza.com\/es\/2012\/11\/comunidades-de-el-mensaje-de-silo-realizan-un-pedido-por-el-cese-del-bombardeo-en-gaza\/#breadcrumb","itemListElement":[{"@type":"ListItem","position":1,"name":"Accueil","item":"https:\/\/www.pressenza.com\/es\/"},{"@type":"ListItem","position":2,"name":"Comunidades de El Mensaje de Silo realizan un \u00abpedido por el cese del bombardeo\u00bb en Gaza"}]},{"@type":"WebSite","@id":"https:\/\/www.pressenza.com\/es\/#website","url":"https:\/\/www.pressenza.com\/es\/","name":"Pressenza","description":"International Press Agency","publisher":{"@id":"https:\/\/www.pressenza.com\/es\/#organization"},"potentialAction":[{"@type":"SearchAction","target":{"@type":"EntryPoint","urlTemplate":"https:\/\/www.pressenza.com\/es\/?s={search_term_string}"},"query-input":{"@type":"PropertyValueSpecification","valueRequired":true,"valueName":"search_term_string"}}],"inLanguage":"es"},{"@type":"Organization","@id":"https:\/\/www.pressenza.com\/es\/#organization","name":"Pressenza","url":"https:\/\/www.pressenza.com\/es\/","logo":{"@type":"ImageObject","inLanguage":"es","@id":"https:\/\/www.pressenza.com\/es\/#\/schema\/logo\/image\/","url":"https:\/\/www.pressenza.com\/wp-content\/uploads\/2022\/10\/pressenza_logo_200x200.jpg","contentUrl":"https:\/\/www.pressenza.com\/wp-content\/uploads\/2022\/10\/pressenza_logo_200x200.jpg","width":200,"height":200,"caption":"Pressenza"},"image":{"@id":"https:\/\/www.pressenza.com\/es\/#\/schema\/logo\/image\/"},"sameAs":["https:\/\/www.facebook.com\/PressenzaItalia","https:\/\/x.com\/PressenzaIPA"]},{"@type":"Person","@id":"https:\/\/www.pressenza.com\/es\/#\/schema\/person\/074b2cdde387af1b7a93f788a03ec37a","name":"ivan novotny","description":"A graduate in Communication Science from the University of Buenos Aires.","sameAs":["https:\/\/www.instagram.com\/inovotny","https:\/\/x.com\/ivanovotny"],"url":"https:\/\/www.pressenza.com\/es\/author\/ivan-novotny\/"}]}},"place":"","original_article_url":"","_links":{"self":[{"href":"https:\/\/www.pressenza.com\/es\/wp-json\/wp\/v2\/posts\/25118","targetHints":{"allow":["GET"]}}],"collection":[{"href":"https:\/\/www.pressenza.com\/es\/wp-json\/wp\/v2\/posts"}],"about":[{"href":"https:\/\/www.pressenza.com\/es\/wp-json\/wp\/v2\/types\/post"}],"author":[{"embeddable":true,"href":"https:\/\/www.pressenza.com\/es\/wp-json\/wp\/v2\/users\/20"}],"replies":[{"embeddable":true,"href":"https:\/\/www.pressenza.com\/es\/wp-json\/wp\/v2\/comments?post=25118"}],"version-history":[{"count":0,"href":"https:\/\/www.pressenza.com\/es\/wp-json\/wp\/v2\/posts\/25118\/revisions"}],"wp:featuredmedia":[{"embeddable":true,"href":"https:\/\/www.pressenza.com\/es\/wp-json\/wp\/v2\/media\/25228"}],"wp:attachment":[{"href":"https:\/\/www.pressenza.com\/es\/wp-json\/wp\/v2\/media?parent=25118"}],"wp:term":[{"taxonomy":"category","embeddable":true,"href":"https:\/\/www.pressenza.com\/es\/wp-json\/wp\/v2\/categories?post=25118"},{"taxonomy":"post_tag","embeddable":true,"href":"https:\/\/www.pressenza.com\/es\/wp-json\/wp\/v2\/tags?post=25118"}],"curies":[{"name":"wp","href":"https:\/\/api.w.org\/{rel}","templated":true}]}}