{"id":250641,"date":"2015-11-28T22:57:07","date_gmt":"2015-11-28T22:57:07","guid":{"rendered":"http:\/\/www.pressenza.com\/es\/?p=250641"},"modified":"2015-11-28T22:57:35","modified_gmt":"2015-11-28T22:57:35","slug":"figuras-nacionales-apoyan-marcha-mundial-contra-el-cambio-climatico-en-el-pais","status":"publish","type":"post","link":"https:\/\/www.pressenza.com\/es\/2015\/11\/figuras-nacionales-apoyan-marcha-mundial-contra-el-cambio-climatico-en-el-pais\/","title":{"rendered":"Figuras nacionales apoyan marcha mundial contra el cambio clim\u00e1tico en el pa\u00eds"},"content":{"rendered":"<p><em>Desde Luis Jara hasta Florcita Motuda se suman a Marcha Mundial contra el Cambio clim\u00e1tico en Chile, que tendr\u00e1 lugar este domingo 29 de noviembre, como antesala de la conferencia sobre el mismo tema, la COP21, organizada por Naciones Unidas, que se realizar\u00e1 en Par\u00eds a partir del 30 de Noviembre.<\/em><\/p>\n<p>Este domingo <strong>29 de noviembre<\/strong>, ciudades de todo el mundo tendr\u00e1n a miles de personas manifestando su malestar ante las pol\u00edticas globales de los gobiernos poderosos en relaci\u00f3n a una posible disminuci\u00f3n del calentamiento global.<\/p>\n<p>Y en Chile, organizaciones desde el <strong><a href=\"https:\/\/www.facebook.com\/PartidoHumanistaChile\/?fref=ts\" target=\"_blank\"><span style=\"color: #ff5800;\">Partido Humanista<\/span><\/a><\/strong> a la Fundaci\u00f3n GAIA, desde el Partido Progresistas hasta los Liberales, pasando por los Ecologistas Verdes, Marca AC, colectivos de artistas y diversas Ongs ambientalistas, se auto-convocaron para manifestarse.<\/p>\n<p>A este llamado han adherido, a trav\u00e9s de breves clips en redes sociales, artistas como <strong><a href=\"https:\/\/twitter.com\/florcitamotuda\" target=\"_blank\"><span style=\"color: #ff5800;\">Florcita Motuda<\/span><\/a><\/strong> o el popular <strong><a href=\"https:\/\/twitter.com\/Luisjaraoficial\" target=\"_blank\"><span style=\"color: #ff5800;\">Luis Jara<\/span><\/a><\/strong>; activistas pol\u00edticos, como <strong><a href=\"https:\/\/twitter.com\/tomashirsch\" target=\"_blank\"><span style=\"color: #ff5800;\">Tom\u00e1s Hirsch<\/span><\/a><\/strong> y <strong><a href=\"https:\/\/twitter.com\/lmrendon\" target=\"_blank\"><span style=\"color: #ff5800;\">Luis Mariano Rend\u00f3n<\/span><\/a><\/strong>; gremiales, como el dirigente disidente de los profesores: <strong><a href=\"https:\/\/twitter.com\/AguilarMario\" target=\"_blank\"><span style=\"color: #ff5800;\">Mario Aguilar<\/span><\/a><\/strong> o impulsores de la Asamblea Constituyente.<\/p>\n<p>Todos se han unido al llamado por <strong>\u201cla Justicia Ambiental y Social\u201d<\/strong> que liderar\u00e1 la movilizaci\u00f3n en Chile, marcha que el pr\u00f3ximo D<strong>omingo 29<\/strong><strong> partir\u00e1 a las 11 de la ma\u00f1ana desde el paseo Ahumada con la Alameda<\/strong>, se desplazar\u00e1 por Miraflores, hasta llegar a la fachada del Museo de Arte Contempor\u00e1neo en el Parque Forestal. En este \u00faltimo lugar diversos m\u00fasicos amenizar\u00e1n el fin de una jornada de lucha ecologista con m\u00fasica, junto a ferias tem\u00e1ticas e instancias para profundizar en la problem\u00e1tica planteada.<\/p>\n<p>La <strong>\u201cMarcha global contra el cambio clim\u00e1tico\u201d<\/strong> se ha convocado en toda la Tierra para presionar a los gobiernos que se reunir\u00e1n en la conferencia sobre el mismo tema, la <strong>COP21, organizada por Naciones Unidas y que tendr\u00e1 lugar en Par\u00eds a partir del 30 de Noviembre<\/strong>, en pos de generar compromisos reales y medibles que disminuyan efectivamente los niveles del progresivo calentamiento global que sufre la Tierra.<\/p>\n<div style=\"width: 640px;\" class=\"wp-video\"><!--[if lt IE 9]><script>document.createElement('video');<\/script><![endif]-->\n<video class=\"wp-video-shortcode\" id=\"video-250641-1\" width=\"640\" height=\"360\" preload=\"metadata\" controls=\"controls\"><source type=\"video\/mp4\" src=\"http:\/\/www.partidohumanista.cl\/v2\/wp-content\/uploads\/2015\/11\/FLOR-MATUDA.mp4?_=1\" \/><a href=\"http:\/\/www.partidohumanista.cl\/v2\/wp-content\/uploads\/2015\/11\/FLOR-MATUDA.mp4\">http:\/\/www.partidohumanista.cl\/v2\/wp-content\/uploads\/2015\/11\/FLOR-MATUDA.mp4<\/a><\/video><\/div>\n<p>&nbsp;<\/p>\n<div style=\"width: 640px;\" class=\"wp-video\"><video class=\"wp-video-shortcode\" id=\"video-250641-2\" width=\"640\" height=\"360\" preload=\"metadata\" controls=\"controls\"><source type=\"video\/mp4\" src=\"http:\/\/www.partidohumanista.cl\/v2\/wp-content\/uploads\/2015\/11\/LUCHO-JARA.mp4?_=2\" \/><a href=\"http:\/\/www.partidohumanista.cl\/v2\/wp-content\/uploads\/2015\/11\/LUCHO-JARA.mp4\">http:\/\/www.partidohumanista.cl\/v2\/wp-content\/uploads\/2015\/11\/LUCHO-JARA.mp4<\/a><\/video><\/div>\n<p>&nbsp;<\/p>\n<div style=\"width: 640px;\" class=\"wp-video\"><video class=\"wp-video-shortcode\" id=\"video-250641-3\" width=\"640\" height=\"360\" preload=\"metadata\" controls=\"controls\"><source type=\"video\/mp4\" src=\"http:\/\/www.partidohumanista.cl\/v2\/wp-content\/uploads\/2015\/11\/MARIO-AGUILAR.mp4?_=3\" \/><a href=\"http:\/\/www.partidohumanista.cl\/v2\/wp-content\/uploads\/2015\/11\/MARIO-AGUILAR.mp4\">http:\/\/www.partidohumanista.cl\/v2\/wp-content\/uploads\/2015\/11\/MARIO-AGUILAR.mp4<\/a><\/video><\/div>\n<p>&nbsp;<\/p>\n<div style=\"width: 640px;\" class=\"wp-video\"><video class=\"wp-video-shortcode\" id=\"video-250641-4\" width=\"640\" height=\"360\" preload=\"metadata\" controls=\"controls\"><source type=\"video\/mp4\" src=\"http:\/\/www.partidohumanista.cl\/v2\/wp-content\/uploads\/2015\/11\/TOMAS.mp4?_=4\" \/><a href=\"http:\/\/www.partidohumanista.cl\/v2\/wp-content\/uploads\/2015\/11\/TOMAS.mp4\">http:\/\/www.partidohumanista.cl\/v2\/wp-content\/uploads\/2015\/11\/TOMAS.mp4<\/a><\/video><\/div>\n<p>&nbsp;<\/p>\n","protected":false},"excerpt":{"rendered":"<p>Desde Luis Jara hasta Florcita Motuda se suman a Marcha Mundial contra el Cambio clim\u00e1tico en Chile, que tendr\u00e1 lugar este domingo 29 de noviembre, como antesala de la conferencia sobre el mismo tema, la COP21, organizada por Naciones Unidas,&hellip;<\/p>\n","protected":false},"author":386,"featured_media":250645,"comment_status":"closed","ping_status":"open","sticky":false,"template":"","format":"standard","meta":{"footnotes":""},"categories":[78],"tags":[16159,1265,8801,22115,16475,7784,5379,20453,412],"class_list":["post-250641","post","type-post","status-publish","format-standard","has-post-thumbnail","hentry","category-medio-ambiente-ecologia","tag-calentamiento-global","tag-cambio-climatico","tag-florcita-motuda","tag-lucho-jara","tag-marcha","tag-mario-aguilar","tag-movilizacion","tag-partido-humanista-de-chile","tag-tomas-hirsch"],"yoast_head":"<!-- This site is optimized with the Yoast SEO plugin v27.1.1 - https:\/\/yoast.com\/product\/yoast-seo-wordpress\/ -->\n<title>Figuras nacionales apoyan marcha mundial contra el cambio clim\u00e1tico en el pa\u00eds<\/title>\n<meta name=\"description\" content=\"Desde Luis Jara hasta Florcita Motuda se suman a Marcha Mundial contra el Cambio clim\u00e1tico en Chile, que tendr\u00e1 lugar este domingo 29 de noviembre, como\" \/>\n<meta name=\"robots\" content=\"index, follow, max-snippet:-1, max-image-preview:large, max-video-preview:-1\" \/>\n<link rel=\"canonical\" href=\"https:\/\/www.pressenza.com\/es\/2015\/11\/figuras-nacionales-apoyan-marcha-mundial-contra-el-cambio-climatico-en-el-pais\/\" \/>\n<meta property=\"og:locale\" content=\"es_ES\" \/>\n<meta property=\"og:type\" content=\"article\" \/>\n<meta property=\"og:title\" content=\"Figuras nacionales apoyan marcha mundial contra el cambio clim\u00e1tico en el pa\u00eds\" \/>\n<meta property=\"og:description\" content=\"Desde Luis Jara hasta Florcita Motuda se suman a Marcha Mundial contra el Cambio clim\u00e1tico en Chile, que tendr\u00e1 lugar este domingo 29 de noviembre, como\" \/>\n<meta property=\"og:url\" content=\"https:\/\/www.pressenza.com\/es\/2015\/11\/figuras-nacionales-apoyan-marcha-mundial-contra-el-cambio-climatico-en-el-pais\/\" \/>\n<meta property=\"og:site_name\" content=\"Pressenza\" \/>\n<meta property=\"article:publisher\" content=\"https:\/\/www.facebook.com\/PressenzaItalia\" \/>\n<meta property=\"article:author\" content=\"https:\/\/www.facebook.com\/PartidoHumanistaChile?fref=ts\" \/>\n<meta property=\"article:published_time\" content=\"2015-11-28T22:57:07+00:00\" \/>\n<meta property=\"article:modified_time\" content=\"2015-11-28T22:57:35+00:00\" \/>\n<meta property=\"og:image\" content=\"https:\/\/www.pressenza.com\/wp-content\/uploads\/2015\/11\/marcha-cambio-climatico.jpg\" \/>\n\t<meta property=\"og:image:width\" content=\"1535\" \/>\n\t<meta property=\"og:image:height\" content=\"567\" \/>\n\t<meta property=\"og:image:type\" content=\"image\/jpeg\" \/>\n<meta name=\"author\" content=\"Partido Humanista de Chile\" \/>\n<meta name=\"twitter:card\" content=\"summary_large_image\" \/>\n<meta name=\"twitter:creator\" content=\"@phumanista\" \/>\n<meta name=\"twitter:site\" content=\"@PressenzaIPA\" \/>\n<meta name=\"twitter:label1\" content=\"Escrito por\" \/>\n\t<meta name=\"twitter:data1\" content=\"Partido Humanista de Chile\" \/>\n\t<meta name=\"twitter:label2\" content=\"Tiempo de lectura\" \/>\n\t<meta name=\"twitter:data2\" content=\"2 minutos\" \/>\n<script type=\"application\/ld+json\" class=\"yoast-schema-graph\">{\"@context\":\"https:\/\/schema.org\",\"@graph\":[{\"@type\":\"Article\",\"@id\":\"https:\/\/www.pressenza.com\/es\/2015\/11\/figuras-nacionales-apoyan-marcha-mundial-contra-el-cambio-climatico-en-el-pais\/#article\",\"isPartOf\":{\"@id\":\"https:\/\/www.pressenza.com\/es\/2015\/11\/figuras-nacionales-apoyan-marcha-mundial-contra-el-cambio-climatico-en-el-pais\/\"},\"author\":{\"name\":\"Partido Humanista de Chile\",\"@id\":\"https:\/\/www.pressenza.com\/es\/#\/schema\/person\/21472c42980bab786ff5a256b8239bf5\"},\"headline\":\"Figuras nacionales apoyan marcha mundial contra el cambio clim\u00e1tico en el pa\u00eds\",\"datePublished\":\"2015-11-28T22:57:07+00:00\",\"dateModified\":\"2015-11-28T22:57:35+00:00\",\"mainEntityOfPage\":{\"@id\":\"https:\/\/www.pressenza.com\/es\/2015\/11\/figuras-nacionales-apoyan-marcha-mundial-contra-el-cambio-climatico-en-el-pais\/\"},\"wordCount\":402,\"publisher\":{\"@id\":\"https:\/\/www.pressenza.com\/es\/#organization\"},\"image\":{\"@id\":\"https:\/\/www.pressenza.com\/es\/2015\/11\/figuras-nacionales-apoyan-marcha-mundial-contra-el-cambio-climatico-en-el-pais\/#primaryimage\"},\"thumbnailUrl\":\"https:\/\/www.pressenza.com\/wp-content\/uploads\/2015\/11\/marcha-cambio-climatico.jpg\",\"keywords\":[\"calentamiento global\",\"cambio clim\u00e1tico\",\"Florcita Motuda\",\"Lucho Jara\",\"Marcha\",\"Mario Aguilar\",\"movilizaci\u00f3n\",\"Partido Humanista de Chile\",\"Tom\u00e1s Hirsch\"],\"articleSection\":[\"Ecolog\u00eda y Medio Ambiente\"],\"inLanguage\":\"es\"},{\"@type\":\"WebPage\",\"@id\":\"https:\/\/www.pressenza.com\/es\/2015\/11\/figuras-nacionales-apoyan-marcha-mundial-contra-el-cambio-climatico-en-el-pais\/\",\"url\":\"https:\/\/www.pressenza.com\/es\/2015\/11\/figuras-nacionales-apoyan-marcha-mundial-contra-el-cambio-climatico-en-el-pais\/\",\"name\":\"Figuras nacionales apoyan marcha mundial contra el cambio clim\u00e1tico en el pa\u00eds\",\"isPartOf\":{\"@id\":\"https:\/\/www.pressenza.com\/es\/#website\"},\"primaryImageOfPage\":{\"@id\":\"https:\/\/www.pressenza.com\/es\/2015\/11\/figuras-nacionales-apoyan-marcha-mundial-contra-el-cambio-climatico-en-el-pais\/#primaryimage\"},\"image\":{\"@id\":\"https:\/\/www.pressenza.com\/es\/2015\/11\/figuras-nacionales-apoyan-marcha-mundial-contra-el-cambio-climatico-en-el-pais\/#primaryimage\"},\"thumbnailUrl\":\"https:\/\/www.pressenza.com\/wp-content\/uploads\/2015\/11\/marcha-cambio-climatico.jpg\",\"datePublished\":\"2015-11-28T22:57:07+00:00\",\"dateModified\":\"2015-11-28T22:57:35+00:00\",\"description\":\"Desde Luis Jara hasta Florcita Motuda se suman a Marcha Mundial contra el Cambio clim\u00e1tico en Chile, que tendr\u00e1 lugar este domingo 29 de noviembre, como\",\"breadcrumb\":{\"@id\":\"https:\/\/www.pressenza.com\/es\/2015\/11\/figuras-nacionales-apoyan-marcha-mundial-contra-el-cambio-climatico-en-el-pais\/#breadcrumb\"},\"inLanguage\":\"es\",\"potentialAction\":[{\"@type\":\"ReadAction\",\"target\":[\"https:\/\/www.pressenza.com\/es\/2015\/11\/figuras-nacionales-apoyan-marcha-mundial-contra-el-cambio-climatico-en-el-pais\/\"]}]},{\"@type\":\"ImageObject\",\"inLanguage\":\"es\",\"@id\":\"https:\/\/www.pressenza.com\/es\/2015\/11\/figuras-nacionales-apoyan-marcha-mundial-contra-el-cambio-climatico-en-el-pais\/#primaryimage\",\"url\":\"https:\/\/www.pressenza.com\/wp-content\/uploads\/2015\/11\/marcha-cambio-climatico.jpg\",\"contentUrl\":\"https:\/\/www.pressenza.com\/wp-content\/uploads\/2015\/11\/marcha-cambio-climatico.jpg\",\"width\":1535,\"height\":567},{\"@type\":\"BreadcrumbList\",\"@id\":\"https:\/\/www.pressenza.com\/es\/2015\/11\/figuras-nacionales-apoyan-marcha-mundial-contra-el-cambio-climatico-en-el-pais\/#breadcrumb\",\"itemListElement\":[{\"@type\":\"ListItem\",\"position\":1,\"name\":\"Accueil\",\"item\":\"https:\/\/www.pressenza.com\/es\/\"},{\"@type\":\"ListItem\",\"position\":2,\"name\":\"Figuras nacionales apoyan marcha mundial contra el cambio clim\u00e1tico en el pa\u00eds\"}]},{\"@type\":\"WebSite\",\"@id\":\"https:\/\/www.pressenza.com\/es\/#website\",\"url\":\"https:\/\/www.pressenza.com\/es\/\",\"name\":\"Pressenza\",\"description\":\"International Press Agency\",\"publisher\":{\"@id\":\"https:\/\/www.pressenza.com\/es\/#organization\"},\"potentialAction\":[{\"@type\":\"SearchAction\",\"target\":{\"@type\":\"EntryPoint\",\"urlTemplate\":\"https:\/\/www.pressenza.com\/es\/?s={search_term_string}\"},\"query-input\":{\"@type\":\"PropertyValueSpecification\",\"valueRequired\":true,\"valueName\":\"search_term_string\"}}],\"inLanguage\":\"es\"},{\"@type\":\"Organization\",\"@id\":\"https:\/\/www.pressenza.com\/es\/#organization\",\"name\":\"Pressenza\",\"url\":\"https:\/\/www.pressenza.com\/es\/\",\"logo\":{\"@type\":\"ImageObject\",\"inLanguage\":\"es\",\"@id\":\"https:\/\/www.pressenza.com\/es\/#\/schema\/logo\/image\/\",\"url\":\"https:\/\/www.pressenza.com\/wp-content\/uploads\/2022\/10\/pressenza_logo_200x200.jpg\",\"contentUrl\":\"https:\/\/www.pressenza.com\/wp-content\/uploads\/2022\/10\/pressenza_logo_200x200.jpg\",\"width\":200,\"height\":200,\"caption\":\"Pressenza\"},\"image\":{\"@id\":\"https:\/\/www.pressenza.com\/es\/#\/schema\/logo\/image\/\"},\"sameAs\":[\"https:\/\/www.facebook.com\/PressenzaItalia\",\"https:\/\/x.com\/PressenzaIPA\"]},{\"@type\":\"Person\",\"@id\":\"https:\/\/www.pressenza.com\/es\/#\/schema\/person\/21472c42980bab786ff5a256b8239bf5\",\"name\":\"Partido Humanista de Chile\",\"description\":\"www.partidohumanista.cl\",\"sameAs\":[\"https:\/\/www.facebook.com\/PartidoHumanistaChile?fref=ts\",\"https:\/\/x.com\/phumanista\"],\"url\":\"https:\/\/www.pressenza.com\/es\/author\/partido-humanista-de-chile\/\"}]}<\/script>\n<!-- \/ Yoast SEO plugin. -->","yoast_head_json":{"title":"Figuras nacionales apoyan marcha mundial contra el cambio clim\u00e1tico en el pa\u00eds","description":"Desde Luis Jara hasta Florcita Motuda se suman a Marcha Mundial contra el Cambio clim\u00e1tico en Chile, que tendr\u00e1 lugar este domingo 29 de noviembre, como","robots":{"index":"index","follow":"follow","max-snippet":"max-snippet:-1","max-image-preview":"max-image-preview:large","max-video-preview":"max-video-preview:-1"},"canonical":"https:\/\/www.pressenza.com\/es\/2015\/11\/figuras-nacionales-apoyan-marcha-mundial-contra-el-cambio-climatico-en-el-pais\/","og_locale":"es_ES","og_type":"article","og_title":"Figuras nacionales apoyan marcha mundial contra el cambio clim\u00e1tico en el pa\u00eds","og_description":"Desde Luis Jara hasta Florcita Motuda se suman a Marcha Mundial contra el Cambio clim\u00e1tico en Chile, que tendr\u00e1 lugar este domingo 29 de noviembre, como","og_url":"https:\/\/www.pressenza.com\/es\/2015\/11\/figuras-nacionales-apoyan-marcha-mundial-contra-el-cambio-climatico-en-el-pais\/","og_site_name":"Pressenza","article_publisher":"https:\/\/www.facebook.com\/PressenzaItalia","article_author":"https:\/\/www.facebook.com\/PartidoHumanistaChile?fref=ts","article_published_time":"2015-11-28T22:57:07+00:00","article_modified_time":"2015-11-28T22:57:35+00:00","og_image":[{"width":1535,"height":567,"url":"https:\/\/www.pressenza.com\/wp-content\/uploads\/2015\/11\/marcha-cambio-climatico.jpg","type":"image\/jpeg"}],"author":"Partido Humanista de Chile","twitter_card":"summary_large_image","twitter_creator":"@phumanista","twitter_site":"@PressenzaIPA","twitter_misc":{"Escrito por":"Partido Humanista de Chile","Tiempo de lectura":"2 minutos"},"schema":{"@context":"https:\/\/schema.org","@graph":[{"@type":"Article","@id":"https:\/\/www.pressenza.com\/es\/2015\/11\/figuras-nacionales-apoyan-marcha-mundial-contra-el-cambio-climatico-en-el-pais\/#article","isPartOf":{"@id":"https:\/\/www.pressenza.com\/es\/2015\/11\/figuras-nacionales-apoyan-marcha-mundial-contra-el-cambio-climatico-en-el-pais\/"},"author":{"name":"Partido Humanista de Chile","@id":"https:\/\/www.pressenza.com\/es\/#\/schema\/person\/21472c42980bab786ff5a256b8239bf5"},"headline":"Figuras nacionales apoyan marcha mundial contra el cambio clim\u00e1tico en el pa\u00eds","datePublished":"2015-11-28T22:57:07+00:00","dateModified":"2015-11-28T22:57:35+00:00","mainEntityOfPage":{"@id":"https:\/\/www.pressenza.com\/es\/2015\/11\/figuras-nacionales-apoyan-marcha-mundial-contra-el-cambio-climatico-en-el-pais\/"},"wordCount":402,"publisher":{"@id":"https:\/\/www.pressenza.com\/es\/#organization"},"image":{"@id":"https:\/\/www.pressenza.com\/es\/2015\/11\/figuras-nacionales-apoyan-marcha-mundial-contra-el-cambio-climatico-en-el-pais\/#primaryimage"},"thumbnailUrl":"https:\/\/www.pressenza.com\/wp-content\/uploads\/2015\/11\/marcha-cambio-climatico.jpg","keywords":["calentamiento global","cambio clim\u00e1tico","Florcita Motuda","Lucho Jara","Marcha","Mario Aguilar","movilizaci\u00f3n","Partido Humanista de Chile","Tom\u00e1s Hirsch"],"articleSection":["Ecolog\u00eda y Medio Ambiente"],"inLanguage":"es"},{"@type":"WebPage","@id":"https:\/\/www.pressenza.com\/es\/2015\/11\/figuras-nacionales-apoyan-marcha-mundial-contra-el-cambio-climatico-en-el-pais\/","url":"https:\/\/www.pressenza.com\/es\/2015\/11\/figuras-nacionales-apoyan-marcha-mundial-contra-el-cambio-climatico-en-el-pais\/","name":"Figuras nacionales apoyan marcha mundial contra el cambio clim\u00e1tico en el pa\u00eds","isPartOf":{"@id":"https:\/\/www.pressenza.com\/es\/#website"},"primaryImageOfPage":{"@id":"https:\/\/www.pressenza.com\/es\/2015\/11\/figuras-nacionales-apoyan-marcha-mundial-contra-el-cambio-climatico-en-el-pais\/#primaryimage"},"image":{"@id":"https:\/\/www.pressenza.com\/es\/2015\/11\/figuras-nacionales-apoyan-marcha-mundial-contra-el-cambio-climatico-en-el-pais\/#primaryimage"},"thumbnailUrl":"https:\/\/www.pressenza.com\/wp-content\/uploads\/2015\/11\/marcha-cambio-climatico.jpg","datePublished":"2015-11-28T22:57:07+00:00","dateModified":"2015-11-28T22:57:35+00:00","description":"Desde Luis Jara hasta Florcita Motuda se suman a Marcha Mundial contra el Cambio clim\u00e1tico en Chile, que tendr\u00e1 lugar este domingo 29 de noviembre, como","breadcrumb":{"@id":"https:\/\/www.pressenza.com\/es\/2015\/11\/figuras-nacionales-apoyan-marcha-mundial-contra-el-cambio-climatico-en-el-pais\/#breadcrumb"},"inLanguage":"es","potentialAction":[{"@type":"ReadAction","target":["https:\/\/www.pressenza.com\/es\/2015\/11\/figuras-nacionales-apoyan-marcha-mundial-contra-el-cambio-climatico-en-el-pais\/"]}]},{"@type":"ImageObject","inLanguage":"es","@id":"https:\/\/www.pressenza.com\/es\/2015\/11\/figuras-nacionales-apoyan-marcha-mundial-contra-el-cambio-climatico-en-el-pais\/#primaryimage","url":"https:\/\/www.pressenza.com\/wp-content\/uploads\/2015\/11\/marcha-cambio-climatico.jpg","contentUrl":"https:\/\/www.pressenza.com\/wp-content\/uploads\/2015\/11\/marcha-cambio-climatico.jpg","width":1535,"height":567},{"@type":"BreadcrumbList","@id":"https:\/\/www.pressenza.com\/es\/2015\/11\/figuras-nacionales-apoyan-marcha-mundial-contra-el-cambio-climatico-en-el-pais\/#breadcrumb","itemListElement":[{"@type":"ListItem","position":1,"name":"Accueil","item":"https:\/\/www.pressenza.com\/es\/"},{"@type":"ListItem","position":2,"name":"Figuras nacionales apoyan marcha mundial contra el cambio clim\u00e1tico en el pa\u00eds"}]},{"@type":"WebSite","@id":"https:\/\/www.pressenza.com\/es\/#website","url":"https:\/\/www.pressenza.com\/es\/","name":"Pressenza","description":"International Press Agency","publisher":{"@id":"https:\/\/www.pressenza.com\/es\/#organization"},"potentialAction":[{"@type":"SearchAction","target":{"@type":"EntryPoint","urlTemplate":"https:\/\/www.pressenza.com\/es\/?s={search_term_string}"},"query-input":{"@type":"PropertyValueSpecification","valueRequired":true,"valueName":"search_term_string"}}],"inLanguage":"es"},{"@type":"Organization","@id":"https:\/\/www.pressenza.com\/es\/#organization","name":"Pressenza","url":"https:\/\/www.pressenza.com\/es\/","logo":{"@type":"ImageObject","inLanguage":"es","@id":"https:\/\/www.pressenza.com\/es\/#\/schema\/logo\/image\/","url":"https:\/\/www.pressenza.com\/wp-content\/uploads\/2022\/10\/pressenza_logo_200x200.jpg","contentUrl":"https:\/\/www.pressenza.com\/wp-content\/uploads\/2022\/10\/pressenza_logo_200x200.jpg","width":200,"height":200,"caption":"Pressenza"},"image":{"@id":"https:\/\/www.pressenza.com\/es\/#\/schema\/logo\/image\/"},"sameAs":["https:\/\/www.facebook.com\/PressenzaItalia","https:\/\/x.com\/PressenzaIPA"]},{"@type":"Person","@id":"https:\/\/www.pressenza.com\/es\/#\/schema\/person\/21472c42980bab786ff5a256b8239bf5","name":"Partido Humanista de Chile","description":"www.partidohumanista.cl","sameAs":["https:\/\/www.facebook.com\/PartidoHumanistaChile?fref=ts","https:\/\/x.com\/phumanista"],"url":"https:\/\/www.pressenza.com\/es\/author\/partido-humanista-de-chile\/"}]}},"place":"Santiago de Chile","original_article_url":"http:\/\/www.partidohumanista.cl\/figuras-nacionales-apoyan-marcha-mundial-contra-el-cambio-climatico-en-el-pais\/","_links":{"self":[{"href":"https:\/\/www.pressenza.com\/es\/wp-json\/wp\/v2\/posts\/250641","targetHints":{"allow":["GET"]}}],"collection":[{"href":"https:\/\/www.pressenza.com\/es\/wp-json\/wp\/v2\/posts"}],"about":[{"href":"https:\/\/www.pressenza.com\/es\/wp-json\/wp\/v2\/types\/post"}],"author":[{"embeddable":true,"href":"https:\/\/www.pressenza.com\/es\/wp-json\/wp\/v2\/users\/386"}],"replies":[{"embeddable":true,"href":"https:\/\/www.pressenza.com\/es\/wp-json\/wp\/v2\/comments?post=250641"}],"version-history":[{"count":0,"href":"https:\/\/www.pressenza.com\/es\/wp-json\/wp\/v2\/posts\/250641\/revisions"}],"wp:featuredmedia":[{"embeddable":true,"href":"https:\/\/www.pressenza.com\/es\/wp-json\/wp\/v2\/media\/250645"}],"wp:attachment":[{"href":"https:\/\/www.pressenza.com\/es\/wp-json\/wp\/v2\/media?parent=250641"}],"wp:term":[{"taxonomy":"category","embeddable":true,"href":"https:\/\/www.pressenza.com\/es\/wp-json\/wp\/v2\/categories?post=250641"},{"taxonomy":"post_tag","embeddable":true,"href":"https:\/\/www.pressenza.com\/es\/wp-json\/wp\/v2\/tags?post=250641"}],"curies":[{"name":"wp","href":"https:\/\/api.w.org\/{rel}","templated":true}]}}