{"id":250366,"date":"2015-11-28T18:59:37","date_gmt":"2015-11-28T18:59:37","guid":{"rendered":"http:\/\/www.pressenza.com\/es\/?p=250366"},"modified":"2016-03-30T19:13:53","modified_gmt":"2016-03-30T18:13:53","slug":"consejos-permanentes-por-la-noviolencia-activa-se-reunieron-en-buenos-aires","status":"publish","type":"post","link":"https:\/\/www.pressenza.com\/es\/2015\/11\/consejos-permanentes-por-la-noviolencia-activa-se-reunieron-en-buenos-aires\/","title":{"rendered":"Consejos Permanentes por la Noviolencia Activa se reunieron en Buenos Aires"},"content":{"rendered":"<p><em>Los Consejos Permanentes por la No Violencia Activa (CPNVA) en el mundo fueron tema de una pel\u00edcula que se proyect\u00f3 en el Centro de Formaci\u00f3n del Sindicato de Empleados de Comercio de Buenos Aires y de dos jornadas de \u00abintercambio y de experiencias\u201d que se realizaron, una en el Centro Cultural de la Cooperaci\u00f3n en dicha\u00a0ciudad y otra en el Parque de E.\u00a0y R., \u201cLa Reja\u201d.<\/em><\/p>\n<p><em><strong>Por Fabi\u00e1n Scorpino<\/strong><\/em><\/p>\n<p>La experiencia de (CPNVA) en varios lugares de Argentina y el mundo fue el tema del documental \u00abSi David hubiera persuadido a Goliat\u00bb, dirigida por Carlos Santos y proyectada el 30 de octubre, en el Centro de Formaci\u00f3n Pol\u00edtica del Sindicato de Empleados de Comercio, ubicado en Venezuela 2884. A continuaci\u00f3n, el 31 de Octubre y el 1\u00ba de Noviembre se realizaron las 5tas Jornadas Anuales de Intercambio entre Constructores de Ciudades No Violentas.<\/p>\n<p>En el mediometraje de 52 minutos, Santos indaga sobre los or\u00edgenes de la violencia en los seres humanos, las instituciones y en la sociedad, a trav\u00e9s de testimonios en diferentes ciudades, de participantes de experiencias de los CPNVA.<\/p>\n<p>El film muestra hasta qu\u00e9 punto, a\u00fan con respuestas variadas entre los ciudadanos de diferentes latitudes, el denominador com\u00fan es que la violencia est\u00e1 naturalizada en las sociedades modernas.<\/p>\n<p>Los fundadores del proyecto, los licenciados Juan Jos\u00e9 Pescio y Patricia Nagy junto a otros \u201cconstructores\u201d, explican como la iniciativa va m\u00e1s all\u00e1 de difundir la metodolog\u00eda de la no-violencia como medio instrumental de resolver conflictos y llega hasta la oferta de \u201cun horizonte mucho m\u00e1s rico como un proyecto conjunto que permite a quienes lo adoptan tener un \u00e1mbito que les permite aprender la construcci\u00f3n de un mundo no-violento\u201d, seg\u00fan un comunicado.<\/p>\n<p>La pel\u00edcula -producida por el propio Pescio, Patricia Nagy, Fabi\u00e1n Scorpino, Pina Greco, Ricardo Lucero, entre otros-, muestra las experiencias desarrolladas en Argentina, Per\u00fa, Brasil y testimonios sobre actividades iniciales en Ecuador, Estados Unidos e Italia.<\/p>\n<p><a href=\"http:\/\/www.pressenza.com\/wp-content\/uploads\/2015\/11\/Sidicato.jpg\"><img loading=\"lazy\" decoding=\"async\" class=\"alignleft size-large wp-image-250374\" src=\"http:\/\/www.pressenza.com\/wp-content\/uploads\/2015\/11\/Sidicato-720x540.jpg\" alt=\"Sidicato\" width=\"720\" height=\"540\" srcset=\"https:\/\/www.pressenza.com\/wp-content\/uploads\/2015\/11\/Sidicato-720x540.jpg 720w, https:\/\/www.pressenza.com\/wp-content\/uploads\/2015\/11\/Sidicato-300x225.jpg 300w, https:\/\/www.pressenza.com\/wp-content\/uploads\/2015\/11\/Sidicato.jpg 756w\" sizes=\"auto, (max-width: 720px) 100vw, 720px\" \/><\/a><\/p>\n<p><em>Cena compartida en el Sindicato de Empleados de Comercio de Capital, Centro de Formaci\u00f3n en CPNVA, luego de la proyecci\u00f3n de la pel\u00edcula \u201cSi David hubiera persuadido a Goliat\u201d.<\/em><\/p>\n<p>Los Consejos Permanentes por la No-Violencia Activa se difunden cada vez m\u00e1s en ciudades de todo el mundo proponiendo un m\u00e9todo triple de cambio que visualiza y propone ese cambio concreto y simult\u00e1neo en los planos personal, institucional y social.<\/p>\n<p>Al d\u00eda siguiente, el s\u00e1bado, de 10 a 18, se realiz\u00f3 el 5to encuentro internacional \u00abConstructores de Ciudades No Violentas\u00bb, en el Centro Cultural de la Cooperaci\u00f3n \u00abFloreal Gorini\u00bb, en Corrientes 1543, Buenos Aires.<\/p>\n<p><a href=\"http:\/\/www.pressenza.com\/wp-content\/uploads\/2015\/11\/EQUIPO-ORGANIZADOR.jpg\"><img loading=\"lazy\" decoding=\"async\" class=\"alignleft size-large wp-image-250430\" src=\"http:\/\/www.pressenza.com\/wp-content\/uploads\/2015\/11\/EQUIPO-ORGANIZADOR-720x540.jpg\" alt=\"EQUIPO ORGANIZADOR\" width=\"720\" height=\"540\" srcset=\"https:\/\/www.pressenza.com\/wp-content\/uploads\/2015\/11\/EQUIPO-ORGANIZADOR-720x540.jpg 720w, https:\/\/www.pressenza.com\/wp-content\/uploads\/2015\/11\/EQUIPO-ORGANIZADOR-300x225.jpg 300w, https:\/\/www.pressenza.com\/wp-content\/uploads\/2015\/11\/EQUIPO-ORGANIZADOR.jpg 756w\" sizes=\"auto, (max-width: 720px) 100vw, 720px\" \/><\/a><\/p>\n<p><em>Equipo organizador del 5\u00ba Encuentro Internacional de Constructores de Ciudades No Violentas<\/em><\/p>\n<p>La convocatoria apunt\u00f3 a fortalecer la <em>red de constructores <\/em>y <em>profundizar las experiencias en diferentes ciudades, a trav\u00e9s de la transformaci\u00f3n simult\u00e1nea y no violenta de los \u00e1mbitos personales, institucionales y sociales para la construcci\u00f3n de redes.<\/em><\/p>\n<p>En esta jornada se analiz\u00f3 la tarea de los CPNVA en Salta, Tucum\u00e1n, Tigre y Lomas de Zamora, los encuentros y acciones sociales de los psic\u00f3logos en Lima, y de los docentes en R\u00edo de Janeiro y Villa Regina, R\u00edo Negro.<\/p>\n<p><a href=\"http:\/\/www.pressenza.com\/wp-content\/uploads\/2015\/11\/Movilizacion-Lima.jpg\"><img loading=\"lazy\" decoding=\"async\" class=\"alignleft size-large wp-image-250409\" src=\"http:\/\/www.pressenza.com\/wp-content\/uploads\/2015\/11\/Movilizacion-Lima-720x540.jpg\" alt=\"Movilizacion Lima\" width=\"720\" height=\"540\" srcset=\"https:\/\/www.pressenza.com\/wp-content\/uploads\/2015\/11\/Movilizacion-Lima-720x540.jpg 720w, https:\/\/www.pressenza.com\/wp-content\/uploads\/2015\/11\/Movilizacion-Lima-300x225.jpg 300w, https:\/\/www.pressenza.com\/wp-content\/uploads\/2015\/11\/Movilizacion-Lima.jpg 756w\" sizes=\"auto, (max-width: 720px) 100vw, 720px\" \/><\/a><a href=\"http:\/\/www.pressenza.com\/wp-content\/uploads\/2015\/11\/Huaraz.jpg\"><img loading=\"lazy\" decoding=\"async\" class=\"alignleft size-large wp-image-250423\" src=\"http:\/\/www.pressenza.com\/wp-content\/uploads\/2015\/11\/Huaraz-720x432.jpg\" alt=\"Huaraz\" width=\"720\" height=\"432\" srcset=\"https:\/\/www.pressenza.com\/wp-content\/uploads\/2015\/11\/Huaraz-720x432.jpg 720w, https:\/\/www.pressenza.com\/wp-content\/uploads\/2015\/11\/Huaraz-300x180.jpg 300w, https:\/\/www.pressenza.com\/wp-content\/uploads\/2015\/11\/Huaraz.jpg 945w\" sizes=\"auto, (max-width: 720px) 100vw, 720px\" \/><\/a><\/p>\n<p><a href=\"http:\/\/www.pressenza.com\/wp-content\/uploads\/2015\/11\/BARSIL.jpg\"><img loading=\"lazy\" decoding=\"async\" class=\"alignleft size-large wp-image-250465\" src=\"http:\/\/www.pressenza.com\/wp-content\/uploads\/2015\/11\/BARSIL-720x540.jpg\" alt=\"BARSIL\" width=\"720\" height=\"540\" srcset=\"https:\/\/www.pressenza.com\/wp-content\/uploads\/2015\/11\/BARSIL-720x540.jpg 720w, https:\/\/www.pressenza.com\/wp-content\/uploads\/2015\/11\/BARSIL-300x225.jpg 300w, https:\/\/www.pressenza.com\/wp-content\/uploads\/2015\/11\/BARSIL.jpg 756w\" sizes=\"auto, (max-width: 720px) 100vw, 720px\" \/><\/a><\/p>\n<p><em>Rio de Janeiro. Jornada en una escuela con docentes y alumnos de Nivel Secundario. Se trabaja all\u00ed con los CPNVA hace varios a\u00f1os<\/em><\/p>\n<p><a href=\"http:\/\/www.pressenza.com\/wp-content\/uploads\/2015\/11\/Nodo-Lima.jpg\"><img loading=\"lazy\" decoding=\"async\" class=\"alignleft size-large wp-image-250402\" src=\"http:\/\/www.pressenza.com\/wp-content\/uploads\/2015\/11\/Nodo-Lima-720x540.jpg\" alt=\"Nodo Lima\" width=\"720\" height=\"540\" srcset=\"https:\/\/www.pressenza.com\/wp-content\/uploads\/2015\/11\/Nodo-Lima-720x540.jpg 720w, https:\/\/www.pressenza.com\/wp-content\/uploads\/2015\/11\/Nodo-Lima-300x225.jpg 300w, https:\/\/www.pressenza.com\/wp-content\/uploads\/2015\/11\/Nodo-Lima.jpg 756w\" sizes=\"auto, (max-width: 720px) 100vw, 720px\" \/><\/a><\/p>\n<p><em>Equipo Motor del Nodo Lima, Per\u00fa de la Red de Ciudades No Violentas<\/em><\/p>\n<p><a href=\"http:\/\/www.pressenza.com\/wp-content\/uploads\/2015\/11\/Nodo-V.Regina.jpg\"><img loading=\"lazy\" decoding=\"async\" class=\"alignleft size-large wp-image-250381\" src=\"http:\/\/www.pressenza.com\/wp-content\/uploads\/2015\/11\/Nodo-V.Regina-720x432.jpg\" alt=\"Nodo V.Regina\" width=\"720\" height=\"432\" srcset=\"https:\/\/www.pressenza.com\/wp-content\/uploads\/2015\/11\/Nodo-V.Regina-720x432.jpg 720w, https:\/\/www.pressenza.com\/wp-content\/uploads\/2015\/11\/Nodo-V.Regina-300x180.jpg 300w, https:\/\/www.pressenza.com\/wp-content\/uploads\/2015\/11\/Nodo-V.Regina.jpg 945w\" sizes=\"auto, (max-width: 720px) 100vw, 720px\" \/><\/a><\/p>\n<p><em>Equipo Motor del Nodo Villa Regina de Rio Negro. Parte de la Red de Ciudades No Violentas<\/em><\/p>\n<p><strong>Video Presentado en Encuentro CPNVA 2015, Huaraz, Per\u00fa<\/strong><\/p>\n<p><iframe loading=\"lazy\" title=\"Per\u00fa: Hauraz Ciudad No Violenta\" width=\"500\" height=\"375\" src=\"https:\/\/www.youtube.com\/embed\/jBQFmKcnmFs?feature=oembed\" frameborder=\"0\" allow=\"accelerometer; autoplay; clipboard-write; encrypted-media; gyroscope; picture-in-picture; web-share\" referrerpolicy=\"strict-origin-when-cross-origin\" allowfullscreen><\/iframe><\/p>\n<p>&nbsp;<\/p>\n<p><strong>Video Presentado en Encuentro CPNVA 2015, de Villa Regina, R\u00edo Negro, Argentina<\/strong><\/p>\n<p><iframe loading=\"lazy\" title=\"Presentaci\u00f3n CPNVA 2015 Villa Regina\" width=\"500\" height=\"281\" src=\"https:\/\/www.youtube.com\/embed\/93NarQfom2Q?feature=oembed\" frameborder=\"0\" allow=\"accelerometer; autoplay; clipboard-write; encrypted-media; gyroscope; picture-in-picture; web-share\" referrerpolicy=\"strict-origin-when-cross-origin\" allowfullscreen><\/iframe><\/p>\n<p>La convocatoria apunt\u00f3 a fortalecer la <em>red de constructores <\/em>y <em>profundizar las experiencias en diferentes ciudades, a trav\u00e9s de la transformaci\u00f3n simult\u00e1nea y no violenta de los \u00e1mbitos personales, institucionales y sociales para la construcci\u00f3n de redes.<\/em><\/p>\n<div class=\"t pg-2m0 pg-2x0 pg-2h3 pg-2y13 pg-2ff2 pg-2fs0 pg-2fc0 pg-2sc0 pg-2ls0 pg-2ws0\"><a href=\"http:\/\/www.pressenza.com\/wp-content\/uploads\/2015\/11\/ENCUENTRO-3.jpg\"><img loading=\"lazy\" decoding=\"async\" class=\"alignleft size-large wp-image-250444\" src=\"http:\/\/www.pressenza.com\/wp-content\/uploads\/2015\/11\/ENCUENTRO-3-720x540.jpg\" alt=\"ENCUENTRO 3\" width=\"720\" height=\"540\" srcset=\"https:\/\/www.pressenza.com\/wp-content\/uploads\/2015\/11\/ENCUENTRO-3-720x540.jpg 720w, https:\/\/www.pressenza.com\/wp-content\/uploads\/2015\/11\/ENCUENTRO-3-300x225.jpg 300w, https:\/\/www.pressenza.com\/wp-content\/uploads\/2015\/11\/ENCUENTRO-3.jpg 756w\" sizes=\"auto, (max-width: 720px) 100vw, 720px\" \/><\/a><\/div>\n<div class=\"t pg-2m0 pg-2x0 pg-2h3 pg-2y13 pg-2ff2 pg-2fs0 pg-2fc0 pg-2sc0 pg-2ls0 pg-2ws0\"><em>Presentaci\u00f3n de las experiencias del Nodo Zona Norte, Tigre, Prov. Bs. As., durante el Encuentro<\/em><\/div>\n<div class=\"t pg-2m0 pg-2x0 pg-2h3 pg-2y13 pg-2ff2 pg-2fs0 pg-2fc0 pg-2sc0 pg-2ls0 pg-2ws0\">\n<p>Como cierre, se realiz\u00f3 una jornada en el \u201cParque de Estudio y Reflexi\u00f3n La Reja\u201d, Av. Alfonsina Storni 1543, La Reja, partido de Moreno. All\u00ed los concurrentes intercambiaron sus reflexiones. Sobre todo, participaron de experiencias de contacto profundo consigo mismos, inspiradoras para su vida personal y fortalecedoras de la construcci\u00f3n de \u00e1mbitos permanentes en direcci\u00f3n a una sociedad solidaria y no-violenta que est\u00e1n realizando.<\/p>\n<p><a href=\"http:\/\/www.pressenza.com\/wp-content\/uploads\/2015\/11\/ENCUENTRO-LA-REJA-1-DE-NOVIEMBRE.jpg\"><img loading=\"lazy\" decoding=\"async\" class=\"alignleft size-large wp-image-250437\" src=\"http:\/\/www.pressenza.com\/wp-content\/uploads\/2015\/11\/ENCUENTRO-LA-REJA-1-DE-NOVIEMBRE-720x476.jpg\" alt=\"ENCUENTRO LA REJA 1 DE NOVIEMBRE\" width=\"720\" height=\"476\" srcset=\"https:\/\/www.pressenza.com\/wp-content\/uploads\/2015\/11\/ENCUENTRO-LA-REJA-1-DE-NOVIEMBRE-720x476.jpg 720w, https:\/\/www.pressenza.com\/wp-content\/uploads\/2015\/11\/ENCUENTRO-LA-REJA-1-DE-NOVIEMBRE-300x198.jpg 300w, https:\/\/www.pressenza.com\/wp-content\/uploads\/2015\/11\/ENCUENTRO-LA-REJA-1-DE-NOVIEMBRE.jpg 960w\" sizes=\"auto, (max-width: 720px) 100vw, 720px\" \/><\/a><\/p>\n<\/div>\n<div class=\"t pg-2m0 pg-2x0 pg-2h3 pg-2y13 pg-2ff2 pg-2fs0 pg-2fc0 pg-2sc0 pg-2ls0 pg-2ws0\"><\/div>\n","protected":false},"excerpt":{"rendered":"<p>Los Consejos Permanentes por la No Violencia Activa (CPNVA) en el mundo fueron tema de una pel\u00edcula que se proyect\u00f3 en el Centro de Formaci\u00f3n del Sindicato de Empleados de Comercio de Buenos Aires y de dos jornadas de \u00abintercambio&hellip;<\/p>\n","protected":false},"author":87,"featured_media":250416,"comment_status":"closed","ping_status":"open","sticky":false,"template":"","format":"standard","meta":{"footnotes":""},"categories":[149,1230,1240,39,1242,67],"tags":[932,12896,15457,383],"class_list":["post-250366","post","type-post","status-publish","format-standard","has-post-thumbnail","hentry","category-comunicados-de-prensa","category-educacion-tema","category-humanismo-espiritualidad","category-internacional","category-noviolencia-tema","category-sudamerica","tag-argentina-en","tag-consejos-permanentes-por-la-noviolencia-activa","tag-cpnva","tag-noviolencia"],"yoast_head":"<!-- This site is optimized with the Yoast SEO plugin v27.1.1 - https:\/\/yoast.com\/product\/yoast-seo-wordpress\/ -->\n<title>Consejos Permanentes por la Noviolencia Activa se reunieron en Buenos Aires<\/title>\n<meta name=\"description\" content=\"Los Consejos Permanentes por la No Violencia Activa (CPNVA) en el mundo fueron tema de una pel\u00edcula que se proyect\u00f3 en el Centro de Formaci\u00f3n del\" \/>\n<meta name=\"robots\" content=\"index, follow, max-snippet:-1, max-image-preview:large, max-video-preview:-1\" \/>\n<link rel=\"canonical\" href=\"https:\/\/www.pressenza.com\/es\/2015\/11\/consejos-permanentes-por-la-noviolencia-activa-se-reunieron-en-buenos-aires\/\" \/>\n<meta property=\"og:locale\" content=\"es_ES\" \/>\n<meta property=\"og:type\" content=\"article\" \/>\n<meta property=\"og:title\" content=\"Consejos Permanentes por la Noviolencia Activa se reunieron en Buenos Aires\" \/>\n<meta property=\"og:description\" content=\"Los Consejos Permanentes por la No Violencia Activa (CPNVA) en el mundo fueron tema de una pel\u00edcula que se proyect\u00f3 en el Centro de Formaci\u00f3n del\" \/>\n<meta property=\"og:url\" content=\"https:\/\/www.pressenza.com\/es\/2015\/11\/consejos-permanentes-por-la-noviolencia-activa-se-reunieron-en-buenos-aires\/\" \/>\n<meta property=\"og:site_name\" content=\"Pressenza\" \/>\n<meta property=\"article:publisher\" content=\"https:\/\/www.facebook.com\/PressenzaItalia\" \/>\n<meta property=\"article:published_time\" content=\"2015-11-28T18:59:37+00:00\" \/>\n<meta property=\"article:modified_time\" content=\"2016-03-30T18:13:53+00:00\" \/>\n<meta property=\"og:image\" content=\"https:\/\/www.pressenza.com\/wp-content\/uploads\/2015\/11\/Lima-Peru.jpg\" \/>\n\t<meta property=\"og:image:width\" content=\"960\" \/>\n\t<meta property=\"og:image:height\" content=\"720\" \/>\n\t<meta property=\"og:image:type\" content=\"image\/jpeg\" \/>\n<meta name=\"author\" content=\"Redacci\u00f3n Argentina\" \/>\n<meta name=\"twitter:card\" content=\"summary_large_image\" \/>\n<meta name=\"twitter:creator\" content=\"@pressenza\" \/>\n<meta name=\"twitter:site\" content=\"@PressenzaIPA\" \/>\n<meta name=\"twitter:label1\" content=\"Escrito por\" \/>\n\t<meta name=\"twitter:data1\" content=\"Redacci\u00f3n Argentina\" \/>\n\t<meta name=\"twitter:label2\" content=\"Tiempo de lectura\" \/>\n\t<meta name=\"twitter:data2\" content=\"4 minutos\" \/>\n<script type=\"application\/ld+json\" class=\"yoast-schema-graph\">{\"@context\":\"https:\/\/schema.org\",\"@graph\":[{\"@type\":\"Article\",\"@id\":\"https:\/\/www.pressenza.com\/es\/2015\/11\/consejos-permanentes-por-la-noviolencia-activa-se-reunieron-en-buenos-aires\/#article\",\"isPartOf\":{\"@id\":\"https:\/\/www.pressenza.com\/es\/2015\/11\/consejos-permanentes-por-la-noviolencia-activa-se-reunieron-en-buenos-aires\/\"},\"author\":{\"name\":\"Redacci\u00f3n Argentina\",\"@id\":\"https:\/\/www.pressenza.com\/es\/#\/schema\/person\/0dda7d1b68267ad95b1e1d83abc98c89\"},\"headline\":\"Consejos Permanentes por la Noviolencia Activa se reunieron en Buenos Aires\",\"datePublished\":\"2015-11-28T18:59:37+00:00\",\"dateModified\":\"2016-03-30T18:13:53+00:00\",\"mainEntityOfPage\":{\"@id\":\"https:\/\/www.pressenza.com\/es\/2015\/11\/consejos-permanentes-por-la-noviolencia-activa-se-reunieron-en-buenos-aires\/\"},\"wordCount\":765,\"publisher\":{\"@id\":\"https:\/\/www.pressenza.com\/es\/#organization\"},\"image\":{\"@id\":\"https:\/\/www.pressenza.com\/es\/2015\/11\/consejos-permanentes-por-la-noviolencia-activa-se-reunieron-en-buenos-aires\/#primaryimage\"},\"thumbnailUrl\":\"https:\/\/www.pressenza.com\/wp-content\/uploads\/2015\/11\/Lima-Peru.jpg\",\"keywords\":[\"Argentina\",\"Consejos Permanentes por la Noviolencia Activa\",\"CPNVA\",\"Noviolencia\"],\"articleSection\":[\"Comunicados de Prensa\",\"Educaci\u00f3n\",\"Humanismo y Espiritualidad\",\"Internacional\",\"Noviolencia\",\"Sudam\u00e9rica\"],\"inLanguage\":\"es\"},{\"@type\":\"WebPage\",\"@id\":\"https:\/\/www.pressenza.com\/es\/2015\/11\/consejos-permanentes-por-la-noviolencia-activa-se-reunieron-en-buenos-aires\/\",\"url\":\"https:\/\/www.pressenza.com\/es\/2015\/11\/consejos-permanentes-por-la-noviolencia-activa-se-reunieron-en-buenos-aires\/\",\"name\":\"Consejos Permanentes por la Noviolencia Activa se reunieron en Buenos Aires\",\"isPartOf\":{\"@id\":\"https:\/\/www.pressenza.com\/es\/#website\"},\"primaryImageOfPage\":{\"@id\":\"https:\/\/www.pressenza.com\/es\/2015\/11\/consejos-permanentes-por-la-noviolencia-activa-se-reunieron-en-buenos-aires\/#primaryimage\"},\"image\":{\"@id\":\"https:\/\/www.pressenza.com\/es\/2015\/11\/consejos-permanentes-por-la-noviolencia-activa-se-reunieron-en-buenos-aires\/#primaryimage\"},\"thumbnailUrl\":\"https:\/\/www.pressenza.com\/wp-content\/uploads\/2015\/11\/Lima-Peru.jpg\",\"datePublished\":\"2015-11-28T18:59:37+00:00\",\"dateModified\":\"2016-03-30T18:13:53+00:00\",\"description\":\"Los Consejos Permanentes por la No Violencia Activa (CPNVA) en el mundo fueron tema de una pel\u00edcula que se proyect\u00f3 en el Centro de Formaci\u00f3n del\",\"breadcrumb\":{\"@id\":\"https:\/\/www.pressenza.com\/es\/2015\/11\/consejos-permanentes-por-la-noviolencia-activa-se-reunieron-en-buenos-aires\/#breadcrumb\"},\"inLanguage\":\"es\",\"potentialAction\":[{\"@type\":\"ReadAction\",\"target\":[\"https:\/\/www.pressenza.com\/es\/2015\/11\/consejos-permanentes-por-la-noviolencia-activa-se-reunieron-en-buenos-aires\/\"]}]},{\"@type\":\"ImageObject\",\"inLanguage\":\"es\",\"@id\":\"https:\/\/www.pressenza.com\/es\/2015\/11\/consejos-permanentes-por-la-noviolencia-activa-se-reunieron-en-buenos-aires\/#primaryimage\",\"url\":\"https:\/\/www.pressenza.com\/wp-content\/uploads\/2015\/11\/Lima-Peru.jpg\",\"contentUrl\":\"https:\/\/www.pressenza.com\/wp-content\/uploads\/2015\/11\/Lima-Peru.jpg\",\"width\":960,\"height\":720},{\"@type\":\"BreadcrumbList\",\"@id\":\"https:\/\/www.pressenza.com\/es\/2015\/11\/consejos-permanentes-por-la-noviolencia-activa-se-reunieron-en-buenos-aires\/#breadcrumb\",\"itemListElement\":[{\"@type\":\"ListItem\",\"position\":1,\"name\":\"Accueil\",\"item\":\"https:\/\/www.pressenza.com\/es\/\"},{\"@type\":\"ListItem\",\"position\":2,\"name\":\"Consejos Permanentes por la Noviolencia Activa se reunieron en Buenos Aires\"}]},{\"@type\":\"WebSite\",\"@id\":\"https:\/\/www.pressenza.com\/es\/#website\",\"url\":\"https:\/\/www.pressenza.com\/es\/\",\"name\":\"Pressenza\",\"description\":\"International Press Agency\",\"publisher\":{\"@id\":\"https:\/\/www.pressenza.com\/es\/#organization\"},\"potentialAction\":[{\"@type\":\"SearchAction\",\"target\":{\"@type\":\"EntryPoint\",\"urlTemplate\":\"https:\/\/www.pressenza.com\/es\/?s={search_term_string}\"},\"query-input\":{\"@type\":\"PropertyValueSpecification\",\"valueRequired\":true,\"valueName\":\"search_term_string\"}}],\"inLanguage\":\"es\"},{\"@type\":\"Organization\",\"@id\":\"https:\/\/www.pressenza.com\/es\/#organization\",\"name\":\"Pressenza\",\"url\":\"https:\/\/www.pressenza.com\/es\/\",\"logo\":{\"@type\":\"ImageObject\",\"inLanguage\":\"es\",\"@id\":\"https:\/\/www.pressenza.com\/es\/#\/schema\/logo\/image\/\",\"url\":\"https:\/\/www.pressenza.com\/wp-content\/uploads\/2022\/10\/pressenza_logo_200x200.jpg\",\"contentUrl\":\"https:\/\/www.pressenza.com\/wp-content\/uploads\/2022\/10\/pressenza_logo_200x200.jpg\",\"width\":200,\"height\":200,\"caption\":\"Pressenza\"},\"image\":{\"@id\":\"https:\/\/www.pressenza.com\/es\/#\/schema\/logo\/image\/\"},\"sameAs\":[\"https:\/\/www.facebook.com\/PressenzaItalia\",\"https:\/\/x.com\/PressenzaIPA\"]},{\"@type\":\"Person\",\"@id\":\"https:\/\/www.pressenza.com\/es\/#\/schema\/person\/0dda7d1b68267ad95b1e1d83abc98c89\",\"name\":\"Redacci\u00f3n Argentina\",\"description\":\"News from the Pressenza Bureau in Argentina.\",\"sameAs\":[\"https:\/\/x.com\/pressenza\"],\"url\":\"https:\/\/www.pressenza.com\/es\/author\/redaccion-argentina\/\"}]}<\/script>\n<!-- \/ Yoast SEO plugin. -->","yoast_head_json":{"title":"Consejos Permanentes por la Noviolencia Activa se reunieron en Buenos Aires","description":"Los Consejos Permanentes por la No Violencia Activa (CPNVA) en el mundo fueron tema de una pel\u00edcula que se proyect\u00f3 en el Centro de Formaci\u00f3n del","robots":{"index":"index","follow":"follow","max-snippet":"max-snippet:-1","max-image-preview":"max-image-preview:large","max-video-preview":"max-video-preview:-1"},"canonical":"https:\/\/www.pressenza.com\/es\/2015\/11\/consejos-permanentes-por-la-noviolencia-activa-se-reunieron-en-buenos-aires\/","og_locale":"es_ES","og_type":"article","og_title":"Consejos Permanentes por la Noviolencia Activa se reunieron en Buenos Aires","og_description":"Los Consejos Permanentes por la No Violencia Activa (CPNVA) en el mundo fueron tema de una pel\u00edcula que se proyect\u00f3 en el Centro de Formaci\u00f3n del","og_url":"https:\/\/www.pressenza.com\/es\/2015\/11\/consejos-permanentes-por-la-noviolencia-activa-se-reunieron-en-buenos-aires\/","og_site_name":"Pressenza","article_publisher":"https:\/\/www.facebook.com\/PressenzaItalia","article_published_time":"2015-11-28T18:59:37+00:00","article_modified_time":"2016-03-30T18:13:53+00:00","og_image":[{"width":960,"height":720,"url":"https:\/\/www.pressenza.com\/wp-content\/uploads\/2015\/11\/Lima-Peru.jpg","type":"image\/jpeg"}],"author":"Redacci\u00f3n Argentina","twitter_card":"summary_large_image","twitter_creator":"@pressenza","twitter_site":"@PressenzaIPA","twitter_misc":{"Escrito por":"Redacci\u00f3n Argentina","Tiempo de lectura":"4 minutos"},"schema":{"@context":"https:\/\/schema.org","@graph":[{"@type":"Article","@id":"https:\/\/www.pressenza.com\/es\/2015\/11\/consejos-permanentes-por-la-noviolencia-activa-se-reunieron-en-buenos-aires\/#article","isPartOf":{"@id":"https:\/\/www.pressenza.com\/es\/2015\/11\/consejos-permanentes-por-la-noviolencia-activa-se-reunieron-en-buenos-aires\/"},"author":{"name":"Redacci\u00f3n Argentina","@id":"https:\/\/www.pressenza.com\/es\/#\/schema\/person\/0dda7d1b68267ad95b1e1d83abc98c89"},"headline":"Consejos Permanentes por la Noviolencia Activa se reunieron en Buenos Aires","datePublished":"2015-11-28T18:59:37+00:00","dateModified":"2016-03-30T18:13:53+00:00","mainEntityOfPage":{"@id":"https:\/\/www.pressenza.com\/es\/2015\/11\/consejos-permanentes-por-la-noviolencia-activa-se-reunieron-en-buenos-aires\/"},"wordCount":765,"publisher":{"@id":"https:\/\/www.pressenza.com\/es\/#organization"},"image":{"@id":"https:\/\/www.pressenza.com\/es\/2015\/11\/consejos-permanentes-por-la-noviolencia-activa-se-reunieron-en-buenos-aires\/#primaryimage"},"thumbnailUrl":"https:\/\/www.pressenza.com\/wp-content\/uploads\/2015\/11\/Lima-Peru.jpg","keywords":["Argentina","Consejos Permanentes por la Noviolencia Activa","CPNVA","Noviolencia"],"articleSection":["Comunicados de Prensa","Educaci\u00f3n","Humanismo y Espiritualidad","Internacional","Noviolencia","Sudam\u00e9rica"],"inLanguage":"es"},{"@type":"WebPage","@id":"https:\/\/www.pressenza.com\/es\/2015\/11\/consejos-permanentes-por-la-noviolencia-activa-se-reunieron-en-buenos-aires\/","url":"https:\/\/www.pressenza.com\/es\/2015\/11\/consejos-permanentes-por-la-noviolencia-activa-se-reunieron-en-buenos-aires\/","name":"Consejos Permanentes por la Noviolencia Activa se reunieron en Buenos Aires","isPartOf":{"@id":"https:\/\/www.pressenza.com\/es\/#website"},"primaryImageOfPage":{"@id":"https:\/\/www.pressenza.com\/es\/2015\/11\/consejos-permanentes-por-la-noviolencia-activa-se-reunieron-en-buenos-aires\/#primaryimage"},"image":{"@id":"https:\/\/www.pressenza.com\/es\/2015\/11\/consejos-permanentes-por-la-noviolencia-activa-se-reunieron-en-buenos-aires\/#primaryimage"},"thumbnailUrl":"https:\/\/www.pressenza.com\/wp-content\/uploads\/2015\/11\/Lima-Peru.jpg","datePublished":"2015-11-28T18:59:37+00:00","dateModified":"2016-03-30T18:13:53+00:00","description":"Los Consejos Permanentes por la No Violencia Activa (CPNVA) en el mundo fueron tema de una pel\u00edcula que se proyect\u00f3 en el Centro de Formaci\u00f3n del","breadcrumb":{"@id":"https:\/\/www.pressenza.com\/es\/2015\/11\/consejos-permanentes-por-la-noviolencia-activa-se-reunieron-en-buenos-aires\/#breadcrumb"},"inLanguage":"es","potentialAction":[{"@type":"ReadAction","target":["https:\/\/www.pressenza.com\/es\/2015\/11\/consejos-permanentes-por-la-noviolencia-activa-se-reunieron-en-buenos-aires\/"]}]},{"@type":"ImageObject","inLanguage":"es","@id":"https:\/\/www.pressenza.com\/es\/2015\/11\/consejos-permanentes-por-la-noviolencia-activa-se-reunieron-en-buenos-aires\/#primaryimage","url":"https:\/\/www.pressenza.com\/wp-content\/uploads\/2015\/11\/Lima-Peru.jpg","contentUrl":"https:\/\/www.pressenza.com\/wp-content\/uploads\/2015\/11\/Lima-Peru.jpg","width":960,"height":720},{"@type":"BreadcrumbList","@id":"https:\/\/www.pressenza.com\/es\/2015\/11\/consejos-permanentes-por-la-noviolencia-activa-se-reunieron-en-buenos-aires\/#breadcrumb","itemListElement":[{"@type":"ListItem","position":1,"name":"Accueil","item":"https:\/\/www.pressenza.com\/es\/"},{"@type":"ListItem","position":2,"name":"Consejos Permanentes por la Noviolencia Activa se reunieron en Buenos Aires"}]},{"@type":"WebSite","@id":"https:\/\/www.pressenza.com\/es\/#website","url":"https:\/\/www.pressenza.com\/es\/","name":"Pressenza","description":"International Press Agency","publisher":{"@id":"https:\/\/www.pressenza.com\/es\/#organization"},"potentialAction":[{"@type":"SearchAction","target":{"@type":"EntryPoint","urlTemplate":"https:\/\/www.pressenza.com\/es\/?s={search_term_string}"},"query-input":{"@type":"PropertyValueSpecification","valueRequired":true,"valueName":"search_term_string"}}],"inLanguage":"es"},{"@type":"Organization","@id":"https:\/\/www.pressenza.com\/es\/#organization","name":"Pressenza","url":"https:\/\/www.pressenza.com\/es\/","logo":{"@type":"ImageObject","inLanguage":"es","@id":"https:\/\/www.pressenza.com\/es\/#\/schema\/logo\/image\/","url":"https:\/\/www.pressenza.com\/wp-content\/uploads\/2022\/10\/pressenza_logo_200x200.jpg","contentUrl":"https:\/\/www.pressenza.com\/wp-content\/uploads\/2022\/10\/pressenza_logo_200x200.jpg","width":200,"height":200,"caption":"Pressenza"},"image":{"@id":"https:\/\/www.pressenza.com\/es\/#\/schema\/logo\/image\/"},"sameAs":["https:\/\/www.facebook.com\/PressenzaItalia","https:\/\/x.com\/PressenzaIPA"]},{"@type":"Person","@id":"https:\/\/www.pressenza.com\/es\/#\/schema\/person\/0dda7d1b68267ad95b1e1d83abc98c89","name":"Redacci\u00f3n Argentina","description":"News from the Pressenza Bureau in Argentina.","sameAs":["https:\/\/x.com\/pressenza"],"url":"https:\/\/www.pressenza.com\/es\/author\/redaccion-argentina\/"}]}},"place":"Ciudad de Buenos Aires","original_article_url":"","_links":{"self":[{"href":"https:\/\/www.pressenza.com\/es\/wp-json\/wp\/v2\/posts\/250366","targetHints":{"allow":["GET"]}}],"collection":[{"href":"https:\/\/www.pressenza.com\/es\/wp-json\/wp\/v2\/posts"}],"about":[{"href":"https:\/\/www.pressenza.com\/es\/wp-json\/wp\/v2\/types\/post"}],"author":[{"embeddable":true,"href":"https:\/\/www.pressenza.com\/es\/wp-json\/wp\/v2\/users\/87"}],"replies":[{"embeddable":true,"href":"https:\/\/www.pressenza.com\/es\/wp-json\/wp\/v2\/comments?post=250366"}],"version-history":[{"count":0,"href":"https:\/\/www.pressenza.com\/es\/wp-json\/wp\/v2\/posts\/250366\/revisions"}],"wp:featuredmedia":[{"embeddable":true,"href":"https:\/\/www.pressenza.com\/es\/wp-json\/wp\/v2\/media\/250416"}],"wp:attachment":[{"href":"https:\/\/www.pressenza.com\/es\/wp-json\/wp\/v2\/media?parent=250366"}],"wp:term":[{"taxonomy":"category","embeddable":true,"href":"https:\/\/www.pressenza.com\/es\/wp-json\/wp\/v2\/categories?post=250366"},{"taxonomy":"post_tag","embeddable":true,"href":"https:\/\/www.pressenza.com\/es\/wp-json\/wp\/v2\/tags?post=250366"}],"curies":[{"name":"wp","href":"https:\/\/api.w.org\/{rel}","templated":true}]}}