{"id":2492843,"date":"2024-05-20T18:36:20","date_gmt":"2024-05-20T17:36:20","guid":{"rendered":"https:\/\/www.pressenza.com\/?p=2492843"},"modified":"2024-05-20T18:36:20","modified_gmt":"2024-05-20T17:36:20","slug":"volver-a-las-raices","status":"publish","type":"post","link":"https:\/\/www.pressenza.com\/es\/2024\/05\/volver-a-las-raices\/","title":{"rendered":"Volver a las Ra\u00edces"},"content":{"rendered":"<p>Chile 2024 se encuentra enfrascado en una polarizaci\u00f3n y un ambiente tenso y complejo en todas las discusiones que hacemos a todo nivel, respecto de nuestro futuro, leyes requeridas, presupuestos a aceptar para los efectos de pensiones, salud, educaci\u00f3n, eficiencia del gasto en el Estado, cu\u00e1nto Estado debe haber en los diversos procesos, etc. Cualquier lector que viva o est\u00e9 atento a lo que ocurre en Chile, estar\u00e1 de acuerdo con este primer p\u00e1rrafo.<\/p>\n<p>Mi reflexi\u00f3n es c\u00f3mo podemos desde este punto, recuperar todo lo que nos une, las naciones crecen y son capaces de buscar un mejor futuro en la misma medida en que son capaces de reconocerse en su diversidad y en sus diferentes miradas sobre el presente y el futuro, como una naci\u00f3n, un grupo humano diverso y con distintas historias, pero que comparten un territorio, una historia com\u00fan y un deseo de mejorar la situaci\u00f3n de todos, porque todos nos necesitamos y tenemos grandes desaf\u00edos por delante.<\/p>\n<p>Mirando a la historia reciente, un punto de inflexi\u00f3n muy relevante que tuvimos como pa\u00eds en democracia, ha sido la \u00e9pica victoria que se logr\u00f3 para derrocar a la dictadura de Pinochet con un l\u00e1piz,<br \/>\nvotando, donde literalmente todo el padr\u00f3n del momento vot\u00f3 y fue contundente en su decisi\u00f3n, no se quer\u00eda que Pinochet siguiera adelante por otros 10 a\u00f1os y se deb\u00eda llamar a elecciones, para iniciar nuevamente el per\u00edodo democr\u00e1tico de Chile. Esto fue un proceso hist\u00f3rico que nos uni\u00f3 y nos condujo al mejor per\u00edodo de crecimiento y desarrollo que Chile ha experimentado como fue la d\u00e9cada de los 90.<\/p>\n<p>Recordando las cifras clave de ese d\u00eda 5 de Octubre de 1988, de los 7.435.913 personas inscritas en el padr\u00f3n, votaron, 7.251.933, un 97,53% del padr\u00f3n, o sea todos y el resultado fue un 56% por la opci\u00f3n NO y un 44% por la opci\u00f3n SI. Desglosando esto por comunas, se puede apreciar que hubo un s\u00f3lido apoyo al SI de las poblaciones donde las FFAA, ten\u00edan grandes contingentes, lo que era obvio dado que pod\u00eda incluso pensarse en una orden de mando directa para apoyar al \u201cjefe\u201d, lo que es l\u00f3gico que ocurriera y probablemente ocurri\u00f3. Pero a pesar de eso la voluntad de todo el pa\u00eds fue superior.<\/p>\n<p>Sin irse por la tangente, ese momento hist\u00f3rico y \u00e9pico fue un motivo de uni\u00f3n y reuni\u00f3n de esfuerzos para hacer que las voluntades se sumaran hacia un mejor futuro para todos, Chile requer\u00eda de ese momento y con mucho esfuerzo y trabajo se logr\u00f3 y luego durante muchos a\u00f1os se concret\u00f3 un hist\u00f3rico per\u00edodo de crecimiento y desarrollo. Pero eso ya fue hace m\u00e1s de 35 a\u00f1os atr\u00e1s, lo que en<br \/>\nt\u00e9rminos de un pa\u00eds es mucho y poco a la vez.<\/p>\n<p>La gran lecci\u00f3n es que si trabajamos juntos y logramos unir nuestras voluntades se logran grandes cosas y sin eso, es solo caos y desorden lo que perdura, as\u00ed de simple y as\u00ed de definitivo.<\/p>\n<p>\u00bfQu\u00e9 hacer ahora en 2024 para recuperar este esp\u00edritu de uni\u00f3n? Yo creo que debemos ser muy humildes en reconocer que ning\u00fan grupo puede prosperar sin el otro, ninguna tendencia es un c\u00e1ncer<br \/>\nque debe ser extirpado, como se ha dicho de la izquierda, ni tampoco ning\u00fan sector es una lacra que debe ser eliminada para siempre de la faz de la tierra. Todos son necesarios para hacer este gran<br \/>\nproyecto que es ayudar a todas las personas de buen coraz\u00f3n del Pa\u00eds a prosperar y luchar unidos en contra de la violencia, la envidia, la pobreza y la falta de oportunidades.<\/p>\n<p>Los verdaderos enemigos son la falta de educaci\u00f3n, la falta de salud, la pobreza de los adultos mayores, las bajas pensiones, la falta de trabajo y la violencia en todas sus formas. Ah\u00ed es donde hay que colocar los esfuerzos y los recursos.<\/p>\n<p>Hoy el mundo est\u00e1 sumido en problemas graves de intolerancia y guerras, es algo evidente que estamos en el borde de problemas mayores para el desarrollo de un proyecto de vida arm\u00f3nica entre los seres humanos. Debemos enfrentar el problema de la sobrepoblaci\u00f3n, se debe enfrentar teniendo menos hijos, asunto que hoy ya se expresa en la mayor\u00eda del mundo, pero esta soluci\u00f3n traer\u00e1 problemas graves en la transici\u00f3n hacia un mundo con menos habitantes humanos. Hay herramientas \u00fatiles para apoyar este proceso como pueden ser la rob\u00f3tica y la mecanizaci\u00f3n de procesos hoy desarrollados por humanos mal pagados, pero nuevamente el paso de la situaci\u00f3n actual hacia un nueva, ser\u00e1 compleja y en muchos aspectos traum\u00e1tica, de ah\u00ed la necesidad de compartir una uni\u00f3n de prop\u00f3sito muy s\u00f3lida que nos ayude a hacer ese complejo tr\u00e1nsito de una manera pac\u00edfica por el bienestar de nuestros nietos y sus hijos. Los que ser\u00e1n menos en cantidad que lo eran antes, pero por eso mismo m\u00e1s preciados y m\u00e1s imprescindibles.<\/p>\n<p>Las migraciones son tambi\u00e9n parte de la soluci\u00f3n del problema de la menor natalidad, personas de zonas con menor trabajo y oportunidades, migrar\u00e1n hacia zonas con mejores posibilidades y eso es<br \/>\nparte de la soluci\u00f3n, pero la transici\u00f3n nuevamente ser\u00e1 conflictiva. Debemos unir prop\u00f3sitos para mirar con otros ojos m\u00e1s gentiles nuestra vida y nuestras acciones y buscar l\u00edderes que sean inclusivos, pero decididos para defender los principios humanos de un mundo mejor, menos poblado y m\u00e1s equilibrado con la naturaleza y con mayores habilidades sociales de tolerancia y amabilidad, pero con determinaci\u00f3n y claridad para escoger aquellas pol\u00edticas de largo plazo que nos ayudar\u00e1n como humanidad a imaginar un futuro siglo XXII y XXIII m\u00e1s auspicioso, esa es la meta y la tarea de nosotros los habitantes del siglo XXI.<\/p>\n","protected":false},"excerpt":{"rendered":"<p>Chile 2024 se encuentra enfrascado en una polarizaci\u00f3n y un ambiente tenso y complejo en todas las discusiones que hacemos a todo nivel, respecto de nuestro futuro, leyes requeridas, presupuestos a aceptar para los efectos de pensiones, salud, educaci\u00f3n, eficiencia&hellip;<\/p>\n","protected":false},"author":1938,"featured_media":2501559,"comment_status":"closed","ping_status":"closed","sticky":false,"template":"","format":"standard","meta":{"footnotes":""},"categories":[11389,1241,161,67],"tags":[123082,3076,7852],"class_list":["post-2492843","post","type-post","status-publish","format-standard","has-post-thumbnail","hentry","category-contenido-original","category-diversidad","category-opiniones","category-sudamerica","tag-amabilidad","tag-diversidad","tag-tolerancia"],"yoast_head":"<!-- This site is optimized with the Yoast SEO plugin v27.1.1 - https:\/\/yoast.com\/product\/yoast-seo-wordpress\/ -->\n<title>Volver a las Ra\u00edces<\/title>\n<meta name=\"description\" content=\"Chile 2024 se encuentra enfrascado en una polarizaci\u00f3n y un ambiente tenso y complejo en todas las discusiones que hacemos a todo nivel, respecto de\" \/>\n<meta name=\"robots\" content=\"index, follow, max-snippet:-1, max-image-preview:large, max-video-preview:-1\" \/>\n<link rel=\"canonical\" href=\"https:\/\/www.pressenza.com\/es\/2024\/05\/volver-a-las-raices\/\" \/>\n<meta property=\"og:locale\" content=\"es_ES\" \/>\n<meta property=\"og:type\" content=\"article\" \/>\n<meta property=\"og:title\" content=\"Volver a las Ra\u00edces\" \/>\n<meta property=\"og:description\" content=\"Chile 2024 se encuentra enfrascado en una polarizaci\u00f3n y un ambiente tenso y complejo en todas las discusiones que hacemos a todo nivel, respecto de\" \/>\n<meta property=\"og:url\" content=\"https:\/\/www.pressenza.com\/es\/2024\/05\/volver-a-las-raices\/\" \/>\n<meta property=\"og:site_name\" content=\"Pressenza\" \/>\n<meta property=\"article:publisher\" content=\"https:\/\/www.facebook.com\/PressenzaItalia\" \/>\n<meta property=\"article:published_time\" content=\"2024-05-20T17:36:20+00:00\" \/>\n<meta property=\"og:image\" content=\"https:\/\/www.pressenza.com\/wp-content\/uploads\/2024\/05\/La-Reja-Silvia-Amodeo.jpg\" \/>\n\t<meta property=\"og:image:width\" content=\"1080\" \/>\n\t<meta property=\"og:image:height\" content=\"1080\" \/>\n\t<meta property=\"og:image:type\" content=\"image\/jpeg\" \/>\n<meta name=\"author\" content=\"Rodrigo Infante Varas\" \/>\n<meta name=\"twitter:card\" content=\"summary_large_image\" \/>\n<meta name=\"twitter:creator\" content=\"@PressenzaIPA\" \/>\n<meta name=\"twitter:site\" content=\"@PressenzaIPA\" \/>\n<meta name=\"twitter:label1\" content=\"Escrito por\" \/>\n\t<meta name=\"twitter:data1\" content=\"Rodrigo Infante Varas\" \/>\n\t<meta name=\"twitter:label2\" content=\"Tiempo de lectura\" \/>\n\t<meta name=\"twitter:data2\" content=\"5 minutos\" \/>\n<script type=\"application\/ld+json\" class=\"yoast-schema-graph\">{\"@context\":\"https:\/\/schema.org\",\"@graph\":[{\"@type\":\"Article\",\"@id\":\"https:\/\/www.pressenza.com\/es\/2024\/05\/volver-a-las-raices\/#article\",\"isPartOf\":{\"@id\":\"https:\/\/www.pressenza.com\/es\/2024\/05\/volver-a-las-raices\/\"},\"author\":{\"name\":\"Rodrigo Infante Varas\",\"@id\":\"https:\/\/www.pressenza.com\/es\/#\/schema\/person\/04d12698a00f9f83a8c4fc409ea18fe5\"},\"headline\":\"Volver a las Ra\u00edces\",\"datePublished\":\"2024-05-20T17:36:20+00:00\",\"mainEntityOfPage\":{\"@id\":\"https:\/\/www.pressenza.com\/es\/2024\/05\/volver-a-las-raices\/\"},\"wordCount\":1015,\"publisher\":{\"@id\":\"https:\/\/www.pressenza.com\/es\/#organization\"},\"image\":{\"@id\":\"https:\/\/www.pressenza.com\/es\/2024\/05\/volver-a-las-raices\/#primaryimage\"},\"thumbnailUrl\":\"https:\/\/www.pressenza.com\/wp-content\/uploads\/2024\/05\/La-Reja-Silvia-Amodeo.jpg\",\"keywords\":[\"amabilidad\",\"diversidad\",\"tolerancia\"],\"articleSection\":[\"Contenido Original\",\"Diversidad\",\"Opiniones\",\"Sudam\u00e9rica\"],\"inLanguage\":\"es\"},{\"@type\":\"WebPage\",\"@id\":\"https:\/\/www.pressenza.com\/es\/2024\/05\/volver-a-las-raices\/\",\"url\":\"https:\/\/www.pressenza.com\/es\/2024\/05\/volver-a-las-raices\/\",\"name\":\"Volver a las Ra\u00edces\",\"isPartOf\":{\"@id\":\"https:\/\/www.pressenza.com\/es\/#website\"},\"primaryImageOfPage\":{\"@id\":\"https:\/\/www.pressenza.com\/es\/2024\/05\/volver-a-las-raices\/#primaryimage\"},\"image\":{\"@id\":\"https:\/\/www.pressenza.com\/es\/2024\/05\/volver-a-las-raices\/#primaryimage\"},\"thumbnailUrl\":\"https:\/\/www.pressenza.com\/wp-content\/uploads\/2024\/05\/La-Reja-Silvia-Amodeo.jpg\",\"datePublished\":\"2024-05-20T17:36:20+00:00\",\"description\":\"Chile 2024 se encuentra enfrascado en una polarizaci\u00f3n y un ambiente tenso y complejo en todas las discusiones que hacemos a todo nivel, respecto de\",\"breadcrumb\":{\"@id\":\"https:\/\/www.pressenza.com\/es\/2024\/05\/volver-a-las-raices\/#breadcrumb\"},\"inLanguage\":\"es\",\"potentialAction\":[{\"@type\":\"ReadAction\",\"target\":[\"https:\/\/www.pressenza.com\/es\/2024\/05\/volver-a-las-raices\/\"]}]},{\"@type\":\"ImageObject\",\"inLanguage\":\"es\",\"@id\":\"https:\/\/www.pressenza.com\/es\/2024\/05\/volver-a-las-raices\/#primaryimage\",\"url\":\"https:\/\/www.pressenza.com\/wp-content\/uploads\/2024\/05\/La-Reja-Silvia-Amodeo.jpg\",\"contentUrl\":\"https:\/\/www.pressenza.com\/wp-content\/uploads\/2024\/05\/La-Reja-Silvia-Amodeo.jpg\",\"width\":1080,\"height\":1080},{\"@type\":\"BreadcrumbList\",\"@id\":\"https:\/\/www.pressenza.com\/es\/2024\/05\/volver-a-las-raices\/#breadcrumb\",\"itemListElement\":[{\"@type\":\"ListItem\",\"position\":1,\"name\":\"Accueil\",\"item\":\"https:\/\/www.pressenza.com\/es\/\"},{\"@type\":\"ListItem\",\"position\":2,\"name\":\"Volver a las Ra\u00edces\"}]},{\"@type\":\"WebSite\",\"@id\":\"https:\/\/www.pressenza.com\/es\/#website\",\"url\":\"https:\/\/www.pressenza.com\/es\/\",\"name\":\"Pressenza\",\"description\":\"International Press Agency\",\"publisher\":{\"@id\":\"https:\/\/www.pressenza.com\/es\/#organization\"},\"potentialAction\":[{\"@type\":\"SearchAction\",\"target\":{\"@type\":\"EntryPoint\",\"urlTemplate\":\"https:\/\/www.pressenza.com\/es\/?s={search_term_string}\"},\"query-input\":{\"@type\":\"PropertyValueSpecification\",\"valueRequired\":true,\"valueName\":\"search_term_string\"}}],\"inLanguage\":\"es\"},{\"@type\":\"Organization\",\"@id\":\"https:\/\/www.pressenza.com\/es\/#organization\",\"name\":\"Pressenza\",\"url\":\"https:\/\/www.pressenza.com\/es\/\",\"logo\":{\"@type\":\"ImageObject\",\"inLanguage\":\"es\",\"@id\":\"https:\/\/www.pressenza.com\/es\/#\/schema\/logo\/image\/\",\"url\":\"https:\/\/www.pressenza.com\/wp-content\/uploads\/2022\/10\/pressenza_logo_200x200.jpg\",\"contentUrl\":\"https:\/\/www.pressenza.com\/wp-content\/uploads\/2022\/10\/pressenza_logo_200x200.jpg\",\"width\":200,\"height\":200,\"caption\":\"Pressenza\"},\"image\":{\"@id\":\"https:\/\/www.pressenza.com\/es\/#\/schema\/logo\/image\/\"},\"sameAs\":[\"https:\/\/www.facebook.com\/PressenzaItalia\",\"https:\/\/x.com\/PressenzaIPA\"]},{\"@type\":\"Person\",\"@id\":\"https:\/\/www.pressenza.com\/es\/#\/schema\/person\/04d12698a00f9f83a8c4fc409ea18fe5\",\"name\":\"Rodrigo Infante Varas\",\"description\":\"Chileno, Ingeniero Agr\u00f3nomo, diplomado en habilidades directivas y contaminaci\u00f3n ambiental as\u00ed como tambi\u00e9n en administraci\u00f3n de empresas. Ha participado de varios proyectos de investigaci\u00f3n.\",\"url\":\"https:\/\/www.pressenza.com\/es\/author\/rodrigo-infante-varas\/\"}]}<\/script>\n<!-- \/ Yoast SEO plugin. -->","yoast_head_json":{"title":"Volver a las Ra\u00edces","description":"Chile 2024 se encuentra enfrascado en una polarizaci\u00f3n y un ambiente tenso y complejo en todas las discusiones que hacemos a todo nivel, respecto de","robots":{"index":"index","follow":"follow","max-snippet":"max-snippet:-1","max-image-preview":"max-image-preview:large","max-video-preview":"max-video-preview:-1"},"canonical":"https:\/\/www.pressenza.com\/es\/2024\/05\/volver-a-las-raices\/","og_locale":"es_ES","og_type":"article","og_title":"Volver a las Ra\u00edces","og_description":"Chile 2024 se encuentra enfrascado en una polarizaci\u00f3n y un ambiente tenso y complejo en todas las discusiones que hacemos a todo nivel, respecto de","og_url":"https:\/\/www.pressenza.com\/es\/2024\/05\/volver-a-las-raices\/","og_site_name":"Pressenza","article_publisher":"https:\/\/www.facebook.com\/PressenzaItalia","article_published_time":"2024-05-20T17:36:20+00:00","og_image":[{"width":1080,"height":1080,"url":"https:\/\/www.pressenza.com\/wp-content\/uploads\/2024\/05\/La-Reja-Silvia-Amodeo.jpg","type":"image\/jpeg"}],"author":"Rodrigo Infante Varas","twitter_card":"summary_large_image","twitter_creator":"@PressenzaIPA","twitter_site":"@PressenzaIPA","twitter_misc":{"Escrito por":"Rodrigo Infante Varas","Tiempo de lectura":"5 minutos"},"schema":{"@context":"https:\/\/schema.org","@graph":[{"@type":"Article","@id":"https:\/\/www.pressenza.com\/es\/2024\/05\/volver-a-las-raices\/#article","isPartOf":{"@id":"https:\/\/www.pressenza.com\/es\/2024\/05\/volver-a-las-raices\/"},"author":{"name":"Rodrigo Infante Varas","@id":"https:\/\/www.pressenza.com\/es\/#\/schema\/person\/04d12698a00f9f83a8c4fc409ea18fe5"},"headline":"Volver a las Ra\u00edces","datePublished":"2024-05-20T17:36:20+00:00","mainEntityOfPage":{"@id":"https:\/\/www.pressenza.com\/es\/2024\/05\/volver-a-las-raices\/"},"wordCount":1015,"publisher":{"@id":"https:\/\/www.pressenza.com\/es\/#organization"},"image":{"@id":"https:\/\/www.pressenza.com\/es\/2024\/05\/volver-a-las-raices\/#primaryimage"},"thumbnailUrl":"https:\/\/www.pressenza.com\/wp-content\/uploads\/2024\/05\/La-Reja-Silvia-Amodeo.jpg","keywords":["amabilidad","diversidad","tolerancia"],"articleSection":["Contenido Original","Diversidad","Opiniones","Sudam\u00e9rica"],"inLanguage":"es"},{"@type":"WebPage","@id":"https:\/\/www.pressenza.com\/es\/2024\/05\/volver-a-las-raices\/","url":"https:\/\/www.pressenza.com\/es\/2024\/05\/volver-a-las-raices\/","name":"Volver a las Ra\u00edces","isPartOf":{"@id":"https:\/\/www.pressenza.com\/es\/#website"},"primaryImageOfPage":{"@id":"https:\/\/www.pressenza.com\/es\/2024\/05\/volver-a-las-raices\/#primaryimage"},"image":{"@id":"https:\/\/www.pressenza.com\/es\/2024\/05\/volver-a-las-raices\/#primaryimage"},"thumbnailUrl":"https:\/\/www.pressenza.com\/wp-content\/uploads\/2024\/05\/La-Reja-Silvia-Amodeo.jpg","datePublished":"2024-05-20T17:36:20+00:00","description":"Chile 2024 se encuentra enfrascado en una polarizaci\u00f3n y un ambiente tenso y complejo en todas las discusiones que hacemos a todo nivel, respecto de","breadcrumb":{"@id":"https:\/\/www.pressenza.com\/es\/2024\/05\/volver-a-las-raices\/#breadcrumb"},"inLanguage":"es","potentialAction":[{"@type":"ReadAction","target":["https:\/\/www.pressenza.com\/es\/2024\/05\/volver-a-las-raices\/"]}]},{"@type":"ImageObject","inLanguage":"es","@id":"https:\/\/www.pressenza.com\/es\/2024\/05\/volver-a-las-raices\/#primaryimage","url":"https:\/\/www.pressenza.com\/wp-content\/uploads\/2024\/05\/La-Reja-Silvia-Amodeo.jpg","contentUrl":"https:\/\/www.pressenza.com\/wp-content\/uploads\/2024\/05\/La-Reja-Silvia-Amodeo.jpg","width":1080,"height":1080},{"@type":"BreadcrumbList","@id":"https:\/\/www.pressenza.com\/es\/2024\/05\/volver-a-las-raices\/#breadcrumb","itemListElement":[{"@type":"ListItem","position":1,"name":"Accueil","item":"https:\/\/www.pressenza.com\/es\/"},{"@type":"ListItem","position":2,"name":"Volver a las Ra\u00edces"}]},{"@type":"WebSite","@id":"https:\/\/www.pressenza.com\/es\/#website","url":"https:\/\/www.pressenza.com\/es\/","name":"Pressenza","description":"International Press Agency","publisher":{"@id":"https:\/\/www.pressenza.com\/es\/#organization"},"potentialAction":[{"@type":"SearchAction","target":{"@type":"EntryPoint","urlTemplate":"https:\/\/www.pressenza.com\/es\/?s={search_term_string}"},"query-input":{"@type":"PropertyValueSpecification","valueRequired":true,"valueName":"search_term_string"}}],"inLanguage":"es"},{"@type":"Organization","@id":"https:\/\/www.pressenza.com\/es\/#organization","name":"Pressenza","url":"https:\/\/www.pressenza.com\/es\/","logo":{"@type":"ImageObject","inLanguage":"es","@id":"https:\/\/www.pressenza.com\/es\/#\/schema\/logo\/image\/","url":"https:\/\/www.pressenza.com\/wp-content\/uploads\/2022\/10\/pressenza_logo_200x200.jpg","contentUrl":"https:\/\/www.pressenza.com\/wp-content\/uploads\/2022\/10\/pressenza_logo_200x200.jpg","width":200,"height":200,"caption":"Pressenza"},"image":{"@id":"https:\/\/www.pressenza.com\/es\/#\/schema\/logo\/image\/"},"sameAs":["https:\/\/www.facebook.com\/PressenzaItalia","https:\/\/x.com\/PressenzaIPA"]},{"@type":"Person","@id":"https:\/\/www.pressenza.com\/es\/#\/schema\/person\/04d12698a00f9f83a8c4fc409ea18fe5","name":"Rodrigo Infante Varas","description":"Chileno, Ingeniero Agr\u00f3nomo, diplomado en habilidades directivas y contaminaci\u00f3n ambiental as\u00ed como tambi\u00e9n en administraci\u00f3n de empresas. Ha participado de varios proyectos de investigaci\u00f3n.","url":"https:\/\/www.pressenza.com\/es\/author\/rodrigo-infante-varas\/"}]}},"place":"Santiago de Chile","original_article_url":"","_links":{"self":[{"href":"https:\/\/www.pressenza.com\/es\/wp-json\/wp\/v2\/posts\/2492843","targetHints":{"allow":["GET"]}}],"collection":[{"href":"https:\/\/www.pressenza.com\/es\/wp-json\/wp\/v2\/posts"}],"about":[{"href":"https:\/\/www.pressenza.com\/es\/wp-json\/wp\/v2\/types\/post"}],"author":[{"embeddable":true,"href":"https:\/\/www.pressenza.com\/es\/wp-json\/wp\/v2\/users\/1938"}],"replies":[{"embeddable":true,"href":"https:\/\/www.pressenza.com\/es\/wp-json\/wp\/v2\/comments?post=2492843"}],"version-history":[{"count":0,"href":"https:\/\/www.pressenza.com\/es\/wp-json\/wp\/v2\/posts\/2492843\/revisions"}],"wp:featuredmedia":[{"embeddable":true,"href":"https:\/\/www.pressenza.com\/es\/wp-json\/wp\/v2\/media\/2501559"}],"wp:attachment":[{"href":"https:\/\/www.pressenza.com\/es\/wp-json\/wp\/v2\/media?parent=2492843"}],"wp:term":[{"taxonomy":"category","embeddable":true,"href":"https:\/\/www.pressenza.com\/es\/wp-json\/wp\/v2\/categories?post=2492843"},{"taxonomy":"post_tag","embeddable":true,"href":"https:\/\/www.pressenza.com\/es\/wp-json\/wp\/v2\/tags?post=2492843"}],"curies":[{"name":"wp","href":"https:\/\/api.w.org\/{rel}","templated":true}]}}