{"id":248342,"date":"2015-11-22T01:07:43","date_gmt":"2015-11-22T01:07:43","guid":{"rendered":"http:\/\/www.pressenza.com\/es\/?p=248342"},"modified":"2015-11-22T01:08:15","modified_gmt":"2015-11-22T01:08:15","slug":"balotaje-argentino-el-final-del-no-te-metas","status":"publish","type":"post","link":"https:\/\/www.pressenza.com\/es\/2015\/11\/balotaje-argentino-el-final-del-no-te-metas\/","title":{"rendered":"Balotaje argentino: El final del \u00abNo te met\u00e1s\u00bb"},"content":{"rendered":"<p><em><strong>Por Maricarmen Mart\u00ednez Garrido<\/strong><\/em><\/p>\n<p>\u00a1Bienvenido Balotaje!<\/p>\n<p>\u00bfSab\u00e9s qu\u00e9? Cuando faltan pocas horas para ir a votar, a lo largo de todo el d\u00eda de hoy, una intuici\u00f3n ha ido cobrando fuerza en m\u00ed hasta convertirse en una certeza. Este balotaje nos hac\u00eda falta.<\/p>\n<p>S\u00ed, este balotaje fue necesario para que despertara esa pasi\u00f3n expresiva y participativa que se gener\u00f3.<\/p>\n<p>S\u00ed, este balotaje era imprescindible para que acabaran de brotar todas las flores que N\u00e9stor sembr\u00f3.<\/p>\n<p>S\u00ed, ten\u00edamos que afrontar este balotaje para que el <span class=\"text_exposed_show\">temor de que nos robaran este sue\u00f1o de una Argentina normal que hoy disfrutamos en todos los aspectos despertara el rugido de un le\u00f3n dormido, el de los miles y miles de argentinos de a pie, la vecina del 5\u00ba, el kioskero, la discreta compa\u00f1era de laburo. el estilista de la peluquer\u00eda, los due\u00f1os de la f\u00e1brica, todos esos que nunca militaron ni lo har\u00e1n en el futuro, pero que se sienten parte y que quiz\u00e1s por primera vez en muchos a\u00f1os sintieron que era la hora de asumir su peque\u00f1o cachito en la aventura colectiva de caminar hacia el futuro.<br \/>\n<\/span><\/p>\n<p><span class=\"text_exposed_show\">Pero sobre todo, le doy mi m\u00e1s calurosa bienvenida a este bendito balotaje porque siento que este vendaval de papelitos pegados en el coche o en el ascensor, de fotos anunciando el voto en las redes sociales, de arengas espont\u00e1neas en la verduler\u00eda o en el bondi, significa la estocada final, el \u00abthe end\u00bb, al \u00faltimo resabio que a\u00fan persist\u00eda de ese \u00abno te met\u00e1s\u00bb instalado a sangre y fuego en los 70 y que m\u00e1s de 30 a\u00f1os de democracia no hab\u00edan conseguido borrar del todo en el coraz\u00f3n de los argentinos. Creo que esta hermosa oleada de deschave y compromiso que nos ha atravesado en estos d\u00edas, este empe\u00f1o colectivo por conseguir voto a voto, la continuidad de este proyecto que nos cambi\u00f3, para mejor, la vida a todos, ha tra\u00eddo una conciencia nacional que debe estar regocijando al Pochito, a Evita, a N\u00e9stor y a los 30.000 de nuestro comando celestial.<br \/>\n<\/span><\/p>\n<p><span class=\"text_exposed_show\">Creo con todo mi coraz\u00f3n en <a class=\"_58cn\" href=\"https:\/\/www.facebook.com\/hashtag\/lacampa%C3%B1adelagente?source=feed_text&amp;story_id=10153664973231390\" data-ft=\"{&quot;tn&quot;:&quot;*N&quot;,&quot;type&quot;:104}\"><span class=\"_58cl\">\u202a<\/span><\/a><span class=\"_58cl\">#\u200e<\/span><span class=\"_58cm\">LaCampa\u00f1aDeLaGente<\/span><a class=\"_58cn\" href=\"https:\/\/www.facebook.com\/hashtag\/lacampa%C3%B1adelagente?source=feed_text&amp;story_id=10153664973231390\" data-ft=\"{&quot;tn&quot;:&quot;*N&quot;,&quot;type&quot;:104}\"><span class=\"_58cm\">\u202c<\/span><\/a>, porque aqu\u00ed est\u00e1 la fuerza madura del amor al pa\u00eds, de nuestra autoestima colectiva, de este Amor que fue creciendo parejo a las libertades y logros conseguidos en estos 12 a\u00f1os, y que ma\u00f1ana, estoy segura, con total conciencia y responsabilidad va a ganarle a la indiferencia, a la desmemoria y al intento de regresar al pasado. En cada voto conseguido en estos d\u00edas de fraterna fiebre colectiva por empujar el triunfo del compa\u00f1ero Daniel Scioli hay la polenta incontenible de ese \u00abLa Patria es el Otro\u00bb que Cristina Fernandez de Kirchner nos deja como su mejor legado y tambi\u00e9n el enamoramiento que Daniel supo despertarnos pele\u00e1ndola, con las patas en el barro y las medias ca\u00eddas, pero sin desmayo.<br \/>\n<\/span><\/p>\n<p><span class=\"text_exposed_show\">Tenemos el candidato que nos merecemos para seguir con la Argentina que so\u00f1amos.<br \/>\n<\/span><\/p>\n<p><span class=\"text_exposed_show\">\u00a1Vamos que Ganamos!<br \/>\n<\/span><\/p>\n<p><span class=\"text_exposed_show\">Para defender todo lo logrado y conseguir todo lo que falta <a class=\"_58cn\" href=\"https:\/\/www.facebook.com\/hashtag\/sciolipresidente?source=feed_text&amp;story_id=10153664973231390\" data-ft=\"{&quot;tn&quot;:&quot;*N&quot;,&quot;type&quot;:104}\"><span class=\"_58cl\">\u202a<\/span><\/a><span class=\"_58cl\">#\u200e<\/span><span class=\"_58cm\">ScioliPresidente<\/span><a class=\"_58cn\" href=\"https:\/\/www.facebook.com\/hashtag\/sciolipresidente?source=feed_text&amp;story_id=10153664973231390\" data-ft=\"{&quot;tn&quot;:&quot;*N&quot;,&quot;type&quot;:104}\"><span class=\"_58cm\">\u202c<\/span><\/a><\/span><\/p>\n","protected":false},"excerpt":{"rendered":"<p>Por Maricarmen Mart\u00ednez Garrido \u00a1Bienvenido Balotaje! \u00bfSab\u00e9s qu\u00e9? Cuando faltan pocas horas para ir a votar, a lo largo de todo el d\u00eda de hoy, una intuici\u00f3n ha ido cobrando fuerza en m\u00ed hasta convertirse en una certeza. Este balotaje&hellip;<\/p>\n","protected":false},"author":87,"featured_media":248343,"comment_status":"closed","ping_status":"open","sticky":false,"template":"","format":"standard","meta":{"footnotes":""},"categories":[11389,161,74,67],"tags":[26,21156,21189,1146,21098,696,403,963,8885],"class_list":["post-248342","post","type-post","status-publish","format-standard","has-post-thumbnail","hentry","category-contenido-original","category-opiniones","category-politica-es","category-sudamerica","tag-argentina","tag-ballotage","tag-balotaje","tag-cristina-fernandez-de-kirchner","tag-daniel-scioli","tag-democracia","tag-elecciones","tag-frente-para-la-victoria","tag-militancia"],"yoast_head":"<!-- This site is optimized with the Yoast SEO plugin v27.1.1 - https:\/\/yoast.com\/product\/yoast-seo-wordpress\/ -->\n<title>Balotaje argentino: El final del &quot;No te met\u00e1s&quot;<\/title>\n<meta name=\"description\" content=\"Por Maricarmen Mart\u00ednez Garrido \u00a1Bienvenido Balotaje! \u00bfSab\u00e9s qu\u00e9? Cuando faltan pocas horas para ir a votar, a lo largo de todo el d\u00eda de hoy, una\" \/>\n<meta name=\"robots\" content=\"index, follow, max-snippet:-1, max-image-preview:large, max-video-preview:-1\" \/>\n<link rel=\"canonical\" href=\"https:\/\/www.pressenza.com\/es\/2015\/11\/balotaje-argentino-el-final-del-no-te-metas\/\" \/>\n<meta property=\"og:locale\" content=\"es_ES\" \/>\n<meta property=\"og:type\" content=\"article\" \/>\n<meta property=\"og:title\" content=\"Balotaje argentino: El final del &quot;No te met\u00e1s&quot;\" \/>\n<meta property=\"og:description\" content=\"Por Maricarmen Mart\u00ednez Garrido \u00a1Bienvenido Balotaje! \u00bfSab\u00e9s qu\u00e9? Cuando faltan pocas horas para ir a votar, a lo largo de todo el d\u00eda de hoy, una\" \/>\n<meta property=\"og:url\" content=\"https:\/\/www.pressenza.com\/es\/2015\/11\/balotaje-argentino-el-final-del-no-te-metas\/\" \/>\n<meta property=\"og:site_name\" content=\"Pressenza\" \/>\n<meta property=\"article:publisher\" content=\"https:\/\/www.facebook.com\/PressenzaItalia\" \/>\n<meta property=\"article:published_time\" content=\"2015-11-22T01:07:43+00:00\" \/>\n<meta property=\"article:modified_time\" content=\"2015-11-22T01:08:15+00:00\" \/>\n<meta property=\"og:image\" content=\"https:\/\/www.pressenza.com\/wp-content\/uploads\/2015\/11\/militantes-radio-hache.jpg\" \/>\n\t<meta property=\"og:image:width\" content=\"960\" \/>\n\t<meta property=\"og:image:height\" content=\"539\" \/>\n\t<meta property=\"og:image:type\" content=\"image\/jpeg\" \/>\n<meta name=\"author\" content=\"Redacci\u00f3n Argentina\" \/>\n<meta name=\"twitter:card\" content=\"summary_large_image\" \/>\n<meta name=\"twitter:creator\" content=\"@pressenza\" \/>\n<meta name=\"twitter:site\" content=\"@PressenzaIPA\" \/>\n<meta name=\"twitter:label1\" content=\"Escrito por\" \/>\n\t<meta name=\"twitter:data1\" content=\"Redacci\u00f3n Argentina\" \/>\n\t<meta name=\"twitter:label2\" content=\"Tiempo de lectura\" \/>\n\t<meta name=\"twitter:data2\" content=\"3 minutos\" \/>\n<script type=\"application\/ld+json\" class=\"yoast-schema-graph\">{\"@context\":\"https:\/\/schema.org\",\"@graph\":[{\"@type\":\"Article\",\"@id\":\"https:\/\/www.pressenza.com\/es\/2015\/11\/balotaje-argentino-el-final-del-no-te-metas\/#article\",\"isPartOf\":{\"@id\":\"https:\/\/www.pressenza.com\/es\/2015\/11\/balotaje-argentino-el-final-del-no-te-metas\/\"},\"author\":{\"name\":\"Redacci\u00f3n Argentina\",\"@id\":\"https:\/\/www.pressenza.com\/es\/#\/schema\/person\/0dda7d1b68267ad95b1e1d83abc98c89\"},\"headline\":\"Balotaje argentino: El final del \u00abNo te met\u00e1s\u00bb\",\"datePublished\":\"2015-11-22T01:07:43+00:00\",\"dateModified\":\"2015-11-22T01:08:15+00:00\",\"mainEntityOfPage\":{\"@id\":\"https:\/\/www.pressenza.com\/es\/2015\/11\/balotaje-argentino-el-final-del-no-te-metas\/\"},\"wordCount\":541,\"publisher\":{\"@id\":\"https:\/\/www.pressenza.com\/es\/#organization\"},\"image\":{\"@id\":\"https:\/\/www.pressenza.com\/es\/2015\/11\/balotaje-argentino-el-final-del-no-te-metas\/#primaryimage\"},\"thumbnailUrl\":\"https:\/\/www.pressenza.com\/wp-content\/uploads\/2015\/11\/militantes-radio-hache.jpg\",\"keywords\":[\"Argentina\",\"ballotage\",\"balotaje\",\"Cristina Fernandez de Kirchner\",\"Daniel Scioli\",\"Democracia\",\"elecciones\",\"Frente para la Victoria\",\"militancia\"],\"articleSection\":[\"Contenido Original\",\"Opiniones\",\"Pol\u00edtica\",\"Sudam\u00e9rica\"],\"inLanguage\":\"es\"},{\"@type\":\"WebPage\",\"@id\":\"https:\/\/www.pressenza.com\/es\/2015\/11\/balotaje-argentino-el-final-del-no-te-metas\/\",\"url\":\"https:\/\/www.pressenza.com\/es\/2015\/11\/balotaje-argentino-el-final-del-no-te-metas\/\",\"name\":\"Balotaje argentino: El final del \\\"No te met\u00e1s\\\"\",\"isPartOf\":{\"@id\":\"https:\/\/www.pressenza.com\/es\/#website\"},\"primaryImageOfPage\":{\"@id\":\"https:\/\/www.pressenza.com\/es\/2015\/11\/balotaje-argentino-el-final-del-no-te-metas\/#primaryimage\"},\"image\":{\"@id\":\"https:\/\/www.pressenza.com\/es\/2015\/11\/balotaje-argentino-el-final-del-no-te-metas\/#primaryimage\"},\"thumbnailUrl\":\"https:\/\/www.pressenza.com\/wp-content\/uploads\/2015\/11\/militantes-radio-hache.jpg\",\"datePublished\":\"2015-11-22T01:07:43+00:00\",\"dateModified\":\"2015-11-22T01:08:15+00:00\",\"description\":\"Por Maricarmen Mart\u00ednez Garrido \u00a1Bienvenido Balotaje! \u00bfSab\u00e9s qu\u00e9? Cuando faltan pocas horas para ir a votar, a lo largo de todo el d\u00eda de hoy, una\",\"breadcrumb\":{\"@id\":\"https:\/\/www.pressenza.com\/es\/2015\/11\/balotaje-argentino-el-final-del-no-te-metas\/#breadcrumb\"},\"inLanguage\":\"es\",\"potentialAction\":[{\"@type\":\"ReadAction\",\"target\":[\"https:\/\/www.pressenza.com\/es\/2015\/11\/balotaje-argentino-el-final-del-no-te-metas\/\"]}]},{\"@type\":\"ImageObject\",\"inLanguage\":\"es\",\"@id\":\"https:\/\/www.pressenza.com\/es\/2015\/11\/balotaje-argentino-el-final-del-no-te-metas\/#primaryimage\",\"url\":\"https:\/\/www.pressenza.com\/wp-content\/uploads\/2015\/11\/militantes-radio-hache.jpg\",\"contentUrl\":\"https:\/\/www.pressenza.com\/wp-content\/uploads\/2015\/11\/militantes-radio-hache.jpg\",\"width\":960,\"height\":539},{\"@type\":\"BreadcrumbList\",\"@id\":\"https:\/\/www.pressenza.com\/es\/2015\/11\/balotaje-argentino-el-final-del-no-te-metas\/#breadcrumb\",\"itemListElement\":[{\"@type\":\"ListItem\",\"position\":1,\"name\":\"Accueil\",\"item\":\"https:\/\/www.pressenza.com\/es\/\"},{\"@type\":\"ListItem\",\"position\":2,\"name\":\"Balotaje argentino: El final del \u00abNo te met\u00e1s\u00bb\"}]},{\"@type\":\"WebSite\",\"@id\":\"https:\/\/www.pressenza.com\/es\/#website\",\"url\":\"https:\/\/www.pressenza.com\/es\/\",\"name\":\"Pressenza\",\"description\":\"International Press Agency\",\"publisher\":{\"@id\":\"https:\/\/www.pressenza.com\/es\/#organization\"},\"potentialAction\":[{\"@type\":\"SearchAction\",\"target\":{\"@type\":\"EntryPoint\",\"urlTemplate\":\"https:\/\/www.pressenza.com\/es\/?s={search_term_string}\"},\"query-input\":{\"@type\":\"PropertyValueSpecification\",\"valueRequired\":true,\"valueName\":\"search_term_string\"}}],\"inLanguage\":\"es\"},{\"@type\":\"Organization\",\"@id\":\"https:\/\/www.pressenza.com\/es\/#organization\",\"name\":\"Pressenza\",\"url\":\"https:\/\/www.pressenza.com\/es\/\",\"logo\":{\"@type\":\"ImageObject\",\"inLanguage\":\"es\",\"@id\":\"https:\/\/www.pressenza.com\/es\/#\/schema\/logo\/image\/\",\"url\":\"https:\/\/www.pressenza.com\/wp-content\/uploads\/2022\/10\/pressenza_logo_200x200.jpg\",\"contentUrl\":\"https:\/\/www.pressenza.com\/wp-content\/uploads\/2022\/10\/pressenza_logo_200x200.jpg\",\"width\":200,\"height\":200,\"caption\":\"Pressenza\"},\"image\":{\"@id\":\"https:\/\/www.pressenza.com\/es\/#\/schema\/logo\/image\/\"},\"sameAs\":[\"https:\/\/www.facebook.com\/PressenzaItalia\",\"https:\/\/x.com\/PressenzaIPA\"]},{\"@type\":\"Person\",\"@id\":\"https:\/\/www.pressenza.com\/es\/#\/schema\/person\/0dda7d1b68267ad95b1e1d83abc98c89\",\"name\":\"Redacci\u00f3n Argentina\",\"description\":\"News from the Pressenza Bureau in Argentina.\",\"sameAs\":[\"https:\/\/x.com\/pressenza\"],\"url\":\"https:\/\/www.pressenza.com\/es\/author\/redaccion-argentina\/\"}]}<\/script>\n<!-- \/ Yoast SEO plugin. -->","yoast_head_json":{"title":"Balotaje argentino: El final del \"No te met\u00e1s\"","description":"Por Maricarmen Mart\u00ednez Garrido \u00a1Bienvenido Balotaje! \u00bfSab\u00e9s qu\u00e9? Cuando faltan pocas horas para ir a votar, a lo largo de todo el d\u00eda de hoy, una","robots":{"index":"index","follow":"follow","max-snippet":"max-snippet:-1","max-image-preview":"max-image-preview:large","max-video-preview":"max-video-preview:-1"},"canonical":"https:\/\/www.pressenza.com\/es\/2015\/11\/balotaje-argentino-el-final-del-no-te-metas\/","og_locale":"es_ES","og_type":"article","og_title":"Balotaje argentino: El final del \"No te met\u00e1s\"","og_description":"Por Maricarmen Mart\u00ednez Garrido \u00a1Bienvenido Balotaje! \u00bfSab\u00e9s qu\u00e9? Cuando faltan pocas horas para ir a votar, a lo largo de todo el d\u00eda de hoy, una","og_url":"https:\/\/www.pressenza.com\/es\/2015\/11\/balotaje-argentino-el-final-del-no-te-metas\/","og_site_name":"Pressenza","article_publisher":"https:\/\/www.facebook.com\/PressenzaItalia","article_published_time":"2015-11-22T01:07:43+00:00","article_modified_time":"2015-11-22T01:08:15+00:00","og_image":[{"width":960,"height":539,"url":"https:\/\/www.pressenza.com\/wp-content\/uploads\/2015\/11\/militantes-radio-hache.jpg","type":"image\/jpeg"}],"author":"Redacci\u00f3n Argentina","twitter_card":"summary_large_image","twitter_creator":"@pressenza","twitter_site":"@PressenzaIPA","twitter_misc":{"Escrito por":"Redacci\u00f3n Argentina","Tiempo de lectura":"3 minutos"},"schema":{"@context":"https:\/\/schema.org","@graph":[{"@type":"Article","@id":"https:\/\/www.pressenza.com\/es\/2015\/11\/balotaje-argentino-el-final-del-no-te-metas\/#article","isPartOf":{"@id":"https:\/\/www.pressenza.com\/es\/2015\/11\/balotaje-argentino-el-final-del-no-te-metas\/"},"author":{"name":"Redacci\u00f3n Argentina","@id":"https:\/\/www.pressenza.com\/es\/#\/schema\/person\/0dda7d1b68267ad95b1e1d83abc98c89"},"headline":"Balotaje argentino: El final del \u00abNo te met\u00e1s\u00bb","datePublished":"2015-11-22T01:07:43+00:00","dateModified":"2015-11-22T01:08:15+00:00","mainEntityOfPage":{"@id":"https:\/\/www.pressenza.com\/es\/2015\/11\/balotaje-argentino-el-final-del-no-te-metas\/"},"wordCount":541,"publisher":{"@id":"https:\/\/www.pressenza.com\/es\/#organization"},"image":{"@id":"https:\/\/www.pressenza.com\/es\/2015\/11\/balotaje-argentino-el-final-del-no-te-metas\/#primaryimage"},"thumbnailUrl":"https:\/\/www.pressenza.com\/wp-content\/uploads\/2015\/11\/militantes-radio-hache.jpg","keywords":["Argentina","ballotage","balotaje","Cristina Fernandez de Kirchner","Daniel Scioli","Democracia","elecciones","Frente para la Victoria","militancia"],"articleSection":["Contenido Original","Opiniones","Pol\u00edtica","Sudam\u00e9rica"],"inLanguage":"es"},{"@type":"WebPage","@id":"https:\/\/www.pressenza.com\/es\/2015\/11\/balotaje-argentino-el-final-del-no-te-metas\/","url":"https:\/\/www.pressenza.com\/es\/2015\/11\/balotaje-argentino-el-final-del-no-te-metas\/","name":"Balotaje argentino: El final del \"No te met\u00e1s\"","isPartOf":{"@id":"https:\/\/www.pressenza.com\/es\/#website"},"primaryImageOfPage":{"@id":"https:\/\/www.pressenza.com\/es\/2015\/11\/balotaje-argentino-el-final-del-no-te-metas\/#primaryimage"},"image":{"@id":"https:\/\/www.pressenza.com\/es\/2015\/11\/balotaje-argentino-el-final-del-no-te-metas\/#primaryimage"},"thumbnailUrl":"https:\/\/www.pressenza.com\/wp-content\/uploads\/2015\/11\/militantes-radio-hache.jpg","datePublished":"2015-11-22T01:07:43+00:00","dateModified":"2015-11-22T01:08:15+00:00","description":"Por Maricarmen Mart\u00ednez Garrido \u00a1Bienvenido Balotaje! \u00bfSab\u00e9s qu\u00e9? Cuando faltan pocas horas para ir a votar, a lo largo de todo el d\u00eda de hoy, una","breadcrumb":{"@id":"https:\/\/www.pressenza.com\/es\/2015\/11\/balotaje-argentino-el-final-del-no-te-metas\/#breadcrumb"},"inLanguage":"es","potentialAction":[{"@type":"ReadAction","target":["https:\/\/www.pressenza.com\/es\/2015\/11\/balotaje-argentino-el-final-del-no-te-metas\/"]}]},{"@type":"ImageObject","inLanguage":"es","@id":"https:\/\/www.pressenza.com\/es\/2015\/11\/balotaje-argentino-el-final-del-no-te-metas\/#primaryimage","url":"https:\/\/www.pressenza.com\/wp-content\/uploads\/2015\/11\/militantes-radio-hache.jpg","contentUrl":"https:\/\/www.pressenza.com\/wp-content\/uploads\/2015\/11\/militantes-radio-hache.jpg","width":960,"height":539},{"@type":"BreadcrumbList","@id":"https:\/\/www.pressenza.com\/es\/2015\/11\/balotaje-argentino-el-final-del-no-te-metas\/#breadcrumb","itemListElement":[{"@type":"ListItem","position":1,"name":"Accueil","item":"https:\/\/www.pressenza.com\/es\/"},{"@type":"ListItem","position":2,"name":"Balotaje argentino: El final del \u00abNo te met\u00e1s\u00bb"}]},{"@type":"WebSite","@id":"https:\/\/www.pressenza.com\/es\/#website","url":"https:\/\/www.pressenza.com\/es\/","name":"Pressenza","description":"International Press Agency","publisher":{"@id":"https:\/\/www.pressenza.com\/es\/#organization"},"potentialAction":[{"@type":"SearchAction","target":{"@type":"EntryPoint","urlTemplate":"https:\/\/www.pressenza.com\/es\/?s={search_term_string}"},"query-input":{"@type":"PropertyValueSpecification","valueRequired":true,"valueName":"search_term_string"}}],"inLanguage":"es"},{"@type":"Organization","@id":"https:\/\/www.pressenza.com\/es\/#organization","name":"Pressenza","url":"https:\/\/www.pressenza.com\/es\/","logo":{"@type":"ImageObject","inLanguage":"es","@id":"https:\/\/www.pressenza.com\/es\/#\/schema\/logo\/image\/","url":"https:\/\/www.pressenza.com\/wp-content\/uploads\/2022\/10\/pressenza_logo_200x200.jpg","contentUrl":"https:\/\/www.pressenza.com\/wp-content\/uploads\/2022\/10\/pressenza_logo_200x200.jpg","width":200,"height":200,"caption":"Pressenza"},"image":{"@id":"https:\/\/www.pressenza.com\/es\/#\/schema\/logo\/image\/"},"sameAs":["https:\/\/www.facebook.com\/PressenzaItalia","https:\/\/x.com\/PressenzaIPA"]},{"@type":"Person","@id":"https:\/\/www.pressenza.com\/es\/#\/schema\/person\/0dda7d1b68267ad95b1e1d83abc98c89","name":"Redacci\u00f3n Argentina","description":"News from the Pressenza Bureau in Argentina.","sameAs":["https:\/\/x.com\/pressenza"],"url":"https:\/\/www.pressenza.com\/es\/author\/redaccion-argentina\/"}]}},"place":"Ciudad de Buenos Aires","original_article_url":"","_links":{"self":[{"href":"https:\/\/www.pressenza.com\/es\/wp-json\/wp\/v2\/posts\/248342","targetHints":{"allow":["GET"]}}],"collection":[{"href":"https:\/\/www.pressenza.com\/es\/wp-json\/wp\/v2\/posts"}],"about":[{"href":"https:\/\/www.pressenza.com\/es\/wp-json\/wp\/v2\/types\/post"}],"author":[{"embeddable":true,"href":"https:\/\/www.pressenza.com\/es\/wp-json\/wp\/v2\/users\/87"}],"replies":[{"embeddable":true,"href":"https:\/\/www.pressenza.com\/es\/wp-json\/wp\/v2\/comments?post=248342"}],"version-history":[{"count":0,"href":"https:\/\/www.pressenza.com\/es\/wp-json\/wp\/v2\/posts\/248342\/revisions"}],"wp:featuredmedia":[{"embeddable":true,"href":"https:\/\/www.pressenza.com\/es\/wp-json\/wp\/v2\/media\/248343"}],"wp:attachment":[{"href":"https:\/\/www.pressenza.com\/es\/wp-json\/wp\/v2\/media?parent=248342"}],"wp:term":[{"taxonomy":"category","embeddable":true,"href":"https:\/\/www.pressenza.com\/es\/wp-json\/wp\/v2\/categories?post=248342"},{"taxonomy":"post_tag","embeddable":true,"href":"https:\/\/www.pressenza.com\/es\/wp-json\/wp\/v2\/tags?post=248342"}],"curies":[{"name":"wp","href":"https:\/\/api.w.org\/{rel}","templated":true}]}}