{"id":24754,"date":"2012-11-17T12:22:44","date_gmt":"2012-11-17T12:22:44","guid":{"rendered":"http:\/\/www.pressenza.com\/?p=24754"},"modified":"2015-07-21T17:54:24","modified_gmt":"2015-07-21T16:54:24","slug":"se-realiza-el-encuentro-internacional-de-la-red-de-consejos-por-la-no-violencia-activa","status":"publish","type":"post","link":"https:\/\/www.pressenza.com\/es\/2012\/11\/se-realiza-el-encuentro-internacional-de-la-red-de-consejos-por-la-no-violencia-activa\/","title":{"rendered":"Se realiza el Encuentro Internacional de la Red de Consejos por la No-Violencia activa"},"content":{"rendered":"<p>Con el objetivo de intercambiar entre todos aquellos que trabajan para la construcci\u00f3n de ciudades no-violentas, este viernes 16 y s\u00e1bado 17 de noviembre en la Universidad Tecnol\u00f3gica Nacional (Sede Buenos Aires) se lleva a cabo\u00a0el Encuentro Internacional de la Red de Consejos por la No-Violencia activa.<\/p>\n<p>Asisten los Consejos por la No-violencia Activa, que llevan adelante el M\u00e9todo Triple de Cambio, de los distintos nodos del pa\u00eds. Estos nodos trabajan en red, intercambiando experiencias y acciones comunes. Se invita a todos los interesados en conocer la propuesta a participar del encuentro que se desarrolla en el Aula Magna de la UTN (Medrano 951, capital) desde las 10 a las 17. \u00a0Se puede seguir virtualmente a trav\u00e9s de\u00a0<strong><a href=\"http:\/\/www.consejosnoviolencia.org\/\" target=\"_blank\">www.consejosnoviolencia.org<\/a>.\u00a0<\/strong><\/p>\n<p>Las jornadas son convocadas por La Comunidad para el Desarrollo Humano, la organizaci\u00f3n Voluntarios del Mundo, con la coordinaci\u00f3n del licenciado Juan Jos\u00e9 Pescio. En el encuentro se realizar\u00e1n paneles y mesas de intercambio con docentes, estudiantes y activistas que implementan los Consejos Permanentes por la No Violencia Activa en colegios y barrios distintas ciudades del pa\u00eds.<\/p>\n","protected":false},"excerpt":{"rendered":"<p>Con el objetivo de intercambiar entre todos aquellos que trabajan para la construcci\u00f3n de ciudades no-violentas, este viernes 16 y s\u00e1bado 17 de noviembre en la Universidad Tecnol\u00f3gica Nacional (Sede Buenos Aires) se lleva a cabo\u00a0el Encuentro Internacional de la&hellip;<\/p>\n","protected":false},"author":20,"featured_media":24764,"comment_status":"closed","ping_status":"open","sticky":false,"template":"","format":"standard","meta":{"footnotes":""},"categories":[1230,1242,63,67],"tags":[12896,393],"class_list":["post-24754","post","type-post","status-publish","format-standard","has-post-thumbnail","hentry","category-educacion-tema","category-noviolencia-tema","category-region-es","category-sudamerica","tag-consejos-permanentes-por-la-noviolencia-activa","tag-educacion"],"yoast_head":"<!-- This site is optimized with the Yoast SEO plugin v27.1.1 - https:\/\/yoast.com\/product\/yoast-seo-wordpress\/ -->\n<title>Se realiza el Encuentro Internacional de la Red de Consejos por la No-Violencia activa<\/title>\n<meta name=\"description\" content=\"Con el objetivo de intercambiar entre todos aquellos que trabajan para la construcci\u00f3n de ciudades no-violentas, este viernes 16 y s\u00e1bado 17 de noviembre\" \/>\n<meta name=\"robots\" content=\"index, follow, max-snippet:-1, max-image-preview:large, max-video-preview:-1\" \/>\n<link rel=\"canonical\" href=\"https:\/\/www.pressenza.com\/es\/2012\/11\/se-realiza-el-encuentro-internacional-de-la-red-de-consejos-por-la-no-violencia-activa\/\" \/>\n<meta property=\"og:locale\" content=\"es_ES\" \/>\n<meta property=\"og:type\" content=\"article\" \/>\n<meta property=\"og:title\" content=\"Se realiza el Encuentro Internacional de la Red de Consejos por la No-Violencia activa\" \/>\n<meta property=\"og:description\" content=\"Con el objetivo de intercambiar entre todos aquellos que trabajan para la construcci\u00f3n de ciudades no-violentas, este viernes 16 y s\u00e1bado 17 de noviembre\" \/>\n<meta property=\"og:url\" content=\"https:\/\/www.pressenza.com\/es\/2012\/11\/se-realiza-el-encuentro-internacional-de-la-red-de-consejos-por-la-no-violencia-activa\/\" \/>\n<meta property=\"og:site_name\" content=\"Pressenza\" \/>\n<meta property=\"article:publisher\" content=\"https:\/\/www.facebook.com\/PressenzaItalia\" \/>\n<meta property=\"article:published_time\" content=\"2012-11-17T12:22:44+00:00\" \/>\n<meta property=\"article:modified_time\" content=\"2015-07-21T16:54:24+00:00\" \/>\n<meta property=\"og:image\" content=\"https:\/\/www.pressenza.com\/wp-content\/uploads\/2012\/11\/Consejos-Permanentes-por-la-No-Violencia-Activaimagen.png\" \/>\n\t<meta property=\"og:image:width\" content=\"265\" \/>\n\t<meta property=\"og:image:height\" content=\"215\" \/>\n\t<meta property=\"og:image:type\" content=\"image\/png\" \/>\n<meta name=\"author\" content=\"ivan novotny\" \/>\n<meta name=\"twitter:card\" content=\"summary_large_image\" \/>\n<meta name=\"twitter:creator\" content=\"@ivanovotny\" \/>\n<meta name=\"twitter:site\" content=\"@PressenzaIPA\" \/>\n<meta name=\"twitter:label1\" content=\"Escrito por\" \/>\n\t<meta name=\"twitter:data1\" content=\"ivan novotny\" \/>\n\t<meta name=\"twitter:label2\" content=\"Tiempo de lectura\" \/>\n\t<meta name=\"twitter:data2\" content=\"1 minuto\" \/>\n<script type=\"application\/ld+json\" class=\"yoast-schema-graph\">{\"@context\":\"https:\/\/schema.org\",\"@graph\":[{\"@type\":\"Article\",\"@id\":\"https:\/\/www.pressenza.com\/es\/2012\/11\/se-realiza-el-encuentro-internacional-de-la-red-de-consejos-por-la-no-violencia-activa\/#article\",\"isPartOf\":{\"@id\":\"https:\/\/www.pressenza.com\/es\/2012\/11\/se-realiza-el-encuentro-internacional-de-la-red-de-consejos-por-la-no-violencia-activa\/\"},\"author\":{\"name\":\"ivan novotny\",\"@id\":\"https:\/\/www.pressenza.com\/es\/#\/schema\/person\/074b2cdde387af1b7a93f788a03ec37a\"},\"headline\":\"Se realiza el Encuentro Internacional de la Red de Consejos por la No-Violencia activa\",\"datePublished\":\"2012-11-17T12:22:44+00:00\",\"dateModified\":\"2015-07-21T16:54:24+00:00\",\"mainEntityOfPage\":{\"@id\":\"https:\/\/www.pressenza.com\/es\/2012\/11\/se-realiza-el-encuentro-internacional-de-la-red-de-consejos-por-la-no-violencia-activa\/\"},\"wordCount\":198,\"publisher\":{\"@id\":\"https:\/\/www.pressenza.com\/es\/#organization\"},\"image\":{\"@id\":\"https:\/\/www.pressenza.com\/es\/2012\/11\/se-realiza-el-encuentro-internacional-de-la-red-de-consejos-por-la-no-violencia-activa\/#primaryimage\"},\"thumbnailUrl\":\"https:\/\/www.pressenza.com\/wp-content\/uploads\/2012\/11\/Consejos-Permanentes-por-la-No-Violencia-Activaimagen.png\",\"keywords\":[\"Consejos Permanentes por la Noviolencia Activa\",\"Educaci\u00f3n\"],\"articleSection\":[\"Educaci\u00f3n\",\"Noviolencia\",\"Regi\u00f3n\",\"Sudam\u00e9rica\"],\"inLanguage\":\"es\"},{\"@type\":\"WebPage\",\"@id\":\"https:\/\/www.pressenza.com\/es\/2012\/11\/se-realiza-el-encuentro-internacional-de-la-red-de-consejos-por-la-no-violencia-activa\/\",\"url\":\"https:\/\/www.pressenza.com\/es\/2012\/11\/se-realiza-el-encuentro-internacional-de-la-red-de-consejos-por-la-no-violencia-activa\/\",\"name\":\"Se realiza el Encuentro Internacional de la Red de Consejos por la No-Violencia activa\",\"isPartOf\":{\"@id\":\"https:\/\/www.pressenza.com\/es\/#website\"},\"primaryImageOfPage\":{\"@id\":\"https:\/\/www.pressenza.com\/es\/2012\/11\/se-realiza-el-encuentro-internacional-de-la-red-de-consejos-por-la-no-violencia-activa\/#primaryimage\"},\"image\":{\"@id\":\"https:\/\/www.pressenza.com\/es\/2012\/11\/se-realiza-el-encuentro-internacional-de-la-red-de-consejos-por-la-no-violencia-activa\/#primaryimage\"},\"thumbnailUrl\":\"https:\/\/www.pressenza.com\/wp-content\/uploads\/2012\/11\/Consejos-Permanentes-por-la-No-Violencia-Activaimagen.png\",\"datePublished\":\"2012-11-17T12:22:44+00:00\",\"dateModified\":\"2015-07-21T16:54:24+00:00\",\"description\":\"Con el objetivo de intercambiar entre todos aquellos que trabajan para la construcci\u00f3n de ciudades no-violentas, este viernes 16 y s\u00e1bado 17 de noviembre\",\"breadcrumb\":{\"@id\":\"https:\/\/www.pressenza.com\/es\/2012\/11\/se-realiza-el-encuentro-internacional-de-la-red-de-consejos-por-la-no-violencia-activa\/#breadcrumb\"},\"inLanguage\":\"es\",\"potentialAction\":[{\"@type\":\"ReadAction\",\"target\":[\"https:\/\/www.pressenza.com\/es\/2012\/11\/se-realiza-el-encuentro-internacional-de-la-red-de-consejos-por-la-no-violencia-activa\/\"]}]},{\"@type\":\"ImageObject\",\"inLanguage\":\"es\",\"@id\":\"https:\/\/www.pressenza.com\/es\/2012\/11\/se-realiza-el-encuentro-internacional-de-la-red-de-consejos-por-la-no-violencia-activa\/#primaryimage\",\"url\":\"https:\/\/www.pressenza.com\/wp-content\/uploads\/2012\/11\/Consejos-Permanentes-por-la-No-Violencia-Activaimagen.png\",\"contentUrl\":\"https:\/\/www.pressenza.com\/wp-content\/uploads\/2012\/11\/Consejos-Permanentes-por-la-No-Violencia-Activaimagen.png\",\"width\":\"265\",\"height\":\"215\"},{\"@type\":\"BreadcrumbList\",\"@id\":\"https:\/\/www.pressenza.com\/es\/2012\/11\/se-realiza-el-encuentro-internacional-de-la-red-de-consejos-por-la-no-violencia-activa\/#breadcrumb\",\"itemListElement\":[{\"@type\":\"ListItem\",\"position\":1,\"name\":\"Accueil\",\"item\":\"https:\/\/www.pressenza.com\/es\/\"},{\"@type\":\"ListItem\",\"position\":2,\"name\":\"Se realiza el Encuentro Internacional de la Red de Consejos por la No-Violencia activa\"}]},{\"@type\":\"WebSite\",\"@id\":\"https:\/\/www.pressenza.com\/es\/#website\",\"url\":\"https:\/\/www.pressenza.com\/es\/\",\"name\":\"Pressenza\",\"description\":\"International Press Agency\",\"publisher\":{\"@id\":\"https:\/\/www.pressenza.com\/es\/#organization\"},\"potentialAction\":[{\"@type\":\"SearchAction\",\"target\":{\"@type\":\"EntryPoint\",\"urlTemplate\":\"https:\/\/www.pressenza.com\/es\/?s={search_term_string}\"},\"query-input\":{\"@type\":\"PropertyValueSpecification\",\"valueRequired\":true,\"valueName\":\"search_term_string\"}}],\"inLanguage\":\"es\"},{\"@type\":\"Organization\",\"@id\":\"https:\/\/www.pressenza.com\/es\/#organization\",\"name\":\"Pressenza\",\"url\":\"https:\/\/www.pressenza.com\/es\/\",\"logo\":{\"@type\":\"ImageObject\",\"inLanguage\":\"es\",\"@id\":\"https:\/\/www.pressenza.com\/es\/#\/schema\/logo\/image\/\",\"url\":\"https:\/\/www.pressenza.com\/wp-content\/uploads\/2022\/10\/pressenza_logo_200x200.jpg\",\"contentUrl\":\"https:\/\/www.pressenza.com\/wp-content\/uploads\/2022\/10\/pressenza_logo_200x200.jpg\",\"width\":200,\"height\":200,\"caption\":\"Pressenza\"},\"image\":{\"@id\":\"https:\/\/www.pressenza.com\/es\/#\/schema\/logo\/image\/\"},\"sameAs\":[\"https:\/\/www.facebook.com\/PressenzaItalia\",\"https:\/\/x.com\/PressenzaIPA\"]},{\"@type\":\"Person\",\"@id\":\"https:\/\/www.pressenza.com\/es\/#\/schema\/person\/074b2cdde387af1b7a93f788a03ec37a\",\"name\":\"ivan novotny\",\"description\":\"A graduate in Communication Science from the University of Buenos Aires.\",\"sameAs\":[\"https:\/\/www.instagram.com\/inovotny\",\"https:\/\/x.com\/ivanovotny\"],\"url\":\"https:\/\/www.pressenza.com\/es\/author\/ivan-novotny\/\"}]}<\/script>\n<!-- \/ Yoast SEO plugin. -->","yoast_head_json":{"title":"Se realiza el Encuentro Internacional de la Red de Consejos por la No-Violencia activa","description":"Con el objetivo de intercambiar entre todos aquellos que trabajan para la construcci\u00f3n de ciudades no-violentas, este viernes 16 y s\u00e1bado 17 de noviembre","robots":{"index":"index","follow":"follow","max-snippet":"max-snippet:-1","max-image-preview":"max-image-preview:large","max-video-preview":"max-video-preview:-1"},"canonical":"https:\/\/www.pressenza.com\/es\/2012\/11\/se-realiza-el-encuentro-internacional-de-la-red-de-consejos-por-la-no-violencia-activa\/","og_locale":"es_ES","og_type":"article","og_title":"Se realiza el Encuentro Internacional de la Red de Consejos por la No-Violencia activa","og_description":"Con el objetivo de intercambiar entre todos aquellos que trabajan para la construcci\u00f3n de ciudades no-violentas, este viernes 16 y s\u00e1bado 17 de noviembre","og_url":"https:\/\/www.pressenza.com\/es\/2012\/11\/se-realiza-el-encuentro-internacional-de-la-red-de-consejos-por-la-no-violencia-activa\/","og_site_name":"Pressenza","article_publisher":"https:\/\/www.facebook.com\/PressenzaItalia","article_published_time":"2012-11-17T12:22:44+00:00","article_modified_time":"2015-07-21T16:54:24+00:00","og_image":[{"width":265,"height":215,"url":"https:\/\/www.pressenza.com\/wp-content\/uploads\/2012\/11\/Consejos-Permanentes-por-la-No-Violencia-Activaimagen.png","type":"image\/png"}],"author":"ivan novotny","twitter_card":"summary_large_image","twitter_creator":"@ivanovotny","twitter_site":"@PressenzaIPA","twitter_misc":{"Escrito por":"ivan novotny","Tiempo de lectura":"1 minuto"},"schema":{"@context":"https:\/\/schema.org","@graph":[{"@type":"Article","@id":"https:\/\/www.pressenza.com\/es\/2012\/11\/se-realiza-el-encuentro-internacional-de-la-red-de-consejos-por-la-no-violencia-activa\/#article","isPartOf":{"@id":"https:\/\/www.pressenza.com\/es\/2012\/11\/se-realiza-el-encuentro-internacional-de-la-red-de-consejos-por-la-no-violencia-activa\/"},"author":{"name":"ivan novotny","@id":"https:\/\/www.pressenza.com\/es\/#\/schema\/person\/074b2cdde387af1b7a93f788a03ec37a"},"headline":"Se realiza el Encuentro Internacional de la Red de Consejos por la No-Violencia activa","datePublished":"2012-11-17T12:22:44+00:00","dateModified":"2015-07-21T16:54:24+00:00","mainEntityOfPage":{"@id":"https:\/\/www.pressenza.com\/es\/2012\/11\/se-realiza-el-encuentro-internacional-de-la-red-de-consejos-por-la-no-violencia-activa\/"},"wordCount":198,"publisher":{"@id":"https:\/\/www.pressenza.com\/es\/#organization"},"image":{"@id":"https:\/\/www.pressenza.com\/es\/2012\/11\/se-realiza-el-encuentro-internacional-de-la-red-de-consejos-por-la-no-violencia-activa\/#primaryimage"},"thumbnailUrl":"https:\/\/www.pressenza.com\/wp-content\/uploads\/2012\/11\/Consejos-Permanentes-por-la-No-Violencia-Activaimagen.png","keywords":["Consejos Permanentes por la Noviolencia Activa","Educaci\u00f3n"],"articleSection":["Educaci\u00f3n","Noviolencia","Regi\u00f3n","Sudam\u00e9rica"],"inLanguage":"es"},{"@type":"WebPage","@id":"https:\/\/www.pressenza.com\/es\/2012\/11\/se-realiza-el-encuentro-internacional-de-la-red-de-consejos-por-la-no-violencia-activa\/","url":"https:\/\/www.pressenza.com\/es\/2012\/11\/se-realiza-el-encuentro-internacional-de-la-red-de-consejos-por-la-no-violencia-activa\/","name":"Se realiza el Encuentro Internacional de la Red de Consejos por la No-Violencia activa","isPartOf":{"@id":"https:\/\/www.pressenza.com\/es\/#website"},"primaryImageOfPage":{"@id":"https:\/\/www.pressenza.com\/es\/2012\/11\/se-realiza-el-encuentro-internacional-de-la-red-de-consejos-por-la-no-violencia-activa\/#primaryimage"},"image":{"@id":"https:\/\/www.pressenza.com\/es\/2012\/11\/se-realiza-el-encuentro-internacional-de-la-red-de-consejos-por-la-no-violencia-activa\/#primaryimage"},"thumbnailUrl":"https:\/\/www.pressenza.com\/wp-content\/uploads\/2012\/11\/Consejos-Permanentes-por-la-No-Violencia-Activaimagen.png","datePublished":"2012-11-17T12:22:44+00:00","dateModified":"2015-07-21T16:54:24+00:00","description":"Con el objetivo de intercambiar entre todos aquellos que trabajan para la construcci\u00f3n de ciudades no-violentas, este viernes 16 y s\u00e1bado 17 de noviembre","breadcrumb":{"@id":"https:\/\/www.pressenza.com\/es\/2012\/11\/se-realiza-el-encuentro-internacional-de-la-red-de-consejos-por-la-no-violencia-activa\/#breadcrumb"},"inLanguage":"es","potentialAction":[{"@type":"ReadAction","target":["https:\/\/www.pressenza.com\/es\/2012\/11\/se-realiza-el-encuentro-internacional-de-la-red-de-consejos-por-la-no-violencia-activa\/"]}]},{"@type":"ImageObject","inLanguage":"es","@id":"https:\/\/www.pressenza.com\/es\/2012\/11\/se-realiza-el-encuentro-internacional-de-la-red-de-consejos-por-la-no-violencia-activa\/#primaryimage","url":"https:\/\/www.pressenza.com\/wp-content\/uploads\/2012\/11\/Consejos-Permanentes-por-la-No-Violencia-Activaimagen.png","contentUrl":"https:\/\/www.pressenza.com\/wp-content\/uploads\/2012\/11\/Consejos-Permanentes-por-la-No-Violencia-Activaimagen.png","width":"265","height":"215"},{"@type":"BreadcrumbList","@id":"https:\/\/www.pressenza.com\/es\/2012\/11\/se-realiza-el-encuentro-internacional-de-la-red-de-consejos-por-la-no-violencia-activa\/#breadcrumb","itemListElement":[{"@type":"ListItem","position":1,"name":"Accueil","item":"https:\/\/www.pressenza.com\/es\/"},{"@type":"ListItem","position":2,"name":"Se realiza el Encuentro Internacional de la Red de Consejos por la No-Violencia activa"}]},{"@type":"WebSite","@id":"https:\/\/www.pressenza.com\/es\/#website","url":"https:\/\/www.pressenza.com\/es\/","name":"Pressenza","description":"International Press Agency","publisher":{"@id":"https:\/\/www.pressenza.com\/es\/#organization"},"potentialAction":[{"@type":"SearchAction","target":{"@type":"EntryPoint","urlTemplate":"https:\/\/www.pressenza.com\/es\/?s={search_term_string}"},"query-input":{"@type":"PropertyValueSpecification","valueRequired":true,"valueName":"search_term_string"}}],"inLanguage":"es"},{"@type":"Organization","@id":"https:\/\/www.pressenza.com\/es\/#organization","name":"Pressenza","url":"https:\/\/www.pressenza.com\/es\/","logo":{"@type":"ImageObject","inLanguage":"es","@id":"https:\/\/www.pressenza.com\/es\/#\/schema\/logo\/image\/","url":"https:\/\/www.pressenza.com\/wp-content\/uploads\/2022\/10\/pressenza_logo_200x200.jpg","contentUrl":"https:\/\/www.pressenza.com\/wp-content\/uploads\/2022\/10\/pressenza_logo_200x200.jpg","width":200,"height":200,"caption":"Pressenza"},"image":{"@id":"https:\/\/www.pressenza.com\/es\/#\/schema\/logo\/image\/"},"sameAs":["https:\/\/www.facebook.com\/PressenzaItalia","https:\/\/x.com\/PressenzaIPA"]},{"@type":"Person","@id":"https:\/\/www.pressenza.com\/es\/#\/schema\/person\/074b2cdde387af1b7a93f788a03ec37a","name":"ivan novotny","description":"A graduate in Communication Science from the University of Buenos Aires.","sameAs":["https:\/\/www.instagram.com\/inovotny","https:\/\/x.com\/ivanovotny"],"url":"https:\/\/www.pressenza.com\/es\/author\/ivan-novotny\/"}]}},"place":"","original_article_url":"","_links":{"self":[{"href":"https:\/\/www.pressenza.com\/es\/wp-json\/wp\/v2\/posts\/24754","targetHints":{"allow":["GET"]}}],"collection":[{"href":"https:\/\/www.pressenza.com\/es\/wp-json\/wp\/v2\/posts"}],"about":[{"href":"https:\/\/www.pressenza.com\/es\/wp-json\/wp\/v2\/types\/post"}],"author":[{"embeddable":true,"href":"https:\/\/www.pressenza.com\/es\/wp-json\/wp\/v2\/users\/20"}],"replies":[{"embeddable":true,"href":"https:\/\/www.pressenza.com\/es\/wp-json\/wp\/v2\/comments?post=24754"}],"version-history":[{"count":0,"href":"https:\/\/www.pressenza.com\/es\/wp-json\/wp\/v2\/posts\/24754\/revisions"}],"wp:featuredmedia":[{"embeddable":true,"href":"https:\/\/www.pressenza.com\/es\/wp-json\/wp\/v2\/media\/24764"}],"wp:attachment":[{"href":"https:\/\/www.pressenza.com\/es\/wp-json\/wp\/v2\/media?parent=24754"}],"wp:term":[{"taxonomy":"category","embeddable":true,"href":"https:\/\/www.pressenza.com\/es\/wp-json\/wp\/v2\/categories?post=24754"},{"taxonomy":"post_tag","embeddable":true,"href":"https:\/\/www.pressenza.com\/es\/wp-json\/wp\/v2\/tags?post=24754"}],"curies":[{"name":"wp","href":"https:\/\/api.w.org\/{rel}","templated":true}]}}