{"id":2463324,"date":"2024-05-19T16:50:13","date_gmt":"2024-05-19T15:50:13","guid":{"rendered":"https:\/\/www.pressenza.com\/?p=2463324"},"modified":"2024-05-19T16:50:13","modified_gmt":"2024-05-19T15:50:13","slug":"a-hector-llaitul-lo-condenaron-sin-pruebas-y-el-gobierno-feliz","status":"publish","type":"post","link":"https:\/\/www.pressenza.com\/es\/2024\/05\/a-hector-llaitul-lo-condenaron-sin-pruebas-y-el-gobierno-feliz\/","title":{"rendered":"A H\u00e9ctor Llaitul lo condenaron sin pruebas y el gobierno feliz"},"content":{"rendered":"<p>\u00bfC\u00f3mo que sin pruebas? Pues as\u00ed es. La mayor\u00eda de las pruebas provienen del propio tel\u00e9fono celular de Llaitul, que primero se lo intervinieron y despu\u00e9s simplemente se lo incautaron y lo destriparon completo. \u00bfEsto es v\u00e1lido? Claro que no, porque en caso de hacerse, tiene que ser con autorizaci\u00f3n del juez de garant\u00edas.\u00a0 Por ah\u00ed dicen los polic\u00edas que se pidi\u00f3 autorizaci\u00f3n, pero en la sentencia tal autorizaci\u00f3n no aparece. \u00bfEstar\u00e1 en otro\u00a0 lugar, en otro expediente tal vez? Quiz\u00e1s, \u00a0pero la cosa se menciona muy al pasar.<\/p>\n<p>No obstante, \u00a0en su\u00a0 cl\u00e1sica tesis\u00a0 denominada \u201cLa prueba il\u00edcita en las diligencias limitativas de derechos fundamentales en el proceso penal chileno. Algunos problemas\u201d, Ra\u00fal N\u00fa\u00f1ez\u00a0 Ojeda \u00a0sostiene\u00a0 que\u00a0 los requisitos de procedencia de la medida, siendo lo m\u00e1s importante la orden judicial que lo autorice, la cual establece, por mandato legal, la forma de practicar la diligencia, su oportunidad, la persona afectada, y su duraci\u00f3n; constituyendo esto un l\u00edmite de acci\u00f3n y, en caso de ser excedido, la medida decaer\u00e1 en ileg\u00edtima (art. 222 del CPP)<\/p>\n<p>Lo\u00a0 cierto es que\u00a0 los\u00a0 tel\u00e9fonos celulares incautados no prueban nada,\u00a0 porque pueden ser alterados, cambiados, borrados o su contenido o falsificado por los especialistas. Y en este caso tenemos al especialista: el perito en electro-ingenier\u00eda Daniel Cuevas Rojas. Los funcionarios policiales aseguran que la informaci\u00f3n fue extra\u00edda en con rigor cient\u00edfico sin ning\u00fan tipo de manipulaci\u00f3n adulteraci\u00f3n.\u00a0 \u00bfRigor cient\u00edfico? Y de ah\u00ed sacan la siguiente conclusi\u00f3n:<\/p>\n<p>\u201cEsta informaci\u00f3n permite concluir inequ\u00edvocamente que el acusado no s\u00f3lo hace un llamado o apolog\u00eda a la lucha frontal contra las empresas forestales, sino que insta, organiza, planifica, dirige muchos de los atentados perpetrados por la CAM o con el apoyo de la CAM.\u201d<\/p>\n<p><strong>\u00a0Y estas conclusiones tan aventuradas \u00bfEn qu\u00e9 se basan?<\/strong><\/p>\n<p>Como soy abogada vieja, me pareci\u00f3 que se podr\u00eda haber cuestionado mucho m\u00e1s la validez de estas pruebas y sus absurdas conclusiones. Entonces se me ocurri\u00f3 la idea\u00a0 de llamar a un buen abogado en Chile para que colaborara, ayudara, tratara de meter mano en esto.\u00a0 Me comuniqu\u00e9 telef\u00f3nicamente desde M\u00e9xico con el\u00a0 estudio de Nelson Caucoto, y una secretaria me dijo que \u00e9l no estaba. M\u00e1s o menos le expliqu\u00e9 a la se\u00f1orita de qu\u00e9 se trataba y despu\u00e9s le envi\u00e9 un mensaje bastante detallado al correo del grupo Caucoto, incluyendo un somero an\u00e1lisis de la sentencia que tiene m\u00e1s de 400 p\u00e1ginas.\u00a0 Despu\u00e9s de varios \u00a0d\u00edas no hay acuse de recibo ni menos una respuesta. Desgraciadamente el hombre no se interes\u00f3,\u00a0 a pesar de que en su despacho cuenta con 6 o 7 abogados de primera categor\u00eda.<\/p>\n<p>Dicen\u00a0 los\u00a0 m\u00faltiples querellantes que la b\u00fasqueda de cambios o reformas a que aspira el imputado, que pudieran aparecer como loables, exceden de lo permitido por nuestro Ordenamiento Jur\u00eddico, compuesto por la Constituci\u00f3n y la Ley de Seguridad del Estado \u00a0de Pinochet.<\/p>\n<p>En suma, todas las pruebas son\u00a0 sacadas de declaraciones que le habr\u00eda hecho Llaitul a un periodista en la calle, para m\u00e1s detalle se informa que fue \u201ca la sombra del cerro \u00d1ielol\u201d. Sacadas tambi\u00e9n de declaraciones en redes sociales, en programas de televisi\u00f3n, en una estrafalaria radio\u00a0 Kveruff, etc,\u00a0 pruebas que carecen de todo valor porque no se hicieron ni se ratificaron ante el Tribunal.<\/p>\n<p>Las excelentes abogadas que lo han defendido son dos chicas j\u00f3venes de Concepci\u00f3n, que han hecho todo lo posible,\u00a0 pero lo posible result\u00f3 imposible y perdieron esta parte del juicio.<\/p>\n<p><strong>\u00bfY qu\u00e9 dice el propio\u00a0 H\u00e9ctor Llaitul al respecto?\u00a0 Esto:<\/strong><\/p>\n<p>\u201cHay aspectos que dicen relaci\u00f3n con este juicio en mi contra y que pueden ser cuestionados de forma y fondo, porque hay algunas pruebas presentadas por Fiscal\u00eda que vulneran el debido proceso, como por ejemplo, el uso de los testigos sin rostro y el hackeo con el mismo programa software israel\u00ed para infiltraci\u00f3n de inteligencia para obtener los datos desde un aparato de celular\u201d. En entrevista con el newsletter Diagonal Biob\u00edo, el werk\u00e9n asegur\u00f3 que \u201cen cuanto al fondo, no resulta menor indicar que esta querella iniciada en el a\u00f1o 2020 surge cuando Luis Hermosilla era asesor jur\u00eddico del Ministerio del Interior y ten\u00eda contacto con el ex director de la PDI, H\u00e9ctor Espinosa, ambos hoy llevados a tribunales por causas de corrupci\u00f3n y otros il\u00edcitos por determinar. Se puede concluir que Hermosilla incluso fue uno de los que particip\u00f3 en la redacci\u00f3n de la querella o sus alcances\u201d.<\/p>\n<p>Actualmente, son dos las familias las due\u00f1as de pr\u00e1cticamente toda la industria forestal del pa\u00eds. Por un lado, el grupo Matte que controla la \u201cCompa\u00f1\u00eda Manufacturera de Papeles y Cartones\u201d (CMPC), y el grupo Angelini, due\u00f1o de \u201cCelulosa Arauco\u201d. Ambas empresas controlan el 70% del negocio forestal,\u00a0que produce m\u00e1s de 4 millones de toneladas de celulosa anualmente.<\/p>\n<p>La riqueza acumulada por estas familias a trav\u00e9s de la explotaci\u00f3n forestal, se acrecent\u00f3 durante la dictadura. El decreto Ley 701 del a\u00f1o 1974, vigente hasta la actualidad con m\u00ednimas modificaciones, conocido como ley al \u201cfomento forestal\u201d, subsidia con un 75% de los recursos las plantaciones de monocultivos de pinos y eucaliptos. El Estado con este \u201csubsidio\u201d a las empresas, promovi\u00f3 la destrucci\u00f3n paulatina del bosque nativo que ha sido reemplazado por plantaciones de pinos y eucaliptus rentables para el negocio forestal y que se incendian con un soplo c\u00e1lido porque tienen resinas inflamables. Tambi\u00e9n est\u00e1 la \u00a0empresa Bosques Caut\u00edn S.A. que es una de las querellantes\u00a0 y cuenta con cerca de 25.000 hect\u00e1reas de plantaciones de eucaliptus\u00a0 para la producci\u00f3n de celulosa, adem\u00e1s de una planta de astillado de gran capacidad.<\/p>\n<p>Por otra parte, \u00a0lo m\u00e1s chocante en esto es que un gobierno que se dice de izquierda \u00a0contin\u00fae promocionando la querella que inici\u00f3\u00a0 Sebasti\u00e1n Pi\u00f1era\u00a0 y \u00a0no s\u00f3lo acepte sino que celebre la condena.<\/p>\n<p>La ministra del Interior, do\u00f1a\u00a0 Carolina Toh\u00e1, ha dicho que el Gobierno considera esta condena como \u201cun logro importante\u201d y que \u201choy, se marca un hito\u201d.<\/p>\n<p>Muy cierto, se\u00f1ora, se marca un hito en la infamia \u00a0porque se est\u00e1 defendiendo a las empresas madereras, que\u00a0 nacieron con el decreto\u00a0 701\u00a0 de la dictadura y cuyo iniciador\u00a0 y campe\u00f3n fue\u00a0 Julio Ponce Lerou , yerno de Pinochet que sigue siendo uno de \u00a0los hombres m\u00e1s ricos\u00a0 y poderosos de chile.<\/p>\n<p>Al defender gran parte de la obra de la dictadura, al apoyarse en \u00a0sus leyes, este \u00a0gobierno est\u00e1 \u00a0ayudando a los que asesinaron a nuestras v\u00edctimas, entre las cuales se halla ese gran hombre que fue Jos\u00e9 Toh\u00e1, estrangulado\u00a0 hace\u00a0\u00a0 exactamente\u00a0 50\u00a0 a\u00f1os, \u00a0por varios esbirros de Pinochet. Porque \u00a0el dictador mand\u00f3 a \u00a0asesinar a todos los que hab\u00edan sido testigos de sus actitudes serviles y rastreras ante el presidente Allende.<\/p>\n<p>No me voy a poner ahora a defender a los\u00a0 ind\u00edgenas mapuche\u00a0 ni a sus dirigentes para no alargarme m\u00e1s. \u00a0Todas las personas decentes en Chile y tambi\u00e9n en \u00a0el exterior\u00a0 conocen el problema porque afecta a la mayor\u00eda de quienes fueron, hace miles de a\u00f1os, los habitantes originarios de este Continente y que fueron despojados, asesinados y despreciados por el colonizador. Todos sabemos que la parte de la Araucan\u00eda ocupada por los mapuche es una de las regiones m\u00e1s pobres\u00a0 del pa\u00eds. Y todos o casi todos hemos visto las fotos de mujeres mapuche caminando por la nieve a pie pelado.<\/p>\n<p>Por lo tanto repito: lo que procede si es que\u00a0 se ratifica esta infame sentencia\u00a0 despu\u00e9s de los recursos que se entablen, es \u00a0exigir el indulto para H\u00e9ctor Llaitul Catrillanca. A lo mejor la memoria de su padre asesinado hace 50 a\u00f1os, inspira de pronto a nuestra ministra del interior.<\/p>\n","protected":false},"excerpt":{"rendered":"<p>\u00bfC\u00f3mo que sin pruebas? Pues as\u00ed es. La mayor\u00eda de las pruebas provienen del propio tel\u00e9fono celular de Llaitul, que primero se lo intervinieron y despu\u00e9s simplemente se lo incautaron y lo destriparon completo. \u00bfEsto es v\u00e1lido? Claro que no,&hellip;<\/p>\n","protected":false},"author":2124,"featured_media":2463447,"comment_status":"closed","ping_status":"closed","sticky":false,"template":"","format":"standard","meta":{"footnotes":""},"categories":[11389,161,80,67],"tags":[29,119357],"class_list":["post-2463324","post","type-post","status-publish","format-standard","has-post-thumbnail","hentry","category-contenido-original","category-opiniones","category-pueblos-originarios","category-sudamerica","tag-chile","tag-hector-llaitul"],"yoast_head":"<!-- This site is optimized with the Yoast SEO plugin v27.1.1 - https:\/\/yoast.com\/product\/yoast-seo-wordpress\/ -->\n<title>A H\u00e9ctor Llaitul lo condenaron sin pruebas y el gobierno feliz<\/title>\n<meta name=\"description\" content=\"\u00bfC\u00f3mo que sin pruebas? Pues as\u00ed es. La mayor\u00eda de las pruebas provienen del propio tel\u00e9fono celular de Llaitul, que primero se lo intervinieron y despu\u00e9s\" \/>\n<meta name=\"robots\" content=\"index, follow, max-snippet:-1, max-image-preview:large, max-video-preview:-1\" \/>\n<link rel=\"canonical\" href=\"https:\/\/www.pressenza.com\/es\/2024\/05\/a-hector-llaitul-lo-condenaron-sin-pruebas-y-el-gobierno-feliz\/\" \/>\n<meta property=\"og:locale\" content=\"es_ES\" \/>\n<meta property=\"og:type\" content=\"article\" \/>\n<meta property=\"og:title\" content=\"A H\u00e9ctor Llaitul lo condenaron sin pruebas y el gobierno feliz\" \/>\n<meta property=\"og:description\" content=\"\u00bfC\u00f3mo que sin pruebas? Pues as\u00ed es. La mayor\u00eda de las pruebas provienen del propio tel\u00e9fono celular de Llaitul, que primero se lo intervinieron y despu\u00e9s\" \/>\n<meta property=\"og:url\" content=\"https:\/\/www.pressenza.com\/es\/2024\/05\/a-hector-llaitul-lo-condenaron-sin-pruebas-y-el-gobierno-feliz\/\" \/>\n<meta property=\"og:site_name\" content=\"Pressenza\" \/>\n<meta property=\"article:publisher\" content=\"https:\/\/www.facebook.com\/PressenzaItalia\" \/>\n<meta property=\"article:published_time\" content=\"2024-05-19T15:50:13+00:00\" \/>\n<meta property=\"og:image\" content=\"https:\/\/www.pressenza.com\/wp-content\/uploads\/2024\/05\/unnamed-5.jpg\" \/>\n\t<meta property=\"og:image:width\" content=\"1180\" \/>\n\t<meta property=\"og:image:height\" content=\"784\" \/>\n\t<meta property=\"og:image:type\" content=\"image\/jpeg\" \/>\n<meta name=\"author\" content=\"Margarita Labarca Goddard\" \/>\n<meta name=\"twitter:card\" content=\"summary_large_image\" \/>\n<meta name=\"twitter:creator\" content=\"@PressenzaIPA\" \/>\n<meta name=\"twitter:site\" content=\"@PressenzaIPA\" \/>\n<meta name=\"twitter:label1\" content=\"Escrito por\" \/>\n\t<meta name=\"twitter:data1\" content=\"Margarita Labarca Goddard\" \/>\n\t<meta name=\"twitter:label2\" content=\"Tiempo de lectura\" \/>\n\t<meta name=\"twitter:data2\" content=\"6 minutos\" \/>\n<script type=\"application\/ld+json\" class=\"yoast-schema-graph\">{\"@context\":\"https:\/\/schema.org\",\"@graph\":[{\"@type\":\"Article\",\"@id\":\"https:\/\/www.pressenza.com\/es\/2024\/05\/a-hector-llaitul-lo-condenaron-sin-pruebas-y-el-gobierno-feliz\/#article\",\"isPartOf\":{\"@id\":\"https:\/\/www.pressenza.com\/es\/2024\/05\/a-hector-llaitul-lo-condenaron-sin-pruebas-y-el-gobierno-feliz\/\"},\"author\":{\"name\":\"Margarita Labarca Goddard\",\"@id\":\"https:\/\/www.pressenza.com\/es\/#\/schema\/person\/671f453ff8d847cc1742639e75e22e13\"},\"headline\":\"A H\u00e9ctor Llaitul lo condenaron sin pruebas y el gobierno feliz\",\"datePublished\":\"2024-05-19T15:50:13+00:00\",\"mainEntityOfPage\":{\"@id\":\"https:\/\/www.pressenza.com\/es\/2024\/05\/a-hector-llaitul-lo-condenaron-sin-pruebas-y-el-gobierno-feliz\/\"},\"wordCount\":1366,\"publisher\":{\"@id\":\"https:\/\/www.pressenza.com\/es\/#organization\"},\"image\":{\"@id\":\"https:\/\/www.pressenza.com\/es\/2024\/05\/a-hector-llaitul-lo-condenaron-sin-pruebas-y-el-gobierno-feliz\/#primaryimage\"},\"thumbnailUrl\":\"https:\/\/www.pressenza.com\/wp-content\/uploads\/2024\/05\/unnamed-5.jpg\",\"keywords\":[\"Chile\",\"H\u00e9ctor Llaitul\"],\"articleSection\":[\"Contenido Original\",\"Opiniones\",\"Pueblos Originarios\",\"Sudam\u00e9rica\"],\"inLanguage\":\"es\"},{\"@type\":\"WebPage\",\"@id\":\"https:\/\/www.pressenza.com\/es\/2024\/05\/a-hector-llaitul-lo-condenaron-sin-pruebas-y-el-gobierno-feliz\/\",\"url\":\"https:\/\/www.pressenza.com\/es\/2024\/05\/a-hector-llaitul-lo-condenaron-sin-pruebas-y-el-gobierno-feliz\/\",\"name\":\"A H\u00e9ctor Llaitul lo condenaron sin pruebas y el gobierno feliz\",\"isPartOf\":{\"@id\":\"https:\/\/www.pressenza.com\/es\/#website\"},\"primaryImageOfPage\":{\"@id\":\"https:\/\/www.pressenza.com\/es\/2024\/05\/a-hector-llaitul-lo-condenaron-sin-pruebas-y-el-gobierno-feliz\/#primaryimage\"},\"image\":{\"@id\":\"https:\/\/www.pressenza.com\/es\/2024\/05\/a-hector-llaitul-lo-condenaron-sin-pruebas-y-el-gobierno-feliz\/#primaryimage\"},\"thumbnailUrl\":\"https:\/\/www.pressenza.com\/wp-content\/uploads\/2024\/05\/unnamed-5.jpg\",\"datePublished\":\"2024-05-19T15:50:13+00:00\",\"description\":\"\u00bfC\u00f3mo que sin pruebas? Pues as\u00ed es. La mayor\u00eda de las pruebas provienen del propio tel\u00e9fono celular de Llaitul, que primero se lo intervinieron y despu\u00e9s\",\"breadcrumb\":{\"@id\":\"https:\/\/www.pressenza.com\/es\/2024\/05\/a-hector-llaitul-lo-condenaron-sin-pruebas-y-el-gobierno-feliz\/#breadcrumb\"},\"inLanguage\":\"es\",\"potentialAction\":[{\"@type\":\"ReadAction\",\"target\":[\"https:\/\/www.pressenza.com\/es\/2024\/05\/a-hector-llaitul-lo-condenaron-sin-pruebas-y-el-gobierno-feliz\/\"]}]},{\"@type\":\"ImageObject\",\"inLanguage\":\"es\",\"@id\":\"https:\/\/www.pressenza.com\/es\/2024\/05\/a-hector-llaitul-lo-condenaron-sin-pruebas-y-el-gobierno-feliz\/#primaryimage\",\"url\":\"https:\/\/www.pressenza.com\/wp-content\/uploads\/2024\/05\/unnamed-5.jpg\",\"contentUrl\":\"https:\/\/www.pressenza.com\/wp-content\/uploads\/2024\/05\/unnamed-5.jpg\",\"width\":1180,\"height\":784},{\"@type\":\"BreadcrumbList\",\"@id\":\"https:\/\/www.pressenza.com\/es\/2024\/05\/a-hector-llaitul-lo-condenaron-sin-pruebas-y-el-gobierno-feliz\/#breadcrumb\",\"itemListElement\":[{\"@type\":\"ListItem\",\"position\":1,\"name\":\"Accueil\",\"item\":\"https:\/\/www.pressenza.com\/es\/\"},{\"@type\":\"ListItem\",\"position\":2,\"name\":\"A H\u00e9ctor Llaitul lo condenaron sin pruebas y el gobierno feliz\"}]},{\"@type\":\"WebSite\",\"@id\":\"https:\/\/www.pressenza.com\/es\/#website\",\"url\":\"https:\/\/www.pressenza.com\/es\/\",\"name\":\"Pressenza\",\"description\":\"International Press Agency\",\"publisher\":{\"@id\":\"https:\/\/www.pressenza.com\/es\/#organization\"},\"potentialAction\":[{\"@type\":\"SearchAction\",\"target\":{\"@type\":\"EntryPoint\",\"urlTemplate\":\"https:\/\/www.pressenza.com\/es\/?s={search_term_string}\"},\"query-input\":{\"@type\":\"PropertyValueSpecification\",\"valueRequired\":true,\"valueName\":\"search_term_string\"}}],\"inLanguage\":\"es\"},{\"@type\":\"Organization\",\"@id\":\"https:\/\/www.pressenza.com\/es\/#organization\",\"name\":\"Pressenza\",\"url\":\"https:\/\/www.pressenza.com\/es\/\",\"logo\":{\"@type\":\"ImageObject\",\"inLanguage\":\"es\",\"@id\":\"https:\/\/www.pressenza.com\/es\/#\/schema\/logo\/image\/\",\"url\":\"https:\/\/www.pressenza.com\/wp-content\/uploads\/2022\/10\/pressenza_logo_200x200.jpg\",\"contentUrl\":\"https:\/\/www.pressenza.com\/wp-content\/uploads\/2022\/10\/pressenza_logo_200x200.jpg\",\"width\":200,\"height\":200,\"caption\":\"Pressenza\"},\"image\":{\"@id\":\"https:\/\/www.pressenza.com\/es\/#\/schema\/logo\/image\/\"},\"sameAs\":[\"https:\/\/www.facebook.com\/PressenzaItalia\",\"https:\/\/x.com\/PressenzaIPA\"]},{\"@type\":\"Person\",\"@id\":\"https:\/\/www.pressenza.com\/es\/#\/schema\/person\/671f453ff8d847cc1742639e75e22e13\",\"name\":\"Margarita Labarca Goddard\",\"description\":\"A graduate of the University of Chile\u2019s Law School (1960), she held a prominent role in public administration during Salvador Allende\u2019s government. Her life has been shaped by a deep international perspective, from an upbringing in Argentina and post-war Paris to political exile in Cuba and Mexico following the 1973 coup. A resident of Mexico since 1979 due to judicial persecution by the Chilean dictatorship, she brings to her writing extensive expertise in the legal, political, and social issues of Latin America.\",\"url\":\"https:\/\/www.pressenza.com\/es\/author\/margarita-labarca-goddard\/\"}]}<\/script>\n<!-- \/ Yoast SEO plugin. -->","yoast_head_json":{"title":"A H\u00e9ctor Llaitul lo condenaron sin pruebas y el gobierno feliz","description":"\u00bfC\u00f3mo que sin pruebas? Pues as\u00ed es. La mayor\u00eda de las pruebas provienen del propio tel\u00e9fono celular de Llaitul, que primero se lo intervinieron y despu\u00e9s","robots":{"index":"index","follow":"follow","max-snippet":"max-snippet:-1","max-image-preview":"max-image-preview:large","max-video-preview":"max-video-preview:-1"},"canonical":"https:\/\/www.pressenza.com\/es\/2024\/05\/a-hector-llaitul-lo-condenaron-sin-pruebas-y-el-gobierno-feliz\/","og_locale":"es_ES","og_type":"article","og_title":"A H\u00e9ctor Llaitul lo condenaron sin pruebas y el gobierno feliz","og_description":"\u00bfC\u00f3mo que sin pruebas? Pues as\u00ed es. La mayor\u00eda de las pruebas provienen del propio tel\u00e9fono celular de Llaitul, que primero se lo intervinieron y despu\u00e9s","og_url":"https:\/\/www.pressenza.com\/es\/2024\/05\/a-hector-llaitul-lo-condenaron-sin-pruebas-y-el-gobierno-feliz\/","og_site_name":"Pressenza","article_publisher":"https:\/\/www.facebook.com\/PressenzaItalia","article_published_time":"2024-05-19T15:50:13+00:00","og_image":[{"width":1180,"height":784,"url":"https:\/\/www.pressenza.com\/wp-content\/uploads\/2024\/05\/unnamed-5.jpg","type":"image\/jpeg"}],"author":"Margarita Labarca Goddard","twitter_card":"summary_large_image","twitter_creator":"@PressenzaIPA","twitter_site":"@PressenzaIPA","twitter_misc":{"Escrito por":"Margarita Labarca Goddard","Tiempo de lectura":"6 minutos"},"schema":{"@context":"https:\/\/schema.org","@graph":[{"@type":"Article","@id":"https:\/\/www.pressenza.com\/es\/2024\/05\/a-hector-llaitul-lo-condenaron-sin-pruebas-y-el-gobierno-feliz\/#article","isPartOf":{"@id":"https:\/\/www.pressenza.com\/es\/2024\/05\/a-hector-llaitul-lo-condenaron-sin-pruebas-y-el-gobierno-feliz\/"},"author":{"name":"Margarita Labarca Goddard","@id":"https:\/\/www.pressenza.com\/es\/#\/schema\/person\/671f453ff8d847cc1742639e75e22e13"},"headline":"A H\u00e9ctor Llaitul lo condenaron sin pruebas y el gobierno feliz","datePublished":"2024-05-19T15:50:13+00:00","mainEntityOfPage":{"@id":"https:\/\/www.pressenza.com\/es\/2024\/05\/a-hector-llaitul-lo-condenaron-sin-pruebas-y-el-gobierno-feliz\/"},"wordCount":1366,"publisher":{"@id":"https:\/\/www.pressenza.com\/es\/#organization"},"image":{"@id":"https:\/\/www.pressenza.com\/es\/2024\/05\/a-hector-llaitul-lo-condenaron-sin-pruebas-y-el-gobierno-feliz\/#primaryimage"},"thumbnailUrl":"https:\/\/www.pressenza.com\/wp-content\/uploads\/2024\/05\/unnamed-5.jpg","keywords":["Chile","H\u00e9ctor Llaitul"],"articleSection":["Contenido Original","Opiniones","Pueblos Originarios","Sudam\u00e9rica"],"inLanguage":"es"},{"@type":"WebPage","@id":"https:\/\/www.pressenza.com\/es\/2024\/05\/a-hector-llaitul-lo-condenaron-sin-pruebas-y-el-gobierno-feliz\/","url":"https:\/\/www.pressenza.com\/es\/2024\/05\/a-hector-llaitul-lo-condenaron-sin-pruebas-y-el-gobierno-feliz\/","name":"A H\u00e9ctor Llaitul lo condenaron sin pruebas y el gobierno feliz","isPartOf":{"@id":"https:\/\/www.pressenza.com\/es\/#website"},"primaryImageOfPage":{"@id":"https:\/\/www.pressenza.com\/es\/2024\/05\/a-hector-llaitul-lo-condenaron-sin-pruebas-y-el-gobierno-feliz\/#primaryimage"},"image":{"@id":"https:\/\/www.pressenza.com\/es\/2024\/05\/a-hector-llaitul-lo-condenaron-sin-pruebas-y-el-gobierno-feliz\/#primaryimage"},"thumbnailUrl":"https:\/\/www.pressenza.com\/wp-content\/uploads\/2024\/05\/unnamed-5.jpg","datePublished":"2024-05-19T15:50:13+00:00","description":"\u00bfC\u00f3mo que sin pruebas? Pues as\u00ed es. La mayor\u00eda de las pruebas provienen del propio tel\u00e9fono celular de Llaitul, que primero se lo intervinieron y despu\u00e9s","breadcrumb":{"@id":"https:\/\/www.pressenza.com\/es\/2024\/05\/a-hector-llaitul-lo-condenaron-sin-pruebas-y-el-gobierno-feliz\/#breadcrumb"},"inLanguage":"es","potentialAction":[{"@type":"ReadAction","target":["https:\/\/www.pressenza.com\/es\/2024\/05\/a-hector-llaitul-lo-condenaron-sin-pruebas-y-el-gobierno-feliz\/"]}]},{"@type":"ImageObject","inLanguage":"es","@id":"https:\/\/www.pressenza.com\/es\/2024\/05\/a-hector-llaitul-lo-condenaron-sin-pruebas-y-el-gobierno-feliz\/#primaryimage","url":"https:\/\/www.pressenza.com\/wp-content\/uploads\/2024\/05\/unnamed-5.jpg","contentUrl":"https:\/\/www.pressenza.com\/wp-content\/uploads\/2024\/05\/unnamed-5.jpg","width":1180,"height":784},{"@type":"BreadcrumbList","@id":"https:\/\/www.pressenza.com\/es\/2024\/05\/a-hector-llaitul-lo-condenaron-sin-pruebas-y-el-gobierno-feliz\/#breadcrumb","itemListElement":[{"@type":"ListItem","position":1,"name":"Accueil","item":"https:\/\/www.pressenza.com\/es\/"},{"@type":"ListItem","position":2,"name":"A H\u00e9ctor Llaitul lo condenaron sin pruebas y el gobierno feliz"}]},{"@type":"WebSite","@id":"https:\/\/www.pressenza.com\/es\/#website","url":"https:\/\/www.pressenza.com\/es\/","name":"Pressenza","description":"International Press Agency","publisher":{"@id":"https:\/\/www.pressenza.com\/es\/#organization"},"potentialAction":[{"@type":"SearchAction","target":{"@type":"EntryPoint","urlTemplate":"https:\/\/www.pressenza.com\/es\/?s={search_term_string}"},"query-input":{"@type":"PropertyValueSpecification","valueRequired":true,"valueName":"search_term_string"}}],"inLanguage":"es"},{"@type":"Organization","@id":"https:\/\/www.pressenza.com\/es\/#organization","name":"Pressenza","url":"https:\/\/www.pressenza.com\/es\/","logo":{"@type":"ImageObject","inLanguage":"es","@id":"https:\/\/www.pressenza.com\/es\/#\/schema\/logo\/image\/","url":"https:\/\/www.pressenza.com\/wp-content\/uploads\/2022\/10\/pressenza_logo_200x200.jpg","contentUrl":"https:\/\/www.pressenza.com\/wp-content\/uploads\/2022\/10\/pressenza_logo_200x200.jpg","width":200,"height":200,"caption":"Pressenza"},"image":{"@id":"https:\/\/www.pressenza.com\/es\/#\/schema\/logo\/image\/"},"sameAs":["https:\/\/www.facebook.com\/PressenzaItalia","https:\/\/x.com\/PressenzaIPA"]},{"@type":"Person","@id":"https:\/\/www.pressenza.com\/es\/#\/schema\/person\/671f453ff8d847cc1742639e75e22e13","name":"Margarita Labarca Goddard","description":"A graduate of the University of Chile\u2019s Law School (1960), she held a prominent role in public administration during Salvador Allende\u2019s government. Her life has been shaped by a deep international perspective, from an upbringing in Argentina and post-war Paris to political exile in Cuba and Mexico following the 1973 coup. A resident of Mexico since 1979 due to judicial persecution by the Chilean dictatorship, she brings to her writing extensive expertise in the legal, political, and social issues of Latin America.","url":"https:\/\/www.pressenza.com\/es\/author\/margarita-labarca-goddard\/"}]}},"place":"Santiago de Chile","original_article_url":"","_links":{"self":[{"href":"https:\/\/www.pressenza.com\/es\/wp-json\/wp\/v2\/posts\/2463324","targetHints":{"allow":["GET"]}}],"collection":[{"href":"https:\/\/www.pressenza.com\/es\/wp-json\/wp\/v2\/posts"}],"about":[{"href":"https:\/\/www.pressenza.com\/es\/wp-json\/wp\/v2\/types\/post"}],"author":[{"embeddable":true,"href":"https:\/\/www.pressenza.com\/es\/wp-json\/wp\/v2\/users\/2124"}],"replies":[{"embeddable":true,"href":"https:\/\/www.pressenza.com\/es\/wp-json\/wp\/v2\/comments?post=2463324"}],"version-history":[{"count":0,"href":"https:\/\/www.pressenza.com\/es\/wp-json\/wp\/v2\/posts\/2463324\/revisions"}],"wp:featuredmedia":[{"embeddable":true,"href":"https:\/\/www.pressenza.com\/es\/wp-json\/wp\/v2\/media\/2463447"}],"wp:attachment":[{"href":"https:\/\/www.pressenza.com\/es\/wp-json\/wp\/v2\/media?parent=2463324"}],"wp:term":[{"taxonomy":"category","embeddable":true,"href":"https:\/\/www.pressenza.com\/es\/wp-json\/wp\/v2\/categories?post=2463324"},{"taxonomy":"post_tag","embeddable":true,"href":"https:\/\/www.pressenza.com\/es\/wp-json\/wp\/v2\/tags?post=2463324"}],"curies":[{"name":"wp","href":"https:\/\/api.w.org\/{rel}","templated":true}]}}