{"id":245050,"date":"2015-11-12T14:32:07","date_gmt":"2015-11-12T14:32:07","guid":{"rendered":"http:\/\/www.pressenza.com\/es\/?p=245050"},"modified":"2015-11-12T14:32:17","modified_gmt":"2015-11-12T14:32:17","slug":"no-cuesta-mucho-que-te-llamen-nazi-en-israel","status":"publish","type":"post","link":"https:\/\/www.pressenza.com\/es\/2015\/11\/no-cuesta-mucho-que-te-llamen-nazi-en-israel\/","title":{"rendered":"No cuesta mucho que te llamen nazi en Israel"},"content":{"rendered":"<p><em><strong>Por \u00cd\u00f1igo S\u00e1enz de Ugarte para Guerra Eterna<\/strong><\/em><\/p>\n<p>Despu\u00e9s de muchos a\u00f1os de retraso, la Comisi\u00f3n Europea se ha decidido a tomar la medida de <a href=\"http:\/\/www.eldiario.es\/desalambre\/Comision-Europea-etiquetado-territorios-Israel_0_451105707.html\">exigir que los productos procedentes<\/a> de\u00a0los asentamientos israel\u00edes en Cisjordania se vendan en la UE con una etiqueta <a href=\"http:\/\/www.theguardian.com\/world\/2015\/nov\/11\/eu-sets-guidelines-on-labelling-products-from-israeli-settlements\">que identifique su origen<\/a>. La orden se aplica tambi\u00e9n a los Altos del Gol\u00e1n. En la base de la decisi\u00f3n est\u00e1 el hecho de que la UE no reconoce los territorios ocupados en la guerra de 1967 como pertenecientes al Estado israel\u00ed. Es tambi\u00e9n una forma de presi\u00f3n pol\u00edtica sobre el Gobierno de Netanyahu para reafirmar la idea de que esas zonas tendr\u00edan que ser la base de un futuro Estado palestino, por m\u00e1s que las posibilidades de que eso ocurra en un futuro cercano son pr\u00e1cticamente nulas.<\/p>\n<p>La reacci\u00f3n furibunda en el Gobierno israel\u00ed era previsible. El impacto econ\u00f3mico no ser\u00e1 muy alto, como se ha visto en tres pa\u00edses en donde ya existe esa orden, pero ese no es el tema que preocupa a Netanyahu y sus partidarios. Su pol\u00edtica, como qued\u00f3 clara en la \u00faltima campa\u00f1a electoral, es hacer imposible la idea de un Estado palestino. La decisi\u00f3n de la UE, por peque\u00f1a que sea, resta legitimidad a esa pol\u00edtica. En Israel temen que el rechazo o incluso el boicot termine alcanzando a aquellas empresas israel\u00edes que operan con toda normalidad en Cisjordania. Pero por encima de todo reside la convicci\u00f3n entre la\u00a0mayor\u00eda de los pol\u00edticos del pa\u00eds de\u00a0que el territorio palestino, que ellos llaman Judea y Samaria, les pertenece a ellos por derecho divino o por la fuerza de las armas, o por ambas cosas.<\/p>\n<p>\u00bfY <a href=\"http:\/\/www.nytimes.com\/2015\/11\/12\/world\/middleeast\/eu-labels-israeli-settlements.html?smid=tw-nytimesworld&amp;smtyp=cur&amp;_r=0\">qu\u00e9 es lo que destaca<\/a> The New York Times al respecto?<\/p>\n<blockquote class=\"twitter-tweet\" lang=\"fr\">\n<p dir=\"ltr\" lang=\"en\">EU to label Israeli goods made in settlements, a move some equate to Nazi&#8217;s yellow star <a href=\"https:\/\/t.co\/lCTjUMfCf1\">https:\/\/t.co\/lCTjUMfCf1<\/a> <a href=\"https:\/\/t.co\/6butJdu3yV\">pic.twitter.com\/6butJdu3yV<\/a><\/p>\n<p>\u2014 New York Times World (@nytimesworld) <a href=\"https:\/\/twitter.com\/nytimesworld\/status\/664500055001473025\">11 Novembre 2015<\/a><\/p><\/blockquote>\n<p><script src=\"\/\/platform.twitter.com\/widgets.js\" async=\"\" charset=\"utf-8\"><\/script>Varios pol\u00edticos israel\u00edes han dicho que esta decisi\u00f3n fomenta el terrorismo. Las declaraciones m\u00e1s intensas que el NYT ha recogido y que supuestamente justifican el titular en Twitter se remontan a los nazis, como era de esperar. El peri\u00f3dico\u00a0cita la frase del exministro\u00a0Avigdor Lieberman: \u201cCada vez que los europeos marcan a los jud\u00edos con una se\u00f1al es una muestra de\u00a0que el\u00a0antisemitismo, la locura y la hipocres\u00eda se han apoderado del mundo libre y que lo llevar\u00e1n al desastre\u201d. Michael Oren, historiador, diputado del partido Kulanu y exembajador de Israel en EEUU, coment\u00f3 la noticia colocando en Facebook <a href=\"https:\/\/www.facebook.com\/AmbassadorOren\/photos\/a.144894462240963.30277.115428891854187\/1008614729202261\/?type=3&amp;theater\">esta foto<\/a>\u00a0con un breve texto: <a href=\"http:\/\/www.guerraeterna.com\/wp-content\/uploads\/oren.jpg\"><img loading=\"lazy\" decoding=\"async\" class=\"alignnone size-full wp-image-10504\" src=\"http:\/\/www.guerraeterna.com\/wp-content\/uploads\/oren.jpg\" alt=\"oren\" width=\"500\" height=\"483\" \/><\/a> <\/p>\n<p><em>\u201cDe las m\u00e1s de 200 disputas territoriales en el mundo, la Uni\u00f3n Europea ha elegido la disputa territorial de Israel con los palestinos y Siria para (aplicar) un tratamiento especial. La decisi\u00f3n de la UE ignora la negativa de los palestinos a negociar con nosotros y el hecho de que Siria ya no existe. El objetivo es simplemente deslegitimar a los jud\u00edos. Y no ser\u00e1 la primera vez, como recuerda la imagen que he adjuntado\u201d.<\/em><\/p>\n<p>&nbsp;<\/p>\n<p>As\u00ed que si la UE acepta que se vendan en Europa los productos, en su mayor\u00eda agr\u00edcolas, que provienen de los asentamientos \u2013sobre tierra arrebatada a los palestinos\u2013 pero deben hacerlo con un etiquetado que revele su origen, eso es exactamente lo mismo que cuando los nazis pintaban estrellas de David en las tiendas de los jud\u00edos para que fueran acosados, marginados y en \u00faltima instancia eliminados.<\/p>\n<p>&nbsp;<\/p>\n<p>Y a eso se reduce todo. Los que est\u00e1n en contra de que Israel siga colonizando los territorios palestinos son unos nazis. Los que no aceptan que Israel arrebate la tierra de los palestinos para ampliar sus asentamientos son unos nazis. Los que rechazan que los palestinos vivan enjaulados sin derechos y sometidos a un gobierno militar son unos nazis. Los que se oponen a que los palestinos sean detenidos sin derecho a juicio son unos nazis.<\/p>\n<p>&nbsp;<\/p>\n<p>El mundo est\u00e1 lleno de nazis o la palabra ha perdido ya todo valor en Israel.<\/p>\n<p><script src=\"\/\/platform.twitter.com\/widgets.js\" async=\"\" charset=\"utf-8\"><\/script><\/p>\n","protected":false},"excerpt":{"rendered":"<p>Por \u00cd\u00f1igo S\u00e1enz de Ugarte para Guerra Eterna Despu\u00e9s de muchos a\u00f1os de retraso, la Comisi\u00f3n Europea se ha decidido a tomar la medida de exigir que los productos procedentes de\u00a0los asentamientos israel\u00edes en Cisjordania se vendan en la UE&hellip;<\/p>\n","protected":false},"author":1170,"featured_media":0,"comment_status":"closed","ping_status":"open","sticky":false,"template":"","format":"standard","meta":{"footnotes":""},"categories":[76,75,81,66,39,71,161,74],"tags":[12469,1092,646,814,1105],"class_list":["post-245050","post","type-post","status-publish","format-standard","hentry","category-relaciones-exteriores","category-cultura-es","category-economia-es","category-europa-es","category-internacional","category-medio-oriente-es","category-opiniones","category-politica-es","tag-cisjordania","tag-discriminacion","tag-israel-es","tag-palestina-es","tag-territorios-ocupados"],"yoast_head":"<!-- This site is optimized with the Yoast SEO plugin v27.1.1 - https:\/\/yoast.com\/product\/yoast-seo-wordpress\/ -->\n<title>No cuesta mucho que te llamen nazi en Israel<\/title>\n<meta name=\"description\" content=\"Por \u00cd\u00f1igo S\u00e1enz de Ugarte para Guerra Eterna Despu\u00e9s de muchos a\u00f1os de retraso, la Comisi\u00f3n Europea se ha decidido a tomar la medida de exigir que los\" \/>\n<meta name=\"robots\" content=\"index, follow, max-snippet:-1, max-image-preview:large, max-video-preview:-1\" \/>\n<link rel=\"canonical\" href=\"https:\/\/www.pressenza.com\/es\/2015\/11\/no-cuesta-mucho-que-te-llamen-nazi-en-israel\/\" \/>\n<meta property=\"og:locale\" content=\"es_ES\" \/>\n<meta property=\"og:type\" content=\"article\" \/>\n<meta property=\"og:title\" content=\"No cuesta mucho que te llamen nazi en Israel\" \/>\n<meta property=\"og:description\" content=\"Por \u00cd\u00f1igo S\u00e1enz de Ugarte para Guerra Eterna Despu\u00e9s de muchos a\u00f1os de retraso, la Comisi\u00f3n Europea se ha decidido a tomar la medida de exigir que los\" \/>\n<meta property=\"og:url\" content=\"https:\/\/www.pressenza.com\/es\/2015\/11\/no-cuesta-mucho-que-te-llamen-nazi-en-israel\/\" \/>\n<meta property=\"og:site_name\" content=\"Pressenza\" \/>\n<meta property=\"article:publisher\" content=\"https:\/\/www.facebook.com\/PressenzaItalia\" \/>\n<meta property=\"article:published_time\" content=\"2015-11-12T14:32:07+00:00\" \/>\n<meta property=\"article:modified_time\" content=\"2015-11-12T14:32:17+00:00\" \/>\n<meta name=\"author\" content=\"eldiario.es\" \/>\n<meta name=\"twitter:card\" content=\"summary_large_image\" \/>\n<meta name=\"twitter:creator\" content=\"@PressenzaIPA\" \/>\n<meta name=\"twitter:site\" content=\"@PressenzaIPA\" \/>\n<meta name=\"twitter:label1\" content=\"Escrito por\" \/>\n\t<meta name=\"twitter:data1\" content=\"eldiario.es\" \/>\n\t<meta name=\"twitter:label2\" content=\"Tiempo de lectura\" \/>\n\t<meta name=\"twitter:data2\" content=\"4 minutos\" \/>\n<script type=\"application\/ld+json\" class=\"yoast-schema-graph\">{\"@context\":\"https:\/\/schema.org\",\"@graph\":[{\"@type\":\"Article\",\"@id\":\"https:\/\/www.pressenza.com\/es\/2015\/11\/no-cuesta-mucho-que-te-llamen-nazi-en-israel\/#article\",\"isPartOf\":{\"@id\":\"https:\/\/www.pressenza.com\/es\/2015\/11\/no-cuesta-mucho-que-te-llamen-nazi-en-israel\/\"},\"author\":{\"name\":\"eldiario.es\",\"@id\":\"https:\/\/www.pressenza.com\/es\/#\/schema\/person\/35221cfd7eeca947b184bfc91172e541\"},\"headline\":\"No cuesta mucho que te llamen nazi en Israel\",\"datePublished\":\"2015-11-12T14:32:07+00:00\",\"dateModified\":\"2015-11-12T14:32:17+00:00\",\"mainEntityOfPage\":{\"@id\":\"https:\/\/www.pressenza.com\/es\/2015\/11\/no-cuesta-mucho-que-te-llamen-nazi-en-israel\/\"},\"wordCount\":715,\"publisher\":{\"@id\":\"https:\/\/www.pressenza.com\/es\/#organization\"},\"image\":{\"@id\":\"https:\/\/www.pressenza.com\/es\/2015\/11\/no-cuesta-mucho-que-te-llamen-nazi-en-israel\/#primaryimage\"},\"thumbnailUrl\":\"http:\/\/www.guerraeterna.com\/wp-content\/uploads\/oren.jpg\",\"keywords\":[\"cisjordania\",\"discriminaci\u00f3n\",\"Israel\",\"Palestina\",\"territorios ocupados\"],\"articleSection\":[\"Asuntos internacionales\",\"Cultura y Medios\",\"Econom\u00eda\",\"Europa\",\"Internacional\",\"Medio Oriente\",\"Opiniones\",\"Pol\u00edtica\"],\"inLanguage\":\"es\"},{\"@type\":\"WebPage\",\"@id\":\"https:\/\/www.pressenza.com\/es\/2015\/11\/no-cuesta-mucho-que-te-llamen-nazi-en-israel\/\",\"url\":\"https:\/\/www.pressenza.com\/es\/2015\/11\/no-cuesta-mucho-que-te-llamen-nazi-en-israel\/\",\"name\":\"No cuesta mucho que te llamen nazi en Israel\",\"isPartOf\":{\"@id\":\"https:\/\/www.pressenza.com\/es\/#website\"},\"primaryImageOfPage\":{\"@id\":\"https:\/\/www.pressenza.com\/es\/2015\/11\/no-cuesta-mucho-que-te-llamen-nazi-en-israel\/#primaryimage\"},\"image\":{\"@id\":\"https:\/\/www.pressenza.com\/es\/2015\/11\/no-cuesta-mucho-que-te-llamen-nazi-en-israel\/#primaryimage\"},\"thumbnailUrl\":\"http:\/\/www.guerraeterna.com\/wp-content\/uploads\/oren.jpg\",\"datePublished\":\"2015-11-12T14:32:07+00:00\",\"dateModified\":\"2015-11-12T14:32:17+00:00\",\"description\":\"Por \u00cd\u00f1igo S\u00e1enz de Ugarte para Guerra Eterna Despu\u00e9s de muchos a\u00f1os de retraso, la Comisi\u00f3n Europea se ha decidido a tomar la medida de exigir que los\",\"breadcrumb\":{\"@id\":\"https:\/\/www.pressenza.com\/es\/2015\/11\/no-cuesta-mucho-que-te-llamen-nazi-en-israel\/#breadcrumb\"},\"inLanguage\":\"es\",\"potentialAction\":[{\"@type\":\"ReadAction\",\"target\":[\"https:\/\/www.pressenza.com\/es\/2015\/11\/no-cuesta-mucho-que-te-llamen-nazi-en-israel\/\"]}]},{\"@type\":\"ImageObject\",\"inLanguage\":\"es\",\"@id\":\"https:\/\/www.pressenza.com\/es\/2015\/11\/no-cuesta-mucho-que-te-llamen-nazi-en-israel\/#primaryimage\",\"url\":\"http:\/\/www.guerraeterna.com\/wp-content\/uploads\/oren.jpg\",\"contentUrl\":\"http:\/\/www.guerraeterna.com\/wp-content\/uploads\/oren.jpg\"},{\"@type\":\"BreadcrumbList\",\"@id\":\"https:\/\/www.pressenza.com\/es\/2015\/11\/no-cuesta-mucho-que-te-llamen-nazi-en-israel\/#breadcrumb\",\"itemListElement\":[{\"@type\":\"ListItem\",\"position\":1,\"name\":\"Accueil\",\"item\":\"https:\/\/www.pressenza.com\/es\/\"},{\"@type\":\"ListItem\",\"position\":2,\"name\":\"No cuesta mucho que te llamen nazi en Israel\"}]},{\"@type\":\"WebSite\",\"@id\":\"https:\/\/www.pressenza.com\/es\/#website\",\"url\":\"https:\/\/www.pressenza.com\/es\/\",\"name\":\"Pressenza\",\"description\":\"International Press Agency\",\"publisher\":{\"@id\":\"https:\/\/www.pressenza.com\/es\/#organization\"},\"potentialAction\":[{\"@type\":\"SearchAction\",\"target\":{\"@type\":\"EntryPoint\",\"urlTemplate\":\"https:\/\/www.pressenza.com\/es\/?s={search_term_string}\"},\"query-input\":{\"@type\":\"PropertyValueSpecification\",\"valueRequired\":true,\"valueName\":\"search_term_string\"}}],\"inLanguage\":\"es\"},{\"@type\":\"Organization\",\"@id\":\"https:\/\/www.pressenza.com\/es\/#organization\",\"name\":\"Pressenza\",\"url\":\"https:\/\/www.pressenza.com\/es\/\",\"logo\":{\"@type\":\"ImageObject\",\"inLanguage\":\"es\",\"@id\":\"https:\/\/www.pressenza.com\/es\/#\/schema\/logo\/image\/\",\"url\":\"https:\/\/www.pressenza.com\/wp-content\/uploads\/2022\/10\/pressenza_logo_200x200.jpg\",\"contentUrl\":\"https:\/\/www.pressenza.com\/wp-content\/uploads\/2022\/10\/pressenza_logo_200x200.jpg\",\"width\":200,\"height\":200,\"caption\":\"Pressenza\"},\"image\":{\"@id\":\"https:\/\/www.pressenza.com\/es\/#\/schema\/logo\/image\/\"},\"sameAs\":[\"https:\/\/www.facebook.com\/PressenzaItalia\",\"https:\/\/x.com\/PressenzaIPA\"]},{\"@type\":\"Person\",\"@id\":\"https:\/\/www.pressenza.com\/es\/#\/schema\/person\/35221cfd7eeca947b184bfc91172e541\",\"name\":\"eldiario.es\",\"description\":\"eldiario.es is a new digital media with information and analysis focussing on politics and economics in its broadest sense: what affects people more than parties or markets. eldiario.es\",\"url\":\"https:\/\/www.pressenza.com\/es\/author\/eldiario-es\/\"}]}<\/script>\n<!-- \/ Yoast SEO plugin. -->","yoast_head_json":{"title":"No cuesta mucho que te llamen nazi en Israel","description":"Por \u00cd\u00f1igo S\u00e1enz de Ugarte para Guerra Eterna Despu\u00e9s de muchos a\u00f1os de retraso, la Comisi\u00f3n Europea se ha decidido a tomar la medida de exigir que los","robots":{"index":"index","follow":"follow","max-snippet":"max-snippet:-1","max-image-preview":"max-image-preview:large","max-video-preview":"max-video-preview:-1"},"canonical":"https:\/\/www.pressenza.com\/es\/2015\/11\/no-cuesta-mucho-que-te-llamen-nazi-en-israel\/","og_locale":"es_ES","og_type":"article","og_title":"No cuesta mucho que te llamen nazi en Israel","og_description":"Por \u00cd\u00f1igo S\u00e1enz de Ugarte para Guerra Eterna Despu\u00e9s de muchos a\u00f1os de retraso, la Comisi\u00f3n Europea se ha decidido a tomar la medida de exigir que los","og_url":"https:\/\/www.pressenza.com\/es\/2015\/11\/no-cuesta-mucho-que-te-llamen-nazi-en-israel\/","og_site_name":"Pressenza","article_publisher":"https:\/\/www.facebook.com\/PressenzaItalia","article_published_time":"2015-11-12T14:32:07+00:00","article_modified_time":"2015-11-12T14:32:17+00:00","author":"eldiario.es","twitter_card":"summary_large_image","twitter_creator":"@PressenzaIPA","twitter_site":"@PressenzaIPA","twitter_misc":{"Escrito por":"eldiario.es","Tiempo de lectura":"4 minutos"},"schema":{"@context":"https:\/\/schema.org","@graph":[{"@type":"Article","@id":"https:\/\/www.pressenza.com\/es\/2015\/11\/no-cuesta-mucho-que-te-llamen-nazi-en-israel\/#article","isPartOf":{"@id":"https:\/\/www.pressenza.com\/es\/2015\/11\/no-cuesta-mucho-que-te-llamen-nazi-en-israel\/"},"author":{"name":"eldiario.es","@id":"https:\/\/www.pressenza.com\/es\/#\/schema\/person\/35221cfd7eeca947b184bfc91172e541"},"headline":"No cuesta mucho que te llamen nazi en Israel","datePublished":"2015-11-12T14:32:07+00:00","dateModified":"2015-11-12T14:32:17+00:00","mainEntityOfPage":{"@id":"https:\/\/www.pressenza.com\/es\/2015\/11\/no-cuesta-mucho-que-te-llamen-nazi-en-israel\/"},"wordCount":715,"publisher":{"@id":"https:\/\/www.pressenza.com\/es\/#organization"},"image":{"@id":"https:\/\/www.pressenza.com\/es\/2015\/11\/no-cuesta-mucho-que-te-llamen-nazi-en-israel\/#primaryimage"},"thumbnailUrl":"http:\/\/www.guerraeterna.com\/wp-content\/uploads\/oren.jpg","keywords":["cisjordania","discriminaci\u00f3n","Israel","Palestina","territorios ocupados"],"articleSection":["Asuntos internacionales","Cultura y Medios","Econom\u00eda","Europa","Internacional","Medio Oriente","Opiniones","Pol\u00edtica"],"inLanguage":"es"},{"@type":"WebPage","@id":"https:\/\/www.pressenza.com\/es\/2015\/11\/no-cuesta-mucho-que-te-llamen-nazi-en-israel\/","url":"https:\/\/www.pressenza.com\/es\/2015\/11\/no-cuesta-mucho-que-te-llamen-nazi-en-israel\/","name":"No cuesta mucho que te llamen nazi en Israel","isPartOf":{"@id":"https:\/\/www.pressenza.com\/es\/#website"},"primaryImageOfPage":{"@id":"https:\/\/www.pressenza.com\/es\/2015\/11\/no-cuesta-mucho-que-te-llamen-nazi-en-israel\/#primaryimage"},"image":{"@id":"https:\/\/www.pressenza.com\/es\/2015\/11\/no-cuesta-mucho-que-te-llamen-nazi-en-israel\/#primaryimage"},"thumbnailUrl":"http:\/\/www.guerraeterna.com\/wp-content\/uploads\/oren.jpg","datePublished":"2015-11-12T14:32:07+00:00","dateModified":"2015-11-12T14:32:17+00:00","description":"Por \u00cd\u00f1igo S\u00e1enz de Ugarte para Guerra Eterna Despu\u00e9s de muchos a\u00f1os de retraso, la Comisi\u00f3n Europea se ha decidido a tomar la medida de exigir que los","breadcrumb":{"@id":"https:\/\/www.pressenza.com\/es\/2015\/11\/no-cuesta-mucho-que-te-llamen-nazi-en-israel\/#breadcrumb"},"inLanguage":"es","potentialAction":[{"@type":"ReadAction","target":["https:\/\/www.pressenza.com\/es\/2015\/11\/no-cuesta-mucho-que-te-llamen-nazi-en-israel\/"]}]},{"@type":"ImageObject","inLanguage":"es","@id":"https:\/\/www.pressenza.com\/es\/2015\/11\/no-cuesta-mucho-que-te-llamen-nazi-en-israel\/#primaryimage","url":"http:\/\/www.guerraeterna.com\/wp-content\/uploads\/oren.jpg","contentUrl":"http:\/\/www.guerraeterna.com\/wp-content\/uploads\/oren.jpg"},{"@type":"BreadcrumbList","@id":"https:\/\/www.pressenza.com\/es\/2015\/11\/no-cuesta-mucho-que-te-llamen-nazi-en-israel\/#breadcrumb","itemListElement":[{"@type":"ListItem","position":1,"name":"Accueil","item":"https:\/\/www.pressenza.com\/es\/"},{"@type":"ListItem","position":2,"name":"No cuesta mucho que te llamen nazi en Israel"}]},{"@type":"WebSite","@id":"https:\/\/www.pressenza.com\/es\/#website","url":"https:\/\/www.pressenza.com\/es\/","name":"Pressenza","description":"International Press Agency","publisher":{"@id":"https:\/\/www.pressenza.com\/es\/#organization"},"potentialAction":[{"@type":"SearchAction","target":{"@type":"EntryPoint","urlTemplate":"https:\/\/www.pressenza.com\/es\/?s={search_term_string}"},"query-input":{"@type":"PropertyValueSpecification","valueRequired":true,"valueName":"search_term_string"}}],"inLanguage":"es"},{"@type":"Organization","@id":"https:\/\/www.pressenza.com\/es\/#organization","name":"Pressenza","url":"https:\/\/www.pressenza.com\/es\/","logo":{"@type":"ImageObject","inLanguage":"es","@id":"https:\/\/www.pressenza.com\/es\/#\/schema\/logo\/image\/","url":"https:\/\/www.pressenza.com\/wp-content\/uploads\/2022\/10\/pressenza_logo_200x200.jpg","contentUrl":"https:\/\/www.pressenza.com\/wp-content\/uploads\/2022\/10\/pressenza_logo_200x200.jpg","width":200,"height":200,"caption":"Pressenza"},"image":{"@id":"https:\/\/www.pressenza.com\/es\/#\/schema\/logo\/image\/"},"sameAs":["https:\/\/www.facebook.com\/PressenzaItalia","https:\/\/x.com\/PressenzaIPA"]},{"@type":"Person","@id":"https:\/\/www.pressenza.com\/es\/#\/schema\/person\/35221cfd7eeca947b184bfc91172e541","name":"eldiario.es","description":"eldiario.es is a new digital media with information and analysis focussing on politics and economics in its broadest sense: what affects people more than parties or markets. eldiario.es","url":"https:\/\/www.pressenza.com\/es\/author\/eldiario-es\/"}]}},"place":"Madrid","original_article_url":"http:\/\/www.guerraeterna.com\/no-cuesta-mucho-que-te-llamen-nazi-en-israel\/","_links":{"self":[{"href":"https:\/\/www.pressenza.com\/es\/wp-json\/wp\/v2\/posts\/245050","targetHints":{"allow":["GET"]}}],"collection":[{"href":"https:\/\/www.pressenza.com\/es\/wp-json\/wp\/v2\/posts"}],"about":[{"href":"https:\/\/www.pressenza.com\/es\/wp-json\/wp\/v2\/types\/post"}],"author":[{"embeddable":true,"href":"https:\/\/www.pressenza.com\/es\/wp-json\/wp\/v2\/users\/1170"}],"replies":[{"embeddable":true,"href":"https:\/\/www.pressenza.com\/es\/wp-json\/wp\/v2\/comments?post=245050"}],"version-history":[{"count":0,"href":"https:\/\/www.pressenza.com\/es\/wp-json\/wp\/v2\/posts\/245050\/revisions"}],"wp:attachment":[{"href":"https:\/\/www.pressenza.com\/es\/wp-json\/wp\/v2\/media?parent=245050"}],"wp:term":[{"taxonomy":"category","embeddable":true,"href":"https:\/\/www.pressenza.com\/es\/wp-json\/wp\/v2\/categories?post=245050"},{"taxonomy":"post_tag","embeddable":true,"href":"https:\/\/www.pressenza.com\/es\/wp-json\/wp\/v2\/tags?post=245050"}],"curies":[{"name":"wp","href":"https:\/\/api.w.org\/{rel}","templated":true}]}}