{"id":244397,"date":"2015-11-10T21:05:49","date_gmt":"2015-11-10T21:05:49","guid":{"rendered":"http:\/\/www.pressenza.com\/es\/?p=244397"},"modified":"2015-11-12T10:11:34","modified_gmt":"2015-11-12T10:11:34","slug":"declaracion-de-la-republica-independiente-de-cataluna","status":"publish","type":"post","link":"https:\/\/www.pressenza.com\/es\/2015\/11\/declaracion-de-la-republica-independiente-de-cataluna\/","title":{"rendered":"Declaraci\u00f3n de la rep\u00fablica independiente de Catalu\u00f1a"},"content":{"rendered":"<p>El Parlamento catal\u00e1n aprob\u00f3 ayer, 9 de noviembre, con 72 votos a favor y 63 en contra, la resoluci\u00f3n que proclama el inicio del proceso hacia la independencia. El texto consta de 9 puntos en los que se explica que por petici\u00f3n de las urnas y con mayor\u00eda de esca\u00f1os a favor, se inicia el proceso de la creaci\u00f3n de un Estado catal\u00e1n independiente en forma de rep\u00fablica. A partir de este momento, comienza un proceso abierto a la ciudadan\u00eda para preparar las bases de la futura constituci\u00f3n catalana y en el plazo de un mes se iniciar\u00e1 la tramitaci\u00f3n de las leyes de proceso constituyente, de seguridad social y de hacienda p\u00fablica. Tambi\u00e9n se informa que el Parlamento catal\u00e1n no se supeditar\u00e1 a las decisiones de las instituciones del Estado espa\u00f1ol, en particular del Tribunal Constitucional.<\/p>\n<p>Las recientes elecciones del 27 de septiembre dieron la mayor\u00eda a la coalici\u00f3n independentista \u201cJunts pel s\u00ed\u201d, que cuenta con 62 esca\u00f1os en el Parlamento, insuficientes para aprobar una propuesta. Han necesitado el apoyo de los 10 esca\u00f1os del grupo \u201cCandidatura de Unidad Popular\u201d (CUP), partido que se autodefine como izquierda anticapitalista y asamblearia, para conseguir la mayor\u00eda. La suma de los dos grupos proporcion\u00f3 los 72 votos necesarios para aprobar la resoluci\u00f3n; a cambio, la CUP introdujo diversas medidas sociales que tendr\u00e1 que aplicar el futuro gobierno, destinadas a blindar derechos fundamentales.<\/p>\n<p>Estas medidas consisten en:<\/p>\n<ul>\n<li>Evitar la pobreza energ\u00e9tica y garantizar que ninguna persona en situaci\u00f3n de riesgo de exclusi\u00f3n residencial se vea privada del acceso a los suministros b\u00e1sicos de agua potable, de gas y de electricidad.<\/li>\n<li>Garantizar que ninguna persona se vea privada del acceso a una vivienda digna.<\/li>\n<li>Asegurar el acceso universal a la atenci\u00f3n sanitaria p\u00fablica y de calidad a todas las personas que viven en Catalu\u00f1a.<\/li>\n<li>Mantener el modelo educativo catal\u00e1n determinado por la Ley de educaci\u00f3n de Catalu\u00f1a y por el conjunto de la comunidad educativa, incumpliendo la legislaci\u00f3n del Estado.<\/li>\n<li>Velar en materia de seguridad ciudadana por la plena vigencia y el respecto de los derechos fundamentales, dejando sin efecto la ley estatal de seguridad ciudadana.<\/li>\n<li>Dejar sin efecto la ley estatal de administraci\u00f3n local, relativa a la limitaci\u00f3n de competencias de los ayuntamientos, al control del coste de los servicios y a la obligaci\u00f3n de la priorizaci\u00f3n de la actividad econ\u00f3mica privada.<\/li>\n<li>Generar un marco de relaciones con el Alto Comisionado de las Naciones Unidas para los Refugiados (ACNUR) con el objetivo de dar acogida y asilo al m\u00e1ximo n\u00famero de personas refugiadas, m\u00e1s all\u00e1 de las decisiones adoptadas en este \u00e1mbito por el gobierno espa\u00f1ol.<\/li>\n<li>En materia de derecho al aborto, el futuro gobierno se tiene que regir por lo que estipula la Ley de igualdad efectiva de mujeres y hombres, dejando sin efecto la ley estatal.<\/li>\n<li>Renegociar la financiaci\u00f3n del gobierno catal\u00e1n de manera que permita liberar recursos para implantar un plan de choque social.<\/li>\n<li>Revisar los presupuestos y priorizar atender a la urgencia social.<\/li>\n<\/ul>\n<p>Las diferencias de aspiraciones y forma de organizaci\u00f3n territorial entre Catalu\u00f1a y Castilla se remontan a principios de 1700, momento en que se produjo la guerra de sucesi\u00f3n al trono de Espa\u00f1a, al morir sin descendencia el \u00faltimo rey de la Casa de Austria, Carlos II. Mientras Castilla apoyaba la sucesi\u00f3n de los Borbones, Catalu\u00f1a defend\u00eda al archiduque Carlos de la casa de los Austrias, que planteaba un modelo de gobierno menos centralista. Una vez en el trono, el rey Borb\u00f3n Felipe V, castig\u00f3 duramente a los reinos que no apoyaron su causa, como fue el caso de Catalu\u00f1a.<\/p>\n<p>Posteriormente, en 1939, la dictadura franquista aboli\u00f3 las instituciones auton\u00f3micas, suprimi\u00f3 el Estatuto de autonom\u00eda y fusil\u00f3 al presidente de Catalu\u00f1a, Llu\u00eds Companys, el 15 de octubre de 1940, adem\u00e1s de perseguir duramente la cultura y la lengua catalanas. Esta represi\u00f3n acentu\u00f3 el sentimiento de pueblo oprimido.<\/p>\n<p>Tras el fin de la dictadura, en 1979, se aprob\u00f3 el segundo Estatuto de autonom\u00eda de Catalu\u00f1a, en un clima de inestabilidad en el que hab\u00eda que conciliar los intereses de partidos pol\u00edticos herederos del franquismo con las aspiraciones de partidos progresistas que volv\u00edan a legalizarse. Catalu\u00f1a consider\u00f3 insuficiente la autonom\u00eda que permit\u00eda dicho Estatuto y en el a\u00f1o 2005 (26 a\u00f1os despu\u00e9s) el Parlamento catal\u00e1n aprob\u00f3 una reforma que pretend\u00eda avanzar en el autogobierno.<\/p>\n<p>Tras un recurso del Partido Popular, el Tribunal Constitucional oblig\u00f3 en el 2010 a severos recortes de dicho Estatuto. Al d\u00eda siguiente se produjo una multitudinaria manifestaci\u00f3n en Catalu\u00f1a, que se repiti\u00f3 los a\u00f1os 2012, 2013, 2014 y 2015. Diversos ayuntamientos realizaron consultas sobre la independencia entre los a\u00f1os 2009 y 2011. Ante estas manifestaciones de malestar, el gobierno central, lejos de abrir un di\u00e1logo, extrem\u00f3 su posicionamiento en contra.<\/p>\n<p>El 2013 se aprob\u00f3 en el Parlamento de Catalu\u00f1a la \u201cDeclaraci\u00f3n de soberan\u00eda y del derecho a decidir del pueblo de Catalu\u00f1a\u201d en la que se reclamaba la celebraci\u00f3n de una consulta para decidir el futuro pol\u00edtico de la regi\u00f3n. En octubre del 2014, el Presidente de la Generalitat firm\u00f3 un decreto para celebrar la consulta sobre la independencia. Inmediatamente, el gobierno espa\u00f1ol, neg\u00e1ndose a la celebraci\u00f3n de un refer\u00e9ndum, recurri\u00f3 ante el Tribunal Constitucional, que suspendi\u00f3 la ley de consultas populares y, por lo tanto, celebrar el refer\u00e9ndum se convirti\u00f3 en un delito constitucional. Como alternativa, se celebr\u00f3 un proceso participativo el 9 de noviembre de 2014 organizado por voluntarios que tuvo gran respuesta de la poblaci\u00f3n.<\/p>\n<p>Como respuesta a la prohibici\u00f3n de realizar una consulta con validez legal, el l\u00edder del grupo pol\u00edtico \u201cEsquerra Republicana de Catalunya\u201d (ERC) exigi\u00f3 unas elecciones anticipadas para posteriormente, si los grupos independentistas obten\u00edan una mayor\u00eda, proclamar unilateralmente la independencia de Catalu\u00f1a. Las elecciones se celebraron el 27 de septiembre pasado y los partidos a favor del independentismo obtuvieron mayor\u00eda de esca\u00f1os aunque no de votos. El 9 de noviembre, un a\u00f1o despu\u00e9s de la consulta popular, el Parlamento de Catalu\u00f1a ha aprobado la resoluci\u00f3n de inicio de la independencia.<\/p>\n<p>En un clima de campa\u00f1a electoral, la respuesta del presidente Rajoy sigue siendo la de generar tensi\u00f3n contra Catalu\u00f1a, oponerse al di\u00e1logo, bloquear el proceso e impugnar la resoluci\u00f3n independentista. El PSOE, segunda fuerza pol\u00edtica del Estado, apoya la decisi\u00f3n de Rajoy. La agrupaci\u00f3n Podemos ha sido el \u00fanico partido estatal que, aunque se ha mostrado contrario a la independencia, ha defendido el derecho a una consulta; de todos modos, su secretario general ha acusado de falta de credibilidad al l\u00edder de la coalici\u00f3n \u201cJunts pel s\u00ed\u201d, Artur Mas, ya que mientras defend\u00eda una consulta por la independencia en Catalu\u00f1a negaba el apoyo a una consulta sobre la continuidad de la monarqu\u00eda en Espa\u00f1a y destru\u00eda los derechos sociales.<\/p>\n<p>Todo el proceso ha tenido una espectacular puesta en escena y constantes alegor\u00edas de los momentos de opresi\u00f3n del pueblo catal\u00e1n, como las manifestaciones de 1.500.000 de participantes que permit\u00edan impactantes planos a\u00e9reos, las movilizaciones festivas de gran carga emotiva como la consulta gestionada por voluntarios, la comparecencia del presidente de Catalu\u00f1a ante el Tribunal de Justicia, acusado por el gobierno central, el d\u00eda de la conmemoraci\u00f3n del fusilamiento de Llu\u00eds Companys o el acompa\u00f1amiento hasta el tribunal de 400 alcaldes con sus bastones de mando. Todas ellas han sido demostraciones de apoyo a la independencia, sin violencia y con fuerte respaldo de la poblaci\u00f3n.<\/p>\n","protected":false},"excerpt":{"rendered":"<p>El Parlamento catal\u00e1n aprob\u00f3 ayer, 9 de noviembre, con 72 votos a favor y 63 en contra, la resoluci\u00f3n que proclama el inicio del proceso hacia la independencia. El texto consta de 9 puntos en los que se explica que&hellip;<\/p>\n","protected":false},"author":1102,"featured_media":244406,"comment_status":"closed","ping_status":"open","sticky":false,"template":"","format":"standard","meta":{"footnotes":""},"categories":[11389,66,74],"tags":[19704],"class_list":["post-244397","post","type-post","status-publish","format-standard","has-post-thumbnail","hentry","category-contenido-original","category-europa-es","category-politica-es","tag-independencia-de-cataluna"],"yoast_head":"<!-- This site is optimized with the Yoast SEO plugin v27.1.1 - https:\/\/yoast.com\/product\/yoast-seo-wordpress\/ -->\n<title>Declaraci\u00f3n de la rep\u00fablica independiente de Catalu\u00f1a<\/title>\n<meta name=\"description\" content=\"El Parlamento catal\u00e1n aprob\u00f3 ayer, 9 de noviembre, con 72 votos a favor y 63 en contra, la resoluci\u00f3n que proclama el inicio del proceso hacia la\" \/>\n<meta name=\"robots\" content=\"index, follow, max-snippet:-1, max-image-preview:large, max-video-preview:-1\" \/>\n<link rel=\"canonical\" href=\"https:\/\/www.pressenza.com\/es\/2015\/11\/declaracion-de-la-republica-independiente-de-cataluna\/\" \/>\n<meta property=\"og:locale\" content=\"es_ES\" \/>\n<meta property=\"og:type\" content=\"article\" \/>\n<meta property=\"og:title\" content=\"Declaraci\u00f3n de la rep\u00fablica independiente de Catalu\u00f1a\" \/>\n<meta property=\"og:description\" content=\"El Parlamento catal\u00e1n aprob\u00f3 ayer, 9 de noviembre, con 72 votos a favor y 63 en contra, la resoluci\u00f3n que proclama el inicio del proceso hacia la\" \/>\n<meta property=\"og:url\" content=\"https:\/\/www.pressenza.com\/es\/2015\/11\/declaracion-de-la-republica-independiente-de-cataluna\/\" \/>\n<meta property=\"og:site_name\" content=\"Pressenza\" \/>\n<meta property=\"article:publisher\" content=\"https:\/\/www.facebook.com\/PressenzaItalia\" \/>\n<meta property=\"article:published_time\" content=\"2015-11-10T21:05:49+00:00\" \/>\n<meta property=\"article:modified_time\" content=\"2015-11-12T10:11:34+00:00\" \/>\n<meta property=\"og:image\" content=\"https:\/\/www.pressenza.com\/wp-content\/uploads\/2015\/11\/cata1.jpg\" \/>\n\t<meta property=\"og:image:width\" content=\"600\" \/>\n\t<meta property=\"og:image:height\" content=\"399\" \/>\n\t<meta property=\"og:image:type\" content=\"image\/jpeg\" \/>\n<meta name=\"author\" content=\"Pilar Paricio\" \/>\n<meta name=\"twitter:card\" content=\"summary_large_image\" \/>\n<meta name=\"twitter:creator\" content=\"@PressenzaIPA\" \/>\n<meta name=\"twitter:site\" content=\"@PressenzaIPA\" \/>\n<meta name=\"twitter:label1\" content=\"Escrito por\" \/>\n\t<meta name=\"twitter:data1\" content=\"Pilar Paricio\" \/>\n\t<meta name=\"twitter:label2\" content=\"Tiempo de lectura\" \/>\n\t<meta name=\"twitter:data2\" content=\"7 minutos\" \/>\n<script type=\"application\/ld+json\" class=\"yoast-schema-graph\">{\"@context\":\"https:\/\/schema.org\",\"@graph\":[{\"@type\":\"Article\",\"@id\":\"https:\/\/www.pressenza.com\/es\/2015\/11\/declaracion-de-la-republica-independiente-de-cataluna\/#article\",\"isPartOf\":{\"@id\":\"https:\/\/www.pressenza.com\/es\/2015\/11\/declaracion-de-la-republica-independiente-de-cataluna\/\"},\"author\":{\"name\":\"Pilar Paricio\",\"@id\":\"https:\/\/www.pressenza.com\/es\/#\/schema\/person\/b38ea2890059fade68f5d3d1713cadfd\"},\"headline\":\"Declaraci\u00f3n de la rep\u00fablica independiente de Catalu\u00f1a\",\"datePublished\":\"2015-11-10T21:05:49+00:00\",\"dateModified\":\"2015-11-12T10:11:34+00:00\",\"mainEntityOfPage\":{\"@id\":\"https:\/\/www.pressenza.com\/es\/2015\/11\/declaracion-de-la-republica-independiente-de-cataluna\/\"},\"wordCount\":1324,\"publisher\":{\"@id\":\"https:\/\/www.pressenza.com\/es\/#organization\"},\"image\":{\"@id\":\"https:\/\/www.pressenza.com\/es\/2015\/11\/declaracion-de-la-republica-independiente-de-cataluna\/#primaryimage\"},\"thumbnailUrl\":\"https:\/\/www.pressenza.com\/wp-content\/uploads\/2015\/11\/cata1.jpg\",\"keywords\":[\"independencia de Catalu\u00f1a\"],\"articleSection\":[\"Contenido Original\",\"Europa\",\"Pol\u00edtica\"],\"inLanguage\":\"es\"},{\"@type\":\"WebPage\",\"@id\":\"https:\/\/www.pressenza.com\/es\/2015\/11\/declaracion-de-la-republica-independiente-de-cataluna\/\",\"url\":\"https:\/\/www.pressenza.com\/es\/2015\/11\/declaracion-de-la-republica-independiente-de-cataluna\/\",\"name\":\"Declaraci\u00f3n de la rep\u00fablica independiente de Catalu\u00f1a\",\"isPartOf\":{\"@id\":\"https:\/\/www.pressenza.com\/es\/#website\"},\"primaryImageOfPage\":{\"@id\":\"https:\/\/www.pressenza.com\/es\/2015\/11\/declaracion-de-la-republica-independiente-de-cataluna\/#primaryimage\"},\"image\":{\"@id\":\"https:\/\/www.pressenza.com\/es\/2015\/11\/declaracion-de-la-republica-independiente-de-cataluna\/#primaryimage\"},\"thumbnailUrl\":\"https:\/\/www.pressenza.com\/wp-content\/uploads\/2015\/11\/cata1.jpg\",\"datePublished\":\"2015-11-10T21:05:49+00:00\",\"dateModified\":\"2015-11-12T10:11:34+00:00\",\"description\":\"El Parlamento catal\u00e1n aprob\u00f3 ayer, 9 de noviembre, con 72 votos a favor y 63 en contra, la resoluci\u00f3n que proclama el inicio del proceso hacia la\",\"breadcrumb\":{\"@id\":\"https:\/\/www.pressenza.com\/es\/2015\/11\/declaracion-de-la-republica-independiente-de-cataluna\/#breadcrumb\"},\"inLanguage\":\"es\",\"potentialAction\":[{\"@type\":\"ReadAction\",\"target\":[\"https:\/\/www.pressenza.com\/es\/2015\/11\/declaracion-de-la-republica-independiente-de-cataluna\/\"]}]},{\"@type\":\"ImageObject\",\"inLanguage\":\"es\",\"@id\":\"https:\/\/www.pressenza.com\/es\/2015\/11\/declaracion-de-la-republica-independiente-de-cataluna\/#primaryimage\",\"url\":\"https:\/\/www.pressenza.com\/wp-content\/uploads\/2015\/11\/cata1.jpg\",\"contentUrl\":\"https:\/\/www.pressenza.com\/wp-content\/uploads\/2015\/11\/cata1.jpg\",\"width\":600,\"height\":399},{\"@type\":\"BreadcrumbList\",\"@id\":\"https:\/\/www.pressenza.com\/es\/2015\/11\/declaracion-de-la-republica-independiente-de-cataluna\/#breadcrumb\",\"itemListElement\":[{\"@type\":\"ListItem\",\"position\":1,\"name\":\"Accueil\",\"item\":\"https:\/\/www.pressenza.com\/es\/\"},{\"@type\":\"ListItem\",\"position\":2,\"name\":\"Declaraci\u00f3n de la rep\u00fablica independiente de Catalu\u00f1a\"}]},{\"@type\":\"WebSite\",\"@id\":\"https:\/\/www.pressenza.com\/es\/#website\",\"url\":\"https:\/\/www.pressenza.com\/es\/\",\"name\":\"Pressenza\",\"description\":\"International Press Agency\",\"publisher\":{\"@id\":\"https:\/\/www.pressenza.com\/es\/#organization\"},\"potentialAction\":[{\"@type\":\"SearchAction\",\"target\":{\"@type\":\"EntryPoint\",\"urlTemplate\":\"https:\/\/www.pressenza.com\/es\/?s={search_term_string}\"},\"query-input\":{\"@type\":\"PropertyValueSpecification\",\"valueRequired\":true,\"valueName\":\"search_term_string\"}}],\"inLanguage\":\"es\"},{\"@type\":\"Organization\",\"@id\":\"https:\/\/www.pressenza.com\/es\/#organization\",\"name\":\"Pressenza\",\"url\":\"https:\/\/www.pressenza.com\/es\/\",\"logo\":{\"@type\":\"ImageObject\",\"inLanguage\":\"es\",\"@id\":\"https:\/\/www.pressenza.com\/es\/#\/schema\/logo\/image\/\",\"url\":\"https:\/\/www.pressenza.com\/wp-content\/uploads\/2022\/10\/pressenza_logo_200x200.jpg\",\"contentUrl\":\"https:\/\/www.pressenza.com\/wp-content\/uploads\/2022\/10\/pressenza_logo_200x200.jpg\",\"width\":200,\"height\":200,\"caption\":\"Pressenza\"},\"image\":{\"@id\":\"https:\/\/www.pressenza.com\/es\/#\/schema\/logo\/image\/\"},\"sameAs\":[\"https:\/\/www.facebook.com\/PressenzaItalia\",\"https:\/\/x.com\/PressenzaIPA\"]},{\"@type\":\"Person\",\"@id\":\"https:\/\/www.pressenza.com\/es\/#\/schema\/person\/b38ea2890059fade68f5d3d1713cadfd\",\"name\":\"Pilar Paricio\",\"description\":\"Barcelona. Arquitecta, especializada en planificaci\u00f3n urbana. Trabaja por el avance de la poblaci\u00f3n en derechos b\u00e1sicos como el derecho a la vivienda y el derecho a la ciudad. Involucrada con el cambio social y personal, participa en el Nuevo Humanismo.\",\"url\":\"https:\/\/www.pressenza.com\/es\/author\/pilar-paricio\/\"}]}<\/script>\n<!-- \/ Yoast SEO plugin. -->","yoast_head_json":{"title":"Declaraci\u00f3n de la rep\u00fablica independiente de Catalu\u00f1a","description":"El Parlamento catal\u00e1n aprob\u00f3 ayer, 9 de noviembre, con 72 votos a favor y 63 en contra, la resoluci\u00f3n que proclama el inicio del proceso hacia la","robots":{"index":"index","follow":"follow","max-snippet":"max-snippet:-1","max-image-preview":"max-image-preview:large","max-video-preview":"max-video-preview:-1"},"canonical":"https:\/\/www.pressenza.com\/es\/2015\/11\/declaracion-de-la-republica-independiente-de-cataluna\/","og_locale":"es_ES","og_type":"article","og_title":"Declaraci\u00f3n de la rep\u00fablica independiente de Catalu\u00f1a","og_description":"El Parlamento catal\u00e1n aprob\u00f3 ayer, 9 de noviembre, con 72 votos a favor y 63 en contra, la resoluci\u00f3n que proclama el inicio del proceso hacia la","og_url":"https:\/\/www.pressenza.com\/es\/2015\/11\/declaracion-de-la-republica-independiente-de-cataluna\/","og_site_name":"Pressenza","article_publisher":"https:\/\/www.facebook.com\/PressenzaItalia","article_published_time":"2015-11-10T21:05:49+00:00","article_modified_time":"2015-11-12T10:11:34+00:00","og_image":[{"width":600,"height":399,"url":"https:\/\/www.pressenza.com\/wp-content\/uploads\/2015\/11\/cata1.jpg","type":"image\/jpeg"}],"author":"Pilar Paricio","twitter_card":"summary_large_image","twitter_creator":"@PressenzaIPA","twitter_site":"@PressenzaIPA","twitter_misc":{"Escrito por":"Pilar Paricio","Tiempo de lectura":"7 minutos"},"schema":{"@context":"https:\/\/schema.org","@graph":[{"@type":"Article","@id":"https:\/\/www.pressenza.com\/es\/2015\/11\/declaracion-de-la-republica-independiente-de-cataluna\/#article","isPartOf":{"@id":"https:\/\/www.pressenza.com\/es\/2015\/11\/declaracion-de-la-republica-independiente-de-cataluna\/"},"author":{"name":"Pilar Paricio","@id":"https:\/\/www.pressenza.com\/es\/#\/schema\/person\/b38ea2890059fade68f5d3d1713cadfd"},"headline":"Declaraci\u00f3n de la rep\u00fablica independiente de Catalu\u00f1a","datePublished":"2015-11-10T21:05:49+00:00","dateModified":"2015-11-12T10:11:34+00:00","mainEntityOfPage":{"@id":"https:\/\/www.pressenza.com\/es\/2015\/11\/declaracion-de-la-republica-independiente-de-cataluna\/"},"wordCount":1324,"publisher":{"@id":"https:\/\/www.pressenza.com\/es\/#organization"},"image":{"@id":"https:\/\/www.pressenza.com\/es\/2015\/11\/declaracion-de-la-republica-independiente-de-cataluna\/#primaryimage"},"thumbnailUrl":"https:\/\/www.pressenza.com\/wp-content\/uploads\/2015\/11\/cata1.jpg","keywords":["independencia de Catalu\u00f1a"],"articleSection":["Contenido Original","Europa","Pol\u00edtica"],"inLanguage":"es"},{"@type":"WebPage","@id":"https:\/\/www.pressenza.com\/es\/2015\/11\/declaracion-de-la-republica-independiente-de-cataluna\/","url":"https:\/\/www.pressenza.com\/es\/2015\/11\/declaracion-de-la-republica-independiente-de-cataluna\/","name":"Declaraci\u00f3n de la rep\u00fablica independiente de Catalu\u00f1a","isPartOf":{"@id":"https:\/\/www.pressenza.com\/es\/#website"},"primaryImageOfPage":{"@id":"https:\/\/www.pressenza.com\/es\/2015\/11\/declaracion-de-la-republica-independiente-de-cataluna\/#primaryimage"},"image":{"@id":"https:\/\/www.pressenza.com\/es\/2015\/11\/declaracion-de-la-republica-independiente-de-cataluna\/#primaryimage"},"thumbnailUrl":"https:\/\/www.pressenza.com\/wp-content\/uploads\/2015\/11\/cata1.jpg","datePublished":"2015-11-10T21:05:49+00:00","dateModified":"2015-11-12T10:11:34+00:00","description":"El Parlamento catal\u00e1n aprob\u00f3 ayer, 9 de noviembre, con 72 votos a favor y 63 en contra, la resoluci\u00f3n que proclama el inicio del proceso hacia la","breadcrumb":{"@id":"https:\/\/www.pressenza.com\/es\/2015\/11\/declaracion-de-la-republica-independiente-de-cataluna\/#breadcrumb"},"inLanguage":"es","potentialAction":[{"@type":"ReadAction","target":["https:\/\/www.pressenza.com\/es\/2015\/11\/declaracion-de-la-republica-independiente-de-cataluna\/"]}]},{"@type":"ImageObject","inLanguage":"es","@id":"https:\/\/www.pressenza.com\/es\/2015\/11\/declaracion-de-la-republica-independiente-de-cataluna\/#primaryimage","url":"https:\/\/www.pressenza.com\/wp-content\/uploads\/2015\/11\/cata1.jpg","contentUrl":"https:\/\/www.pressenza.com\/wp-content\/uploads\/2015\/11\/cata1.jpg","width":600,"height":399},{"@type":"BreadcrumbList","@id":"https:\/\/www.pressenza.com\/es\/2015\/11\/declaracion-de-la-republica-independiente-de-cataluna\/#breadcrumb","itemListElement":[{"@type":"ListItem","position":1,"name":"Accueil","item":"https:\/\/www.pressenza.com\/es\/"},{"@type":"ListItem","position":2,"name":"Declaraci\u00f3n de la rep\u00fablica independiente de Catalu\u00f1a"}]},{"@type":"WebSite","@id":"https:\/\/www.pressenza.com\/es\/#website","url":"https:\/\/www.pressenza.com\/es\/","name":"Pressenza","description":"International Press Agency","publisher":{"@id":"https:\/\/www.pressenza.com\/es\/#organization"},"potentialAction":[{"@type":"SearchAction","target":{"@type":"EntryPoint","urlTemplate":"https:\/\/www.pressenza.com\/es\/?s={search_term_string}"},"query-input":{"@type":"PropertyValueSpecification","valueRequired":true,"valueName":"search_term_string"}}],"inLanguage":"es"},{"@type":"Organization","@id":"https:\/\/www.pressenza.com\/es\/#organization","name":"Pressenza","url":"https:\/\/www.pressenza.com\/es\/","logo":{"@type":"ImageObject","inLanguage":"es","@id":"https:\/\/www.pressenza.com\/es\/#\/schema\/logo\/image\/","url":"https:\/\/www.pressenza.com\/wp-content\/uploads\/2022\/10\/pressenza_logo_200x200.jpg","contentUrl":"https:\/\/www.pressenza.com\/wp-content\/uploads\/2022\/10\/pressenza_logo_200x200.jpg","width":200,"height":200,"caption":"Pressenza"},"image":{"@id":"https:\/\/www.pressenza.com\/es\/#\/schema\/logo\/image\/"},"sameAs":["https:\/\/www.facebook.com\/PressenzaItalia","https:\/\/x.com\/PressenzaIPA"]},{"@type":"Person","@id":"https:\/\/www.pressenza.com\/es\/#\/schema\/person\/b38ea2890059fade68f5d3d1713cadfd","name":"Pilar Paricio","description":"Barcelona. Arquitecta, especializada en planificaci\u00f3n urbana. Trabaja por el avance de la poblaci\u00f3n en derechos b\u00e1sicos como el derecho a la vivienda y el derecho a la ciudad. Involucrada con el cambio social y personal, participa en el Nuevo Humanismo.","url":"https:\/\/www.pressenza.com\/es\/author\/pilar-paricio\/"}]}},"place":"Barcelona, Catalu\u00f1a","original_article_url":"","_links":{"self":[{"href":"https:\/\/www.pressenza.com\/es\/wp-json\/wp\/v2\/posts\/244397","targetHints":{"allow":["GET"]}}],"collection":[{"href":"https:\/\/www.pressenza.com\/es\/wp-json\/wp\/v2\/posts"}],"about":[{"href":"https:\/\/www.pressenza.com\/es\/wp-json\/wp\/v2\/types\/post"}],"author":[{"embeddable":true,"href":"https:\/\/www.pressenza.com\/es\/wp-json\/wp\/v2\/users\/1102"}],"replies":[{"embeddable":true,"href":"https:\/\/www.pressenza.com\/es\/wp-json\/wp\/v2\/comments?post=244397"}],"version-history":[{"count":0,"href":"https:\/\/www.pressenza.com\/es\/wp-json\/wp\/v2\/posts\/244397\/revisions"}],"wp:featuredmedia":[{"embeddable":true,"href":"https:\/\/www.pressenza.com\/es\/wp-json\/wp\/v2\/media\/244406"}],"wp:attachment":[{"href":"https:\/\/www.pressenza.com\/es\/wp-json\/wp\/v2\/media?parent=244397"}],"wp:term":[{"taxonomy":"category","embeddable":true,"href":"https:\/\/www.pressenza.com\/es\/wp-json\/wp\/v2\/categories?post=244397"},{"taxonomy":"post_tag","embeddable":true,"href":"https:\/\/www.pressenza.com\/es\/wp-json\/wp\/v2\/tags?post=244397"}],"curies":[{"name":"wp","href":"https:\/\/api.w.org\/{rel}","templated":true}]}}