{"id":2442,"date":"2009-11-30T00:00:00","date_gmt":"2009-11-30T00:00:00","guid":{"rendered":""},"modified":"2009-11-30T22:50:17","modified_gmt":"2009-11-30T22:50:17","slug":"ni-el-vientox-ni-la-lluviax-ni-el-frio-puede-impedir-los-marchantes-por-la-paz-y-la-no-violencia-en-nueva-york","status":"publish","type":"post","link":"https:\/\/www.pressenza.com\/es\/2009\/11\/ni-el-vientox-ni-la-lluviax-ni-el-frio-puede-impedir-los-marchantes-por-la-paz-y-la-no-violencia-en-nueva-york\/","title":{"rendered":"Ni el viento, ni la lluvia, ni el frio puede impedir los Marchantes por la Paz y la No-violencia en Nueva York"},"content":{"rendered":"<p>La Marcha Mundial por la Paz y la No Violencia arrib\u00f3 hoy a la Ciudad Nueva York. Un grupo de 25 marchantes internacionales lleg\u00f3 temprano por la ma\u00f1ana al aeropuerto Kennedy tras haber viajado 60 d\u00edas a trav\u00e9s de 50 pa\u00edses en cuatro continentes, llevando su mensaje de paz y no violencia a varias zonas de conflicto <\/p>\n<p>A poco de llegar procedente de Senegal, los marchantes se dirigieron a Brooklyn Borough Hall donde m\u00e1s de 1000 personas le dieron la bienvenida y los acompa\u00f1aron a trav\u00e9s del Puente de Brooklyn hasta la Alcald\u00eda, a pesar de la lluvia, el viento y el frio, donde realizaron una conferencia de prensa.<\/p>\n<p>Neoyorquinos representando m\u00e1s de 100 culturas, incluyendo ni\u00f1os, maestros, l\u00edderes religiosos, organizaciones, representantes consulares y funcionarios metropolitanos, se movilizaron para mostrar su apoyo por la paz y exigir a los gobiernos que abandonen los discursos y comiencen a actuar. <\/p>\n<p>Varios l\u00edderes sindicales, religiosos y pol\u00edticos acompa\u00f1aron a Rafael de la Rubia, portavoz internacional de la Marcha y Chris Wells, portavoz en los Estados Unidos, de la conferencia de prensa en la Alcald\u00eda para manifestar su apoyo a la Marcha Mundial. Entre los presentes se encontraban las concejales Melissa Mark-Viverito y Julissa Fererrars, el l\u00edder sindical Steve Kramer, el Im\u00e1n Shamsu Ali y la Dra. Uma Mysorekar y varios centros estudiantiles.<\/p>\n<p>A las 7 de la tarde, se realiz\u00f3 la ceremonia oficial de bienvenida de los 25 marchantes del grupo internacional en la hist\u00f3rica Riverside Church a la que asisti\u00f3 el Dr. Bernard Lafayette, cercano colaborador del Dr Martin Luther King. El evento cont\u00f3 con un programa multimedia de charlas y recitales multiculturales bajo el lema \u201cM\u00e1s all\u00e1 de la Violencia\u201d.<\/p>\n<p>La llegada ocurri\u00f3 el d\u00eda previo a que el presidente Obama anuncie si env\u00eda o no m\u00e1s tropas a Afganist\u00e1n. Los marchantes le recordaron a Obama que deb\u00eda actuar a la altura de un Premio Nobel de la Paz.<\/p>\n<p>Durante la traves\u00eda los marchantes se han reunidos con los presidentes de Finlandia, Croacia y Bosnia-Herzegovina y han sido bendecidos por el Papa Benedicto XVI. Una delegaci\u00f3n de la Marcha Mundial tambi\u00e9n particip\u00f3 de la D\u00e9cima Cumbre de los Premios Nobel de la Paz en Berl\u00edn donde le entregaron el \u201cDocumento para un Mundo sin Guerras\u201d para que lo divulgue.  <\/p>\n<p>La Marche exige la renuncia de los gobiernos a utilizar las guerras como medio para resolver conflictos, el desarme nuclear a nivel mundial, el retiro inmediato de las tropas invasoras de los territorios ocupados, la reducci\u00f3n progresiva y proporcional del armamento convencional, y la firma de tratados de no agresi\u00f3n entre pa\u00edses. <\/p>\n<p>Tras su paso por Nueva York, los marchantes visitar\u00e1n Washington, DC, Montreal, Los Angeles y San Francisco. M\u00e9xico marcar\u00e1 el comienzo de la ruta latinoamericana con eventos a ambos lados de la frontera M\u00e9xico-Estadounidense. La Marcha Mundial culminar\u00e1 su recorrido en Punta de Vaca, Argentina, el dos de enero, tras haber recorrido m\u00e1s de 99.000 millas.<\/p>\n","protected":false},"excerpt":{"rendered":"<p>El equipo base de la Marcha Mundial por la Paz y la No Violencia arrib\u00f3 hoy a Nueva York y march\u00f3 junto con m\u00e1s de 1000 personas desde Brooklyn a Manhattan para celebrar el comienzo del tramo Norteamericano.  M\u00e1s tarde, por la tarde, Dr Bernard Lafayette, activista de derechos civiles y educador de la Noviolencia dio inspiraci\u00f3n a los asistentes en Riverside Church.<\/p>\n","protected":false},"author":19,"featured_media":0,"comment_status":"closed","ping_status":"open","sticky":false,"template":"","format":"standard","meta":{"footnotes":""},"categories":[76,39,68],"tags":[],"class_list":["post-2442","post","type-post","status-publish","format-standard","hentry","category-relaciones-exteriores","category-internacional","category-norteamerica"],"yoast_head":"<!-- This site is optimized with the Yoast SEO plugin v27.1.1 - https:\/\/yoast.com\/product\/yoast-seo-wordpress\/ -->\n<title>Ni el viento, ni la lluvia, ni el frio puede impedir los Marchantes por la Paz y la No-violencia en Nueva York<\/title>\n<meta name=\"description\" content=\"El equipo base de la Marcha Mundial por la Paz y la No Violencia arrib\u00f3 hoy a Nueva York y march\u00f3 junto con m\u00e1s de 1000 personas desde Brooklyn a Manhattan para celebrar el comienzo del tramo Norteamericano. M\u00e1s tarde, por la tarde, Dr Bernard Lafayette, activista de derechos civiles y educador de la Noviolencia dio inspiraci\u00f3n a los asistentes en Riverside Church.\" \/>\n<meta name=\"robots\" content=\"index, follow, max-snippet:-1, max-image-preview:large, max-video-preview:-1\" \/>\n<link rel=\"canonical\" href=\"https:\/\/www.pressenza.com\/es\/2009\/11\/ni-el-vientox-ni-la-lluviax-ni-el-frio-puede-impedir-los-marchantes-por-la-paz-y-la-no-violencia-en-nueva-york\/\" \/>\n<meta property=\"og:locale\" content=\"es_ES\" \/>\n<meta property=\"og:type\" content=\"article\" \/>\n<meta property=\"og:title\" content=\"Ni el viento, ni la lluvia, ni el frio puede impedir los Marchantes por la Paz y la No-violencia en Nueva York\" \/>\n<meta property=\"og:description\" content=\"El equipo base de la Marcha Mundial por la Paz y la No Violencia arrib\u00f3 hoy a Nueva York y march\u00f3 junto con m\u00e1s de 1000 personas desde Brooklyn a Manhattan para celebrar el comienzo del tramo Norteamericano. M\u00e1s tarde, por la tarde, Dr Bernard Lafayette, activista de derechos civiles y educador de la Noviolencia dio inspiraci\u00f3n a los asistentes en Riverside Church.\" \/>\n<meta property=\"og:url\" content=\"https:\/\/www.pressenza.com\/es\/2009\/11\/ni-el-vientox-ni-la-lluviax-ni-el-frio-puede-impedir-los-marchantes-por-la-paz-y-la-no-violencia-en-nueva-york\/\" \/>\n<meta property=\"og:site_name\" content=\"Pressenza\" \/>\n<meta property=\"article:publisher\" content=\"https:\/\/www.facebook.com\/PressenzaItalia\" \/>\n<meta property=\"article:author\" content=\"https:\/\/www.facebook.com\/pressenza\" \/>\n<meta property=\"article:published_time\" content=\"2009-11-30T00:00:00+00:00\" \/>\n<meta property=\"article:modified_time\" content=\"2009-11-30T22:50:17+00:00\" \/>\n<meta name=\"author\" content=\"Pressenza IPA\" \/>\n<meta name=\"twitter:card\" content=\"summary_large_image\" \/>\n<meta name=\"twitter:creator\" content=\"@PressenzaIPA\" \/>\n<meta name=\"twitter:site\" content=\"@PressenzaIPA\" \/>\n<meta name=\"twitter:label1\" content=\"Escrito por\" \/>\n\t<meta name=\"twitter:data1\" content=\"Pressenza IPA\" \/>\n\t<meta name=\"twitter:label2\" content=\"Tiempo de lectura\" \/>\n\t<meta name=\"twitter:data2\" content=\"3 minutos\" \/>\n<script type=\"application\/ld+json\" class=\"yoast-schema-graph\">{\"@context\":\"https:\/\/schema.org\",\"@graph\":[{\"@type\":\"Article\",\"@id\":\"https:\/\/www.pressenza.com\/es\/2009\/11\/ni-el-vientox-ni-la-lluviax-ni-el-frio-puede-impedir-los-marchantes-por-la-paz-y-la-no-violencia-en-nueva-york\/#article\",\"isPartOf\":{\"@id\":\"https:\/\/www.pressenza.com\/es\/2009\/11\/ni-el-vientox-ni-la-lluviax-ni-el-frio-puede-impedir-los-marchantes-por-la-paz-y-la-no-violencia-en-nueva-york\/\"},\"author\":{\"name\":\"Pressenza IPA\",\"@id\":\"https:\/\/www.pressenza.com\/es\/#\/schema\/person\/010e5d02bcf40965427a1289a4cc8d75\"},\"headline\":\"Ni el viento, ni la lluvia, ni el frio puede impedir los Marchantes por la Paz y la No-violencia en Nueva York\",\"datePublished\":\"2009-11-30T00:00:00+00:00\",\"dateModified\":\"2009-11-30T22:50:17+00:00\",\"mainEntityOfPage\":{\"@id\":\"https:\/\/www.pressenza.com\/es\/2009\/11\/ni-el-vientox-ni-la-lluviax-ni-el-frio-puede-impedir-los-marchantes-por-la-paz-y-la-no-violencia-en-nueva-york\/\"},\"wordCount\":536,\"publisher\":{\"@id\":\"https:\/\/www.pressenza.com\/es\/#organization\"},\"articleSection\":[\"Asuntos internacionales\",\"Internacional\",\"Norteam\u00e9rica\"],\"inLanguage\":\"es\"},{\"@type\":\"WebPage\",\"@id\":\"https:\/\/www.pressenza.com\/es\/2009\/11\/ni-el-vientox-ni-la-lluviax-ni-el-frio-puede-impedir-los-marchantes-por-la-paz-y-la-no-violencia-en-nueva-york\/\",\"url\":\"https:\/\/www.pressenza.com\/es\/2009\/11\/ni-el-vientox-ni-la-lluviax-ni-el-frio-puede-impedir-los-marchantes-por-la-paz-y-la-no-violencia-en-nueva-york\/\",\"name\":\"Ni el viento, ni la lluvia, ni el frio puede impedir los Marchantes por la Paz y la No-violencia en Nueva York\",\"isPartOf\":{\"@id\":\"https:\/\/www.pressenza.com\/es\/#website\"},\"datePublished\":\"2009-11-30T00:00:00+00:00\",\"dateModified\":\"2009-11-30T22:50:17+00:00\",\"description\":\"El equipo base de la Marcha Mundial por la Paz y la No Violencia arrib\u00f3 hoy a Nueva York y march\u00f3 junto con m\u00e1s de 1000 personas desde Brooklyn a Manhattan para celebrar el comienzo del tramo Norteamericano. M\u00e1s tarde, por la tarde, Dr Bernard Lafayette, activista de derechos civiles y educador de la Noviolencia dio inspiraci\u00f3n a los asistentes en Riverside Church.\",\"breadcrumb\":{\"@id\":\"https:\/\/www.pressenza.com\/es\/2009\/11\/ni-el-vientox-ni-la-lluviax-ni-el-frio-puede-impedir-los-marchantes-por-la-paz-y-la-no-violencia-en-nueva-york\/#breadcrumb\"},\"inLanguage\":\"es\",\"potentialAction\":[{\"@type\":\"ReadAction\",\"target\":[\"https:\/\/www.pressenza.com\/es\/2009\/11\/ni-el-vientox-ni-la-lluviax-ni-el-frio-puede-impedir-los-marchantes-por-la-paz-y-la-no-violencia-en-nueva-york\/\"]}]},{\"@type\":\"BreadcrumbList\",\"@id\":\"https:\/\/www.pressenza.com\/es\/2009\/11\/ni-el-vientox-ni-la-lluviax-ni-el-frio-puede-impedir-los-marchantes-por-la-paz-y-la-no-violencia-en-nueva-york\/#breadcrumb\",\"itemListElement\":[{\"@type\":\"ListItem\",\"position\":1,\"name\":\"Accueil\",\"item\":\"https:\/\/www.pressenza.com\/es\/\"},{\"@type\":\"ListItem\",\"position\":2,\"name\":\"Ni el viento, ni la lluvia, ni el frio puede impedir los Marchantes por la Paz y la No-violencia en Nueva York\"}]},{\"@type\":\"WebSite\",\"@id\":\"https:\/\/www.pressenza.com\/es\/#website\",\"url\":\"https:\/\/www.pressenza.com\/es\/\",\"name\":\"Pressenza\",\"description\":\"International Press Agency\",\"publisher\":{\"@id\":\"https:\/\/www.pressenza.com\/es\/#organization\"},\"potentialAction\":[{\"@type\":\"SearchAction\",\"target\":{\"@type\":\"EntryPoint\",\"urlTemplate\":\"https:\/\/www.pressenza.com\/es\/?s={search_term_string}\"},\"query-input\":{\"@type\":\"PropertyValueSpecification\",\"valueRequired\":true,\"valueName\":\"search_term_string\"}}],\"inLanguage\":\"es\"},{\"@type\":\"Organization\",\"@id\":\"https:\/\/www.pressenza.com\/es\/#organization\",\"name\":\"Pressenza\",\"url\":\"https:\/\/www.pressenza.com\/es\/\",\"logo\":{\"@type\":\"ImageObject\",\"inLanguage\":\"es\",\"@id\":\"https:\/\/www.pressenza.com\/es\/#\/schema\/logo\/image\/\",\"url\":\"https:\/\/www.pressenza.com\/wp-content\/uploads\/2022\/10\/pressenza_logo_200x200.jpg\",\"contentUrl\":\"https:\/\/www.pressenza.com\/wp-content\/uploads\/2022\/10\/pressenza_logo_200x200.jpg\",\"width\":200,\"height\":200,\"caption\":\"Pressenza\"},\"image\":{\"@id\":\"https:\/\/www.pressenza.com\/es\/#\/schema\/logo\/image\/\"},\"sameAs\":[\"https:\/\/www.facebook.com\/PressenzaItalia\",\"https:\/\/x.com\/PressenzaIPA\"]},{\"@type\":\"Person\",\"@id\":\"https:\/\/www.pressenza.com\/es\/#\/schema\/person\/010e5d02bcf40965427a1289a4cc8d75\",\"name\":\"Pressenza IPA\",\"description\":\"News from Pressenza IPA correspondents\",\"sameAs\":[\"https:\/\/www.facebook.com\/pressenza\",\"https:\/\/x.com\/PressenzaIPA\"],\"url\":\"https:\/\/www.pressenza.com\/es\/author\/pressenza-ipa\/\"}]}<\/script>\n<!-- \/ Yoast SEO plugin. -->","yoast_head_json":{"title":"Ni el viento, ni la lluvia, ni el frio puede impedir los Marchantes por la Paz y la No-violencia en Nueva York","description":"El equipo base de la Marcha Mundial por la Paz y la No Violencia arrib\u00f3 hoy a Nueva York y march\u00f3 junto con m\u00e1s de 1000 personas desde Brooklyn a Manhattan para celebrar el comienzo del tramo Norteamericano. M\u00e1s tarde, por la tarde, Dr Bernard Lafayette, activista de derechos civiles y educador de la Noviolencia dio inspiraci\u00f3n a los asistentes en Riverside Church.","robots":{"index":"index","follow":"follow","max-snippet":"max-snippet:-1","max-image-preview":"max-image-preview:large","max-video-preview":"max-video-preview:-1"},"canonical":"https:\/\/www.pressenza.com\/es\/2009\/11\/ni-el-vientox-ni-la-lluviax-ni-el-frio-puede-impedir-los-marchantes-por-la-paz-y-la-no-violencia-en-nueva-york\/","og_locale":"es_ES","og_type":"article","og_title":"Ni el viento, ni la lluvia, ni el frio puede impedir los Marchantes por la Paz y la No-violencia en Nueva York","og_description":"El equipo base de la Marcha Mundial por la Paz y la No Violencia arrib\u00f3 hoy a Nueva York y march\u00f3 junto con m\u00e1s de 1000 personas desde Brooklyn a Manhattan para celebrar el comienzo del tramo Norteamericano. M\u00e1s tarde, por la tarde, Dr Bernard Lafayette, activista de derechos civiles y educador de la Noviolencia dio inspiraci\u00f3n a los asistentes en Riverside Church.","og_url":"https:\/\/www.pressenza.com\/es\/2009\/11\/ni-el-vientox-ni-la-lluviax-ni-el-frio-puede-impedir-los-marchantes-por-la-paz-y-la-no-violencia-en-nueva-york\/","og_site_name":"Pressenza","article_publisher":"https:\/\/www.facebook.com\/PressenzaItalia","article_author":"https:\/\/www.facebook.com\/pressenza","article_published_time":"2009-11-30T00:00:00+00:00","article_modified_time":"2009-11-30T22:50:17+00:00","author":"Pressenza IPA","twitter_card":"summary_large_image","twitter_creator":"@PressenzaIPA","twitter_site":"@PressenzaIPA","twitter_misc":{"Escrito por":"Pressenza IPA","Tiempo de lectura":"3 minutos"},"schema":{"@context":"https:\/\/schema.org","@graph":[{"@type":"Article","@id":"https:\/\/www.pressenza.com\/es\/2009\/11\/ni-el-vientox-ni-la-lluviax-ni-el-frio-puede-impedir-los-marchantes-por-la-paz-y-la-no-violencia-en-nueva-york\/#article","isPartOf":{"@id":"https:\/\/www.pressenza.com\/es\/2009\/11\/ni-el-vientox-ni-la-lluviax-ni-el-frio-puede-impedir-los-marchantes-por-la-paz-y-la-no-violencia-en-nueva-york\/"},"author":{"name":"Pressenza IPA","@id":"https:\/\/www.pressenza.com\/es\/#\/schema\/person\/010e5d02bcf40965427a1289a4cc8d75"},"headline":"Ni el viento, ni la lluvia, ni el frio puede impedir los Marchantes por la Paz y la No-violencia en Nueva York","datePublished":"2009-11-30T00:00:00+00:00","dateModified":"2009-11-30T22:50:17+00:00","mainEntityOfPage":{"@id":"https:\/\/www.pressenza.com\/es\/2009\/11\/ni-el-vientox-ni-la-lluviax-ni-el-frio-puede-impedir-los-marchantes-por-la-paz-y-la-no-violencia-en-nueva-york\/"},"wordCount":536,"publisher":{"@id":"https:\/\/www.pressenza.com\/es\/#organization"},"articleSection":["Asuntos internacionales","Internacional","Norteam\u00e9rica"],"inLanguage":"es"},{"@type":"WebPage","@id":"https:\/\/www.pressenza.com\/es\/2009\/11\/ni-el-vientox-ni-la-lluviax-ni-el-frio-puede-impedir-los-marchantes-por-la-paz-y-la-no-violencia-en-nueva-york\/","url":"https:\/\/www.pressenza.com\/es\/2009\/11\/ni-el-vientox-ni-la-lluviax-ni-el-frio-puede-impedir-los-marchantes-por-la-paz-y-la-no-violencia-en-nueva-york\/","name":"Ni el viento, ni la lluvia, ni el frio puede impedir los Marchantes por la Paz y la No-violencia en Nueva York","isPartOf":{"@id":"https:\/\/www.pressenza.com\/es\/#website"},"datePublished":"2009-11-30T00:00:00+00:00","dateModified":"2009-11-30T22:50:17+00:00","description":"El equipo base de la Marcha Mundial por la Paz y la No Violencia arrib\u00f3 hoy a Nueva York y march\u00f3 junto con m\u00e1s de 1000 personas desde Brooklyn a Manhattan para celebrar el comienzo del tramo Norteamericano. M\u00e1s tarde, por la tarde, Dr Bernard Lafayette, activista de derechos civiles y educador de la Noviolencia dio inspiraci\u00f3n a los asistentes en Riverside Church.","breadcrumb":{"@id":"https:\/\/www.pressenza.com\/es\/2009\/11\/ni-el-vientox-ni-la-lluviax-ni-el-frio-puede-impedir-los-marchantes-por-la-paz-y-la-no-violencia-en-nueva-york\/#breadcrumb"},"inLanguage":"es","potentialAction":[{"@type":"ReadAction","target":["https:\/\/www.pressenza.com\/es\/2009\/11\/ni-el-vientox-ni-la-lluviax-ni-el-frio-puede-impedir-los-marchantes-por-la-paz-y-la-no-violencia-en-nueva-york\/"]}]},{"@type":"BreadcrumbList","@id":"https:\/\/www.pressenza.com\/es\/2009\/11\/ni-el-vientox-ni-la-lluviax-ni-el-frio-puede-impedir-los-marchantes-por-la-paz-y-la-no-violencia-en-nueva-york\/#breadcrumb","itemListElement":[{"@type":"ListItem","position":1,"name":"Accueil","item":"https:\/\/www.pressenza.com\/es\/"},{"@type":"ListItem","position":2,"name":"Ni el viento, ni la lluvia, ni el frio puede impedir los Marchantes por la Paz y la No-violencia en Nueva York"}]},{"@type":"WebSite","@id":"https:\/\/www.pressenza.com\/es\/#website","url":"https:\/\/www.pressenza.com\/es\/","name":"Pressenza","description":"International Press Agency","publisher":{"@id":"https:\/\/www.pressenza.com\/es\/#organization"},"potentialAction":[{"@type":"SearchAction","target":{"@type":"EntryPoint","urlTemplate":"https:\/\/www.pressenza.com\/es\/?s={search_term_string}"},"query-input":{"@type":"PropertyValueSpecification","valueRequired":true,"valueName":"search_term_string"}}],"inLanguage":"es"},{"@type":"Organization","@id":"https:\/\/www.pressenza.com\/es\/#organization","name":"Pressenza","url":"https:\/\/www.pressenza.com\/es\/","logo":{"@type":"ImageObject","inLanguage":"es","@id":"https:\/\/www.pressenza.com\/es\/#\/schema\/logo\/image\/","url":"https:\/\/www.pressenza.com\/wp-content\/uploads\/2022\/10\/pressenza_logo_200x200.jpg","contentUrl":"https:\/\/www.pressenza.com\/wp-content\/uploads\/2022\/10\/pressenza_logo_200x200.jpg","width":200,"height":200,"caption":"Pressenza"},"image":{"@id":"https:\/\/www.pressenza.com\/es\/#\/schema\/logo\/image\/"},"sameAs":["https:\/\/www.facebook.com\/PressenzaItalia","https:\/\/x.com\/PressenzaIPA"]},{"@type":"Person","@id":"https:\/\/www.pressenza.com\/es\/#\/schema\/person\/010e5d02bcf40965427a1289a4cc8d75","name":"Pressenza IPA","description":"News from Pressenza IPA correspondents","sameAs":["https:\/\/www.facebook.com\/pressenza","https:\/\/x.com\/PressenzaIPA"],"url":"https:\/\/www.pressenza.com\/es\/author\/pressenza-ipa\/"}]}},"place":"New York","original_article_url":"","_links":{"self":[{"href":"https:\/\/www.pressenza.com\/es\/wp-json\/wp\/v2\/posts\/2442","targetHints":{"allow":["GET"]}}],"collection":[{"href":"https:\/\/www.pressenza.com\/es\/wp-json\/wp\/v2\/posts"}],"about":[{"href":"https:\/\/www.pressenza.com\/es\/wp-json\/wp\/v2\/types\/post"}],"author":[{"embeddable":true,"href":"https:\/\/www.pressenza.com\/es\/wp-json\/wp\/v2\/users\/19"}],"replies":[{"embeddable":true,"href":"https:\/\/www.pressenza.com\/es\/wp-json\/wp\/v2\/comments?post=2442"}],"version-history":[{"count":0,"href":"https:\/\/www.pressenza.com\/es\/wp-json\/wp\/v2\/posts\/2442\/revisions"}],"wp:attachment":[{"href":"https:\/\/www.pressenza.com\/es\/wp-json\/wp\/v2\/media?parent=2442"}],"wp:term":[{"taxonomy":"category","embeddable":true,"href":"https:\/\/www.pressenza.com\/es\/wp-json\/wp\/v2\/categories?post=2442"},{"taxonomy":"post_tag","embeddable":true,"href":"https:\/\/www.pressenza.com\/es\/wp-json\/wp\/v2\/tags?post=2442"}],"curies":[{"name":"wp","href":"https:\/\/api.w.org\/{rel}","templated":true}]}}