{"id":2436,"date":"2009-11-30T00:00:00","date_gmt":"2009-11-30T00:00:00","guid":{"rendered":""},"modified":"2009-11-30T15:14:06","modified_gmt":"2009-11-30T15:14:06","slug":"sigue-desaparecido-el-periodista-irani-mazdak","status":"publish","type":"post","link":"https:\/\/www.pressenza.com\/es\/2009\/11\/sigue-desaparecido-el-periodista-irani-mazdak\/","title":{"rendered":"Sigue desaparecido el periodista iran\u00ed Mazdak"},"content":{"rendered":"<p>El periodista iran\u00ed, Mazdak Ali Nazari, sigue desaparecido desde el pasado 8 de noviembre de su casa en Teher\u00e1n. Este d\u00eda, fuerzas de seguridad no identificadas, entraron en su domicilio, lo registraron, requisaron su ordenador personal y lo detuvieron sin que se sepa en estos momentos d\u00f3nde se encuentra.<\/p>\n<p>La \u00fanica noticia posterior ha sido una llamada telef\u00f3nica suya a la  familia explic\u00e1ndoles que est\u00e1 detenido y que ignora su paradero. La familia est\u00e1 preocupada ya que han pedido visitarlo y su petici\u00f3n ha sido rechazada. El gran temor  es que pase a engrosar la larga lista de periodistas desaparecidos o muertos en Ir\u00e1n.<\/p>\n<p>Conocido por sus ideas pacifistas y por promover la democracia en su pa\u00eds, Mazdak parece que estaba siendo vigilado, despu\u00e9s de las \u00faltimas y disputadas elecciones presidenciales, por oficiales de uno de los campos de concentraci\u00f3n de la Agencia Secreta de Ir\u00e1n. <\/p>\n<p>Ya en julio de 2009, la agencia de noticias \u201cFars\u201d, un peri\u00f3dico online radical manejado por el Gobierno, y el \u201cPeri\u00f3dico Javan\u201d, el diario oficial del ej\u00e9rcito, hab\u00edan publicado un art\u00edculo sobre Mazdak, informando que se trataba de un periodista reformista y amigo cercano a Mohamad Ali Abtahi (uno de los principales apoyos de Mehdi Karoubi y que acaba de ser sentenciado a seis a\u00f1os de prisi\u00f3n). En este art\u00edculo se dec\u00eda que Mazdak es un marxista e izquierdista, que est\u00e1 agitando a la poblaci\u00f3n y promoviendo protestas, y que fue visto en las mismas enarbolando una pancarta en la que se le\u00eda \u00abLiberad a Abtahi\u00bb.<\/p>\n<p>En la actualidad, Mazdak est\u00e1 apoyando activamente la Marcha Mundial por la Paz y la No Violencia y es el editor de \u00abPeriodistas por la Paz\u00bb, un sitio web censurado, que promueve la paz y la no-violencia; anteriormente era co-editor tambi\u00e9n del peri\u00f3dico prohibido \u00abEtemad-e-Melli\u00bb y editor de la revista mensual \u00abNasim\u00bb. Fue el ganador del premio \u00abReminiscencia de la pluma\u00bb de 2007, otorgado por la Sociedad de la Uni\u00f3n de la Prensa Iran\u00ed.<\/p>\n<p>A nivel internacional, ya se han comenzado a escuchar las primeras \u201cvoces\u201d, alertando sobre la desaparici\u00f3n y pidiendo su liberaci\u00f3n. Lo que permanece en \u201csilencio\u201d es su blog personal en persa, que no ha sido actualizado desde el d\u00eda de su detenci\u00f3n: <http:\/\/mazdakali.blogfa.com\/>http:\/\/mazdakali.blogfa.com\/<\/p>\n","protected":false},"excerpt":{"rendered":"<p>Sigue sin conocerse el paradero del periodista iran\u00ed Mazdak, desaparecido el 8 de noviembre despu\u00e9s de que fuerzas de seguridad entraran en su casa y lo arrestaran. Las autoridades no explican las razones de su detenci\u00f3n y la familia est\u00e1 preocupada por la suerte que pueda correr. Este pacifista estaba colaborando con la Marcha Mundial por la Paz y la No Violencia en Ir\u00e1n.<\/p>\n","protected":false},"author":19,"featured_media":0,"comment_status":"closed","ping_status":"open","sticky":false,"template":"","format":"standard","meta":{"footnotes":""},"categories":[76,39,71],"tags":[],"class_list":["post-2436","post","type-post","status-publish","format-standard","hentry","category-relaciones-exteriores","category-internacional","category-medio-oriente-es"],"yoast_head":"<!-- This site is optimized with the Yoast SEO plugin v27.1.1 - https:\/\/yoast.com\/product\/yoast-seo-wordpress\/ -->\n<title>Sigue desaparecido el periodista iran\u00ed Mazdak<\/title>\n<meta name=\"description\" content=\"Sigue sin conocerse el paradero del periodista iran\u00ed Mazdak, desaparecido el 8 de noviembre despu\u00e9s de que fuerzas de seguridad entraran en su casa y lo arrestaran. Las autoridades no explican las razones de su detenci\u00f3n y la familia est\u00e1 preocupada por la suerte que pueda correr. Este pacifista estaba colaborando con la Marcha Mundial por la Paz y la No Violencia en Ir\u00e1n.\" \/>\n<meta name=\"robots\" content=\"index, follow, max-snippet:-1, max-image-preview:large, max-video-preview:-1\" \/>\n<link rel=\"canonical\" href=\"https:\/\/www.pressenza.com\/es\/2009\/11\/sigue-desaparecido-el-periodista-irani-mazdak\/\" \/>\n<meta property=\"og:locale\" content=\"es_ES\" \/>\n<meta property=\"og:type\" content=\"article\" \/>\n<meta property=\"og:title\" content=\"Sigue desaparecido el periodista iran\u00ed Mazdak\" \/>\n<meta property=\"og:description\" content=\"Sigue sin conocerse el paradero del periodista iran\u00ed Mazdak, desaparecido el 8 de noviembre despu\u00e9s de que fuerzas de seguridad entraran en su casa y lo arrestaran. Las autoridades no explican las razones de su detenci\u00f3n y la familia est\u00e1 preocupada por la suerte que pueda correr. Este pacifista estaba colaborando con la Marcha Mundial por la Paz y la No Violencia en Ir\u00e1n.\" \/>\n<meta property=\"og:url\" content=\"https:\/\/www.pressenza.com\/es\/2009\/11\/sigue-desaparecido-el-periodista-irani-mazdak\/\" \/>\n<meta property=\"og:site_name\" content=\"Pressenza\" \/>\n<meta property=\"article:publisher\" content=\"https:\/\/www.facebook.com\/PressenzaItalia\" \/>\n<meta property=\"article:author\" content=\"https:\/\/www.facebook.com\/pressenza\" \/>\n<meta property=\"article:published_time\" content=\"2009-11-30T00:00:00+00:00\" \/>\n<meta property=\"article:modified_time\" content=\"2009-11-30T15:14:06+00:00\" \/>\n<meta name=\"author\" content=\"Pressenza IPA\" \/>\n<meta name=\"twitter:card\" content=\"summary_large_image\" \/>\n<meta name=\"twitter:creator\" content=\"@PressenzaIPA\" \/>\n<meta name=\"twitter:site\" content=\"@PressenzaIPA\" \/>\n<meta name=\"twitter:label1\" content=\"Escrito por\" \/>\n\t<meta name=\"twitter:data1\" content=\"Pressenza IPA\" \/>\n\t<meta name=\"twitter:label2\" content=\"Tiempo de lectura\" \/>\n\t<meta name=\"twitter:data2\" content=\"2 minutos\" \/>\n<script type=\"application\/ld+json\" class=\"yoast-schema-graph\">{\"@context\":\"https:\/\/schema.org\",\"@graph\":[{\"@type\":\"Article\",\"@id\":\"https:\/\/www.pressenza.com\/es\/2009\/11\/sigue-desaparecido-el-periodista-irani-mazdak\/#article\",\"isPartOf\":{\"@id\":\"https:\/\/www.pressenza.com\/es\/2009\/11\/sigue-desaparecido-el-periodista-irani-mazdak\/\"},\"author\":{\"name\":\"Pressenza IPA\",\"@id\":\"https:\/\/www.pressenza.com\/es\/#\/schema\/person\/010e5d02bcf40965427a1289a4cc8d75\"},\"headline\":\"Sigue desaparecido el periodista iran\u00ed Mazdak\",\"datePublished\":\"2009-11-30T00:00:00+00:00\",\"dateModified\":\"2009-11-30T15:14:06+00:00\",\"mainEntityOfPage\":{\"@id\":\"https:\/\/www.pressenza.com\/es\/2009\/11\/sigue-desaparecido-el-periodista-irani-mazdak\/\"},\"wordCount\":404,\"publisher\":{\"@id\":\"https:\/\/www.pressenza.com\/es\/#organization\"},\"articleSection\":[\"Asuntos internacionales\",\"Internacional\",\"Medio Oriente\"],\"inLanguage\":\"es\"},{\"@type\":\"WebPage\",\"@id\":\"https:\/\/www.pressenza.com\/es\/2009\/11\/sigue-desaparecido-el-periodista-irani-mazdak\/\",\"url\":\"https:\/\/www.pressenza.com\/es\/2009\/11\/sigue-desaparecido-el-periodista-irani-mazdak\/\",\"name\":\"Sigue desaparecido el periodista iran\u00ed Mazdak\",\"isPartOf\":{\"@id\":\"https:\/\/www.pressenza.com\/es\/#website\"},\"datePublished\":\"2009-11-30T00:00:00+00:00\",\"dateModified\":\"2009-11-30T15:14:06+00:00\",\"description\":\"Sigue sin conocerse el paradero del periodista iran\u00ed Mazdak, desaparecido el 8 de noviembre despu\u00e9s de que fuerzas de seguridad entraran en su casa y lo arrestaran. Las autoridades no explican las razones de su detenci\u00f3n y la familia est\u00e1 preocupada por la suerte que pueda correr. Este pacifista estaba colaborando con la Marcha Mundial por la Paz y la No Violencia en Ir\u00e1n.\",\"breadcrumb\":{\"@id\":\"https:\/\/www.pressenza.com\/es\/2009\/11\/sigue-desaparecido-el-periodista-irani-mazdak\/#breadcrumb\"},\"inLanguage\":\"es\",\"potentialAction\":[{\"@type\":\"ReadAction\",\"target\":[\"https:\/\/www.pressenza.com\/es\/2009\/11\/sigue-desaparecido-el-periodista-irani-mazdak\/\"]}]},{\"@type\":\"BreadcrumbList\",\"@id\":\"https:\/\/www.pressenza.com\/es\/2009\/11\/sigue-desaparecido-el-periodista-irani-mazdak\/#breadcrumb\",\"itemListElement\":[{\"@type\":\"ListItem\",\"position\":1,\"name\":\"Accueil\",\"item\":\"https:\/\/www.pressenza.com\/es\/\"},{\"@type\":\"ListItem\",\"position\":2,\"name\":\"Sigue desaparecido el periodista iran\u00ed Mazdak\"}]},{\"@type\":\"WebSite\",\"@id\":\"https:\/\/www.pressenza.com\/es\/#website\",\"url\":\"https:\/\/www.pressenza.com\/es\/\",\"name\":\"Pressenza\",\"description\":\"International Press Agency\",\"publisher\":{\"@id\":\"https:\/\/www.pressenza.com\/es\/#organization\"},\"potentialAction\":[{\"@type\":\"SearchAction\",\"target\":{\"@type\":\"EntryPoint\",\"urlTemplate\":\"https:\/\/www.pressenza.com\/es\/?s={search_term_string}\"},\"query-input\":{\"@type\":\"PropertyValueSpecification\",\"valueRequired\":true,\"valueName\":\"search_term_string\"}}],\"inLanguage\":\"es\"},{\"@type\":\"Organization\",\"@id\":\"https:\/\/www.pressenza.com\/es\/#organization\",\"name\":\"Pressenza\",\"url\":\"https:\/\/www.pressenza.com\/es\/\",\"logo\":{\"@type\":\"ImageObject\",\"inLanguage\":\"es\",\"@id\":\"https:\/\/www.pressenza.com\/es\/#\/schema\/logo\/image\/\",\"url\":\"https:\/\/www.pressenza.com\/wp-content\/uploads\/2022\/10\/pressenza_logo_200x200.jpg\",\"contentUrl\":\"https:\/\/www.pressenza.com\/wp-content\/uploads\/2022\/10\/pressenza_logo_200x200.jpg\",\"width\":200,\"height\":200,\"caption\":\"Pressenza\"},\"image\":{\"@id\":\"https:\/\/www.pressenza.com\/es\/#\/schema\/logo\/image\/\"},\"sameAs\":[\"https:\/\/www.facebook.com\/PressenzaItalia\",\"https:\/\/x.com\/PressenzaIPA\"]},{\"@type\":\"Person\",\"@id\":\"https:\/\/www.pressenza.com\/es\/#\/schema\/person\/010e5d02bcf40965427a1289a4cc8d75\",\"name\":\"Pressenza IPA\",\"description\":\"News from Pressenza IPA correspondents\",\"sameAs\":[\"https:\/\/www.facebook.com\/pressenza\",\"https:\/\/x.com\/PressenzaIPA\"],\"url\":\"https:\/\/www.pressenza.com\/es\/author\/pressenza-ipa\/\"}]}<\/script>\n<!-- \/ Yoast SEO plugin. -->","yoast_head_json":{"title":"Sigue desaparecido el periodista iran\u00ed Mazdak","description":"Sigue sin conocerse el paradero del periodista iran\u00ed Mazdak, desaparecido el 8 de noviembre despu\u00e9s de que fuerzas de seguridad entraran en su casa y lo arrestaran. Las autoridades no explican las razones de su detenci\u00f3n y la familia est\u00e1 preocupada por la suerte que pueda correr. Este pacifista estaba colaborando con la Marcha Mundial por la Paz y la No Violencia en Ir\u00e1n.","robots":{"index":"index","follow":"follow","max-snippet":"max-snippet:-1","max-image-preview":"max-image-preview:large","max-video-preview":"max-video-preview:-1"},"canonical":"https:\/\/www.pressenza.com\/es\/2009\/11\/sigue-desaparecido-el-periodista-irani-mazdak\/","og_locale":"es_ES","og_type":"article","og_title":"Sigue desaparecido el periodista iran\u00ed Mazdak","og_description":"Sigue sin conocerse el paradero del periodista iran\u00ed Mazdak, desaparecido el 8 de noviembre despu\u00e9s de que fuerzas de seguridad entraran en su casa y lo arrestaran. Las autoridades no explican las razones de su detenci\u00f3n y la familia est\u00e1 preocupada por la suerte que pueda correr. Este pacifista estaba colaborando con la Marcha Mundial por la Paz y la No Violencia en Ir\u00e1n.","og_url":"https:\/\/www.pressenza.com\/es\/2009\/11\/sigue-desaparecido-el-periodista-irani-mazdak\/","og_site_name":"Pressenza","article_publisher":"https:\/\/www.facebook.com\/PressenzaItalia","article_author":"https:\/\/www.facebook.com\/pressenza","article_published_time":"2009-11-30T00:00:00+00:00","article_modified_time":"2009-11-30T15:14:06+00:00","author":"Pressenza IPA","twitter_card":"summary_large_image","twitter_creator":"@PressenzaIPA","twitter_site":"@PressenzaIPA","twitter_misc":{"Escrito por":"Pressenza IPA","Tiempo de lectura":"2 minutos"},"schema":{"@context":"https:\/\/schema.org","@graph":[{"@type":"Article","@id":"https:\/\/www.pressenza.com\/es\/2009\/11\/sigue-desaparecido-el-periodista-irani-mazdak\/#article","isPartOf":{"@id":"https:\/\/www.pressenza.com\/es\/2009\/11\/sigue-desaparecido-el-periodista-irani-mazdak\/"},"author":{"name":"Pressenza IPA","@id":"https:\/\/www.pressenza.com\/es\/#\/schema\/person\/010e5d02bcf40965427a1289a4cc8d75"},"headline":"Sigue desaparecido el periodista iran\u00ed Mazdak","datePublished":"2009-11-30T00:00:00+00:00","dateModified":"2009-11-30T15:14:06+00:00","mainEntityOfPage":{"@id":"https:\/\/www.pressenza.com\/es\/2009\/11\/sigue-desaparecido-el-periodista-irani-mazdak\/"},"wordCount":404,"publisher":{"@id":"https:\/\/www.pressenza.com\/es\/#organization"},"articleSection":["Asuntos internacionales","Internacional","Medio Oriente"],"inLanguage":"es"},{"@type":"WebPage","@id":"https:\/\/www.pressenza.com\/es\/2009\/11\/sigue-desaparecido-el-periodista-irani-mazdak\/","url":"https:\/\/www.pressenza.com\/es\/2009\/11\/sigue-desaparecido-el-periodista-irani-mazdak\/","name":"Sigue desaparecido el periodista iran\u00ed Mazdak","isPartOf":{"@id":"https:\/\/www.pressenza.com\/es\/#website"},"datePublished":"2009-11-30T00:00:00+00:00","dateModified":"2009-11-30T15:14:06+00:00","description":"Sigue sin conocerse el paradero del periodista iran\u00ed Mazdak, desaparecido el 8 de noviembre despu\u00e9s de que fuerzas de seguridad entraran en su casa y lo arrestaran. Las autoridades no explican las razones de su detenci\u00f3n y la familia est\u00e1 preocupada por la suerte que pueda correr. Este pacifista estaba colaborando con la Marcha Mundial por la Paz y la No Violencia en Ir\u00e1n.","breadcrumb":{"@id":"https:\/\/www.pressenza.com\/es\/2009\/11\/sigue-desaparecido-el-periodista-irani-mazdak\/#breadcrumb"},"inLanguage":"es","potentialAction":[{"@type":"ReadAction","target":["https:\/\/www.pressenza.com\/es\/2009\/11\/sigue-desaparecido-el-periodista-irani-mazdak\/"]}]},{"@type":"BreadcrumbList","@id":"https:\/\/www.pressenza.com\/es\/2009\/11\/sigue-desaparecido-el-periodista-irani-mazdak\/#breadcrumb","itemListElement":[{"@type":"ListItem","position":1,"name":"Accueil","item":"https:\/\/www.pressenza.com\/es\/"},{"@type":"ListItem","position":2,"name":"Sigue desaparecido el periodista iran\u00ed Mazdak"}]},{"@type":"WebSite","@id":"https:\/\/www.pressenza.com\/es\/#website","url":"https:\/\/www.pressenza.com\/es\/","name":"Pressenza","description":"International Press Agency","publisher":{"@id":"https:\/\/www.pressenza.com\/es\/#organization"},"potentialAction":[{"@type":"SearchAction","target":{"@type":"EntryPoint","urlTemplate":"https:\/\/www.pressenza.com\/es\/?s={search_term_string}"},"query-input":{"@type":"PropertyValueSpecification","valueRequired":true,"valueName":"search_term_string"}}],"inLanguage":"es"},{"@type":"Organization","@id":"https:\/\/www.pressenza.com\/es\/#organization","name":"Pressenza","url":"https:\/\/www.pressenza.com\/es\/","logo":{"@type":"ImageObject","inLanguage":"es","@id":"https:\/\/www.pressenza.com\/es\/#\/schema\/logo\/image\/","url":"https:\/\/www.pressenza.com\/wp-content\/uploads\/2022\/10\/pressenza_logo_200x200.jpg","contentUrl":"https:\/\/www.pressenza.com\/wp-content\/uploads\/2022\/10\/pressenza_logo_200x200.jpg","width":200,"height":200,"caption":"Pressenza"},"image":{"@id":"https:\/\/www.pressenza.com\/es\/#\/schema\/logo\/image\/"},"sameAs":["https:\/\/www.facebook.com\/PressenzaItalia","https:\/\/x.com\/PressenzaIPA"]},{"@type":"Person","@id":"https:\/\/www.pressenza.com\/es\/#\/schema\/person\/010e5d02bcf40965427a1289a4cc8d75","name":"Pressenza IPA","description":"News from Pressenza IPA correspondents","sameAs":["https:\/\/www.facebook.com\/pressenza","https:\/\/x.com\/PressenzaIPA"],"url":"https:\/\/www.pressenza.com\/es\/author\/pressenza-ipa\/"}]}},"place":"Teher\u00e1n","original_article_url":"","_links":{"self":[{"href":"https:\/\/www.pressenza.com\/es\/wp-json\/wp\/v2\/posts\/2436","targetHints":{"allow":["GET"]}}],"collection":[{"href":"https:\/\/www.pressenza.com\/es\/wp-json\/wp\/v2\/posts"}],"about":[{"href":"https:\/\/www.pressenza.com\/es\/wp-json\/wp\/v2\/types\/post"}],"author":[{"embeddable":true,"href":"https:\/\/www.pressenza.com\/es\/wp-json\/wp\/v2\/users\/19"}],"replies":[{"embeddable":true,"href":"https:\/\/www.pressenza.com\/es\/wp-json\/wp\/v2\/comments?post=2436"}],"version-history":[{"count":0,"href":"https:\/\/www.pressenza.com\/es\/wp-json\/wp\/v2\/posts\/2436\/revisions"}],"wp:attachment":[{"href":"https:\/\/www.pressenza.com\/es\/wp-json\/wp\/v2\/media?parent=2436"}],"wp:term":[{"taxonomy":"category","embeddable":true,"href":"https:\/\/www.pressenza.com\/es\/wp-json\/wp\/v2\/categories?post=2436"},{"taxonomy":"post_tag","embeddable":true,"href":"https:\/\/www.pressenza.com\/es\/wp-json\/wp\/v2\/tags?post=2436"}],"curies":[{"name":"wp","href":"https:\/\/api.w.org\/{rel}","templated":true}]}}