{"id":243168,"date":"2015-11-07T17:52:56","date_gmt":"2015-11-07T17:52:56","guid":{"rendered":"http:\/\/www.pressenza.com\/es\/?p=243168"},"modified":"2015-11-07T17:54:01","modified_gmt":"2015-11-07T17:54:01","slug":"no-voy-a-la-marcha-yo-soy-decente","status":"publish","type":"post","link":"https:\/\/www.pressenza.com\/es\/2015\/11\/no-voy-a-la-marcha-yo-soy-decente\/","title":{"rendered":"No voy a la marcha, yo soy decente"},"content":{"rendered":"<p><strong><em>Por Juan Sol\u00e1<\/em><\/strong><\/p>\n<p>Yo no voy a la Marcha del Orgullo. \u00bfOrgullo de qu\u00e9? \u00bfDe marchar con travestis semidesnudas y tipos sin remera? \u00bfDe marchar con drags entangadxs? \u00bfDe marchar con machonas con camisa? \u00bfDe caminar al lado de minas en tetas? \u00bfDe rodearme de maricones vestidos de cuero? \u00bfDe andar mostrando la cara en la tele y que me vean todos mis familiares como si esos y yo fu\u00e9ramos la misma cosa?<\/p>\n<p>Yo no voy a la marcha, que los maten. \u00bfQui\u00e9n necesita un pa\u00eds m\u00e1s diverso? \u00bfQui\u00e9n necesita entender la construcci\u00f3n sexual y emocional del otro? Si fueran todos de traje y corbata capaz me sumo, porque eso es m\u00e1s decente. Tener pinta de oficinista es m\u00e1s decente.<\/p>\n<p>Tapar es m\u00e1s decente, porque salir a poner el cuerpo exigiendo que te respeten es una estupidez. Porque salir a gritarle a la sociedad que vos y tus emociones y tu sexo y tu autopercepci\u00f3n tambi\u00e9n son parte de la cultura de nuestra Naci\u00f3n me parece rid\u00edculo.<\/p>\n<p>Que los maten, que sean v\u00edctimas del acoso escolar, que los empujen a la prostituci\u00f3n, que los conduzcan al suicidio, que no les den trabajo. Eso es m\u00e1s decente. Mi traje y mi corbata son m\u00e1s decentes, porque es muy importante que la abuela piense que no soy igual que ellos, que piense que soy algo que no soy s\u00f3lo para no darle un disgusto. Es m\u00e1s importante que la abuela no sepa, porque la ignorancia es m\u00e1s barata que la libertad.<\/p>\n<p>Porque los derechos conquistados tambi\u00e9n son para m\u00ed pero yo no pongo el cuerpo porque quedarme a ver por Cr\u00f3nica c\u00f3mo las trans son entrevistadas en tono sarc\u00e1stico es m\u00e1s decente. Porque mi sill\u00f3n es m\u00e1s c\u00f3modo que defender mis derechos y los derechos de todos esos tipos semidesnudos que, no s\u00e9 por qu\u00e9, no entiendo por qu\u00e9, r\u00eden y se abrazan y se felicitan y se prometen defenderse y conf\u00edan en que un cambio cultural es posible.<\/p>\n<p>Yo me dejo la corbata puesta. Lo bueno de las corbatas es que si at\u00e1s la otra punta a una rama no hace falta que nadie te ayude a morirte.<\/p>\n<p><em>Juan Sol\u00e1 es escritor y editor de <a href=\"https:\/\/www.facebook.com\/arbolgordoeditores\/?pnref=lhc\">\u00c1rbol Gordo Editores<\/a><\/em><\/p>\n","protected":false},"excerpt":{"rendered":"<p>Por Juan Sol\u00e1 Yo no voy a la Marcha del Orgullo. \u00bfOrgullo de qu\u00e9? \u00bfDe marchar con travestis semidesnudas y tipos sin remera? \u00bfDe marchar con drags entangadxs? \u00bfDe marchar con machonas con camisa? \u00bfDe caminar al lado de minas&hellip;<\/p>\n","protected":false},"author":87,"featured_media":243176,"comment_status":"closed","ping_status":"open","sticky":false,"template":"","format":"standard","meta":{"footnotes":""},"categories":[11389,75,79,1241,161,67],"tags":[26,3076,526,769,21526],"class_list":["post-243168","post","type-post","status-publish","format-standard","has-post-thumbnail","hentry","category-contenido-original","category-cultura-es","category-derechos-humanos","category-diversidad","category-opiniones","category-sudamerica","tag-argentina","tag-diversidad","tag-manifestacion","tag-no-discriminacion","tag-orgullo-gay"],"yoast_head":"<!-- This site is optimized with the Yoast SEO plugin v27.1.1 - https:\/\/yoast.com\/product\/yoast-seo-wordpress\/ -->\n<title>No voy a la marcha, yo soy decente<\/title>\n<meta name=\"description\" content=\"Por Juan Sol\u00e1 Yo no voy a la Marcha del Orgullo. \u00bfOrgullo de qu\u00e9? \u00bfDe marchar con travestis semidesnudas y tipos sin remera? \u00bfDe marchar con drags\" \/>\n<meta name=\"robots\" content=\"index, follow, max-snippet:-1, max-image-preview:large, max-video-preview:-1\" \/>\n<link rel=\"canonical\" href=\"https:\/\/www.pressenza.com\/es\/2015\/11\/no-voy-a-la-marcha-yo-soy-decente\/\" \/>\n<meta property=\"og:locale\" content=\"es_ES\" \/>\n<meta property=\"og:type\" content=\"article\" \/>\n<meta property=\"og:title\" content=\"No voy a la marcha, yo soy decente\" \/>\n<meta property=\"og:description\" content=\"Por Juan Sol\u00e1 Yo no voy a la Marcha del Orgullo. \u00bfOrgullo de qu\u00e9? \u00bfDe marchar con travestis semidesnudas y tipos sin remera? \u00bfDe marchar con drags\" \/>\n<meta property=\"og:url\" content=\"https:\/\/www.pressenza.com\/es\/2015\/11\/no-voy-a-la-marcha-yo-soy-decente\/\" \/>\n<meta property=\"og:site_name\" content=\"Pressenza\" \/>\n<meta property=\"article:publisher\" content=\"https:\/\/www.facebook.com\/PressenzaItalia\" \/>\n<meta property=\"article:published_time\" content=\"2015-11-07T17:52:56+00:00\" \/>\n<meta property=\"article:modified_time\" content=\"2015-11-07T17:54:01+00:00\" \/>\n<meta property=\"og:image\" content=\"https:\/\/www.pressenza.com\/wp-content\/uploads\/2015\/11\/15614672128_3118beaf2d_z.jpg\" \/>\n\t<meta property=\"og:image:width\" content=\"419\" \/>\n\t<meta property=\"og:image:height\" content=\"640\" \/>\n\t<meta property=\"og:image:type\" content=\"image\/jpeg\" \/>\n<meta name=\"author\" content=\"Redacci\u00f3n Argentina\" \/>\n<meta name=\"twitter:card\" content=\"summary_large_image\" \/>\n<meta name=\"twitter:creator\" content=\"@pressenza\" \/>\n<meta name=\"twitter:site\" content=\"@PressenzaIPA\" \/>\n<meta name=\"twitter:label1\" content=\"Escrito por\" \/>\n\t<meta name=\"twitter:data1\" content=\"Redacci\u00f3n Argentina\" \/>\n\t<meta name=\"twitter:label2\" content=\"Tiempo de lectura\" \/>\n\t<meta name=\"twitter:data2\" content=\"2 minutos\" \/>\n<script type=\"application\/ld+json\" class=\"yoast-schema-graph\">{\"@context\":\"https:\/\/schema.org\",\"@graph\":[{\"@type\":\"Article\",\"@id\":\"https:\/\/www.pressenza.com\/es\/2015\/11\/no-voy-a-la-marcha-yo-soy-decente\/#article\",\"isPartOf\":{\"@id\":\"https:\/\/www.pressenza.com\/es\/2015\/11\/no-voy-a-la-marcha-yo-soy-decente\/\"},\"author\":{\"name\":\"Redacci\u00f3n Argentina\",\"@id\":\"https:\/\/www.pressenza.com\/es\/#\/schema\/person\/0dda7d1b68267ad95b1e1d83abc98c89\"},\"headline\":\"No voy a la marcha, yo soy decente\",\"datePublished\":\"2015-11-07T17:52:56+00:00\",\"dateModified\":\"2015-11-07T17:54:01+00:00\",\"mainEntityOfPage\":{\"@id\":\"https:\/\/www.pressenza.com\/es\/2015\/11\/no-voy-a-la-marcha-yo-soy-decente\/\"},\"wordCount\":406,\"publisher\":{\"@id\":\"https:\/\/www.pressenza.com\/es\/#organization\"},\"image\":{\"@id\":\"https:\/\/www.pressenza.com\/es\/2015\/11\/no-voy-a-la-marcha-yo-soy-decente\/#primaryimage\"},\"thumbnailUrl\":\"https:\/\/www.pressenza.com\/wp-content\/uploads\/2015\/11\/15614672128_3118beaf2d_z.jpg\",\"keywords\":[\"Argentina\",\"diversidad\",\"manifestaci\u00f3n\",\"No Discriminaci\u00f3n\",\"Orgullo gay\"],\"articleSection\":[\"Contenido Original\",\"Cultura y Medios\",\"Derechos Humanos\",\"Diversidad\",\"Opiniones\",\"Sudam\u00e9rica\"],\"inLanguage\":\"es\"},{\"@type\":\"WebPage\",\"@id\":\"https:\/\/www.pressenza.com\/es\/2015\/11\/no-voy-a-la-marcha-yo-soy-decente\/\",\"url\":\"https:\/\/www.pressenza.com\/es\/2015\/11\/no-voy-a-la-marcha-yo-soy-decente\/\",\"name\":\"No voy a la marcha, yo soy decente\",\"isPartOf\":{\"@id\":\"https:\/\/www.pressenza.com\/es\/#website\"},\"primaryImageOfPage\":{\"@id\":\"https:\/\/www.pressenza.com\/es\/2015\/11\/no-voy-a-la-marcha-yo-soy-decente\/#primaryimage\"},\"image\":{\"@id\":\"https:\/\/www.pressenza.com\/es\/2015\/11\/no-voy-a-la-marcha-yo-soy-decente\/#primaryimage\"},\"thumbnailUrl\":\"https:\/\/www.pressenza.com\/wp-content\/uploads\/2015\/11\/15614672128_3118beaf2d_z.jpg\",\"datePublished\":\"2015-11-07T17:52:56+00:00\",\"dateModified\":\"2015-11-07T17:54:01+00:00\",\"description\":\"Por Juan Sol\u00e1 Yo no voy a la Marcha del Orgullo. \u00bfOrgullo de qu\u00e9? \u00bfDe marchar con travestis semidesnudas y tipos sin remera? \u00bfDe marchar con drags\",\"breadcrumb\":{\"@id\":\"https:\/\/www.pressenza.com\/es\/2015\/11\/no-voy-a-la-marcha-yo-soy-decente\/#breadcrumb\"},\"inLanguage\":\"es\",\"potentialAction\":[{\"@type\":\"ReadAction\",\"target\":[\"https:\/\/www.pressenza.com\/es\/2015\/11\/no-voy-a-la-marcha-yo-soy-decente\/\"]}]},{\"@type\":\"ImageObject\",\"inLanguage\":\"es\",\"@id\":\"https:\/\/www.pressenza.com\/es\/2015\/11\/no-voy-a-la-marcha-yo-soy-decente\/#primaryimage\",\"url\":\"https:\/\/www.pressenza.com\/wp-content\/uploads\/2015\/11\/15614672128_3118beaf2d_z.jpg\",\"contentUrl\":\"https:\/\/www.pressenza.com\/wp-content\/uploads\/2015\/11\/15614672128_3118beaf2d_z.jpg\",\"width\":419,\"height\":640},{\"@type\":\"BreadcrumbList\",\"@id\":\"https:\/\/www.pressenza.com\/es\/2015\/11\/no-voy-a-la-marcha-yo-soy-decente\/#breadcrumb\",\"itemListElement\":[{\"@type\":\"ListItem\",\"position\":1,\"name\":\"Accueil\",\"item\":\"https:\/\/www.pressenza.com\/es\/\"},{\"@type\":\"ListItem\",\"position\":2,\"name\":\"No voy a la marcha, yo soy decente\"}]},{\"@type\":\"WebSite\",\"@id\":\"https:\/\/www.pressenza.com\/es\/#website\",\"url\":\"https:\/\/www.pressenza.com\/es\/\",\"name\":\"Pressenza\",\"description\":\"International Press Agency\",\"publisher\":{\"@id\":\"https:\/\/www.pressenza.com\/es\/#organization\"},\"potentialAction\":[{\"@type\":\"SearchAction\",\"target\":{\"@type\":\"EntryPoint\",\"urlTemplate\":\"https:\/\/www.pressenza.com\/es\/?s={search_term_string}\"},\"query-input\":{\"@type\":\"PropertyValueSpecification\",\"valueRequired\":true,\"valueName\":\"search_term_string\"}}],\"inLanguage\":\"es\"},{\"@type\":\"Organization\",\"@id\":\"https:\/\/www.pressenza.com\/es\/#organization\",\"name\":\"Pressenza\",\"url\":\"https:\/\/www.pressenza.com\/es\/\",\"logo\":{\"@type\":\"ImageObject\",\"inLanguage\":\"es\",\"@id\":\"https:\/\/www.pressenza.com\/es\/#\/schema\/logo\/image\/\",\"url\":\"https:\/\/www.pressenza.com\/wp-content\/uploads\/2022\/10\/pressenza_logo_200x200.jpg\",\"contentUrl\":\"https:\/\/www.pressenza.com\/wp-content\/uploads\/2022\/10\/pressenza_logo_200x200.jpg\",\"width\":200,\"height\":200,\"caption\":\"Pressenza\"},\"image\":{\"@id\":\"https:\/\/www.pressenza.com\/es\/#\/schema\/logo\/image\/\"},\"sameAs\":[\"https:\/\/www.facebook.com\/PressenzaItalia\",\"https:\/\/x.com\/PressenzaIPA\"]},{\"@type\":\"Person\",\"@id\":\"https:\/\/www.pressenza.com\/es\/#\/schema\/person\/0dda7d1b68267ad95b1e1d83abc98c89\",\"name\":\"Redacci\u00f3n Argentina\",\"description\":\"News from the Pressenza Bureau in Argentina.\",\"sameAs\":[\"https:\/\/x.com\/pressenza\"],\"url\":\"https:\/\/www.pressenza.com\/es\/author\/redaccion-argentina\/\"}]}<\/script>\n<!-- \/ Yoast SEO plugin. -->","yoast_head_json":{"title":"No voy a la marcha, yo soy decente","description":"Por Juan Sol\u00e1 Yo no voy a la Marcha del Orgullo. \u00bfOrgullo de qu\u00e9? \u00bfDe marchar con travestis semidesnudas y tipos sin remera? \u00bfDe marchar con drags","robots":{"index":"index","follow":"follow","max-snippet":"max-snippet:-1","max-image-preview":"max-image-preview:large","max-video-preview":"max-video-preview:-1"},"canonical":"https:\/\/www.pressenza.com\/es\/2015\/11\/no-voy-a-la-marcha-yo-soy-decente\/","og_locale":"es_ES","og_type":"article","og_title":"No voy a la marcha, yo soy decente","og_description":"Por Juan Sol\u00e1 Yo no voy a la Marcha del Orgullo. \u00bfOrgullo de qu\u00e9? \u00bfDe marchar con travestis semidesnudas y tipos sin remera? \u00bfDe marchar con drags","og_url":"https:\/\/www.pressenza.com\/es\/2015\/11\/no-voy-a-la-marcha-yo-soy-decente\/","og_site_name":"Pressenza","article_publisher":"https:\/\/www.facebook.com\/PressenzaItalia","article_published_time":"2015-11-07T17:52:56+00:00","article_modified_time":"2015-11-07T17:54:01+00:00","og_image":[{"width":419,"height":640,"url":"https:\/\/www.pressenza.com\/wp-content\/uploads\/2015\/11\/15614672128_3118beaf2d_z.jpg","type":"image\/jpeg"}],"author":"Redacci\u00f3n Argentina","twitter_card":"summary_large_image","twitter_creator":"@pressenza","twitter_site":"@PressenzaIPA","twitter_misc":{"Escrito por":"Redacci\u00f3n Argentina","Tiempo de lectura":"2 minutos"},"schema":{"@context":"https:\/\/schema.org","@graph":[{"@type":"Article","@id":"https:\/\/www.pressenza.com\/es\/2015\/11\/no-voy-a-la-marcha-yo-soy-decente\/#article","isPartOf":{"@id":"https:\/\/www.pressenza.com\/es\/2015\/11\/no-voy-a-la-marcha-yo-soy-decente\/"},"author":{"name":"Redacci\u00f3n Argentina","@id":"https:\/\/www.pressenza.com\/es\/#\/schema\/person\/0dda7d1b68267ad95b1e1d83abc98c89"},"headline":"No voy a la marcha, yo soy decente","datePublished":"2015-11-07T17:52:56+00:00","dateModified":"2015-11-07T17:54:01+00:00","mainEntityOfPage":{"@id":"https:\/\/www.pressenza.com\/es\/2015\/11\/no-voy-a-la-marcha-yo-soy-decente\/"},"wordCount":406,"publisher":{"@id":"https:\/\/www.pressenza.com\/es\/#organization"},"image":{"@id":"https:\/\/www.pressenza.com\/es\/2015\/11\/no-voy-a-la-marcha-yo-soy-decente\/#primaryimage"},"thumbnailUrl":"https:\/\/www.pressenza.com\/wp-content\/uploads\/2015\/11\/15614672128_3118beaf2d_z.jpg","keywords":["Argentina","diversidad","manifestaci\u00f3n","No Discriminaci\u00f3n","Orgullo gay"],"articleSection":["Contenido Original","Cultura y Medios","Derechos Humanos","Diversidad","Opiniones","Sudam\u00e9rica"],"inLanguage":"es"},{"@type":"WebPage","@id":"https:\/\/www.pressenza.com\/es\/2015\/11\/no-voy-a-la-marcha-yo-soy-decente\/","url":"https:\/\/www.pressenza.com\/es\/2015\/11\/no-voy-a-la-marcha-yo-soy-decente\/","name":"No voy a la marcha, yo soy decente","isPartOf":{"@id":"https:\/\/www.pressenza.com\/es\/#website"},"primaryImageOfPage":{"@id":"https:\/\/www.pressenza.com\/es\/2015\/11\/no-voy-a-la-marcha-yo-soy-decente\/#primaryimage"},"image":{"@id":"https:\/\/www.pressenza.com\/es\/2015\/11\/no-voy-a-la-marcha-yo-soy-decente\/#primaryimage"},"thumbnailUrl":"https:\/\/www.pressenza.com\/wp-content\/uploads\/2015\/11\/15614672128_3118beaf2d_z.jpg","datePublished":"2015-11-07T17:52:56+00:00","dateModified":"2015-11-07T17:54:01+00:00","description":"Por Juan Sol\u00e1 Yo no voy a la Marcha del Orgullo. \u00bfOrgullo de qu\u00e9? \u00bfDe marchar con travestis semidesnudas y tipos sin remera? \u00bfDe marchar con drags","breadcrumb":{"@id":"https:\/\/www.pressenza.com\/es\/2015\/11\/no-voy-a-la-marcha-yo-soy-decente\/#breadcrumb"},"inLanguage":"es","potentialAction":[{"@type":"ReadAction","target":["https:\/\/www.pressenza.com\/es\/2015\/11\/no-voy-a-la-marcha-yo-soy-decente\/"]}]},{"@type":"ImageObject","inLanguage":"es","@id":"https:\/\/www.pressenza.com\/es\/2015\/11\/no-voy-a-la-marcha-yo-soy-decente\/#primaryimage","url":"https:\/\/www.pressenza.com\/wp-content\/uploads\/2015\/11\/15614672128_3118beaf2d_z.jpg","contentUrl":"https:\/\/www.pressenza.com\/wp-content\/uploads\/2015\/11\/15614672128_3118beaf2d_z.jpg","width":419,"height":640},{"@type":"BreadcrumbList","@id":"https:\/\/www.pressenza.com\/es\/2015\/11\/no-voy-a-la-marcha-yo-soy-decente\/#breadcrumb","itemListElement":[{"@type":"ListItem","position":1,"name":"Accueil","item":"https:\/\/www.pressenza.com\/es\/"},{"@type":"ListItem","position":2,"name":"No voy a la marcha, yo soy decente"}]},{"@type":"WebSite","@id":"https:\/\/www.pressenza.com\/es\/#website","url":"https:\/\/www.pressenza.com\/es\/","name":"Pressenza","description":"International Press Agency","publisher":{"@id":"https:\/\/www.pressenza.com\/es\/#organization"},"potentialAction":[{"@type":"SearchAction","target":{"@type":"EntryPoint","urlTemplate":"https:\/\/www.pressenza.com\/es\/?s={search_term_string}"},"query-input":{"@type":"PropertyValueSpecification","valueRequired":true,"valueName":"search_term_string"}}],"inLanguage":"es"},{"@type":"Organization","@id":"https:\/\/www.pressenza.com\/es\/#organization","name":"Pressenza","url":"https:\/\/www.pressenza.com\/es\/","logo":{"@type":"ImageObject","inLanguage":"es","@id":"https:\/\/www.pressenza.com\/es\/#\/schema\/logo\/image\/","url":"https:\/\/www.pressenza.com\/wp-content\/uploads\/2022\/10\/pressenza_logo_200x200.jpg","contentUrl":"https:\/\/www.pressenza.com\/wp-content\/uploads\/2022\/10\/pressenza_logo_200x200.jpg","width":200,"height":200,"caption":"Pressenza"},"image":{"@id":"https:\/\/www.pressenza.com\/es\/#\/schema\/logo\/image\/"},"sameAs":["https:\/\/www.facebook.com\/PressenzaItalia","https:\/\/x.com\/PressenzaIPA"]},{"@type":"Person","@id":"https:\/\/www.pressenza.com\/es\/#\/schema\/person\/0dda7d1b68267ad95b1e1d83abc98c89","name":"Redacci\u00f3n Argentina","description":"News from the Pressenza Bureau in Argentina.","sameAs":["https:\/\/x.com\/pressenza"],"url":"https:\/\/www.pressenza.com\/es\/author\/redaccion-argentina\/"}]}},"place":"Ciudad de Buenos Aires","original_article_url":"","_links":{"self":[{"href":"https:\/\/www.pressenza.com\/es\/wp-json\/wp\/v2\/posts\/243168","targetHints":{"allow":["GET"]}}],"collection":[{"href":"https:\/\/www.pressenza.com\/es\/wp-json\/wp\/v2\/posts"}],"about":[{"href":"https:\/\/www.pressenza.com\/es\/wp-json\/wp\/v2\/types\/post"}],"author":[{"embeddable":true,"href":"https:\/\/www.pressenza.com\/es\/wp-json\/wp\/v2\/users\/87"}],"replies":[{"embeddable":true,"href":"https:\/\/www.pressenza.com\/es\/wp-json\/wp\/v2\/comments?post=243168"}],"version-history":[{"count":0,"href":"https:\/\/www.pressenza.com\/es\/wp-json\/wp\/v2\/posts\/243168\/revisions"}],"wp:featuredmedia":[{"embeddable":true,"href":"https:\/\/www.pressenza.com\/es\/wp-json\/wp\/v2\/media\/243176"}],"wp:attachment":[{"href":"https:\/\/www.pressenza.com\/es\/wp-json\/wp\/v2\/media?parent=243168"}],"wp:term":[{"taxonomy":"category","embeddable":true,"href":"https:\/\/www.pressenza.com\/es\/wp-json\/wp\/v2\/categories?post=243168"},{"taxonomy":"post_tag","embeddable":true,"href":"https:\/\/www.pressenza.com\/es\/wp-json\/wp\/v2\/tags?post=243168"}],"curies":[{"name":"wp","href":"https:\/\/api.w.org\/{rel}","templated":true}]}}