{"id":242049,"date":"2015-11-05T02:41:19","date_gmt":"2015-11-05T02:41:19","guid":{"rendered":"http:\/\/www.pressenza.com\/es\/?p=242049"},"modified":"2015-12-27T01:15:11","modified_gmt":"2015-12-27T01:15:11","slug":"en-regional-y-popular-a-diez-anos-de-la-derrota-del-alca-la-lucha-continua","status":"publish","type":"post","link":"https:\/\/www.pressenza.com\/es\/2015\/11\/en-regional-y-popular-a-diez-anos-de-la-derrota-del-alca-la-lucha-continua\/","title":{"rendered":"En \u201cRegional y Popular\u201d: A diez a\u00f1os de la derrota del ALCA, la lucha contin\u00faa"},"content":{"rendered":"<p><iframe loading=\"lazy\" id=\"audio_9250163\" style=\"border: 1px solid #EEE; box-sizing: border-box; width: 100%;\" src=\"http:\/\/www.ivoox.com\/player_ej_9250163_4_1.html?c1=2e2723\" width=\"300\" height=\"200\" frameborder=\"0\" scrolling=\"no\" allowfullscreen=\"allowfullscreen\"><\/iframe><\/p>\n<p>El 5 de Noviembre se celebran diez a\u00f1os de una gran victoria de los pueblos de Latinoam\u00e9rica y el Caribe. El rechazo al intento de EEUU &#8211; secundado entonces por sus socios del TLCAN, Canad\u00e1 y M\u00e9jico &#8211; de constituir un \u00c1rea de Libre Comercio de las Am\u00e9ricas (ALCA) fue el comienzo de un per\u00edodo de integraci\u00f3n regional nunca antes visto, una d\u00e9cada en la que los pa\u00edses del sur empezaron a hablar en voz alta.<br \/>\nPor ello, el segmento radial \u201cRegional y Popular\u201d se suma a los festejos, advirtiendo que los intentos de colonialismo siguen al acecho y que la lucha por la soberan\u00eda contin\u00faa vigente.<br \/>\n\u201cRegional y Popular\u201d es una producci\u00f3n radiof\u00f3nica de Pressenza (con la colaboraci\u00f3n de radio comunitaria La Ranchada) que propone temas y comentarios de actualidad regional desde una \u00f3ptica humanista.<br \/>\nSe emite al aire todos los jueves por Radio La Ranchada y a trav\u00e9s de Pressenza para todas las radios que quieran reproducirla.<\/p>\n","protected":false},"excerpt":{"rendered":"<p>El 5 de Noviembre se celebran diez a\u00f1os de una gran victoria de los pueblos de Latinoam\u00e9rica y el Caribe. El rechazo al intento de EEUU &#8211; secundado entonces por sus socios del TLCAN, Canad\u00e1 y M\u00e9jico &#8211; de constituir&hellip;<\/p>\n","protected":false},"author":87,"featured_media":242050,"comment_status":"closed","ping_status":"open","sticky":false,"template":"","format":"standard","meta":{"footnotes":""},"categories":[69,11389,75,39,74,22754,67],"tags":[1608,26,21457,3884,14640,20866,523,1178,21456,4495,21254,15685],"class_list":["post-242049","post","type-post","status-publish","format-standard","has-post-thumbnail","hentry","category-america-central","category-contenido-original","category-cultura-es","category-internacional","category-politica-es","category-radio-es","category-sudamerica","tag-aniversario","tag-argentina","tag-cumbre-d-elas-americas","tag-hugo-chavez-es","tag-integracion-latinoamericana","tag-la-ranchada","tag-medios-de-comunicacion","tag-nestor-kirchner","tag-no-al-alca","tag-radio-it","tag-regional-y-popular","tag-soberania"],"yoast_head":"<!-- This site is optimized with the Yoast SEO plugin v27.1.1 - https:\/\/yoast.com\/product\/yoast-seo-wordpress\/ -->\n<title>En \u201cRegional y Popular\u201d: A diez a\u00f1os de la derrota del ALCA, la lucha contin\u00faa<\/title>\n<meta name=\"description\" content=\"El 5 de Noviembre se celebran diez a\u00f1os de una gran victoria de los pueblos de Latinoam\u00e9rica y el Caribe. El rechazo al intento de EEUU - secundado\" \/>\n<meta name=\"robots\" content=\"index, follow, max-snippet:-1, max-image-preview:large, max-video-preview:-1\" \/>\n<link rel=\"canonical\" href=\"https:\/\/www.pressenza.com\/es\/2015\/11\/en-regional-y-popular-a-diez-anos-de-la-derrota-del-alca-la-lucha-continua\/\" \/>\n<meta property=\"og:locale\" content=\"es_ES\" \/>\n<meta property=\"og:type\" content=\"article\" \/>\n<meta property=\"og:title\" content=\"En \u201cRegional y Popular\u201d: A diez a\u00f1os de la derrota del ALCA, la lucha contin\u00faa\" \/>\n<meta property=\"og:description\" content=\"El 5 de Noviembre se celebran diez a\u00f1os de una gran victoria de los pueblos de Latinoam\u00e9rica y el Caribe. El rechazo al intento de EEUU - secundado\" \/>\n<meta property=\"og:url\" content=\"https:\/\/www.pressenza.com\/es\/2015\/11\/en-regional-y-popular-a-diez-anos-de-la-derrota-del-alca-la-lucha-continua\/\" \/>\n<meta property=\"og:site_name\" content=\"Pressenza\" \/>\n<meta property=\"article:publisher\" content=\"https:\/\/www.facebook.com\/PressenzaItalia\" \/>\n<meta property=\"article:published_time\" content=\"2015-11-05T02:41:19+00:00\" \/>\n<meta property=\"article:modified_time\" content=\"2015-12-27T01:15:11+00:00\" \/>\n<meta property=\"og:image\" content=\"https:\/\/www.pressenza.com\/wp-content\/uploads\/2015\/11\/2052666360_c380645fee_z.jpg\" \/>\n\t<meta property=\"og:image:width\" content=\"640\" \/>\n\t<meta property=\"og:image:height\" content=\"480\" \/>\n\t<meta property=\"og:image:type\" content=\"image\/jpeg\" \/>\n<meta name=\"author\" content=\"Redacci\u00f3n Argentina\" \/>\n<meta name=\"twitter:card\" content=\"summary_large_image\" \/>\n<meta name=\"twitter:creator\" content=\"@pressenza\" \/>\n<meta name=\"twitter:site\" content=\"@PressenzaIPA\" \/>\n<meta name=\"twitter:label1\" content=\"Escrito por\" \/>\n\t<meta name=\"twitter:data1\" content=\"Redacci\u00f3n Argentina\" \/>\n\t<meta name=\"twitter:label2\" content=\"Tiempo de lectura\" \/>\n\t<meta name=\"twitter:data2\" content=\"1 minuto\" \/>\n<script type=\"application\/ld+json\" class=\"yoast-schema-graph\">{\"@context\":\"https:\/\/schema.org\",\"@graph\":[{\"@type\":\"Article\",\"@id\":\"https:\/\/www.pressenza.com\/es\/2015\/11\/en-regional-y-popular-a-diez-anos-de-la-derrota-del-alca-la-lucha-continua\/#article\",\"isPartOf\":{\"@id\":\"https:\/\/www.pressenza.com\/es\/2015\/11\/en-regional-y-popular-a-diez-anos-de-la-derrota-del-alca-la-lucha-continua\/\"},\"author\":{\"name\":\"Redacci\u00f3n Argentina\",\"@id\":\"https:\/\/www.pressenza.com\/es\/#\/schema\/person\/0dda7d1b68267ad95b1e1d83abc98c89\"},\"headline\":\"En \u201cRegional y Popular\u201d: A diez a\u00f1os de la derrota del ALCA, la lucha contin\u00faa\",\"datePublished\":\"2015-11-05T02:41:19+00:00\",\"dateModified\":\"2015-12-27T01:15:11+00:00\",\"mainEntityOfPage\":{\"@id\":\"https:\/\/www.pressenza.com\/es\/2015\/11\/en-regional-y-popular-a-diez-anos-de-la-derrota-del-alca-la-lucha-continua\/\"},\"wordCount\":189,\"publisher\":{\"@id\":\"https:\/\/www.pressenza.com\/es\/#organization\"},\"image\":{\"@id\":\"https:\/\/www.pressenza.com\/es\/2015\/11\/en-regional-y-popular-a-diez-anos-de-la-derrota-del-alca-la-lucha-continua\/#primaryimage\"},\"thumbnailUrl\":\"https:\/\/www.pressenza.com\/wp-content\/uploads\/2015\/11\/2052666360_c380645fee_z.jpg\",\"keywords\":[\"aniversario\",\"Argentina\",\"Cumbre d elas Am\u00e9ricas\",\"Hugo Ch\u00e1vez\",\"Integraci\u00f3n latinoamericana\",\"La Ranchada\",\"medios de comunicaci\u00f3n\",\"N\u00e9stor Kirchner\",\"No al ALCA\",\"radio\",\"Regional y Popular\",\"soberan\u00eda\"],\"articleSection\":[\"Am\u00e9rica Central\",\"Contenido Original\",\"Cultura y Medios\",\"Internacional\",\"Pol\u00edtica\",\"Radio\",\"Sudam\u00e9rica\"],\"inLanguage\":\"es\"},{\"@type\":\"WebPage\",\"@id\":\"https:\/\/www.pressenza.com\/es\/2015\/11\/en-regional-y-popular-a-diez-anos-de-la-derrota-del-alca-la-lucha-continua\/\",\"url\":\"https:\/\/www.pressenza.com\/es\/2015\/11\/en-regional-y-popular-a-diez-anos-de-la-derrota-del-alca-la-lucha-continua\/\",\"name\":\"En \u201cRegional y Popular\u201d: A diez a\u00f1os de la derrota del ALCA, la lucha contin\u00faa\",\"isPartOf\":{\"@id\":\"https:\/\/www.pressenza.com\/es\/#website\"},\"primaryImageOfPage\":{\"@id\":\"https:\/\/www.pressenza.com\/es\/2015\/11\/en-regional-y-popular-a-diez-anos-de-la-derrota-del-alca-la-lucha-continua\/#primaryimage\"},\"image\":{\"@id\":\"https:\/\/www.pressenza.com\/es\/2015\/11\/en-regional-y-popular-a-diez-anos-de-la-derrota-del-alca-la-lucha-continua\/#primaryimage\"},\"thumbnailUrl\":\"https:\/\/www.pressenza.com\/wp-content\/uploads\/2015\/11\/2052666360_c380645fee_z.jpg\",\"datePublished\":\"2015-11-05T02:41:19+00:00\",\"dateModified\":\"2015-12-27T01:15:11+00:00\",\"description\":\"El 5 de Noviembre se celebran diez a\u00f1os de una gran victoria de los pueblos de Latinoam\u00e9rica y el Caribe. El rechazo al intento de EEUU - secundado\",\"breadcrumb\":{\"@id\":\"https:\/\/www.pressenza.com\/es\/2015\/11\/en-regional-y-popular-a-diez-anos-de-la-derrota-del-alca-la-lucha-continua\/#breadcrumb\"},\"inLanguage\":\"es\",\"potentialAction\":[{\"@type\":\"ReadAction\",\"target\":[\"https:\/\/www.pressenza.com\/es\/2015\/11\/en-regional-y-popular-a-diez-anos-de-la-derrota-del-alca-la-lucha-continua\/\"]}]},{\"@type\":\"ImageObject\",\"inLanguage\":\"es\",\"@id\":\"https:\/\/www.pressenza.com\/es\/2015\/11\/en-regional-y-popular-a-diez-anos-de-la-derrota-del-alca-la-lucha-continua\/#primaryimage\",\"url\":\"https:\/\/www.pressenza.com\/wp-content\/uploads\/2015\/11\/2052666360_c380645fee_z.jpg\",\"contentUrl\":\"https:\/\/www.pressenza.com\/wp-content\/uploads\/2015\/11\/2052666360_c380645fee_z.jpg\",\"width\":640,\"height\":480},{\"@type\":\"BreadcrumbList\",\"@id\":\"https:\/\/www.pressenza.com\/es\/2015\/11\/en-regional-y-popular-a-diez-anos-de-la-derrota-del-alca-la-lucha-continua\/#breadcrumb\",\"itemListElement\":[{\"@type\":\"ListItem\",\"position\":1,\"name\":\"Accueil\",\"item\":\"https:\/\/www.pressenza.com\/es\/\"},{\"@type\":\"ListItem\",\"position\":2,\"name\":\"En \u201cRegional y Popular\u201d: A diez a\u00f1os de la derrota del ALCA, la lucha contin\u00faa\"}]},{\"@type\":\"WebSite\",\"@id\":\"https:\/\/www.pressenza.com\/es\/#website\",\"url\":\"https:\/\/www.pressenza.com\/es\/\",\"name\":\"Pressenza\",\"description\":\"International Press Agency\",\"publisher\":{\"@id\":\"https:\/\/www.pressenza.com\/es\/#organization\"},\"potentialAction\":[{\"@type\":\"SearchAction\",\"target\":{\"@type\":\"EntryPoint\",\"urlTemplate\":\"https:\/\/www.pressenza.com\/es\/?s={search_term_string}\"},\"query-input\":{\"@type\":\"PropertyValueSpecification\",\"valueRequired\":true,\"valueName\":\"search_term_string\"}}],\"inLanguage\":\"es\"},{\"@type\":\"Organization\",\"@id\":\"https:\/\/www.pressenza.com\/es\/#organization\",\"name\":\"Pressenza\",\"url\":\"https:\/\/www.pressenza.com\/es\/\",\"logo\":{\"@type\":\"ImageObject\",\"inLanguage\":\"es\",\"@id\":\"https:\/\/www.pressenza.com\/es\/#\/schema\/logo\/image\/\",\"url\":\"https:\/\/www.pressenza.com\/wp-content\/uploads\/2022\/10\/pressenza_logo_200x200.jpg\",\"contentUrl\":\"https:\/\/www.pressenza.com\/wp-content\/uploads\/2022\/10\/pressenza_logo_200x200.jpg\",\"width\":200,\"height\":200,\"caption\":\"Pressenza\"},\"image\":{\"@id\":\"https:\/\/www.pressenza.com\/es\/#\/schema\/logo\/image\/\"},\"sameAs\":[\"https:\/\/www.facebook.com\/PressenzaItalia\",\"https:\/\/x.com\/PressenzaIPA\"]},{\"@type\":\"Person\",\"@id\":\"https:\/\/www.pressenza.com\/es\/#\/schema\/person\/0dda7d1b68267ad95b1e1d83abc98c89\",\"name\":\"Redacci\u00f3n Argentina\",\"description\":\"News from the Pressenza Bureau in Argentina.\",\"sameAs\":[\"https:\/\/x.com\/pressenza\"],\"url\":\"https:\/\/www.pressenza.com\/es\/author\/redaccion-argentina\/\"}]}<\/script>\n<!-- \/ Yoast SEO plugin. -->","yoast_head_json":{"title":"En \u201cRegional y Popular\u201d: A diez a\u00f1os de la derrota del ALCA, la lucha contin\u00faa","description":"El 5 de Noviembre se celebran diez a\u00f1os de una gran victoria de los pueblos de Latinoam\u00e9rica y el Caribe. El rechazo al intento de EEUU - secundado","robots":{"index":"index","follow":"follow","max-snippet":"max-snippet:-1","max-image-preview":"max-image-preview:large","max-video-preview":"max-video-preview:-1"},"canonical":"https:\/\/www.pressenza.com\/es\/2015\/11\/en-regional-y-popular-a-diez-anos-de-la-derrota-del-alca-la-lucha-continua\/","og_locale":"es_ES","og_type":"article","og_title":"En \u201cRegional y Popular\u201d: A diez a\u00f1os de la derrota del ALCA, la lucha contin\u00faa","og_description":"El 5 de Noviembre se celebran diez a\u00f1os de una gran victoria de los pueblos de Latinoam\u00e9rica y el Caribe. El rechazo al intento de EEUU - secundado","og_url":"https:\/\/www.pressenza.com\/es\/2015\/11\/en-regional-y-popular-a-diez-anos-de-la-derrota-del-alca-la-lucha-continua\/","og_site_name":"Pressenza","article_publisher":"https:\/\/www.facebook.com\/PressenzaItalia","article_published_time":"2015-11-05T02:41:19+00:00","article_modified_time":"2015-12-27T01:15:11+00:00","og_image":[{"width":640,"height":480,"url":"https:\/\/www.pressenza.com\/wp-content\/uploads\/2015\/11\/2052666360_c380645fee_z.jpg","type":"image\/jpeg"}],"author":"Redacci\u00f3n Argentina","twitter_card":"summary_large_image","twitter_creator":"@pressenza","twitter_site":"@PressenzaIPA","twitter_misc":{"Escrito por":"Redacci\u00f3n Argentina","Tiempo de lectura":"1 minuto"},"schema":{"@context":"https:\/\/schema.org","@graph":[{"@type":"Article","@id":"https:\/\/www.pressenza.com\/es\/2015\/11\/en-regional-y-popular-a-diez-anos-de-la-derrota-del-alca-la-lucha-continua\/#article","isPartOf":{"@id":"https:\/\/www.pressenza.com\/es\/2015\/11\/en-regional-y-popular-a-diez-anos-de-la-derrota-del-alca-la-lucha-continua\/"},"author":{"name":"Redacci\u00f3n Argentina","@id":"https:\/\/www.pressenza.com\/es\/#\/schema\/person\/0dda7d1b68267ad95b1e1d83abc98c89"},"headline":"En \u201cRegional y Popular\u201d: A diez a\u00f1os de la derrota del ALCA, la lucha contin\u00faa","datePublished":"2015-11-05T02:41:19+00:00","dateModified":"2015-12-27T01:15:11+00:00","mainEntityOfPage":{"@id":"https:\/\/www.pressenza.com\/es\/2015\/11\/en-regional-y-popular-a-diez-anos-de-la-derrota-del-alca-la-lucha-continua\/"},"wordCount":189,"publisher":{"@id":"https:\/\/www.pressenza.com\/es\/#organization"},"image":{"@id":"https:\/\/www.pressenza.com\/es\/2015\/11\/en-regional-y-popular-a-diez-anos-de-la-derrota-del-alca-la-lucha-continua\/#primaryimage"},"thumbnailUrl":"https:\/\/www.pressenza.com\/wp-content\/uploads\/2015\/11\/2052666360_c380645fee_z.jpg","keywords":["aniversario","Argentina","Cumbre d elas Am\u00e9ricas","Hugo Ch\u00e1vez","Integraci\u00f3n latinoamericana","La Ranchada","medios de comunicaci\u00f3n","N\u00e9stor Kirchner","No al ALCA","radio","Regional y Popular","soberan\u00eda"],"articleSection":["Am\u00e9rica Central","Contenido Original","Cultura y Medios","Internacional","Pol\u00edtica","Radio","Sudam\u00e9rica"],"inLanguage":"es"},{"@type":"WebPage","@id":"https:\/\/www.pressenza.com\/es\/2015\/11\/en-regional-y-popular-a-diez-anos-de-la-derrota-del-alca-la-lucha-continua\/","url":"https:\/\/www.pressenza.com\/es\/2015\/11\/en-regional-y-popular-a-diez-anos-de-la-derrota-del-alca-la-lucha-continua\/","name":"En \u201cRegional y Popular\u201d: A diez a\u00f1os de la derrota del ALCA, la lucha contin\u00faa","isPartOf":{"@id":"https:\/\/www.pressenza.com\/es\/#website"},"primaryImageOfPage":{"@id":"https:\/\/www.pressenza.com\/es\/2015\/11\/en-regional-y-popular-a-diez-anos-de-la-derrota-del-alca-la-lucha-continua\/#primaryimage"},"image":{"@id":"https:\/\/www.pressenza.com\/es\/2015\/11\/en-regional-y-popular-a-diez-anos-de-la-derrota-del-alca-la-lucha-continua\/#primaryimage"},"thumbnailUrl":"https:\/\/www.pressenza.com\/wp-content\/uploads\/2015\/11\/2052666360_c380645fee_z.jpg","datePublished":"2015-11-05T02:41:19+00:00","dateModified":"2015-12-27T01:15:11+00:00","description":"El 5 de Noviembre se celebran diez a\u00f1os de una gran victoria de los pueblos de Latinoam\u00e9rica y el Caribe. El rechazo al intento de EEUU - secundado","breadcrumb":{"@id":"https:\/\/www.pressenza.com\/es\/2015\/11\/en-regional-y-popular-a-diez-anos-de-la-derrota-del-alca-la-lucha-continua\/#breadcrumb"},"inLanguage":"es","potentialAction":[{"@type":"ReadAction","target":["https:\/\/www.pressenza.com\/es\/2015\/11\/en-regional-y-popular-a-diez-anos-de-la-derrota-del-alca-la-lucha-continua\/"]}]},{"@type":"ImageObject","inLanguage":"es","@id":"https:\/\/www.pressenza.com\/es\/2015\/11\/en-regional-y-popular-a-diez-anos-de-la-derrota-del-alca-la-lucha-continua\/#primaryimage","url":"https:\/\/www.pressenza.com\/wp-content\/uploads\/2015\/11\/2052666360_c380645fee_z.jpg","contentUrl":"https:\/\/www.pressenza.com\/wp-content\/uploads\/2015\/11\/2052666360_c380645fee_z.jpg","width":640,"height":480},{"@type":"BreadcrumbList","@id":"https:\/\/www.pressenza.com\/es\/2015\/11\/en-regional-y-popular-a-diez-anos-de-la-derrota-del-alca-la-lucha-continua\/#breadcrumb","itemListElement":[{"@type":"ListItem","position":1,"name":"Accueil","item":"https:\/\/www.pressenza.com\/es\/"},{"@type":"ListItem","position":2,"name":"En \u201cRegional y Popular\u201d: A diez a\u00f1os de la derrota del ALCA, la lucha contin\u00faa"}]},{"@type":"WebSite","@id":"https:\/\/www.pressenza.com\/es\/#website","url":"https:\/\/www.pressenza.com\/es\/","name":"Pressenza","description":"International Press Agency","publisher":{"@id":"https:\/\/www.pressenza.com\/es\/#organization"},"potentialAction":[{"@type":"SearchAction","target":{"@type":"EntryPoint","urlTemplate":"https:\/\/www.pressenza.com\/es\/?s={search_term_string}"},"query-input":{"@type":"PropertyValueSpecification","valueRequired":true,"valueName":"search_term_string"}}],"inLanguage":"es"},{"@type":"Organization","@id":"https:\/\/www.pressenza.com\/es\/#organization","name":"Pressenza","url":"https:\/\/www.pressenza.com\/es\/","logo":{"@type":"ImageObject","inLanguage":"es","@id":"https:\/\/www.pressenza.com\/es\/#\/schema\/logo\/image\/","url":"https:\/\/www.pressenza.com\/wp-content\/uploads\/2022\/10\/pressenza_logo_200x200.jpg","contentUrl":"https:\/\/www.pressenza.com\/wp-content\/uploads\/2022\/10\/pressenza_logo_200x200.jpg","width":200,"height":200,"caption":"Pressenza"},"image":{"@id":"https:\/\/www.pressenza.com\/es\/#\/schema\/logo\/image\/"},"sameAs":["https:\/\/www.facebook.com\/PressenzaItalia","https:\/\/x.com\/PressenzaIPA"]},{"@type":"Person","@id":"https:\/\/www.pressenza.com\/es\/#\/schema\/person\/0dda7d1b68267ad95b1e1d83abc98c89","name":"Redacci\u00f3n Argentina","description":"News from the Pressenza Bureau in Argentina.","sameAs":["https:\/\/x.com\/pressenza"],"url":"https:\/\/www.pressenza.com\/es\/author\/redaccion-argentina\/"}]}},"place":"C\u00f3rdoba, Argentina","original_article_url":"","_links":{"self":[{"href":"https:\/\/www.pressenza.com\/es\/wp-json\/wp\/v2\/posts\/242049","targetHints":{"allow":["GET"]}}],"collection":[{"href":"https:\/\/www.pressenza.com\/es\/wp-json\/wp\/v2\/posts"}],"about":[{"href":"https:\/\/www.pressenza.com\/es\/wp-json\/wp\/v2\/types\/post"}],"author":[{"embeddable":true,"href":"https:\/\/www.pressenza.com\/es\/wp-json\/wp\/v2\/users\/87"}],"replies":[{"embeddable":true,"href":"https:\/\/www.pressenza.com\/es\/wp-json\/wp\/v2\/comments?post=242049"}],"version-history":[{"count":0,"href":"https:\/\/www.pressenza.com\/es\/wp-json\/wp\/v2\/posts\/242049\/revisions"}],"wp:featuredmedia":[{"embeddable":true,"href":"https:\/\/www.pressenza.com\/es\/wp-json\/wp\/v2\/media\/242050"}],"wp:attachment":[{"href":"https:\/\/www.pressenza.com\/es\/wp-json\/wp\/v2\/media?parent=242049"}],"wp:term":[{"taxonomy":"category","embeddable":true,"href":"https:\/\/www.pressenza.com\/es\/wp-json\/wp\/v2\/categories?post=242049"},{"taxonomy":"post_tag","embeddable":true,"href":"https:\/\/www.pressenza.com\/es\/wp-json\/wp\/v2\/tags?post=242049"}],"curies":[{"name":"wp","href":"https:\/\/api.w.org\/{rel}","templated":true}]}}