{"id":2413,"date":"2009-11-29T00:00:00","date_gmt":"2009-11-29T00:00:00","guid":{"rendered":""},"modified":"2009-12-01T18:13:01","modified_gmt":"2009-12-01T18:13:01","slug":"centenares-de-chilenos-cantan-por-la-paz-en-karaoke-en-el-principal-paseo-peatonal-de-santiago","status":"publish","type":"post","link":"https:\/\/www.pressenza.com\/es\/2009\/11\/centenares-de-chilenos-cantan-por-la-paz-en-karaoke-en-el-principal-paseo-peatonal-de-santiago\/","title":{"rendered":"Centenares de chilenos cantan por la paz en karaoke en el principal paseo peatonal de Santiago"},"content":{"rendered":"<p>Centenares de  personas participaron en el \u00abKaraoke masivo por la paz y la no violencia\u00bb en el centro de Santiago de Chile, corearon \u00abImagine\u00bb, de John Lennon, y \u00abCanci\u00f3n con Todos\u00bb, de Mercedes Sosa.<\/p>\n<p>Sobre un escenario ubicado bajo la pantalla gigante del c\u00e9ntrico paseo, artistas de connotaci\u00f3n nacional que han adherido a la Marcha Mundial por la Paz y la No Violencia como Andr\u00e9s Velasco, C\u00e9sar Caillet, Francisco Melo, Elvira Cristi, Grimanesa Gim\u00e9nez, Alberto Castillo, Sebasti\u00e1n Valdebenito y el cantante Mario Guerrero, animaron a los asistentes y cantaron junto con ellos.   Convocaron  a que se acabe la violencia y se propicie la paz como una forma de relaci\u00f3n permanente entre personas y Estados, explicando tambi\u00e9n que \u00abLas guerras entre los pa\u00edses responden siempre a los fr\u00edos c\u00e1lculos econ\u00f3micos\u00bb.<\/p>\n<p>C\u00e9sar Caillet manifest\u00f3 su alegr\u00eda por participar de un evento masivo dedicado a la paz en un lugar en el que habitualmente s\u00f3lo se trasmiten partidos de f\u00fatbol e invit\u00f3 a cada uno de los artistas a leer los cinco puntos que demanda la iniciativa de la Marcha que recorre el planeta por un mundo sin guerras y sin violencia . <\/p>\n<p>La pantalla gigante reflej\u00f3 el vuelo de los mil globos  que soltaron ni\u00f1os para dar una clara se\u00f1al al mundo que nuestro pa\u00eds no est\u00e1 indiferente a los temas que propone la Marcha Mundial. Esta actividad, ha sido organizada por Mundo Sin Guerras, en conjunto con la Fundaci\u00f3n Conciencia. <\/p>\n<p>La actividad culmin\u00f3 con la consigna *\u00bbNo violencia, paz es fuerza\u00bb*, coreada por todos los asistentes. <\/p>\n<p>[Fotos de Rafael Edwards](http:\/\/www.flickr.com\/photos\/rafa2010\/sets\/72157622764355207\/)<br \/>\n[Fotos de Ricardo de la Fuente](http:\/\/www.flickr.com\/photos\/delaefe\/sets\/72157622891977614\/)<br \/>\n[Fotos de Vanya Cosin](http:\/\/gallery.me.com\/linternamagica\/100042)<br \/>\n[Fotos de Juan Zevallos](http:\/\/www.flickr.com\/photos\/tenetor\/sets\/72157622889178376\/)<br \/>\n[Fotos de Miguel Quinteros](http:\/\/www.flickr.com\/photos\/miquintin\/sets\/72157622764754725\/)<\/p>\n","protected":false},"excerpt":{"rendered":"<p>Un gran escenario instalado en pleno centro de Santiago rompi\u00f3 la rutina habitual de los comerciantes ambulantes y de los transe\u00fantes que cada viernes dan animaci\u00f3n al paseo principal de la capital. Muchos j\u00f3venes pero tambi\u00e9n oficinistas y se\u00f1oras cargadas con bolsas de compras tuvieron la ocasi\u00f3n de cantarle, a pleno pulm\u00f3n, a la paz y la no violencia<\/p>\n","protected":false},"author":19,"featured_media":0,"comment_status":"closed","ping_status":"open","sticky":false,"template":"","format":"standard","meta":{"footnotes":""},"categories":[75,67],"tags":[],"class_list":["post-2413","post","type-post","status-publish","format-standard","hentry","category-cultura-es","category-sudamerica"],"yoast_head":"<!-- This site is optimized with the Yoast SEO plugin v27.1.1 - https:\/\/yoast.com\/product\/yoast-seo-wordpress\/ -->\n<title>Centenares de chilenos cantan por la paz en karaoke en el principal paseo peatonal de Santiago<\/title>\n<meta name=\"description\" content=\"Un gran escenario instalado en pleno centro de Santiago rompi\u00f3 la rutina habitual de los comerciantes ambulantes y de los transe\u00fantes que cada viernes dan animaci\u00f3n al paseo principal de la capital. Muchos j\u00f3venes pero tambi\u00e9n oficinistas y se\u00f1oras cargadas con bolsas de compras tuvieron la ocasi\u00f3n de cantarle, a pleno pulm\u00f3n, a la paz y la no violencia\" \/>\n<meta name=\"robots\" content=\"index, follow, max-snippet:-1, max-image-preview:large, max-video-preview:-1\" \/>\n<link rel=\"canonical\" href=\"https:\/\/www.pressenza.com\/es\/2009\/11\/centenares-de-chilenos-cantan-por-la-paz-en-karaoke-en-el-principal-paseo-peatonal-de-santiago\/\" \/>\n<meta property=\"og:locale\" content=\"es_ES\" \/>\n<meta property=\"og:type\" content=\"article\" \/>\n<meta property=\"og:title\" content=\"Centenares de chilenos cantan por la paz en karaoke en el principal paseo peatonal de Santiago\" \/>\n<meta property=\"og:description\" content=\"Un gran escenario instalado en pleno centro de Santiago rompi\u00f3 la rutina habitual de los comerciantes ambulantes y de los transe\u00fantes que cada viernes dan animaci\u00f3n al paseo principal de la capital. Muchos j\u00f3venes pero tambi\u00e9n oficinistas y se\u00f1oras cargadas con bolsas de compras tuvieron la ocasi\u00f3n de cantarle, a pleno pulm\u00f3n, a la paz y la no violencia\" \/>\n<meta property=\"og:url\" content=\"https:\/\/www.pressenza.com\/es\/2009\/11\/centenares-de-chilenos-cantan-por-la-paz-en-karaoke-en-el-principal-paseo-peatonal-de-santiago\/\" \/>\n<meta property=\"og:site_name\" content=\"Pressenza\" \/>\n<meta property=\"article:publisher\" content=\"https:\/\/www.facebook.com\/PressenzaItalia\" \/>\n<meta property=\"article:author\" content=\"https:\/\/www.facebook.com\/pressenza\" \/>\n<meta property=\"article:published_time\" content=\"2009-11-29T00:00:00+00:00\" \/>\n<meta property=\"article:modified_time\" content=\"2009-12-01T18:13:01+00:00\" \/>\n<meta name=\"author\" content=\"Pressenza IPA\" \/>\n<meta name=\"twitter:card\" content=\"summary_large_image\" \/>\n<meta name=\"twitter:creator\" content=\"@PressenzaIPA\" \/>\n<meta name=\"twitter:site\" content=\"@PressenzaIPA\" \/>\n<meta name=\"twitter:label1\" content=\"Escrito por\" \/>\n\t<meta name=\"twitter:data1\" content=\"Pressenza IPA\" \/>\n\t<meta name=\"twitter:label2\" content=\"Tiempo de lectura\" \/>\n\t<meta name=\"twitter:data2\" content=\"2 minutos\" \/>\n<script type=\"application\/ld+json\" class=\"yoast-schema-graph\">{\"@context\":\"https:\/\/schema.org\",\"@graph\":[{\"@type\":\"Article\",\"@id\":\"https:\/\/www.pressenza.com\/es\/2009\/11\/centenares-de-chilenos-cantan-por-la-paz-en-karaoke-en-el-principal-paseo-peatonal-de-santiago\/#article\",\"isPartOf\":{\"@id\":\"https:\/\/www.pressenza.com\/es\/2009\/11\/centenares-de-chilenos-cantan-por-la-paz-en-karaoke-en-el-principal-paseo-peatonal-de-santiago\/\"},\"author\":{\"name\":\"Pressenza IPA\",\"@id\":\"https:\/\/www.pressenza.com\/es\/#\/schema\/person\/010e5d02bcf40965427a1289a4cc8d75\"},\"headline\":\"Centenares de chilenos cantan por la paz en karaoke en el principal paseo peatonal de Santiago\",\"datePublished\":\"2009-11-29T00:00:00+00:00\",\"dateModified\":\"2009-12-01T18:13:01+00:00\",\"mainEntityOfPage\":{\"@id\":\"https:\/\/www.pressenza.com\/es\/2009\/11\/centenares-de-chilenos-cantan-por-la-paz-en-karaoke-en-el-principal-paseo-peatonal-de-santiago\/\"},\"wordCount\":346,\"publisher\":{\"@id\":\"https:\/\/www.pressenza.com\/es\/#organization\"},\"articleSection\":[\"Cultura y Medios\",\"Sudam\u00e9rica\"],\"inLanguage\":\"es\"},{\"@type\":\"WebPage\",\"@id\":\"https:\/\/www.pressenza.com\/es\/2009\/11\/centenares-de-chilenos-cantan-por-la-paz-en-karaoke-en-el-principal-paseo-peatonal-de-santiago\/\",\"url\":\"https:\/\/www.pressenza.com\/es\/2009\/11\/centenares-de-chilenos-cantan-por-la-paz-en-karaoke-en-el-principal-paseo-peatonal-de-santiago\/\",\"name\":\"Centenares de chilenos cantan por la paz en karaoke en el principal paseo peatonal de Santiago\",\"isPartOf\":{\"@id\":\"https:\/\/www.pressenza.com\/es\/#website\"},\"datePublished\":\"2009-11-29T00:00:00+00:00\",\"dateModified\":\"2009-12-01T18:13:01+00:00\",\"description\":\"Un gran escenario instalado en pleno centro de Santiago rompi\u00f3 la rutina habitual de los comerciantes ambulantes y de los transe\u00fantes que cada viernes dan animaci\u00f3n al paseo principal de la capital. Muchos j\u00f3venes pero tambi\u00e9n oficinistas y se\u00f1oras cargadas con bolsas de compras tuvieron la ocasi\u00f3n de cantarle, a pleno pulm\u00f3n, a la paz y la no violencia\",\"breadcrumb\":{\"@id\":\"https:\/\/www.pressenza.com\/es\/2009\/11\/centenares-de-chilenos-cantan-por-la-paz-en-karaoke-en-el-principal-paseo-peatonal-de-santiago\/#breadcrumb\"},\"inLanguage\":\"es\",\"potentialAction\":[{\"@type\":\"ReadAction\",\"target\":[\"https:\/\/www.pressenza.com\/es\/2009\/11\/centenares-de-chilenos-cantan-por-la-paz-en-karaoke-en-el-principal-paseo-peatonal-de-santiago\/\"]}]},{\"@type\":\"BreadcrumbList\",\"@id\":\"https:\/\/www.pressenza.com\/es\/2009\/11\/centenares-de-chilenos-cantan-por-la-paz-en-karaoke-en-el-principal-paseo-peatonal-de-santiago\/#breadcrumb\",\"itemListElement\":[{\"@type\":\"ListItem\",\"position\":1,\"name\":\"Accueil\",\"item\":\"https:\/\/www.pressenza.com\/es\/\"},{\"@type\":\"ListItem\",\"position\":2,\"name\":\"Centenares de chilenos cantan por la paz en karaoke en el principal paseo peatonal de Santiago\"}]},{\"@type\":\"WebSite\",\"@id\":\"https:\/\/www.pressenza.com\/es\/#website\",\"url\":\"https:\/\/www.pressenza.com\/es\/\",\"name\":\"Pressenza\",\"description\":\"International Press Agency\",\"publisher\":{\"@id\":\"https:\/\/www.pressenza.com\/es\/#organization\"},\"potentialAction\":[{\"@type\":\"SearchAction\",\"target\":{\"@type\":\"EntryPoint\",\"urlTemplate\":\"https:\/\/www.pressenza.com\/es\/?s={search_term_string}\"},\"query-input\":{\"@type\":\"PropertyValueSpecification\",\"valueRequired\":true,\"valueName\":\"search_term_string\"}}],\"inLanguage\":\"es\"},{\"@type\":\"Organization\",\"@id\":\"https:\/\/www.pressenza.com\/es\/#organization\",\"name\":\"Pressenza\",\"url\":\"https:\/\/www.pressenza.com\/es\/\",\"logo\":{\"@type\":\"ImageObject\",\"inLanguage\":\"es\",\"@id\":\"https:\/\/www.pressenza.com\/es\/#\/schema\/logo\/image\/\",\"url\":\"https:\/\/www.pressenza.com\/wp-content\/uploads\/2022\/10\/pressenza_logo_200x200.jpg\",\"contentUrl\":\"https:\/\/www.pressenza.com\/wp-content\/uploads\/2022\/10\/pressenza_logo_200x200.jpg\",\"width\":200,\"height\":200,\"caption\":\"Pressenza\"},\"image\":{\"@id\":\"https:\/\/www.pressenza.com\/es\/#\/schema\/logo\/image\/\"},\"sameAs\":[\"https:\/\/www.facebook.com\/PressenzaItalia\",\"https:\/\/x.com\/PressenzaIPA\"]},{\"@type\":\"Person\",\"@id\":\"https:\/\/www.pressenza.com\/es\/#\/schema\/person\/010e5d02bcf40965427a1289a4cc8d75\",\"name\":\"Pressenza IPA\",\"description\":\"News from Pressenza IPA correspondents\",\"sameAs\":[\"https:\/\/www.facebook.com\/pressenza\",\"https:\/\/x.com\/PressenzaIPA\"],\"url\":\"https:\/\/www.pressenza.com\/es\/author\/pressenza-ipa\/\"}]}<\/script>\n<!-- \/ Yoast SEO plugin. -->","yoast_head_json":{"title":"Centenares de chilenos cantan por la paz en karaoke en el principal paseo peatonal de Santiago","description":"Un gran escenario instalado en pleno centro de Santiago rompi\u00f3 la rutina habitual de los comerciantes ambulantes y de los transe\u00fantes que cada viernes dan animaci\u00f3n al paseo principal de la capital. Muchos j\u00f3venes pero tambi\u00e9n oficinistas y se\u00f1oras cargadas con bolsas de compras tuvieron la ocasi\u00f3n de cantarle, a pleno pulm\u00f3n, a la paz y la no violencia","robots":{"index":"index","follow":"follow","max-snippet":"max-snippet:-1","max-image-preview":"max-image-preview:large","max-video-preview":"max-video-preview:-1"},"canonical":"https:\/\/www.pressenza.com\/es\/2009\/11\/centenares-de-chilenos-cantan-por-la-paz-en-karaoke-en-el-principal-paseo-peatonal-de-santiago\/","og_locale":"es_ES","og_type":"article","og_title":"Centenares de chilenos cantan por la paz en karaoke en el principal paseo peatonal de Santiago","og_description":"Un gran escenario instalado en pleno centro de Santiago rompi\u00f3 la rutina habitual de los comerciantes ambulantes y de los transe\u00fantes que cada viernes dan animaci\u00f3n al paseo principal de la capital. Muchos j\u00f3venes pero tambi\u00e9n oficinistas y se\u00f1oras cargadas con bolsas de compras tuvieron la ocasi\u00f3n de cantarle, a pleno pulm\u00f3n, a la paz y la no violencia","og_url":"https:\/\/www.pressenza.com\/es\/2009\/11\/centenares-de-chilenos-cantan-por-la-paz-en-karaoke-en-el-principal-paseo-peatonal-de-santiago\/","og_site_name":"Pressenza","article_publisher":"https:\/\/www.facebook.com\/PressenzaItalia","article_author":"https:\/\/www.facebook.com\/pressenza","article_published_time":"2009-11-29T00:00:00+00:00","article_modified_time":"2009-12-01T18:13:01+00:00","author":"Pressenza IPA","twitter_card":"summary_large_image","twitter_creator":"@PressenzaIPA","twitter_site":"@PressenzaIPA","twitter_misc":{"Escrito por":"Pressenza IPA","Tiempo de lectura":"2 minutos"},"schema":{"@context":"https:\/\/schema.org","@graph":[{"@type":"Article","@id":"https:\/\/www.pressenza.com\/es\/2009\/11\/centenares-de-chilenos-cantan-por-la-paz-en-karaoke-en-el-principal-paseo-peatonal-de-santiago\/#article","isPartOf":{"@id":"https:\/\/www.pressenza.com\/es\/2009\/11\/centenares-de-chilenos-cantan-por-la-paz-en-karaoke-en-el-principal-paseo-peatonal-de-santiago\/"},"author":{"name":"Pressenza IPA","@id":"https:\/\/www.pressenza.com\/es\/#\/schema\/person\/010e5d02bcf40965427a1289a4cc8d75"},"headline":"Centenares de chilenos cantan por la paz en karaoke en el principal paseo peatonal de Santiago","datePublished":"2009-11-29T00:00:00+00:00","dateModified":"2009-12-01T18:13:01+00:00","mainEntityOfPage":{"@id":"https:\/\/www.pressenza.com\/es\/2009\/11\/centenares-de-chilenos-cantan-por-la-paz-en-karaoke-en-el-principal-paseo-peatonal-de-santiago\/"},"wordCount":346,"publisher":{"@id":"https:\/\/www.pressenza.com\/es\/#organization"},"articleSection":["Cultura y Medios","Sudam\u00e9rica"],"inLanguage":"es"},{"@type":"WebPage","@id":"https:\/\/www.pressenza.com\/es\/2009\/11\/centenares-de-chilenos-cantan-por-la-paz-en-karaoke-en-el-principal-paseo-peatonal-de-santiago\/","url":"https:\/\/www.pressenza.com\/es\/2009\/11\/centenares-de-chilenos-cantan-por-la-paz-en-karaoke-en-el-principal-paseo-peatonal-de-santiago\/","name":"Centenares de chilenos cantan por la paz en karaoke en el principal paseo peatonal de Santiago","isPartOf":{"@id":"https:\/\/www.pressenza.com\/es\/#website"},"datePublished":"2009-11-29T00:00:00+00:00","dateModified":"2009-12-01T18:13:01+00:00","description":"Un gran escenario instalado en pleno centro de Santiago rompi\u00f3 la rutina habitual de los comerciantes ambulantes y de los transe\u00fantes que cada viernes dan animaci\u00f3n al paseo principal de la capital. Muchos j\u00f3venes pero tambi\u00e9n oficinistas y se\u00f1oras cargadas con bolsas de compras tuvieron la ocasi\u00f3n de cantarle, a pleno pulm\u00f3n, a la paz y la no violencia","breadcrumb":{"@id":"https:\/\/www.pressenza.com\/es\/2009\/11\/centenares-de-chilenos-cantan-por-la-paz-en-karaoke-en-el-principal-paseo-peatonal-de-santiago\/#breadcrumb"},"inLanguage":"es","potentialAction":[{"@type":"ReadAction","target":["https:\/\/www.pressenza.com\/es\/2009\/11\/centenares-de-chilenos-cantan-por-la-paz-en-karaoke-en-el-principal-paseo-peatonal-de-santiago\/"]}]},{"@type":"BreadcrumbList","@id":"https:\/\/www.pressenza.com\/es\/2009\/11\/centenares-de-chilenos-cantan-por-la-paz-en-karaoke-en-el-principal-paseo-peatonal-de-santiago\/#breadcrumb","itemListElement":[{"@type":"ListItem","position":1,"name":"Accueil","item":"https:\/\/www.pressenza.com\/es\/"},{"@type":"ListItem","position":2,"name":"Centenares de chilenos cantan por la paz en karaoke en el principal paseo peatonal de Santiago"}]},{"@type":"WebSite","@id":"https:\/\/www.pressenza.com\/es\/#website","url":"https:\/\/www.pressenza.com\/es\/","name":"Pressenza","description":"International Press Agency","publisher":{"@id":"https:\/\/www.pressenza.com\/es\/#organization"},"potentialAction":[{"@type":"SearchAction","target":{"@type":"EntryPoint","urlTemplate":"https:\/\/www.pressenza.com\/es\/?s={search_term_string}"},"query-input":{"@type":"PropertyValueSpecification","valueRequired":true,"valueName":"search_term_string"}}],"inLanguage":"es"},{"@type":"Organization","@id":"https:\/\/www.pressenza.com\/es\/#organization","name":"Pressenza","url":"https:\/\/www.pressenza.com\/es\/","logo":{"@type":"ImageObject","inLanguage":"es","@id":"https:\/\/www.pressenza.com\/es\/#\/schema\/logo\/image\/","url":"https:\/\/www.pressenza.com\/wp-content\/uploads\/2022\/10\/pressenza_logo_200x200.jpg","contentUrl":"https:\/\/www.pressenza.com\/wp-content\/uploads\/2022\/10\/pressenza_logo_200x200.jpg","width":200,"height":200,"caption":"Pressenza"},"image":{"@id":"https:\/\/www.pressenza.com\/es\/#\/schema\/logo\/image\/"},"sameAs":["https:\/\/www.facebook.com\/PressenzaItalia","https:\/\/x.com\/PressenzaIPA"]},{"@type":"Person","@id":"https:\/\/www.pressenza.com\/es\/#\/schema\/person\/010e5d02bcf40965427a1289a4cc8d75","name":"Pressenza IPA","description":"News from Pressenza IPA correspondents","sameAs":["https:\/\/www.facebook.com\/pressenza","https:\/\/x.com\/PressenzaIPA"],"url":"https:\/\/www.pressenza.com\/es\/author\/pressenza-ipa\/"}]}},"place":"Santiago","original_article_url":"","_links":{"self":[{"href":"https:\/\/www.pressenza.com\/es\/wp-json\/wp\/v2\/posts\/2413","targetHints":{"allow":["GET"]}}],"collection":[{"href":"https:\/\/www.pressenza.com\/es\/wp-json\/wp\/v2\/posts"}],"about":[{"href":"https:\/\/www.pressenza.com\/es\/wp-json\/wp\/v2\/types\/post"}],"author":[{"embeddable":true,"href":"https:\/\/www.pressenza.com\/es\/wp-json\/wp\/v2\/users\/19"}],"replies":[{"embeddable":true,"href":"https:\/\/www.pressenza.com\/es\/wp-json\/wp\/v2\/comments?post=2413"}],"version-history":[{"count":0,"href":"https:\/\/www.pressenza.com\/es\/wp-json\/wp\/v2\/posts\/2413\/revisions"}],"wp:attachment":[{"href":"https:\/\/www.pressenza.com\/es\/wp-json\/wp\/v2\/media?parent=2413"}],"wp:term":[{"taxonomy":"category","embeddable":true,"href":"https:\/\/www.pressenza.com\/es\/wp-json\/wp\/v2\/categories?post=2413"},{"taxonomy":"post_tag","embeddable":true,"href":"https:\/\/www.pressenza.com\/es\/wp-json\/wp\/v2\/tags?post=2413"}],"curies":[{"name":"wp","href":"https:\/\/api.w.org\/{rel}","templated":true}]}}