{"id":240822,"date":"2015-11-01T18:43:05","date_gmt":"2015-11-01T18:43:05","guid":{"rendered":"http:\/\/www.pressenza.com\/es\/?p=240822"},"modified":"2015-11-01T18:52:50","modified_gmt":"2015-11-01T18:52:50","slug":"de-nuevo-los-nacionalismos-postergan-al-ser-humano","status":"publish","type":"post","link":"https:\/\/www.pressenza.com\/es\/2015\/11\/de-nuevo-los-nacionalismos-postergan-al-ser-humano\/","title":{"rendered":"De nuevo los nacionalismos postergan al ser humano"},"content":{"rendered":"<p><strong><em>Por Ismael Cabrerizo Cebri\u00e1n<\/em><\/strong><\/p>\n<p>Cuando los pueblos se enfrentan a una \u00e9poca de crisis sist\u00e9mica donde las certidumbres se tambalean, una atm\u00f3sfera lo envuelve todo: la desorientaci\u00f3n presente y la incertidumbre sobre el futuro. En estas condiciones, los pueblos buscan salidas y respuestas que tratan de compensar el desequilibrio angustioso que sufren. De este modo, se va configurando en los conjuntos humanos ciertas im\u00e1genes que cumplen con las funciones de orientar la acci\u00f3n a seguir y de compensar la situaci\u00f3n cr\u00edtica, actualizando con la imaginaci\u00f3n una escena reconfortante. A veces las salidas son acertadas y otras son falsas salidas. \u00bfC\u00f3mo saber si estamos ante una u otra?.<\/p>\n<p>Seg\u00fan las \u00faltimas elecciones catalanas, la mitad del pueblo catal\u00e1n ha proyectado la independencia como soluci\u00f3n a sus problemas. La independencia se configura as\u00ed, como idea que moviliza proyectos e ilusiona con su cumplimiento. A la mayor\u00eda del pueblo que ha votado a favor de la independencia no les ha importado que lidere pol\u00edticamente el proceso Convergencia Democr\u00e1tica de Catalu\u00f1a, un partido corrupto que ha producido los mayores recortes en sanidad y educaci\u00f3n. Tampoco importa mucho, si se logra la independencia, que en la Catalu\u00f1a resultante se configure un sistema de partidos bipartidista parecido al espa\u00f1ol. Convergencia representar\u00eda a un partido conservador defensor de los recortes y la pol\u00edtica neoliberal de la Troika; ERC representar\u00eda la socialdemocracia sustituyendo al Partido Socialista de Catalu\u00f1a y las CUP a una izquierda anticapitalista con similar representaci\u00f3n a la que tuvo IU en el resto de Espa\u00f1a.<\/p>\n<p>En todo momento fundador, se produce una condici\u00f3n de origen que inaugura una inercia propia, nacional en este caso, donde en la nueva Rep\u00fablica Catalana, peri\u00f3dicamente, se rendir\u00edan honores a los padres de la patria, que tendr\u00edan el aval que da el hecho \u201cheroico\u201d de haber conseguido la \u201cliberaci\u00f3n\u201d de su pueblo.<\/p>\n<p>Esta situaci\u00f3n recuerda al irracionalismo que se produce cuando uno acaba por tener cierto apego a sus propios problemas, aunque \u00e9stos me hagan sufrir, por encima de todo, son los m\u00edos. El bipartidismo catal\u00e1n, los padres de la patria o los recortes en educaci\u00f3n y sanidad son, por encima de todo, los m\u00edos.<\/p>\n<p>Por otro lado, los representantes del nacionalismo espa\u00f1ol no terminan de entender que el proceso independentista no nace de las c\u00fapulas partidistas de CDC y ERC, sino que surge de abajo, de un pueblo desesperado que traduce su incertidumbre en una idea latente que termina por manifestarse como soluci\u00f3n posible. Por tanto, desbancando a Artur Mas no se acaba con dicho proceso y tampoco quieren comprender que lo verdaderamente democr\u00e1tico es consultar a la ciudadan\u00eda y no ampararse en una ley sin legitimidad cuando un pueblo reclama su derecho a decidir qu\u00e9 futuro quiere para su naci\u00f3n.<\/p>\n<p>Llegados a este punto, la \u00fanica soluci\u00f3n para los que no quieren la separaci\u00f3n, es la persuasi\u00f3n y dejar valientemente que el pueblo se exprese en un refer\u00e9ndum vinculante, aceptando sin drama el resultado. Pero esta postura no cala en las mayor\u00edas porque est\u00e1n siendo succionadas por la l\u00f3gica del enfrentamiento. Sin embargo, uno no puede imponer su deseo de seguir junto a otro, si \u00e9ste, en un leg\u00edtimo uso de su libertad decide separarse, incluso aunque sus razones sean espurias. Los pueblos est\u00e1n ante dos alternativas: o se dejan llevar por los sentimientos viscerales que despiertan las luchas patri\u00f3ticas votando en clave nacionalista, o elevan la mirada, pos\u00e1ndola en lo realmente importante, es decir, en oponerse a un sistema pol\u00edtico y econ\u00f3mico inhumano votando en clave de justicia social.<\/p>\n<p>El nacionalismo tanto de un bando como de otro, que se realimenta mutuamente, ha conseguido, de nuevo, postergar al ser humano. Las reivindicaciones esperanzadoras que se originaron en el 15M pon\u00edan en el centro la prioridad de humanizar la econom\u00eda, inaugurando la posibilidad de una nueva etapa donde, por fin, lo importante fuera la gente. Sin embargo, los sentimientos nacionalistas han solapado interesadamente ese impulso popular que es el que puede verdaderamente poner en jaque al sistema econ\u00f3mico y pol\u00edtico actual. Esta situaci\u00f3n no es nueva en la Historia. Por ejemplo, fue el nacionalismo qui\u00e9n acab\u00f3 con la idea de la internacionalizaci\u00f3n de la lucha de la clase obrera cuando los trabajadores de distintas naciones comenzaron a matarse, unos a otros, en las guerras mundiales.<\/p>\n<p>Es muy probable que en las pr\u00f3ximas elecciones generales, el voto en clave nacionalista desv\u00ede la atenci\u00f3n colectiva, como ha ocurrido en las \u00faltimas elecciones catalanas, de las masivas movilizaciones de los \u00faltimos a\u00f1os: las mareas, las marchas por la dignidad, la lucha contra los desahucios y, en definitiva, de la estafa generalizada que ha dejado desprotegida a gran parte de la poblaci\u00f3n.<\/p>\n<p>En este sentido, la salida nacionalista aparece como un viejo irracionalismo que posterga lo realmente importante. Amar tu naci\u00f3n, tus costumbres y tu lengua no implica la defensa de un nacionalismo insolidario con complejo de superioridad, ni un nacionalismo arrogante que trata de imponer la centralidad sin reconocer la diversidad. Cuando el irracionalismo visceral se desata, de nuevo en la Historia, se posterga al hombre concreto y, en su nombre, se justifica una nueva deslealtad hacia el ser humano, colocando por encima de las necesidades reales de la gente, el color de la bandera que debe ondear en el balc\u00f3n de turno.<\/p>\n<p>&nbsp;<\/p>\n<p><em>Ismael Cabrerizo Cebri\u00e1n es oolaborador del Centro de Estudios Humanista Noesis<\/em><\/p>\n","protected":false},"excerpt":{"rendered":"<p>Por Ismael Cabrerizo Cebri\u00e1n Cuando los pueblos se enfrentan a una \u00e9poca de crisis sist\u00e9mica donde las certidumbres se tambalean, una atm\u00f3sfera lo envuelve todo: la desorientaci\u00f3n presente y la incertidumbre sobre el futuro. En estas condiciones, los pueblos buscan&hellip;<\/p>\n","protected":false},"author":94,"featured_media":240832,"comment_status":"closed","ping_status":"open","sticky":false,"template":"","format":"standard","meta":{"footnotes":""},"categories":[11389,66,1240,161,74,63],"tags":[555,1065,1398,10027,9883,21348],"class_list":["post-240822","post","type-post","status-publish","format-standard","has-post-thumbnail","hentry","category-contenido-original","category-europa-es","category-humanismo-espiritualidad","category-opiniones","category-politica-es","category-region-es","tag-catalunya","tag-espana","tag-estado-espanol","tag-independencia-catalunya","tag-independentismo","tag-nacionalismos"],"yoast_head":"<!-- This site is optimized with the Yoast SEO plugin v27.1.1 - https:\/\/yoast.com\/product\/yoast-seo-wordpress\/ -->\n<title>De nuevo los nacionalismos postergan al ser humano<\/title>\n<meta name=\"description\" content=\"Por Ismael Cabrerizo Cebri\u00e1n Cuando los pueblos se enfrentan a una \u00e9poca de crisis sist\u00e9mica donde las certidumbres se tambalean, una atm\u00f3sfera lo\" \/>\n<meta name=\"robots\" content=\"index, follow, max-snippet:-1, max-image-preview:large, max-video-preview:-1\" \/>\n<link rel=\"canonical\" href=\"https:\/\/www.pressenza.com\/es\/2015\/11\/de-nuevo-los-nacionalismos-postergan-al-ser-humano\/\" \/>\n<meta property=\"og:locale\" content=\"es_ES\" \/>\n<meta property=\"og:type\" content=\"article\" \/>\n<meta property=\"og:title\" content=\"De nuevo los nacionalismos postergan al ser humano\" \/>\n<meta property=\"og:description\" content=\"Por Ismael Cabrerizo Cebri\u00e1n Cuando los pueblos se enfrentan a una \u00e9poca de crisis sist\u00e9mica donde las certidumbres se tambalean, una atm\u00f3sfera lo\" \/>\n<meta property=\"og:url\" content=\"https:\/\/www.pressenza.com\/es\/2015\/11\/de-nuevo-los-nacionalismos-postergan-al-ser-humano\/\" \/>\n<meta property=\"og:site_name\" content=\"Pressenza\" \/>\n<meta property=\"article:publisher\" content=\"https:\/\/www.facebook.com\/PressenzaItalia\" \/>\n<meta property=\"article:author\" content=\"https:\/\/www.facebook.com\/pressenza\" \/>\n<meta property=\"article:published_time\" content=\"2015-11-01T18:43:05+00:00\" \/>\n<meta property=\"article:modified_time\" content=\"2015-11-01T18:52:50+00:00\" \/>\n<meta property=\"og:image\" content=\"https:\/\/www.pressenza.com\/wp-content\/uploads\/2015\/11\/banderas.jpg\" \/>\n\t<meta property=\"og:image:width\" content=\"285\" \/>\n\t<meta property=\"og:image:height\" content=\"199\" \/>\n\t<meta property=\"og:image:type\" content=\"image\/jpeg\" \/>\n<meta name=\"author\" content=\"Redacci\u00f3n Madrid\" \/>\n<meta name=\"twitter:card\" content=\"summary_large_image\" \/>\n<meta name=\"twitter:creator\" content=\"@pressenza\" \/>\n<meta name=\"twitter:site\" content=\"@PressenzaIPA\" \/>\n<meta name=\"twitter:label1\" content=\"Escrito por\" \/>\n\t<meta name=\"twitter:data1\" content=\"Redacci\u00f3n Madrid\" \/>\n\t<meta name=\"twitter:label2\" content=\"Tiempo de lectura\" \/>\n\t<meta name=\"twitter:data2\" content=\"5 minutos\" \/>\n<script type=\"application\/ld+json\" class=\"yoast-schema-graph\">{\"@context\":\"https:\/\/schema.org\",\"@graph\":[{\"@type\":\"Article\",\"@id\":\"https:\/\/www.pressenza.com\/es\/2015\/11\/de-nuevo-los-nacionalismos-postergan-al-ser-humano\/#article\",\"isPartOf\":{\"@id\":\"https:\/\/www.pressenza.com\/es\/2015\/11\/de-nuevo-los-nacionalismos-postergan-al-ser-humano\/\"},\"author\":{\"name\":\"Redacci\u00f3n Madrid\",\"@id\":\"https:\/\/www.pressenza.com\/es\/#\/schema\/person\/828fc40eeca2ad7be3630e5a46adba94\"},\"headline\":\"De nuevo los nacionalismos postergan al ser humano\",\"datePublished\":\"2015-11-01T18:43:05+00:00\",\"dateModified\":\"2015-11-01T18:52:50+00:00\",\"mainEntityOfPage\":{\"@id\":\"https:\/\/www.pressenza.com\/es\/2015\/11\/de-nuevo-los-nacionalismos-postergan-al-ser-humano\/\"},\"wordCount\":963,\"publisher\":{\"@id\":\"https:\/\/www.pressenza.com\/es\/#organization\"},\"image\":{\"@id\":\"https:\/\/www.pressenza.com\/es\/2015\/11\/de-nuevo-los-nacionalismos-postergan-al-ser-humano\/#primaryimage\"},\"thumbnailUrl\":\"https:\/\/www.pressenza.com\/wp-content\/uploads\/2015\/11\/banderas.jpg\",\"keywords\":[\"Catalunya\",\"Espa\u00f1a\",\"Estado espa\u00f1ol\",\"independencia catalunya\",\"independentismo\",\"nacionalismos\"],\"articleSection\":[\"Contenido Original\",\"Europa\",\"Humanismo y Espiritualidad\",\"Opiniones\",\"Pol\u00edtica\",\"Regi\u00f3n\"],\"inLanguage\":\"es\"},{\"@type\":\"WebPage\",\"@id\":\"https:\/\/www.pressenza.com\/es\/2015\/11\/de-nuevo-los-nacionalismos-postergan-al-ser-humano\/\",\"url\":\"https:\/\/www.pressenza.com\/es\/2015\/11\/de-nuevo-los-nacionalismos-postergan-al-ser-humano\/\",\"name\":\"De nuevo los nacionalismos postergan al ser humano\",\"isPartOf\":{\"@id\":\"https:\/\/www.pressenza.com\/es\/#website\"},\"primaryImageOfPage\":{\"@id\":\"https:\/\/www.pressenza.com\/es\/2015\/11\/de-nuevo-los-nacionalismos-postergan-al-ser-humano\/#primaryimage\"},\"image\":{\"@id\":\"https:\/\/www.pressenza.com\/es\/2015\/11\/de-nuevo-los-nacionalismos-postergan-al-ser-humano\/#primaryimage\"},\"thumbnailUrl\":\"https:\/\/www.pressenza.com\/wp-content\/uploads\/2015\/11\/banderas.jpg\",\"datePublished\":\"2015-11-01T18:43:05+00:00\",\"dateModified\":\"2015-11-01T18:52:50+00:00\",\"description\":\"Por Ismael Cabrerizo Cebri\u00e1n Cuando los pueblos se enfrentan a una \u00e9poca de crisis sist\u00e9mica donde las certidumbres se tambalean, una atm\u00f3sfera lo\",\"breadcrumb\":{\"@id\":\"https:\/\/www.pressenza.com\/es\/2015\/11\/de-nuevo-los-nacionalismos-postergan-al-ser-humano\/#breadcrumb\"},\"inLanguage\":\"es\",\"potentialAction\":[{\"@type\":\"ReadAction\",\"target\":[\"https:\/\/www.pressenza.com\/es\/2015\/11\/de-nuevo-los-nacionalismos-postergan-al-ser-humano\/\"]}]},{\"@type\":\"ImageObject\",\"inLanguage\":\"es\",\"@id\":\"https:\/\/www.pressenza.com\/es\/2015\/11\/de-nuevo-los-nacionalismos-postergan-al-ser-humano\/#primaryimage\",\"url\":\"https:\/\/www.pressenza.com\/wp-content\/uploads\/2015\/11\/banderas.jpg\",\"contentUrl\":\"https:\/\/www.pressenza.com\/wp-content\/uploads\/2015\/11\/banderas.jpg\",\"width\":285,\"height\":199},{\"@type\":\"BreadcrumbList\",\"@id\":\"https:\/\/www.pressenza.com\/es\/2015\/11\/de-nuevo-los-nacionalismos-postergan-al-ser-humano\/#breadcrumb\",\"itemListElement\":[{\"@type\":\"ListItem\",\"position\":1,\"name\":\"Accueil\",\"item\":\"https:\/\/www.pressenza.com\/es\/\"},{\"@type\":\"ListItem\",\"position\":2,\"name\":\"De nuevo los nacionalismos postergan al ser humano\"}]},{\"@type\":\"WebSite\",\"@id\":\"https:\/\/www.pressenza.com\/es\/#website\",\"url\":\"https:\/\/www.pressenza.com\/es\/\",\"name\":\"Pressenza\",\"description\":\"International Press Agency\",\"publisher\":{\"@id\":\"https:\/\/www.pressenza.com\/es\/#organization\"},\"potentialAction\":[{\"@type\":\"SearchAction\",\"target\":{\"@type\":\"EntryPoint\",\"urlTemplate\":\"https:\/\/www.pressenza.com\/es\/?s={search_term_string}\"},\"query-input\":{\"@type\":\"PropertyValueSpecification\",\"valueRequired\":true,\"valueName\":\"search_term_string\"}}],\"inLanguage\":\"es\"},{\"@type\":\"Organization\",\"@id\":\"https:\/\/www.pressenza.com\/es\/#organization\",\"name\":\"Pressenza\",\"url\":\"https:\/\/www.pressenza.com\/es\/\",\"logo\":{\"@type\":\"ImageObject\",\"inLanguage\":\"es\",\"@id\":\"https:\/\/www.pressenza.com\/es\/#\/schema\/logo\/image\/\",\"url\":\"https:\/\/www.pressenza.com\/wp-content\/uploads\/2022\/10\/pressenza_logo_200x200.jpg\",\"contentUrl\":\"https:\/\/www.pressenza.com\/wp-content\/uploads\/2022\/10\/pressenza_logo_200x200.jpg\",\"width\":200,\"height\":200,\"caption\":\"Pressenza\"},\"image\":{\"@id\":\"https:\/\/www.pressenza.com\/es\/#\/schema\/logo\/image\/\"},\"sameAs\":[\"https:\/\/www.facebook.com\/PressenzaItalia\",\"https:\/\/x.com\/PressenzaIPA\"]},{\"@type\":\"Person\",\"@id\":\"https:\/\/www.pressenza.com\/es\/#\/schema\/person\/828fc40eeca2ad7be3630e5a46adba94\",\"name\":\"Redacci\u00f3n Madrid\",\"description\":\"News from the Pressenza Bureau in Madrid, Spain\",\"sameAs\":[\"https:\/\/www.facebook.com\/pressenza\",\"https:\/\/x.com\/pressenza\"],\"url\":\"https:\/\/www.pressenza.com\/es\/author\/redaccion-madrid\/\"}]}<\/script>\n<!-- \/ Yoast SEO plugin. -->","yoast_head_json":{"title":"De nuevo los nacionalismos postergan al ser humano","description":"Por Ismael Cabrerizo Cebri\u00e1n Cuando los pueblos se enfrentan a una \u00e9poca de crisis sist\u00e9mica donde las certidumbres se tambalean, una atm\u00f3sfera lo","robots":{"index":"index","follow":"follow","max-snippet":"max-snippet:-1","max-image-preview":"max-image-preview:large","max-video-preview":"max-video-preview:-1"},"canonical":"https:\/\/www.pressenza.com\/es\/2015\/11\/de-nuevo-los-nacionalismos-postergan-al-ser-humano\/","og_locale":"es_ES","og_type":"article","og_title":"De nuevo los nacionalismos postergan al ser humano","og_description":"Por Ismael Cabrerizo Cebri\u00e1n Cuando los pueblos se enfrentan a una \u00e9poca de crisis sist\u00e9mica donde las certidumbres se tambalean, una atm\u00f3sfera lo","og_url":"https:\/\/www.pressenza.com\/es\/2015\/11\/de-nuevo-los-nacionalismos-postergan-al-ser-humano\/","og_site_name":"Pressenza","article_publisher":"https:\/\/www.facebook.com\/PressenzaItalia","article_author":"https:\/\/www.facebook.com\/pressenza","article_published_time":"2015-11-01T18:43:05+00:00","article_modified_time":"2015-11-01T18:52:50+00:00","og_image":[{"width":285,"height":199,"url":"https:\/\/www.pressenza.com\/wp-content\/uploads\/2015\/11\/banderas.jpg","type":"image\/jpeg"}],"author":"Redacci\u00f3n Madrid","twitter_card":"summary_large_image","twitter_creator":"@pressenza","twitter_site":"@PressenzaIPA","twitter_misc":{"Escrito por":"Redacci\u00f3n Madrid","Tiempo de lectura":"5 minutos"},"schema":{"@context":"https:\/\/schema.org","@graph":[{"@type":"Article","@id":"https:\/\/www.pressenza.com\/es\/2015\/11\/de-nuevo-los-nacionalismos-postergan-al-ser-humano\/#article","isPartOf":{"@id":"https:\/\/www.pressenza.com\/es\/2015\/11\/de-nuevo-los-nacionalismos-postergan-al-ser-humano\/"},"author":{"name":"Redacci\u00f3n Madrid","@id":"https:\/\/www.pressenza.com\/es\/#\/schema\/person\/828fc40eeca2ad7be3630e5a46adba94"},"headline":"De nuevo los nacionalismos postergan al ser humano","datePublished":"2015-11-01T18:43:05+00:00","dateModified":"2015-11-01T18:52:50+00:00","mainEntityOfPage":{"@id":"https:\/\/www.pressenza.com\/es\/2015\/11\/de-nuevo-los-nacionalismos-postergan-al-ser-humano\/"},"wordCount":963,"publisher":{"@id":"https:\/\/www.pressenza.com\/es\/#organization"},"image":{"@id":"https:\/\/www.pressenza.com\/es\/2015\/11\/de-nuevo-los-nacionalismos-postergan-al-ser-humano\/#primaryimage"},"thumbnailUrl":"https:\/\/www.pressenza.com\/wp-content\/uploads\/2015\/11\/banderas.jpg","keywords":["Catalunya","Espa\u00f1a","Estado espa\u00f1ol","independencia catalunya","independentismo","nacionalismos"],"articleSection":["Contenido Original","Europa","Humanismo y Espiritualidad","Opiniones","Pol\u00edtica","Regi\u00f3n"],"inLanguage":"es"},{"@type":"WebPage","@id":"https:\/\/www.pressenza.com\/es\/2015\/11\/de-nuevo-los-nacionalismos-postergan-al-ser-humano\/","url":"https:\/\/www.pressenza.com\/es\/2015\/11\/de-nuevo-los-nacionalismos-postergan-al-ser-humano\/","name":"De nuevo los nacionalismos postergan al ser humano","isPartOf":{"@id":"https:\/\/www.pressenza.com\/es\/#website"},"primaryImageOfPage":{"@id":"https:\/\/www.pressenza.com\/es\/2015\/11\/de-nuevo-los-nacionalismos-postergan-al-ser-humano\/#primaryimage"},"image":{"@id":"https:\/\/www.pressenza.com\/es\/2015\/11\/de-nuevo-los-nacionalismos-postergan-al-ser-humano\/#primaryimage"},"thumbnailUrl":"https:\/\/www.pressenza.com\/wp-content\/uploads\/2015\/11\/banderas.jpg","datePublished":"2015-11-01T18:43:05+00:00","dateModified":"2015-11-01T18:52:50+00:00","description":"Por Ismael Cabrerizo Cebri\u00e1n Cuando los pueblos se enfrentan a una \u00e9poca de crisis sist\u00e9mica donde las certidumbres se tambalean, una atm\u00f3sfera lo","breadcrumb":{"@id":"https:\/\/www.pressenza.com\/es\/2015\/11\/de-nuevo-los-nacionalismos-postergan-al-ser-humano\/#breadcrumb"},"inLanguage":"es","potentialAction":[{"@type":"ReadAction","target":["https:\/\/www.pressenza.com\/es\/2015\/11\/de-nuevo-los-nacionalismos-postergan-al-ser-humano\/"]}]},{"@type":"ImageObject","inLanguage":"es","@id":"https:\/\/www.pressenza.com\/es\/2015\/11\/de-nuevo-los-nacionalismos-postergan-al-ser-humano\/#primaryimage","url":"https:\/\/www.pressenza.com\/wp-content\/uploads\/2015\/11\/banderas.jpg","contentUrl":"https:\/\/www.pressenza.com\/wp-content\/uploads\/2015\/11\/banderas.jpg","width":285,"height":199},{"@type":"BreadcrumbList","@id":"https:\/\/www.pressenza.com\/es\/2015\/11\/de-nuevo-los-nacionalismos-postergan-al-ser-humano\/#breadcrumb","itemListElement":[{"@type":"ListItem","position":1,"name":"Accueil","item":"https:\/\/www.pressenza.com\/es\/"},{"@type":"ListItem","position":2,"name":"De nuevo los nacionalismos postergan al ser humano"}]},{"@type":"WebSite","@id":"https:\/\/www.pressenza.com\/es\/#website","url":"https:\/\/www.pressenza.com\/es\/","name":"Pressenza","description":"International Press Agency","publisher":{"@id":"https:\/\/www.pressenza.com\/es\/#organization"},"potentialAction":[{"@type":"SearchAction","target":{"@type":"EntryPoint","urlTemplate":"https:\/\/www.pressenza.com\/es\/?s={search_term_string}"},"query-input":{"@type":"PropertyValueSpecification","valueRequired":true,"valueName":"search_term_string"}}],"inLanguage":"es"},{"@type":"Organization","@id":"https:\/\/www.pressenza.com\/es\/#organization","name":"Pressenza","url":"https:\/\/www.pressenza.com\/es\/","logo":{"@type":"ImageObject","inLanguage":"es","@id":"https:\/\/www.pressenza.com\/es\/#\/schema\/logo\/image\/","url":"https:\/\/www.pressenza.com\/wp-content\/uploads\/2022\/10\/pressenza_logo_200x200.jpg","contentUrl":"https:\/\/www.pressenza.com\/wp-content\/uploads\/2022\/10\/pressenza_logo_200x200.jpg","width":200,"height":200,"caption":"Pressenza"},"image":{"@id":"https:\/\/www.pressenza.com\/es\/#\/schema\/logo\/image\/"},"sameAs":["https:\/\/www.facebook.com\/PressenzaItalia","https:\/\/x.com\/PressenzaIPA"]},{"@type":"Person","@id":"https:\/\/www.pressenza.com\/es\/#\/schema\/person\/828fc40eeca2ad7be3630e5a46adba94","name":"Redacci\u00f3n Madrid","description":"News from the Pressenza Bureau in Madrid, Spain","sameAs":["https:\/\/www.facebook.com\/pressenza","https:\/\/x.com\/pressenza"],"url":"https:\/\/www.pressenza.com\/es\/author\/redaccion-madrid\/"}]}},"place":"Barcelona","original_article_url":"","_links":{"self":[{"href":"https:\/\/www.pressenza.com\/es\/wp-json\/wp\/v2\/posts\/240822","targetHints":{"allow":["GET"]}}],"collection":[{"href":"https:\/\/www.pressenza.com\/es\/wp-json\/wp\/v2\/posts"}],"about":[{"href":"https:\/\/www.pressenza.com\/es\/wp-json\/wp\/v2\/types\/post"}],"author":[{"embeddable":true,"href":"https:\/\/www.pressenza.com\/es\/wp-json\/wp\/v2\/users\/94"}],"replies":[{"embeddable":true,"href":"https:\/\/www.pressenza.com\/es\/wp-json\/wp\/v2\/comments?post=240822"}],"version-history":[{"count":0,"href":"https:\/\/www.pressenza.com\/es\/wp-json\/wp\/v2\/posts\/240822\/revisions"}],"wp:featuredmedia":[{"embeddable":true,"href":"https:\/\/www.pressenza.com\/es\/wp-json\/wp\/v2\/media\/240832"}],"wp:attachment":[{"href":"https:\/\/www.pressenza.com\/es\/wp-json\/wp\/v2\/media?parent=240822"}],"wp:term":[{"taxonomy":"category","embeddable":true,"href":"https:\/\/www.pressenza.com\/es\/wp-json\/wp\/v2\/categories?post=240822"},{"taxonomy":"post_tag","embeddable":true,"href":"https:\/\/www.pressenza.com\/es\/wp-json\/wp\/v2\/tags?post=240822"}],"curies":[{"name":"wp","href":"https:\/\/api.w.org\/{rel}","templated":true}]}}