{"id":239677,"date":"2015-10-29T02:30:10","date_gmt":"2015-10-29T02:30:10","guid":{"rendered":"http:\/\/www.pressenza.com\/es\/?p=239677"},"modified":"2015-12-27T01:14:11","modified_gmt":"2015-12-27T01:14:11","slug":"al-aire-en-regional-y-popular-situacion-y-salidas-para-la-pobreza-en-america-latina-y-el-caribe","status":"publish","type":"post","link":"https:\/\/www.pressenza.com\/es\/2015\/10\/al-aire-en-regional-y-popular-situacion-y-salidas-para-la-pobreza-en-america-latina-y-el-caribe\/","title":{"rendered":"Al aire en \u201cRegional y Popular\u201d: Situaci\u00f3n y salidas para la pobreza en Am\u00e9rica Latina y el Caribe."},"content":{"rendered":"<p>\u00bfHay menos o m\u00e1s pobres hoy en la regi\u00f3n que en d\u00e9cadas anteriores? \u00bfSe ha logrado revertir la desigualdad? \u00bfQu\u00e9 l\u00edneas habr\u00eda que seguir para avanzar en este proceso?<\/p>\n<p>Estos y otros interrogantes son abordados en la tercer entrega del segmento radial \u201cRegional y Popular\u201d, producido por Pressenza con la colaboraci\u00f3n de Radio comunitaria La Ranchada.<\/p>\n<p>Quince minutos de informaci\u00f3n y comentarios sobre temas relevantes de Latinoam\u00e9rica y el Caribe como aporte a la construcci\u00f3n de la integraci\u00f3n soberana desde la base social.<\/p>\n<p>El equipo, conformado por Cristina Vergara (locuci\u00f3n y conducci\u00f3n), Javier Tolcachier (investigaci\u00f3n y comentarios) y Lucas Robaldo (musicalizaci\u00f3n y edici\u00f3n) invita a todas las emisoras que lo consideren de inter\u00e9s, a utilizar el micro para su programaci\u00f3n. Pueden descargar los segmentos todos los jueves, suscribi\u00e9ndose de forma gratuita en www.pressenza.com<\/p>\n<p><a href=\"http:\/\/www.ivoox.com\/regional-popular-episodio-3-audios-mp3_rf_9196000_1.html\">Audio de tercer entrega de \u00abRegional y Popular\u00bb<\/a><\/p>\n","protected":false},"excerpt":{"rendered":"<p>\u00bfHay menos o m\u00e1s pobres hoy en la regi\u00f3n que en d\u00e9cadas anteriores? \u00bfSe ha logrado revertir la desigualdad? \u00bfQu\u00e9 l\u00edneas habr\u00eda que seguir para avanzar en este proceso? Estos y otros interrogantes son abordados en la tercer entrega del&hellip;<\/p>\n","protected":false},"author":970,"featured_media":239697,"comment_status":"closed","ping_status":"open","sticky":false,"template":"","format":"standard","meta":{"footnotes":""},"categories":[11389,79,22754,67],"tags":[20547,20551,21254],"class_list":["post-239677","post","type-post","status-publish","format-standard","has-post-thumbnail","hentry","category-contenido-original","category-derechos-humanos","category-radio-es","category-sudamerica","tag-america-latina-y-el-caribe","tag-pobreza-y-metas-del-milenio","tag-regional-y-popular"],"yoast_head":"<!-- This site is optimized with the Yoast SEO plugin v27.1.1 - https:\/\/yoast.com\/product\/yoast-seo-wordpress\/ -->\n<title>Al aire en \u201cRegional y Popular\u201d: Situaci\u00f3n y salidas para la pobreza en Am\u00e9rica Latina y el Caribe.<\/title>\n<meta name=\"description\" content=\"\u00bfHay menos o m\u00e1s pobres hoy en la regi\u00f3n que en d\u00e9cadas anteriores? \u00bfSe ha logrado revertir la desigualdad? \u00bfQu\u00e9 l\u00edneas habr\u00eda que seguir para avanzar en\" \/>\n<meta name=\"robots\" content=\"index, follow, max-snippet:-1, max-image-preview:large, max-video-preview:-1\" \/>\n<link rel=\"canonical\" href=\"https:\/\/www.pressenza.com\/es\/2015\/10\/al-aire-en-regional-y-popular-situacion-y-salidas-para-la-pobreza-en-america-latina-y-el-caribe\/\" \/>\n<meta property=\"og:locale\" content=\"es_ES\" \/>\n<meta property=\"og:type\" content=\"article\" \/>\n<meta property=\"og:title\" content=\"Al aire en \u201cRegional y Popular\u201d: Situaci\u00f3n y salidas para la pobreza en Am\u00e9rica Latina y el Caribe.\" \/>\n<meta property=\"og:description\" content=\"\u00bfHay menos o m\u00e1s pobres hoy en la regi\u00f3n que en d\u00e9cadas anteriores? \u00bfSe ha logrado revertir la desigualdad? \u00bfQu\u00e9 l\u00edneas habr\u00eda que seguir para avanzar en\" \/>\n<meta property=\"og:url\" content=\"https:\/\/www.pressenza.com\/es\/2015\/10\/al-aire-en-regional-y-popular-situacion-y-salidas-para-la-pobreza-en-america-latina-y-el-caribe\/\" \/>\n<meta property=\"og:site_name\" content=\"Pressenza\" \/>\n<meta property=\"article:publisher\" content=\"https:\/\/www.facebook.com\/PressenzaItalia\" \/>\n<meta property=\"article:author\" content=\"https:\/\/www.facebook.com\/javier.tolcachier?fref=ts\" \/>\n<meta property=\"article:published_time\" content=\"2015-10-29T02:30:10+00:00\" \/>\n<meta property=\"article:modified_time\" content=\"2015-12-27T01:14:11+00:00\" \/>\n<meta property=\"og:image\" content=\"https:\/\/www.pressenza.com\/wp-content\/uploads\/2015\/10\/pobreza1.jpg\" \/>\n\t<meta property=\"og:image:width\" content=\"354\" \/>\n\t<meta property=\"og:image:height\" content=\"480\" \/>\n\t<meta property=\"og:image:type\" content=\"image\/jpeg\" \/>\n<meta name=\"author\" content=\"Javier Tolcachier\" \/>\n<meta name=\"twitter:card\" content=\"summary_large_image\" \/>\n<meta name=\"twitter:creator\" content=\"@jtolcachier\" \/>\n<meta name=\"twitter:site\" content=\"@PressenzaIPA\" \/>\n<meta name=\"twitter:label1\" content=\"Escrito por\" \/>\n\t<meta name=\"twitter:data1\" content=\"Javier Tolcachier\" \/>\n\t<meta name=\"twitter:label2\" content=\"Tiempo de lectura\" \/>\n\t<meta name=\"twitter:data2\" content=\"1 minuto\" \/>\n<script type=\"application\/ld+json\" class=\"yoast-schema-graph\">{\"@context\":\"https:\/\/schema.org\",\"@graph\":[{\"@type\":\"Article\",\"@id\":\"https:\/\/www.pressenza.com\/es\/2015\/10\/al-aire-en-regional-y-popular-situacion-y-salidas-para-la-pobreza-en-america-latina-y-el-caribe\/#article\",\"isPartOf\":{\"@id\":\"https:\/\/www.pressenza.com\/es\/2015\/10\/al-aire-en-regional-y-popular-situacion-y-salidas-para-la-pobreza-en-america-latina-y-el-caribe\/\"},\"author\":{\"name\":\"Javier Tolcachier\",\"@id\":\"https:\/\/www.pressenza.com\/es\/#\/schema\/person\/f353f6d4eed144101dedba60e6227564\"},\"headline\":\"Al aire en \u201cRegional y Popular\u201d: Situaci\u00f3n y salidas para la pobreza en Am\u00e9rica Latina y el Caribe.\",\"datePublished\":\"2015-10-29T02:30:10+00:00\",\"dateModified\":\"2015-12-27T01:14:11+00:00\",\"mainEntityOfPage\":{\"@id\":\"https:\/\/www.pressenza.com\/es\/2015\/10\/al-aire-en-regional-y-popular-situacion-y-salidas-para-la-pobreza-en-america-latina-y-el-caribe\/\"},\"wordCount\":181,\"publisher\":{\"@id\":\"https:\/\/www.pressenza.com\/es\/#organization\"},\"image\":{\"@id\":\"https:\/\/www.pressenza.com\/es\/2015\/10\/al-aire-en-regional-y-popular-situacion-y-salidas-para-la-pobreza-en-america-latina-y-el-caribe\/#primaryimage\"},\"thumbnailUrl\":\"https:\/\/www.pressenza.com\/wp-content\/uploads\/2015\/10\/pobreza1.jpg\",\"keywords\":[\"Am\u00e9rica Latina y el Caribe\",\"Pobreza y Metas del Milenio\",\"Regional y Popular\"],\"articleSection\":[\"Contenido Original\",\"Derechos Humanos\",\"Radio\",\"Sudam\u00e9rica\"],\"inLanguage\":\"es\"},{\"@type\":\"WebPage\",\"@id\":\"https:\/\/www.pressenza.com\/es\/2015\/10\/al-aire-en-regional-y-popular-situacion-y-salidas-para-la-pobreza-en-america-latina-y-el-caribe\/\",\"url\":\"https:\/\/www.pressenza.com\/es\/2015\/10\/al-aire-en-regional-y-popular-situacion-y-salidas-para-la-pobreza-en-america-latina-y-el-caribe\/\",\"name\":\"Al aire en \u201cRegional y Popular\u201d: Situaci\u00f3n y salidas para la pobreza en Am\u00e9rica Latina y el Caribe.\",\"isPartOf\":{\"@id\":\"https:\/\/www.pressenza.com\/es\/#website\"},\"primaryImageOfPage\":{\"@id\":\"https:\/\/www.pressenza.com\/es\/2015\/10\/al-aire-en-regional-y-popular-situacion-y-salidas-para-la-pobreza-en-america-latina-y-el-caribe\/#primaryimage\"},\"image\":{\"@id\":\"https:\/\/www.pressenza.com\/es\/2015\/10\/al-aire-en-regional-y-popular-situacion-y-salidas-para-la-pobreza-en-america-latina-y-el-caribe\/#primaryimage\"},\"thumbnailUrl\":\"https:\/\/www.pressenza.com\/wp-content\/uploads\/2015\/10\/pobreza1.jpg\",\"datePublished\":\"2015-10-29T02:30:10+00:00\",\"dateModified\":\"2015-12-27T01:14:11+00:00\",\"description\":\"\u00bfHay menos o m\u00e1s pobres hoy en la regi\u00f3n que en d\u00e9cadas anteriores? \u00bfSe ha logrado revertir la desigualdad? \u00bfQu\u00e9 l\u00edneas habr\u00eda que seguir para avanzar en\",\"breadcrumb\":{\"@id\":\"https:\/\/www.pressenza.com\/es\/2015\/10\/al-aire-en-regional-y-popular-situacion-y-salidas-para-la-pobreza-en-america-latina-y-el-caribe\/#breadcrumb\"},\"inLanguage\":\"es\",\"potentialAction\":[{\"@type\":\"ReadAction\",\"target\":[\"https:\/\/www.pressenza.com\/es\/2015\/10\/al-aire-en-regional-y-popular-situacion-y-salidas-para-la-pobreza-en-america-latina-y-el-caribe\/\"]}]},{\"@type\":\"ImageObject\",\"inLanguage\":\"es\",\"@id\":\"https:\/\/www.pressenza.com\/es\/2015\/10\/al-aire-en-regional-y-popular-situacion-y-salidas-para-la-pobreza-en-america-latina-y-el-caribe\/#primaryimage\",\"url\":\"https:\/\/www.pressenza.com\/wp-content\/uploads\/2015\/10\/pobreza1.jpg\",\"contentUrl\":\"https:\/\/www.pressenza.com\/wp-content\/uploads\/2015\/10\/pobreza1.jpg\",\"width\":354,\"height\":480},{\"@type\":\"BreadcrumbList\",\"@id\":\"https:\/\/www.pressenza.com\/es\/2015\/10\/al-aire-en-regional-y-popular-situacion-y-salidas-para-la-pobreza-en-america-latina-y-el-caribe\/#breadcrumb\",\"itemListElement\":[{\"@type\":\"ListItem\",\"position\":1,\"name\":\"Accueil\",\"item\":\"https:\/\/www.pressenza.com\/es\/\"},{\"@type\":\"ListItem\",\"position\":2,\"name\":\"Al aire en \u201cRegional y Popular\u201d: Situaci\u00f3n y salidas para la pobreza en Am\u00e9rica Latina y el Caribe.\"}]},{\"@type\":\"WebSite\",\"@id\":\"https:\/\/www.pressenza.com\/es\/#website\",\"url\":\"https:\/\/www.pressenza.com\/es\/\",\"name\":\"Pressenza\",\"description\":\"International Press Agency\",\"publisher\":{\"@id\":\"https:\/\/www.pressenza.com\/es\/#organization\"},\"potentialAction\":[{\"@type\":\"SearchAction\",\"target\":{\"@type\":\"EntryPoint\",\"urlTemplate\":\"https:\/\/www.pressenza.com\/es\/?s={search_term_string}\"},\"query-input\":{\"@type\":\"PropertyValueSpecification\",\"valueRequired\":true,\"valueName\":\"search_term_string\"}}],\"inLanguage\":\"es\"},{\"@type\":\"Organization\",\"@id\":\"https:\/\/www.pressenza.com\/es\/#organization\",\"name\":\"Pressenza\",\"url\":\"https:\/\/www.pressenza.com\/es\/\",\"logo\":{\"@type\":\"ImageObject\",\"inLanguage\":\"es\",\"@id\":\"https:\/\/www.pressenza.com\/es\/#\/schema\/logo\/image\/\",\"url\":\"https:\/\/www.pressenza.com\/wp-content\/uploads\/2022\/10\/pressenza_logo_200x200.jpg\",\"contentUrl\":\"https:\/\/www.pressenza.com\/wp-content\/uploads\/2022\/10\/pressenza_logo_200x200.jpg\",\"width\":200,\"height\":200,\"caption\":\"Pressenza\"},\"image\":{\"@id\":\"https:\/\/www.pressenza.com\/es\/#\/schema\/logo\/image\/\"},\"sameAs\":[\"https:\/\/www.facebook.com\/PressenzaItalia\",\"https:\/\/x.com\/PressenzaIPA\"]},{\"@type\":\"Person\",\"@id\":\"https:\/\/www.pressenza.com\/es\/#\/schema\/person\/f353f6d4eed144101dedba60e6227564\",\"name\":\"Javier Tolcachier\",\"description\":\"Javier Tolcachier is a researcher from the World Centre of Humanist Studies, an organism of the Humanist Movement. Mail: javiertolcachier@disroot.org Twitter: @jtolcachier\",\"sameAs\":[\"https:\/\/www.facebook.com\/javier.tolcachier?fref=ts\",\"https:\/\/x.com\/jtolcachier\"],\"url\":\"https:\/\/www.pressenza.com\/es\/author\/javier-tolcachier\/\"}]}<\/script>\n<!-- \/ Yoast SEO plugin. -->","yoast_head_json":{"title":"Al aire en \u201cRegional y Popular\u201d: Situaci\u00f3n y salidas para la pobreza en Am\u00e9rica Latina y el Caribe.","description":"\u00bfHay menos o m\u00e1s pobres hoy en la regi\u00f3n que en d\u00e9cadas anteriores? \u00bfSe ha logrado revertir la desigualdad? \u00bfQu\u00e9 l\u00edneas habr\u00eda que seguir para avanzar en","robots":{"index":"index","follow":"follow","max-snippet":"max-snippet:-1","max-image-preview":"max-image-preview:large","max-video-preview":"max-video-preview:-1"},"canonical":"https:\/\/www.pressenza.com\/es\/2015\/10\/al-aire-en-regional-y-popular-situacion-y-salidas-para-la-pobreza-en-america-latina-y-el-caribe\/","og_locale":"es_ES","og_type":"article","og_title":"Al aire en \u201cRegional y Popular\u201d: Situaci\u00f3n y salidas para la pobreza en Am\u00e9rica Latina y el Caribe.","og_description":"\u00bfHay menos o m\u00e1s pobres hoy en la regi\u00f3n que en d\u00e9cadas anteriores? \u00bfSe ha logrado revertir la desigualdad? \u00bfQu\u00e9 l\u00edneas habr\u00eda que seguir para avanzar en","og_url":"https:\/\/www.pressenza.com\/es\/2015\/10\/al-aire-en-regional-y-popular-situacion-y-salidas-para-la-pobreza-en-america-latina-y-el-caribe\/","og_site_name":"Pressenza","article_publisher":"https:\/\/www.facebook.com\/PressenzaItalia","article_author":"https:\/\/www.facebook.com\/javier.tolcachier?fref=ts","article_published_time":"2015-10-29T02:30:10+00:00","article_modified_time":"2015-12-27T01:14:11+00:00","og_image":[{"width":354,"height":480,"url":"https:\/\/www.pressenza.com\/wp-content\/uploads\/2015\/10\/pobreza1.jpg","type":"image\/jpeg"}],"author":"Javier Tolcachier","twitter_card":"summary_large_image","twitter_creator":"@jtolcachier","twitter_site":"@PressenzaIPA","twitter_misc":{"Escrito por":"Javier Tolcachier","Tiempo de lectura":"1 minuto"},"schema":{"@context":"https:\/\/schema.org","@graph":[{"@type":"Article","@id":"https:\/\/www.pressenza.com\/es\/2015\/10\/al-aire-en-regional-y-popular-situacion-y-salidas-para-la-pobreza-en-america-latina-y-el-caribe\/#article","isPartOf":{"@id":"https:\/\/www.pressenza.com\/es\/2015\/10\/al-aire-en-regional-y-popular-situacion-y-salidas-para-la-pobreza-en-america-latina-y-el-caribe\/"},"author":{"name":"Javier Tolcachier","@id":"https:\/\/www.pressenza.com\/es\/#\/schema\/person\/f353f6d4eed144101dedba60e6227564"},"headline":"Al aire en \u201cRegional y Popular\u201d: Situaci\u00f3n y salidas para la pobreza en Am\u00e9rica Latina y el Caribe.","datePublished":"2015-10-29T02:30:10+00:00","dateModified":"2015-12-27T01:14:11+00:00","mainEntityOfPage":{"@id":"https:\/\/www.pressenza.com\/es\/2015\/10\/al-aire-en-regional-y-popular-situacion-y-salidas-para-la-pobreza-en-america-latina-y-el-caribe\/"},"wordCount":181,"publisher":{"@id":"https:\/\/www.pressenza.com\/es\/#organization"},"image":{"@id":"https:\/\/www.pressenza.com\/es\/2015\/10\/al-aire-en-regional-y-popular-situacion-y-salidas-para-la-pobreza-en-america-latina-y-el-caribe\/#primaryimage"},"thumbnailUrl":"https:\/\/www.pressenza.com\/wp-content\/uploads\/2015\/10\/pobreza1.jpg","keywords":["Am\u00e9rica Latina y el Caribe","Pobreza y Metas del Milenio","Regional y Popular"],"articleSection":["Contenido Original","Derechos Humanos","Radio","Sudam\u00e9rica"],"inLanguage":"es"},{"@type":"WebPage","@id":"https:\/\/www.pressenza.com\/es\/2015\/10\/al-aire-en-regional-y-popular-situacion-y-salidas-para-la-pobreza-en-america-latina-y-el-caribe\/","url":"https:\/\/www.pressenza.com\/es\/2015\/10\/al-aire-en-regional-y-popular-situacion-y-salidas-para-la-pobreza-en-america-latina-y-el-caribe\/","name":"Al aire en \u201cRegional y Popular\u201d: Situaci\u00f3n y salidas para la pobreza en Am\u00e9rica Latina y el Caribe.","isPartOf":{"@id":"https:\/\/www.pressenza.com\/es\/#website"},"primaryImageOfPage":{"@id":"https:\/\/www.pressenza.com\/es\/2015\/10\/al-aire-en-regional-y-popular-situacion-y-salidas-para-la-pobreza-en-america-latina-y-el-caribe\/#primaryimage"},"image":{"@id":"https:\/\/www.pressenza.com\/es\/2015\/10\/al-aire-en-regional-y-popular-situacion-y-salidas-para-la-pobreza-en-america-latina-y-el-caribe\/#primaryimage"},"thumbnailUrl":"https:\/\/www.pressenza.com\/wp-content\/uploads\/2015\/10\/pobreza1.jpg","datePublished":"2015-10-29T02:30:10+00:00","dateModified":"2015-12-27T01:14:11+00:00","description":"\u00bfHay menos o m\u00e1s pobres hoy en la regi\u00f3n que en d\u00e9cadas anteriores? \u00bfSe ha logrado revertir la desigualdad? \u00bfQu\u00e9 l\u00edneas habr\u00eda que seguir para avanzar en","breadcrumb":{"@id":"https:\/\/www.pressenza.com\/es\/2015\/10\/al-aire-en-regional-y-popular-situacion-y-salidas-para-la-pobreza-en-america-latina-y-el-caribe\/#breadcrumb"},"inLanguage":"es","potentialAction":[{"@type":"ReadAction","target":["https:\/\/www.pressenza.com\/es\/2015\/10\/al-aire-en-regional-y-popular-situacion-y-salidas-para-la-pobreza-en-america-latina-y-el-caribe\/"]}]},{"@type":"ImageObject","inLanguage":"es","@id":"https:\/\/www.pressenza.com\/es\/2015\/10\/al-aire-en-regional-y-popular-situacion-y-salidas-para-la-pobreza-en-america-latina-y-el-caribe\/#primaryimage","url":"https:\/\/www.pressenza.com\/wp-content\/uploads\/2015\/10\/pobreza1.jpg","contentUrl":"https:\/\/www.pressenza.com\/wp-content\/uploads\/2015\/10\/pobreza1.jpg","width":354,"height":480},{"@type":"BreadcrumbList","@id":"https:\/\/www.pressenza.com\/es\/2015\/10\/al-aire-en-regional-y-popular-situacion-y-salidas-para-la-pobreza-en-america-latina-y-el-caribe\/#breadcrumb","itemListElement":[{"@type":"ListItem","position":1,"name":"Accueil","item":"https:\/\/www.pressenza.com\/es\/"},{"@type":"ListItem","position":2,"name":"Al aire en \u201cRegional y Popular\u201d: Situaci\u00f3n y salidas para la pobreza en Am\u00e9rica Latina y el Caribe."}]},{"@type":"WebSite","@id":"https:\/\/www.pressenza.com\/es\/#website","url":"https:\/\/www.pressenza.com\/es\/","name":"Pressenza","description":"International Press Agency","publisher":{"@id":"https:\/\/www.pressenza.com\/es\/#organization"},"potentialAction":[{"@type":"SearchAction","target":{"@type":"EntryPoint","urlTemplate":"https:\/\/www.pressenza.com\/es\/?s={search_term_string}"},"query-input":{"@type":"PropertyValueSpecification","valueRequired":true,"valueName":"search_term_string"}}],"inLanguage":"es"},{"@type":"Organization","@id":"https:\/\/www.pressenza.com\/es\/#organization","name":"Pressenza","url":"https:\/\/www.pressenza.com\/es\/","logo":{"@type":"ImageObject","inLanguage":"es","@id":"https:\/\/www.pressenza.com\/es\/#\/schema\/logo\/image\/","url":"https:\/\/www.pressenza.com\/wp-content\/uploads\/2022\/10\/pressenza_logo_200x200.jpg","contentUrl":"https:\/\/www.pressenza.com\/wp-content\/uploads\/2022\/10\/pressenza_logo_200x200.jpg","width":200,"height":200,"caption":"Pressenza"},"image":{"@id":"https:\/\/www.pressenza.com\/es\/#\/schema\/logo\/image\/"},"sameAs":["https:\/\/www.facebook.com\/PressenzaItalia","https:\/\/x.com\/PressenzaIPA"]},{"@type":"Person","@id":"https:\/\/www.pressenza.com\/es\/#\/schema\/person\/f353f6d4eed144101dedba60e6227564","name":"Javier Tolcachier","description":"Javier Tolcachier is a researcher from the World Centre of Humanist Studies, an organism of the Humanist Movement. Mail: javiertolcachier@disroot.org Twitter: @jtolcachier","sameAs":["https:\/\/www.facebook.com\/javier.tolcachier?fref=ts","https:\/\/x.com\/jtolcachier"],"url":"https:\/\/www.pressenza.com\/es\/author\/javier-tolcachier\/"}]}},"place":"C\u00f3rdoba, Argentina","original_article_url":"","_links":{"self":[{"href":"https:\/\/www.pressenza.com\/es\/wp-json\/wp\/v2\/posts\/239677","targetHints":{"allow":["GET"]}}],"collection":[{"href":"https:\/\/www.pressenza.com\/es\/wp-json\/wp\/v2\/posts"}],"about":[{"href":"https:\/\/www.pressenza.com\/es\/wp-json\/wp\/v2\/types\/post"}],"author":[{"embeddable":true,"href":"https:\/\/www.pressenza.com\/es\/wp-json\/wp\/v2\/users\/970"}],"replies":[{"embeddable":true,"href":"https:\/\/www.pressenza.com\/es\/wp-json\/wp\/v2\/comments?post=239677"}],"version-history":[{"count":0,"href":"https:\/\/www.pressenza.com\/es\/wp-json\/wp\/v2\/posts\/239677\/revisions"}],"wp:featuredmedia":[{"embeddable":true,"href":"https:\/\/www.pressenza.com\/es\/wp-json\/wp\/v2\/media\/239697"}],"wp:attachment":[{"href":"https:\/\/www.pressenza.com\/es\/wp-json\/wp\/v2\/media?parent=239677"}],"wp:term":[{"taxonomy":"category","embeddable":true,"href":"https:\/\/www.pressenza.com\/es\/wp-json\/wp\/v2\/categories?post=239677"},{"taxonomy":"post_tag","embeddable":true,"href":"https:\/\/www.pressenza.com\/es\/wp-json\/wp\/v2\/tags?post=239677"}],"curies":[{"name":"wp","href":"https:\/\/api.w.org\/{rel}","templated":true}]}}