{"id":239576,"date":"2015-10-28T16:38:38","date_gmt":"2015-10-28T16:38:38","guid":{"rendered":"http:\/\/www.pressenza.com\/es\/?p=239576"},"modified":"2015-10-28T16:38:38","modified_gmt":"2015-10-28T16:38:38","slug":"no-a-las-maniobras-de-la-otan-trident-juncture-2015","status":"publish","type":"post","link":"https:\/\/www.pressenza.com\/es\/2015\/10\/no-a-las-maniobras-de-la-otan-trident-juncture-2015\/","title":{"rendered":"No a las maniobras de la OTAN \u00abTrident Juncture 2015\u00bb"},"content":{"rendered":"<p><em>Ante las maniobras\u00a0Trident Juncture\u00a0que la OTAN va a realizar hasta el 6 de noviembre, Ecologistas en Acci\u00f3n quiere denunciar una vez m\u00e1s lo inaceptable de estas actividades y\u00a0anima a la poblaci\u00f3n a sumarse a las\u00a0<a href=\"http:\/\/noalaotan.nosorganizamos.net\" target=\"_blank\">protestas organizadas<\/a>\u00a0al respecto. En estas maniobras participar\u00e1n m\u00e1s de 36.000 militares de 30 estados distintos<\/em><\/p>\n<p>En un tiempo de crisis a todos los niveles, los ej\u00e9rcitos son un derroche incre\u00edble: el Estado espa\u00f1ol es uno de los cinco pa\u00edses con mayor gasto militar de Europa occidental, con un presupuesto de 24.489,96 millones de\u00a0euros para 2016. Las maniobras no tienen ning\u00fan tipo de justificaci\u00f3n.<\/p>\n<div>En un tiempo de crisis ambiental, las guerras como forma de solucionar un conflicto son inaceptables. Son la soluci\u00f3n de mayor impacto humano, pero tambi\u00e9n la de mayor impacto ambiental,\u00a0aspecto este \u00faltimo que en operaciones como estas se reproduce de la misma forma que en una guerra (como ejemplo, basta con ver los efectos las maniobras de la OTAN en Canarias en 2013, muy similares a las que est\u00e1n teniendo lugar ahora mismo).Por otro lado, los ej\u00e9rcitos y la OTAN tienen como funci\u00f3n hacer valer la hegemon\u00eda mundial que los pa\u00edses que configuran la Alianza han adquirido. En la actual \u00abcrisis de refugiados\u201d\u00a0(como si este\u00a0fuera un fen\u00f3meno nuevo), los ej\u00e9rcitos y la OTAN tienen un papel muy concreto: defender las fronteras, perpetrando las razones del conflicto y provocando as\u00ed que perdure el mismo. No en vano, estas maniobras se realizar\u00e1n\u00a0en dos de los pa\u00edses m\u00e1s afectados por estas migraciones: Italia y el Estado espa\u00f1ol. Debemos recordar adem\u00e1s que las razones de esta crisis son la acaparaci\u00f3n de recursos, pero tambi\u00e9n el cambio clim\u00e1tico,\u00a0que, en el caso de la guerra siria, forz\u00f3 a muchas personas a abandonar el campo tras grandes sequ\u00edas, agolp\u00e1ndose en las ciudades en circunstancias insostenibles tras a\u00f1os de guerra.<\/p>\n<p>Obcecarse con soluciones militares como pretenden estas maniobras supone priorizar soluciones que no van a la ra\u00edz del problema (sistema econ\u00f3mico, desigualdad, etc.), sino a una de sus manifestaciones, creando\u00a0un problema mucho mayor (muertos y heridos, destrucci\u00f3n, residuos por actividades militares, humos y emisiones, etc.). En ese sentido, conviene recordar que la OTAN tambi\u00e9n interviene en casos de crisis de recursos para asegurar el\u00a0abastecimiento energ\u00e9tico de los pa\u00edses que lo configuran, perpetuando no solo un sistema econ\u00f3mico injusto, sino tambi\u00e9n un sistema energ\u00e9tico basado en combustibles f\u00f3siles (petr\u00f3leo, gas) que tiene un gran\u00a0impacto en los pa\u00edses de extracci\u00f3n (sobre todo si los tienen que bombardear para acceder a esos recursos), pero tambi\u00e9n en todo el planeta, con la contaminaci\u00f3n consecuente de su quema y el calentamiento global.\u00a0En el caso que nos ocupa, el que las operaciones se realicen en los tres pa\u00edses del sur de la UE (Grecia excluida) tiene su relevancia, pues son los pa\u00edses de entrada energ\u00e9tica (gaseoductos) desde el norte de \u00c1frica (Argelia,\u00a0Libia e incluido Egipto) y tambi\u00e9n lugar de paso de los petroleros procedentes del Oriente pr\u00f3ximo, as\u00ed como lugar de paso del llamado anillo energ\u00e9tico europeo, fundamental en el dise\u00f1o de la actual y futura Europa.<\/p>\n<p>Ecologistas en Acci\u00f3n entiende estas maniobras como mero exhibicionismo de la OTAN con las que demostrar hegemon\u00eda militar frente a China, que se est\u00e1 haciendo con el poder econ\u00f3mico en \u00c1frica o Rusia, con la\u00a0que ha entrado en conflicto en Ucrania y Siria.<\/p>\n<\/div>\n<div>El movilizar a todos estos militares tendr\u00e1 tambi\u00e9n un fuerte impacto en el territorio, as\u00ed como en emisiones correspondientes a su transporte de un pa\u00eds a otro. Las maniobras tambi\u00e9n supondr\u00e1n la construcci\u00f3n de un\u00a0nuevo campamento en la Base A\u00e9rea de Zaragoza con capacidad para 1.600 militares, que, en realidad, no es algo que se necesite ni que vaya a tener ning\u00fan uso en el futuro. Simplemente pasar\u00e1 a engrosar los miles de infraestructuras\u00a0in\u00fatiles que abundan en nuestra geograf\u00eda.Zaragoza ser\u00e1 uno de los ocho lugares del Estado donde se realizar\u00e1n las maniobras junto a Chinchilla (Albacete), Almer\u00ed\u00ada, Sierra del Ret\u00ed\u00adn (C\u00e1diz), as\u00ed como la bases a\u00e9reas de Albacete, Son Sant Joan (Mallorca),\u00a0Torrej\u00f3n y Zaragoza. Esta \u00faltima utiliza como campo de tiro el de las Bardenas donde organizaciones que reivindican desde hace a\u00f1os su desmantelamiento han reiterado su rechazo a estas maniobras.<\/p>\n<p>Por ello y mucho m\u00e1s, Ecologistas en Acci\u00f3n nos sumamos a las voces cr\u00edticas con estas maniobras y animamos a asistir a las protestas y resistencia civil que se convoquen (por ahora, en Barbate\u00a0del 30 de octubre al 3 de noviembre y en\u00a0Campo de San Gregorio de\u00a0Zaragoza del 3 al 6 de noviembre),<\/p>\n<\/div>\n","protected":false},"excerpt":{"rendered":"<p>Ante las maniobras\u00a0Trident Juncture\u00a0que la OTAN va a realizar hasta el 6 de noviembre, Ecologistas en Acci\u00f3n quiere denunciar una vez m\u00e1s lo inaceptable de estas actividades y\u00a0anima a la poblaci\u00f3n a sumarse a las\u00a0protestas organizadas\u00a0al respecto. En estas maniobras&hellip;<\/p>\n","protected":false},"author":94,"featured_media":239577,"comment_status":"closed","ping_status":"open","sticky":false,"template":"","format":"standard","meta":{"footnotes":""},"categories":[76,149,78,66,39,1243,74],"tags":[21126,1065,20539,394],"class_list":["post-239576","post","type-post","status-publish","format-standard","has-post-thumbnail","hentry","category-relaciones-exteriores","category-comunicados-de-prensa","category-medio-ambiente-ecologia","category-europa-es","category-internacional","category-paz-desarme","category-politica-es","tag-ecologistas-en-accion","tag-espana","tag-maniobras-otan","tag-protestas-sociales"],"yoast_head":"<!-- This site is optimized with the Yoast SEO plugin v27.1.1 - https:\/\/yoast.com\/product\/yoast-seo-wordpress\/ -->\n<title>No a las maniobras de la OTAN \u00abTrident Juncture 2015\u00bb<\/title>\n<meta name=\"description\" content=\"Ante las maniobras\u00a0Trident Juncture\u00a0que la OTAN va a realizar hasta el 6 de noviembre, Ecologistas en Acci\u00f3n quiere denunciar una vez m\u00e1s lo inaceptable\" \/>\n<meta name=\"robots\" content=\"index, follow, max-snippet:-1, max-image-preview:large, max-video-preview:-1\" \/>\n<link rel=\"canonical\" href=\"https:\/\/www.pressenza.com\/es\/2015\/10\/no-a-las-maniobras-de-la-otan-trident-juncture-2015\/\" \/>\n<meta property=\"og:locale\" content=\"es_ES\" \/>\n<meta property=\"og:type\" content=\"article\" \/>\n<meta property=\"og:title\" content=\"No a las maniobras de la OTAN \u00abTrident Juncture 2015\u00bb\" \/>\n<meta property=\"og:description\" content=\"Ante las maniobras\u00a0Trident Juncture\u00a0que la OTAN va a realizar hasta el 6 de noviembre, Ecologistas en Acci\u00f3n quiere denunciar una vez m\u00e1s lo inaceptable\" \/>\n<meta property=\"og:url\" content=\"https:\/\/www.pressenza.com\/es\/2015\/10\/no-a-las-maniobras-de-la-otan-trident-juncture-2015\/\" \/>\n<meta property=\"og:site_name\" content=\"Pressenza\" \/>\n<meta property=\"article:publisher\" content=\"https:\/\/www.facebook.com\/PressenzaItalia\" \/>\n<meta property=\"article:author\" content=\"https:\/\/www.facebook.com\/pressenza\" \/>\n<meta property=\"article:published_time\" content=\"2015-10-28T16:38:38+00:00\" \/>\n<meta property=\"og:image\" content=\"https:\/\/www.pressenza.com\/wp-content\/uploads\/2015\/10\/OTAN-NO-Ecologistas-en-accion-e1446050134819.jpg\" \/>\n\t<meta property=\"og:image:width\" content=\"250\" \/>\n\t<meta property=\"og:image:height\" content=\"246\" \/>\n\t<meta property=\"og:image:type\" content=\"image\/jpeg\" \/>\n<meta name=\"author\" content=\"Redacci\u00f3n Madrid\" \/>\n<meta name=\"twitter:card\" content=\"summary_large_image\" \/>\n<meta name=\"twitter:creator\" content=\"@pressenza\" \/>\n<meta name=\"twitter:site\" content=\"@PressenzaIPA\" \/>\n<meta name=\"twitter:label1\" content=\"Escrito por\" \/>\n\t<meta name=\"twitter:data1\" content=\"Redacci\u00f3n Madrid\" \/>\n\t<meta name=\"twitter:label2\" content=\"Tiempo de lectura\" \/>\n\t<meta name=\"twitter:data2\" content=\"4 minutos\" \/>\n<script type=\"application\/ld+json\" class=\"yoast-schema-graph\">{\"@context\":\"https:\/\/schema.org\",\"@graph\":[{\"@type\":\"Article\",\"@id\":\"https:\/\/www.pressenza.com\/es\/2015\/10\/no-a-las-maniobras-de-la-otan-trident-juncture-2015\/#article\",\"isPartOf\":{\"@id\":\"https:\/\/www.pressenza.com\/es\/2015\/10\/no-a-las-maniobras-de-la-otan-trident-juncture-2015\/\"},\"author\":{\"name\":\"Redacci\u00f3n Madrid\",\"@id\":\"https:\/\/www.pressenza.com\/es\/#\/schema\/person\/828fc40eeca2ad7be3630e5a46adba94\"},\"headline\":\"No a las maniobras de la OTAN \u00abTrident Juncture 2015\u00bb\",\"datePublished\":\"2015-10-28T16:38:38+00:00\",\"mainEntityOfPage\":{\"@id\":\"https:\/\/www.pressenza.com\/es\/2015\/10\/no-a-las-maniobras-de-la-otan-trident-juncture-2015\/\"},\"wordCount\":835,\"publisher\":{\"@id\":\"https:\/\/www.pressenza.com\/es\/#organization\"},\"image\":{\"@id\":\"https:\/\/www.pressenza.com\/es\/2015\/10\/no-a-las-maniobras-de-la-otan-trident-juncture-2015\/#primaryimage\"},\"thumbnailUrl\":\"https:\/\/www.pressenza.com\/wp-content\/uploads\/2015\/10\/OTAN-NO-Ecologistas-en-accion-e1446050134819.jpg\",\"keywords\":[\"Ecologistas en Acci\u00f3n\",\"Espa\u00f1a\",\"Maniobras OTAN\",\"protestas sociales\"],\"articleSection\":[\"Asuntos internacionales\",\"Comunicados de Prensa\",\"Ecolog\u00eda y Medio Ambiente\",\"Europa\",\"Internacional\",\"Paz y Desarme\",\"Pol\u00edtica\"],\"inLanguage\":\"es\"},{\"@type\":\"WebPage\",\"@id\":\"https:\/\/www.pressenza.com\/es\/2015\/10\/no-a-las-maniobras-de-la-otan-trident-juncture-2015\/\",\"url\":\"https:\/\/www.pressenza.com\/es\/2015\/10\/no-a-las-maniobras-de-la-otan-trident-juncture-2015\/\",\"name\":\"No a las maniobras de la OTAN \u00abTrident Juncture 2015\u00bb\",\"isPartOf\":{\"@id\":\"https:\/\/www.pressenza.com\/es\/#website\"},\"primaryImageOfPage\":{\"@id\":\"https:\/\/www.pressenza.com\/es\/2015\/10\/no-a-las-maniobras-de-la-otan-trident-juncture-2015\/#primaryimage\"},\"image\":{\"@id\":\"https:\/\/www.pressenza.com\/es\/2015\/10\/no-a-las-maniobras-de-la-otan-trident-juncture-2015\/#primaryimage\"},\"thumbnailUrl\":\"https:\/\/www.pressenza.com\/wp-content\/uploads\/2015\/10\/OTAN-NO-Ecologistas-en-accion-e1446050134819.jpg\",\"datePublished\":\"2015-10-28T16:38:38+00:00\",\"description\":\"Ante las maniobras\u00a0Trident Juncture\u00a0que la OTAN va a realizar hasta el 6 de noviembre, Ecologistas en Acci\u00f3n quiere denunciar una vez m\u00e1s lo inaceptable\",\"breadcrumb\":{\"@id\":\"https:\/\/www.pressenza.com\/es\/2015\/10\/no-a-las-maniobras-de-la-otan-trident-juncture-2015\/#breadcrumb\"},\"inLanguage\":\"es\",\"potentialAction\":[{\"@type\":\"ReadAction\",\"target\":[\"https:\/\/www.pressenza.com\/es\/2015\/10\/no-a-las-maniobras-de-la-otan-trident-juncture-2015\/\"]}]},{\"@type\":\"ImageObject\",\"inLanguage\":\"es\",\"@id\":\"https:\/\/www.pressenza.com\/es\/2015\/10\/no-a-las-maniobras-de-la-otan-trident-juncture-2015\/#primaryimage\",\"url\":\"https:\/\/www.pressenza.com\/wp-content\/uploads\/2015\/10\/OTAN-NO-Ecologistas-en-accion-e1446050134819.jpg\",\"contentUrl\":\"https:\/\/www.pressenza.com\/wp-content\/uploads\/2015\/10\/OTAN-NO-Ecologistas-en-accion-e1446050134819.jpg\",\"width\":250,\"height\":246},{\"@type\":\"BreadcrumbList\",\"@id\":\"https:\/\/www.pressenza.com\/es\/2015\/10\/no-a-las-maniobras-de-la-otan-trident-juncture-2015\/#breadcrumb\",\"itemListElement\":[{\"@type\":\"ListItem\",\"position\":1,\"name\":\"Accueil\",\"item\":\"https:\/\/www.pressenza.com\/es\/\"},{\"@type\":\"ListItem\",\"position\":2,\"name\":\"No a las maniobras de la OTAN \u00abTrident Juncture 2015\u00bb\"}]},{\"@type\":\"WebSite\",\"@id\":\"https:\/\/www.pressenza.com\/es\/#website\",\"url\":\"https:\/\/www.pressenza.com\/es\/\",\"name\":\"Pressenza\",\"description\":\"International Press Agency\",\"publisher\":{\"@id\":\"https:\/\/www.pressenza.com\/es\/#organization\"},\"potentialAction\":[{\"@type\":\"SearchAction\",\"target\":{\"@type\":\"EntryPoint\",\"urlTemplate\":\"https:\/\/www.pressenza.com\/es\/?s={search_term_string}\"},\"query-input\":{\"@type\":\"PropertyValueSpecification\",\"valueRequired\":true,\"valueName\":\"search_term_string\"}}],\"inLanguage\":\"es\"},{\"@type\":\"Organization\",\"@id\":\"https:\/\/www.pressenza.com\/es\/#organization\",\"name\":\"Pressenza\",\"url\":\"https:\/\/www.pressenza.com\/es\/\",\"logo\":{\"@type\":\"ImageObject\",\"inLanguage\":\"es\",\"@id\":\"https:\/\/www.pressenza.com\/es\/#\/schema\/logo\/image\/\",\"url\":\"https:\/\/www.pressenza.com\/wp-content\/uploads\/2022\/10\/pressenza_logo_200x200.jpg\",\"contentUrl\":\"https:\/\/www.pressenza.com\/wp-content\/uploads\/2022\/10\/pressenza_logo_200x200.jpg\",\"width\":200,\"height\":200,\"caption\":\"Pressenza\"},\"image\":{\"@id\":\"https:\/\/www.pressenza.com\/es\/#\/schema\/logo\/image\/\"},\"sameAs\":[\"https:\/\/www.facebook.com\/PressenzaItalia\",\"https:\/\/x.com\/PressenzaIPA\"]},{\"@type\":\"Person\",\"@id\":\"https:\/\/www.pressenza.com\/es\/#\/schema\/person\/828fc40eeca2ad7be3630e5a46adba94\",\"name\":\"Redacci\u00f3n Madrid\",\"description\":\"News from the Pressenza Bureau in Madrid, Spain\",\"sameAs\":[\"https:\/\/www.facebook.com\/pressenza\",\"https:\/\/x.com\/pressenza\"],\"url\":\"https:\/\/www.pressenza.com\/es\/author\/redaccion-madrid\/\"}]}<\/script>\n<!-- \/ Yoast SEO plugin. -->","yoast_head_json":{"title":"No a las maniobras de la OTAN \u00abTrident Juncture 2015\u00bb","description":"Ante las maniobras\u00a0Trident Juncture\u00a0que la OTAN va a realizar hasta el 6 de noviembre, Ecologistas en Acci\u00f3n quiere denunciar una vez m\u00e1s lo inaceptable","robots":{"index":"index","follow":"follow","max-snippet":"max-snippet:-1","max-image-preview":"max-image-preview:large","max-video-preview":"max-video-preview:-1"},"canonical":"https:\/\/www.pressenza.com\/es\/2015\/10\/no-a-las-maniobras-de-la-otan-trident-juncture-2015\/","og_locale":"es_ES","og_type":"article","og_title":"No a las maniobras de la OTAN \u00abTrident Juncture 2015\u00bb","og_description":"Ante las maniobras\u00a0Trident Juncture\u00a0que la OTAN va a realizar hasta el 6 de noviembre, Ecologistas en Acci\u00f3n quiere denunciar una vez m\u00e1s lo inaceptable","og_url":"https:\/\/www.pressenza.com\/es\/2015\/10\/no-a-las-maniobras-de-la-otan-trident-juncture-2015\/","og_site_name":"Pressenza","article_publisher":"https:\/\/www.facebook.com\/PressenzaItalia","article_author":"https:\/\/www.facebook.com\/pressenza","article_published_time":"2015-10-28T16:38:38+00:00","og_image":[{"width":250,"height":246,"url":"https:\/\/www.pressenza.com\/wp-content\/uploads\/2015\/10\/OTAN-NO-Ecologistas-en-accion-e1446050134819.jpg","type":"image\/jpeg"}],"author":"Redacci\u00f3n Madrid","twitter_card":"summary_large_image","twitter_creator":"@pressenza","twitter_site":"@PressenzaIPA","twitter_misc":{"Escrito por":"Redacci\u00f3n Madrid","Tiempo de lectura":"4 minutos"},"schema":{"@context":"https:\/\/schema.org","@graph":[{"@type":"Article","@id":"https:\/\/www.pressenza.com\/es\/2015\/10\/no-a-las-maniobras-de-la-otan-trident-juncture-2015\/#article","isPartOf":{"@id":"https:\/\/www.pressenza.com\/es\/2015\/10\/no-a-las-maniobras-de-la-otan-trident-juncture-2015\/"},"author":{"name":"Redacci\u00f3n Madrid","@id":"https:\/\/www.pressenza.com\/es\/#\/schema\/person\/828fc40eeca2ad7be3630e5a46adba94"},"headline":"No a las maniobras de la OTAN \u00abTrident Juncture 2015\u00bb","datePublished":"2015-10-28T16:38:38+00:00","mainEntityOfPage":{"@id":"https:\/\/www.pressenza.com\/es\/2015\/10\/no-a-las-maniobras-de-la-otan-trident-juncture-2015\/"},"wordCount":835,"publisher":{"@id":"https:\/\/www.pressenza.com\/es\/#organization"},"image":{"@id":"https:\/\/www.pressenza.com\/es\/2015\/10\/no-a-las-maniobras-de-la-otan-trident-juncture-2015\/#primaryimage"},"thumbnailUrl":"https:\/\/www.pressenza.com\/wp-content\/uploads\/2015\/10\/OTAN-NO-Ecologistas-en-accion-e1446050134819.jpg","keywords":["Ecologistas en Acci\u00f3n","Espa\u00f1a","Maniobras OTAN","protestas sociales"],"articleSection":["Asuntos internacionales","Comunicados de Prensa","Ecolog\u00eda y Medio Ambiente","Europa","Internacional","Paz y Desarme","Pol\u00edtica"],"inLanguage":"es"},{"@type":"WebPage","@id":"https:\/\/www.pressenza.com\/es\/2015\/10\/no-a-las-maniobras-de-la-otan-trident-juncture-2015\/","url":"https:\/\/www.pressenza.com\/es\/2015\/10\/no-a-las-maniobras-de-la-otan-trident-juncture-2015\/","name":"No a las maniobras de la OTAN \u00abTrident Juncture 2015\u00bb","isPartOf":{"@id":"https:\/\/www.pressenza.com\/es\/#website"},"primaryImageOfPage":{"@id":"https:\/\/www.pressenza.com\/es\/2015\/10\/no-a-las-maniobras-de-la-otan-trident-juncture-2015\/#primaryimage"},"image":{"@id":"https:\/\/www.pressenza.com\/es\/2015\/10\/no-a-las-maniobras-de-la-otan-trident-juncture-2015\/#primaryimage"},"thumbnailUrl":"https:\/\/www.pressenza.com\/wp-content\/uploads\/2015\/10\/OTAN-NO-Ecologistas-en-accion-e1446050134819.jpg","datePublished":"2015-10-28T16:38:38+00:00","description":"Ante las maniobras\u00a0Trident Juncture\u00a0que la OTAN va a realizar hasta el 6 de noviembre, Ecologistas en Acci\u00f3n quiere denunciar una vez m\u00e1s lo inaceptable","breadcrumb":{"@id":"https:\/\/www.pressenza.com\/es\/2015\/10\/no-a-las-maniobras-de-la-otan-trident-juncture-2015\/#breadcrumb"},"inLanguage":"es","potentialAction":[{"@type":"ReadAction","target":["https:\/\/www.pressenza.com\/es\/2015\/10\/no-a-las-maniobras-de-la-otan-trident-juncture-2015\/"]}]},{"@type":"ImageObject","inLanguage":"es","@id":"https:\/\/www.pressenza.com\/es\/2015\/10\/no-a-las-maniobras-de-la-otan-trident-juncture-2015\/#primaryimage","url":"https:\/\/www.pressenza.com\/wp-content\/uploads\/2015\/10\/OTAN-NO-Ecologistas-en-accion-e1446050134819.jpg","contentUrl":"https:\/\/www.pressenza.com\/wp-content\/uploads\/2015\/10\/OTAN-NO-Ecologistas-en-accion-e1446050134819.jpg","width":250,"height":246},{"@type":"BreadcrumbList","@id":"https:\/\/www.pressenza.com\/es\/2015\/10\/no-a-las-maniobras-de-la-otan-trident-juncture-2015\/#breadcrumb","itemListElement":[{"@type":"ListItem","position":1,"name":"Accueil","item":"https:\/\/www.pressenza.com\/es\/"},{"@type":"ListItem","position":2,"name":"No a las maniobras de la OTAN \u00abTrident Juncture 2015\u00bb"}]},{"@type":"WebSite","@id":"https:\/\/www.pressenza.com\/es\/#website","url":"https:\/\/www.pressenza.com\/es\/","name":"Pressenza","description":"International Press Agency","publisher":{"@id":"https:\/\/www.pressenza.com\/es\/#organization"},"potentialAction":[{"@type":"SearchAction","target":{"@type":"EntryPoint","urlTemplate":"https:\/\/www.pressenza.com\/es\/?s={search_term_string}"},"query-input":{"@type":"PropertyValueSpecification","valueRequired":true,"valueName":"search_term_string"}}],"inLanguage":"es"},{"@type":"Organization","@id":"https:\/\/www.pressenza.com\/es\/#organization","name":"Pressenza","url":"https:\/\/www.pressenza.com\/es\/","logo":{"@type":"ImageObject","inLanguage":"es","@id":"https:\/\/www.pressenza.com\/es\/#\/schema\/logo\/image\/","url":"https:\/\/www.pressenza.com\/wp-content\/uploads\/2022\/10\/pressenza_logo_200x200.jpg","contentUrl":"https:\/\/www.pressenza.com\/wp-content\/uploads\/2022\/10\/pressenza_logo_200x200.jpg","width":200,"height":200,"caption":"Pressenza"},"image":{"@id":"https:\/\/www.pressenza.com\/es\/#\/schema\/logo\/image\/"},"sameAs":["https:\/\/www.facebook.com\/PressenzaItalia","https:\/\/x.com\/PressenzaIPA"]},{"@type":"Person","@id":"https:\/\/www.pressenza.com\/es\/#\/schema\/person\/828fc40eeca2ad7be3630e5a46adba94","name":"Redacci\u00f3n Madrid","description":"News from the Pressenza Bureau in Madrid, Spain","sameAs":["https:\/\/www.facebook.com\/pressenza","https:\/\/x.com\/pressenza"],"url":"https:\/\/www.pressenza.com\/es\/author\/redaccion-madrid\/"}]}},"place":"Zaragoza (Espa\u00f1a)","original_article_url":"http:\/\/www.ecologistasenaccion.org\/article30951.html","_links":{"self":[{"href":"https:\/\/www.pressenza.com\/es\/wp-json\/wp\/v2\/posts\/239576","targetHints":{"allow":["GET"]}}],"collection":[{"href":"https:\/\/www.pressenza.com\/es\/wp-json\/wp\/v2\/posts"}],"about":[{"href":"https:\/\/www.pressenza.com\/es\/wp-json\/wp\/v2\/types\/post"}],"author":[{"embeddable":true,"href":"https:\/\/www.pressenza.com\/es\/wp-json\/wp\/v2\/users\/94"}],"replies":[{"embeddable":true,"href":"https:\/\/www.pressenza.com\/es\/wp-json\/wp\/v2\/comments?post=239576"}],"version-history":[{"count":0,"href":"https:\/\/www.pressenza.com\/es\/wp-json\/wp\/v2\/posts\/239576\/revisions"}],"wp:featuredmedia":[{"embeddable":true,"href":"https:\/\/www.pressenza.com\/es\/wp-json\/wp\/v2\/media\/239577"}],"wp:attachment":[{"href":"https:\/\/www.pressenza.com\/es\/wp-json\/wp\/v2\/media?parent=239576"}],"wp:term":[{"taxonomy":"category","embeddable":true,"href":"https:\/\/www.pressenza.com\/es\/wp-json\/wp\/v2\/categories?post=239576"},{"taxonomy":"post_tag","embeddable":true,"href":"https:\/\/www.pressenza.com\/es\/wp-json\/wp\/v2\/tags?post=239576"}],"curies":[{"name":"wp","href":"https:\/\/api.w.org\/{rel}","templated":true}]}}