{"id":236518,"date":"2015-10-21T13:18:33","date_gmt":"2015-10-21T12:18:33","guid":{"rendered":"http:\/\/www.pressenza.com\/es\/?p=236518"},"modified":"2015-10-21T13:19:05","modified_gmt":"2015-10-21T12:19:05","slug":"los-socialistas-portugueses-apuestan-por-un-tripartito-de-izquierdas-para-el-gobierno","status":"publish","type":"post","link":"https:\/\/www.pressenza.com\/es\/2015\/10\/los-socialistas-portugueses-apuestan-por-un-tripartito-de-izquierdas-para-el-gobierno\/","title":{"rendered":"Los socialistas portugueses apuestan por un tripartito de izquierdas para el Gobierno"},"content":{"rendered":"<p><em>Ant\u00f3nio Costa propone al presidente un\u00a0bloque tripartito de izquierdas para el Gobierno y pone fin a las conversaciones con la derecha.<\/em><\/p>\n<div id=\"edi-body\" class=\"mce-body mce no-sticky-adv-socios\">\n<p class=\"mce\">Ant\u00f3nio Costa, el l\u00edder del Partido\u00a0Socialista (PS), afirm\u00f3 el mi\u00e9rcoles\u00a0que \u00abhay condiciones\u00bb para formar un Gobierno apoyado por el marxista Bloque de Izquierda y los comunistas, en detrimento de los conservadores, que fueron el partido m\u00e1s votado en\u00a0las elecciones del 4 de octubre.<\/p>\n<p class=\"mce\">\u00abHemos desarrollado contactos con diferentes partidos. Y juzgamos que existen condiciones para que haya, por parte del PS, una soluci\u00f3n que beneficie y garantice la voluntad inequ\u00edvoca expresada por los portugueses, que pidieron un cambio de pol\u00edtica\u00bb, dijo Costa despu\u00e9s de reunirse con el presidente portugu\u00e9s, An\u00edbal Cavaco Silva, en el Palacio de Bel\u00e9m.<\/p>\n<p class=\"mce\">El secretario general socialista dijo a la prensa que propuso a Cavaco Silva un bloque tripartito de izquierdas como opci\u00f3n estable de gobierno, dando as\u00ed por finalizadas las negociaciones con los conservadores, liderados por el primer ministro en funciones, Pedro Passos Coelho, en el poder desde 2011.<\/p>\n<p class=\"mce\">En caso de que se cierre este pacto a la izquierda, ser\u00eda un hecho in\u00e9dito en los 40 a\u00f1os de democracia portuguesa.<\/p>\n<p class=\"mce\">El PS, que se ha alternado en el poder en Portugal con el conservador PSD de Passos Coelho, ha estado hist\u00f3ricamente enfrentado con el Bloque y, sobre todo, con los comunistas del Partido Comunista de Portugal (PCP), separados por cuestiones como la pertenencia al euro o a la OTAN.<\/p>\n<p class=\"mce\">No obstante, la decisi\u00f3n de a qui\u00e9n se encarga la\u00a0formaci\u00f3n de un Gobierno compete\u00a0a Cavaco Silva, del mismo partido que\u00a0Passos Coelho. Si finalmente el jefe de Estado nombra a Passos Coelho primer ministro, como pretende su partido, ese nuevo Ejecutivo tendr\u00eda que contar con la aprobaci\u00f3n del Parlamento. Y es all\u00ed donde el PS (86 esca\u00f1os), unido al Bloque (19) y a los comunistas (17) podr\u00eda impedir, con una mayor\u00eda de 122 diputados del total de 230, que el nuevo Gobierno tome posesi\u00f3n.<\/p>\n<\/div>\n","protected":false},"excerpt":{"rendered":"<p>Ant\u00f3nio Costa propone al presidente un\u00a0bloque tripartito de izquierdas para el Gobierno y pone fin a las conversaciones con la derecha. Ant\u00f3nio Costa, el l\u00edder del Partido\u00a0Socialista (PS), afirm\u00f3 el mi\u00e9rcoles\u00a0que \u00abhay condiciones\u00bb para formar un Gobierno apoyado por el&hellip;<\/p>\n","protected":false},"author":1170,"featured_media":236519,"comment_status":"closed","ping_status":"open","sticky":false,"template":"","format":"standard","meta":{"footnotes":""},"categories":[66,74],"tags":[21004,21006,696,403,1375,21007,1431,21005],"class_list":["post-236518","post","type-post","status-publish","format-standard","has-post-thumbnail","hentry","category-europa-es","category-politica-es","tag-acuerdos","tag-antonio-costa","tag-democracia","tag-elecciones","tag-izquierda","tag-partido-socialista","tag-portugal","tag-tripartito"],"yoast_head":"<!-- This site is optimized with the Yoast SEO plugin v27.1.1 - https:\/\/yoast.com\/product\/yoast-seo-wordpress\/ -->\n<title>Los socialistas portugueses apuestan por un tripartito de izquierdas para el Gobierno<\/title>\n<meta name=\"description\" content=\"Ant\u00f3nio Costa propone al presidente un\u00a0bloque tripartito de izquierdas para el Gobierno y pone fin a las conversaciones con la derecha. Ant\u00f3nio Costa, el\" \/>\n<meta name=\"robots\" content=\"index, follow, max-snippet:-1, max-image-preview:large, max-video-preview:-1\" \/>\n<link rel=\"canonical\" href=\"https:\/\/www.pressenza.com\/es\/2015\/10\/los-socialistas-portugueses-apuestan-por-un-tripartito-de-izquierdas-para-el-gobierno\/\" \/>\n<meta property=\"og:locale\" content=\"es_ES\" \/>\n<meta property=\"og:type\" content=\"article\" \/>\n<meta property=\"og:title\" content=\"Los socialistas portugueses apuestan por un tripartito de izquierdas para el Gobierno\" \/>\n<meta property=\"og:description\" content=\"Ant\u00f3nio Costa propone al presidente un\u00a0bloque tripartito de izquierdas para el Gobierno y pone fin a las conversaciones con la derecha. Ant\u00f3nio Costa, el\" \/>\n<meta property=\"og:url\" content=\"https:\/\/www.pressenza.com\/es\/2015\/10\/los-socialistas-portugueses-apuestan-por-un-tripartito-de-izquierdas-para-el-gobierno\/\" \/>\n<meta property=\"og:site_name\" content=\"Pressenza\" \/>\n<meta property=\"article:publisher\" content=\"https:\/\/www.facebook.com\/PressenzaItalia\" \/>\n<meta property=\"article:published_time\" content=\"2015-10-21T12:18:33+00:00\" \/>\n<meta property=\"article:modified_time\" content=\"2015-10-21T12:19:05+00:00\" \/>\n<meta property=\"og:image\" content=\"https:\/\/www.pressenza.com\/wp-content\/uploads\/2015\/10\/Passos-Coelho-socialistas-contrapropuesta-negociar_EDIIMA20151018_0276_5.jpg\" \/>\n\t<meta property=\"og:image:width\" content=\"643\" \/>\n\t<meta property=\"og:image:height\" content=\"428\" \/>\n\t<meta property=\"og:image:type\" content=\"image\/jpeg\" \/>\n<meta name=\"author\" content=\"eldiario.es\" \/>\n<meta name=\"twitter:card\" content=\"summary_large_image\" \/>\n<meta name=\"twitter:creator\" content=\"@PressenzaIPA\" \/>\n<meta name=\"twitter:site\" content=\"@PressenzaIPA\" \/>\n<meta name=\"twitter:label1\" content=\"Escrito por\" \/>\n\t<meta name=\"twitter:data1\" content=\"eldiario.es\" \/>\n\t<meta name=\"twitter:label2\" content=\"Tiempo de lectura\" \/>\n\t<meta name=\"twitter:data2\" content=\"2 minutos\" \/>\n<script type=\"application\/ld+json\" class=\"yoast-schema-graph\">{\"@context\":\"https:\/\/schema.org\",\"@graph\":[{\"@type\":\"Article\",\"@id\":\"https:\/\/www.pressenza.com\/es\/2015\/10\/los-socialistas-portugueses-apuestan-por-un-tripartito-de-izquierdas-para-el-gobierno\/#article\",\"isPartOf\":{\"@id\":\"https:\/\/www.pressenza.com\/es\/2015\/10\/los-socialistas-portugueses-apuestan-por-un-tripartito-de-izquierdas-para-el-gobierno\/\"},\"author\":{\"name\":\"eldiario.es\",\"@id\":\"https:\/\/www.pressenza.com\/es\/#\/schema\/person\/35221cfd7eeca947b184bfc91172e541\"},\"headline\":\"Los socialistas portugueses apuestan por un tripartito de izquierdas para el Gobierno\",\"datePublished\":\"2015-10-21T12:18:33+00:00\",\"dateModified\":\"2015-10-21T12:19:05+00:00\",\"mainEntityOfPage\":{\"@id\":\"https:\/\/www.pressenza.com\/es\/2015\/10\/los-socialistas-portugueses-apuestan-por-un-tripartito-de-izquierdas-para-el-gobierno\/\"},\"wordCount\":356,\"publisher\":{\"@id\":\"https:\/\/www.pressenza.com\/es\/#organization\"},\"image\":{\"@id\":\"https:\/\/www.pressenza.com\/es\/2015\/10\/los-socialistas-portugueses-apuestan-por-un-tripartito-de-izquierdas-para-el-gobierno\/#primaryimage\"},\"thumbnailUrl\":\"https:\/\/www.pressenza.com\/wp-content\/uploads\/2015\/10\/Passos-Coelho-socialistas-contrapropuesta-negociar_EDIIMA20151018_0276_5.jpg\",\"keywords\":[\"acuerdos\",\"Ant\u00f3nio Costa\",\"Democracia\",\"elecciones\",\"izquierda\",\"partido Socialista\",\"Portugal\",\"tripartito\"],\"articleSection\":[\"Europa\",\"Pol\u00edtica\"],\"inLanguage\":\"es\"},{\"@type\":\"WebPage\",\"@id\":\"https:\/\/www.pressenza.com\/es\/2015\/10\/los-socialistas-portugueses-apuestan-por-un-tripartito-de-izquierdas-para-el-gobierno\/\",\"url\":\"https:\/\/www.pressenza.com\/es\/2015\/10\/los-socialistas-portugueses-apuestan-por-un-tripartito-de-izquierdas-para-el-gobierno\/\",\"name\":\"Los socialistas portugueses apuestan por un tripartito de izquierdas para el Gobierno\",\"isPartOf\":{\"@id\":\"https:\/\/www.pressenza.com\/es\/#website\"},\"primaryImageOfPage\":{\"@id\":\"https:\/\/www.pressenza.com\/es\/2015\/10\/los-socialistas-portugueses-apuestan-por-un-tripartito-de-izquierdas-para-el-gobierno\/#primaryimage\"},\"image\":{\"@id\":\"https:\/\/www.pressenza.com\/es\/2015\/10\/los-socialistas-portugueses-apuestan-por-un-tripartito-de-izquierdas-para-el-gobierno\/#primaryimage\"},\"thumbnailUrl\":\"https:\/\/www.pressenza.com\/wp-content\/uploads\/2015\/10\/Passos-Coelho-socialistas-contrapropuesta-negociar_EDIIMA20151018_0276_5.jpg\",\"datePublished\":\"2015-10-21T12:18:33+00:00\",\"dateModified\":\"2015-10-21T12:19:05+00:00\",\"description\":\"Ant\u00f3nio Costa propone al presidente un\u00a0bloque tripartito de izquierdas para el Gobierno y pone fin a las conversaciones con la derecha. Ant\u00f3nio Costa, el\",\"breadcrumb\":{\"@id\":\"https:\/\/www.pressenza.com\/es\/2015\/10\/los-socialistas-portugueses-apuestan-por-un-tripartito-de-izquierdas-para-el-gobierno\/#breadcrumb\"},\"inLanguage\":\"es\",\"potentialAction\":[{\"@type\":\"ReadAction\",\"target\":[\"https:\/\/www.pressenza.com\/es\/2015\/10\/los-socialistas-portugueses-apuestan-por-un-tripartito-de-izquierdas-para-el-gobierno\/\"]}]},{\"@type\":\"ImageObject\",\"inLanguage\":\"es\",\"@id\":\"https:\/\/www.pressenza.com\/es\/2015\/10\/los-socialistas-portugueses-apuestan-por-un-tripartito-de-izquierdas-para-el-gobierno\/#primaryimage\",\"url\":\"https:\/\/www.pressenza.com\/wp-content\/uploads\/2015\/10\/Passos-Coelho-socialistas-contrapropuesta-negociar_EDIIMA20151018_0276_5.jpg\",\"contentUrl\":\"https:\/\/www.pressenza.com\/wp-content\/uploads\/2015\/10\/Passos-Coelho-socialistas-contrapropuesta-negociar_EDIIMA20151018_0276_5.jpg\",\"width\":643,\"height\":428},{\"@type\":\"BreadcrumbList\",\"@id\":\"https:\/\/www.pressenza.com\/es\/2015\/10\/los-socialistas-portugueses-apuestan-por-un-tripartito-de-izquierdas-para-el-gobierno\/#breadcrumb\",\"itemListElement\":[{\"@type\":\"ListItem\",\"position\":1,\"name\":\"Accueil\",\"item\":\"https:\/\/www.pressenza.com\/es\/\"},{\"@type\":\"ListItem\",\"position\":2,\"name\":\"Los socialistas portugueses apuestan por un tripartito de izquierdas para el Gobierno\"}]},{\"@type\":\"WebSite\",\"@id\":\"https:\/\/www.pressenza.com\/es\/#website\",\"url\":\"https:\/\/www.pressenza.com\/es\/\",\"name\":\"Pressenza\",\"description\":\"International Press Agency\",\"publisher\":{\"@id\":\"https:\/\/www.pressenza.com\/es\/#organization\"},\"potentialAction\":[{\"@type\":\"SearchAction\",\"target\":{\"@type\":\"EntryPoint\",\"urlTemplate\":\"https:\/\/www.pressenza.com\/es\/?s={search_term_string}\"},\"query-input\":{\"@type\":\"PropertyValueSpecification\",\"valueRequired\":true,\"valueName\":\"search_term_string\"}}],\"inLanguage\":\"es\"},{\"@type\":\"Organization\",\"@id\":\"https:\/\/www.pressenza.com\/es\/#organization\",\"name\":\"Pressenza\",\"url\":\"https:\/\/www.pressenza.com\/es\/\",\"logo\":{\"@type\":\"ImageObject\",\"inLanguage\":\"es\",\"@id\":\"https:\/\/www.pressenza.com\/es\/#\/schema\/logo\/image\/\",\"url\":\"https:\/\/www.pressenza.com\/wp-content\/uploads\/2022\/10\/pressenza_logo_200x200.jpg\",\"contentUrl\":\"https:\/\/www.pressenza.com\/wp-content\/uploads\/2022\/10\/pressenza_logo_200x200.jpg\",\"width\":200,\"height\":200,\"caption\":\"Pressenza\"},\"image\":{\"@id\":\"https:\/\/www.pressenza.com\/es\/#\/schema\/logo\/image\/\"},\"sameAs\":[\"https:\/\/www.facebook.com\/PressenzaItalia\",\"https:\/\/x.com\/PressenzaIPA\"]},{\"@type\":\"Person\",\"@id\":\"https:\/\/www.pressenza.com\/es\/#\/schema\/person\/35221cfd7eeca947b184bfc91172e541\",\"name\":\"eldiario.es\",\"description\":\"eldiario.es is a new digital media with information and analysis focussing on politics and economics in its broadest sense: what affects people more than parties or markets. eldiario.es\",\"url\":\"https:\/\/www.pressenza.com\/es\/author\/eldiario-es\/\"}]}<\/script>\n<!-- \/ Yoast SEO plugin. -->","yoast_head_json":{"title":"Los socialistas portugueses apuestan por un tripartito de izquierdas para el Gobierno","description":"Ant\u00f3nio Costa propone al presidente un\u00a0bloque tripartito de izquierdas para el Gobierno y pone fin a las conversaciones con la derecha. Ant\u00f3nio Costa, el","robots":{"index":"index","follow":"follow","max-snippet":"max-snippet:-1","max-image-preview":"max-image-preview:large","max-video-preview":"max-video-preview:-1"},"canonical":"https:\/\/www.pressenza.com\/es\/2015\/10\/los-socialistas-portugueses-apuestan-por-un-tripartito-de-izquierdas-para-el-gobierno\/","og_locale":"es_ES","og_type":"article","og_title":"Los socialistas portugueses apuestan por un tripartito de izquierdas para el Gobierno","og_description":"Ant\u00f3nio Costa propone al presidente un\u00a0bloque tripartito de izquierdas para el Gobierno y pone fin a las conversaciones con la derecha. Ant\u00f3nio Costa, el","og_url":"https:\/\/www.pressenza.com\/es\/2015\/10\/los-socialistas-portugueses-apuestan-por-un-tripartito-de-izquierdas-para-el-gobierno\/","og_site_name":"Pressenza","article_publisher":"https:\/\/www.facebook.com\/PressenzaItalia","article_published_time":"2015-10-21T12:18:33+00:00","article_modified_time":"2015-10-21T12:19:05+00:00","og_image":[{"width":643,"height":428,"url":"https:\/\/www.pressenza.com\/wp-content\/uploads\/2015\/10\/Passos-Coelho-socialistas-contrapropuesta-negociar_EDIIMA20151018_0276_5.jpg","type":"image\/jpeg"}],"author":"eldiario.es","twitter_card":"summary_large_image","twitter_creator":"@PressenzaIPA","twitter_site":"@PressenzaIPA","twitter_misc":{"Escrito por":"eldiario.es","Tiempo de lectura":"2 minutos"},"schema":{"@context":"https:\/\/schema.org","@graph":[{"@type":"Article","@id":"https:\/\/www.pressenza.com\/es\/2015\/10\/los-socialistas-portugueses-apuestan-por-un-tripartito-de-izquierdas-para-el-gobierno\/#article","isPartOf":{"@id":"https:\/\/www.pressenza.com\/es\/2015\/10\/los-socialistas-portugueses-apuestan-por-un-tripartito-de-izquierdas-para-el-gobierno\/"},"author":{"name":"eldiario.es","@id":"https:\/\/www.pressenza.com\/es\/#\/schema\/person\/35221cfd7eeca947b184bfc91172e541"},"headline":"Los socialistas portugueses apuestan por un tripartito de izquierdas para el Gobierno","datePublished":"2015-10-21T12:18:33+00:00","dateModified":"2015-10-21T12:19:05+00:00","mainEntityOfPage":{"@id":"https:\/\/www.pressenza.com\/es\/2015\/10\/los-socialistas-portugueses-apuestan-por-un-tripartito-de-izquierdas-para-el-gobierno\/"},"wordCount":356,"publisher":{"@id":"https:\/\/www.pressenza.com\/es\/#organization"},"image":{"@id":"https:\/\/www.pressenza.com\/es\/2015\/10\/los-socialistas-portugueses-apuestan-por-un-tripartito-de-izquierdas-para-el-gobierno\/#primaryimage"},"thumbnailUrl":"https:\/\/www.pressenza.com\/wp-content\/uploads\/2015\/10\/Passos-Coelho-socialistas-contrapropuesta-negociar_EDIIMA20151018_0276_5.jpg","keywords":["acuerdos","Ant\u00f3nio Costa","Democracia","elecciones","izquierda","partido Socialista","Portugal","tripartito"],"articleSection":["Europa","Pol\u00edtica"],"inLanguage":"es"},{"@type":"WebPage","@id":"https:\/\/www.pressenza.com\/es\/2015\/10\/los-socialistas-portugueses-apuestan-por-un-tripartito-de-izquierdas-para-el-gobierno\/","url":"https:\/\/www.pressenza.com\/es\/2015\/10\/los-socialistas-portugueses-apuestan-por-un-tripartito-de-izquierdas-para-el-gobierno\/","name":"Los socialistas portugueses apuestan por un tripartito de izquierdas para el Gobierno","isPartOf":{"@id":"https:\/\/www.pressenza.com\/es\/#website"},"primaryImageOfPage":{"@id":"https:\/\/www.pressenza.com\/es\/2015\/10\/los-socialistas-portugueses-apuestan-por-un-tripartito-de-izquierdas-para-el-gobierno\/#primaryimage"},"image":{"@id":"https:\/\/www.pressenza.com\/es\/2015\/10\/los-socialistas-portugueses-apuestan-por-un-tripartito-de-izquierdas-para-el-gobierno\/#primaryimage"},"thumbnailUrl":"https:\/\/www.pressenza.com\/wp-content\/uploads\/2015\/10\/Passos-Coelho-socialistas-contrapropuesta-negociar_EDIIMA20151018_0276_5.jpg","datePublished":"2015-10-21T12:18:33+00:00","dateModified":"2015-10-21T12:19:05+00:00","description":"Ant\u00f3nio Costa propone al presidente un\u00a0bloque tripartito de izquierdas para el Gobierno y pone fin a las conversaciones con la derecha. Ant\u00f3nio Costa, el","breadcrumb":{"@id":"https:\/\/www.pressenza.com\/es\/2015\/10\/los-socialistas-portugueses-apuestan-por-un-tripartito-de-izquierdas-para-el-gobierno\/#breadcrumb"},"inLanguage":"es","potentialAction":[{"@type":"ReadAction","target":["https:\/\/www.pressenza.com\/es\/2015\/10\/los-socialistas-portugueses-apuestan-por-un-tripartito-de-izquierdas-para-el-gobierno\/"]}]},{"@type":"ImageObject","inLanguage":"es","@id":"https:\/\/www.pressenza.com\/es\/2015\/10\/los-socialistas-portugueses-apuestan-por-un-tripartito-de-izquierdas-para-el-gobierno\/#primaryimage","url":"https:\/\/www.pressenza.com\/wp-content\/uploads\/2015\/10\/Passos-Coelho-socialistas-contrapropuesta-negociar_EDIIMA20151018_0276_5.jpg","contentUrl":"https:\/\/www.pressenza.com\/wp-content\/uploads\/2015\/10\/Passos-Coelho-socialistas-contrapropuesta-negociar_EDIIMA20151018_0276_5.jpg","width":643,"height":428},{"@type":"BreadcrumbList","@id":"https:\/\/www.pressenza.com\/es\/2015\/10\/los-socialistas-portugueses-apuestan-por-un-tripartito-de-izquierdas-para-el-gobierno\/#breadcrumb","itemListElement":[{"@type":"ListItem","position":1,"name":"Accueil","item":"https:\/\/www.pressenza.com\/es\/"},{"@type":"ListItem","position":2,"name":"Los socialistas portugueses apuestan por un tripartito de izquierdas para el Gobierno"}]},{"@type":"WebSite","@id":"https:\/\/www.pressenza.com\/es\/#website","url":"https:\/\/www.pressenza.com\/es\/","name":"Pressenza","description":"International Press Agency","publisher":{"@id":"https:\/\/www.pressenza.com\/es\/#organization"},"potentialAction":[{"@type":"SearchAction","target":{"@type":"EntryPoint","urlTemplate":"https:\/\/www.pressenza.com\/es\/?s={search_term_string}"},"query-input":{"@type":"PropertyValueSpecification","valueRequired":true,"valueName":"search_term_string"}}],"inLanguage":"es"},{"@type":"Organization","@id":"https:\/\/www.pressenza.com\/es\/#organization","name":"Pressenza","url":"https:\/\/www.pressenza.com\/es\/","logo":{"@type":"ImageObject","inLanguage":"es","@id":"https:\/\/www.pressenza.com\/es\/#\/schema\/logo\/image\/","url":"https:\/\/www.pressenza.com\/wp-content\/uploads\/2022\/10\/pressenza_logo_200x200.jpg","contentUrl":"https:\/\/www.pressenza.com\/wp-content\/uploads\/2022\/10\/pressenza_logo_200x200.jpg","width":200,"height":200,"caption":"Pressenza"},"image":{"@id":"https:\/\/www.pressenza.com\/es\/#\/schema\/logo\/image\/"},"sameAs":["https:\/\/www.facebook.com\/PressenzaItalia","https:\/\/x.com\/PressenzaIPA"]},{"@type":"Person","@id":"https:\/\/www.pressenza.com\/es\/#\/schema\/person\/35221cfd7eeca947b184bfc91172e541","name":"eldiario.es","description":"eldiario.es is a new digital media with information and analysis focussing on politics and economics in its broadest sense: what affects people more than parties or markets. eldiario.es","url":"https:\/\/www.pressenza.com\/es\/author\/eldiario-es\/"}]}},"place":"Lisboa","original_article_url":"http:\/\/www.eldiario.es\/internacional\/socialistas-condiciones-Gobierno-izquierda-marxista_0_443755772.html","_links":{"self":[{"href":"https:\/\/www.pressenza.com\/es\/wp-json\/wp\/v2\/posts\/236518","targetHints":{"allow":["GET"]}}],"collection":[{"href":"https:\/\/www.pressenza.com\/es\/wp-json\/wp\/v2\/posts"}],"about":[{"href":"https:\/\/www.pressenza.com\/es\/wp-json\/wp\/v2\/types\/post"}],"author":[{"embeddable":true,"href":"https:\/\/www.pressenza.com\/es\/wp-json\/wp\/v2\/users\/1170"}],"replies":[{"embeddable":true,"href":"https:\/\/www.pressenza.com\/es\/wp-json\/wp\/v2\/comments?post=236518"}],"version-history":[{"count":0,"href":"https:\/\/www.pressenza.com\/es\/wp-json\/wp\/v2\/posts\/236518\/revisions"}],"wp:featuredmedia":[{"embeddable":true,"href":"https:\/\/www.pressenza.com\/es\/wp-json\/wp\/v2\/media\/236519"}],"wp:attachment":[{"href":"https:\/\/www.pressenza.com\/es\/wp-json\/wp\/v2\/media?parent=236518"}],"wp:term":[{"taxonomy":"category","embeddable":true,"href":"https:\/\/www.pressenza.com\/es\/wp-json\/wp\/v2\/categories?post=236518"},{"taxonomy":"post_tag","embeddable":true,"href":"https:\/\/www.pressenza.com\/es\/wp-json\/wp\/v2\/tags?post=236518"}],"curies":[{"name":"wp","href":"https:\/\/api.w.org\/{rel}","templated":true}]}}