{"id":2360,"date":"2009-11-25T00:00:00","date_gmt":"2009-11-25T00:00:00","guid":{"rendered":""},"modified":"2019-02-06T20:47:43","modified_gmt":"2019-02-06T20:47:43","slug":"xel-70x-de-las-mujeres-han-sido-agredidasx","status":"publish","type":"post","link":"https:\/\/www.pressenza.com\/es\/2009\/11\/xel-70x-de-las-mujeres-han-sido-agredidasx\/","title":{"rendered":"\u00abEl 70% de las mujeres han sido agredidas\u00bb"},"content":{"rendered":"<p>Ki-moon encabez\u00f3 este martes un acto en la sede de la ONU en la v\u00edspera del D\u00eda Internacional para la Erradicaci\u00f3n de la Violencia contra la Mujer.<\/p>\n<p>Esta fecha se celebra en honor a las hermanas dominicanas Patria, Minerva y Mar\u00eda Teresa Mirabal, asesinadas por la polic\u00eda secreta del presidente dominicano Rafael L. Trujillo (1930-1961) el 25 de noviembre de 1960.<\/p>\n<p>Con motivo de esta conmemoraci\u00f3n, el Instituto Internacional de Investigaciones y Capacitaci\u00f3n de la ONU para la Promoci\u00f3n de la Mujer (INSTRAW, por sus siglas en ingl\u00e9s), cuya sede est\u00e1 en Rep\u00fablica Dominicana, asegur\u00f3 en un informe que m\u00e1s del 50% de las mujeres y ni\u00f1as en Am\u00e9rica Latina y el Caribe ha sufrido agresiones de alguna \u00edndole.<\/p>\n<p>Seg\u00fan los datos del INSTRAW, en Bolivia, por ejemplo, el 52,3% de las mujeres de entre 15 a 49 a\u00f1os ha sufrido violencia f\u00edsica por parte de su pareja. En Hait\u00ed, el 17% ha sufrido violencia sexual. En Per\u00fa, el 68% ha sufrido violencia emocional.<\/p>\n<p>En Rep\u00fablica Dominicana, el estudio estima que el 24,8% de las mujeres que viven en \u00e1reas urbanas y el 21,9% de mujeres en las \u00e1reas rurales han experimentado violencia f\u00edsica durante alg\u00fan per\u00edodo de su vida.<\/p>\n<p>De acuerdo al estudio, la seguridad para las mujeres de la regi\u00f3n depende de la creaci\u00f3n de un c\u00edrculo de protecci\u00f3n dentro de sus hogares, as\u00ed como la defensa contra la violencia y el acoso sexual en lugares p\u00fablicos y en el ambiente laboral.<\/p>\n<p>**Sin vencimiento**<\/p>\n<p>La ONU destac\u00f3 esta semana la vigencia de la Convenci\u00f3n sobre la Eliminaci\u00f3n de Todas las Formas de Discriminaci\u00f3n Contra la Mujer (CEDAW, por sus siglas en ingl\u00e9s), que cumple 30 a\u00f1os en diciembre pero que a\u00fan no ha sido ratificada por siete pa\u00edses, entre ellos Estados Unidos.<\/p>\n<p>\u00abEs un documento muy pr\u00e1ctico, porque dice concreta y expl\u00edcitamente lo que los pa\u00edses deben hacer a nivel nacional para conseguir la igualdad de la mujer\u00bb, asegur\u00f3 Ban Ki-moon.<\/p>\n<p>El secretario general de la ONU destac\u00f3 en un comunicado difundido por el Fondo de Naciones Unidas para el Desarrollo de la Mujer (UNIFEM) y la Oficina de la Alta Comisionada para los Derechos Humanos, que \u00abel progreso no es autom\u00e1tico\u00bb, sino que hace falta \u00abuna gran cantidad de trabajo y compromiso para conseguir los cambios necesarios en las sociedades\u00bb. <\/p>\n","protected":false},"excerpt":{"rendered":"<p>As\u00ed lo inform\u00f3 el secretario general de la ONU, Ban Ki-moon, en el D\u00eda Internacional para la Erradicaci\u00f3n de la Violencia contra la Mujer. \u00abEl 70% de las mujeres en el mundo sufre en alg\u00fan momento de su vida una agresi\u00f3n f\u00edsica o sexual por parte de un hombre, que en la mayor\u00eda de los casos es el esposo, la pareja o alguien conoce. Esto es inaceptable\u00bb, recalc\u00f3 el funcionario.<\/p>\n","protected":false},"author":19,"featured_media":0,"comment_status":"closed","ping_status":"open","sticky":false,"template":"","format":"standard","meta":{"footnotes":""},"categories":[54515,39,68,74],"tags":[],"class_list":["post-2360","post","type-post","status-publish","format-standard","hentry","category-genero-y-feminismos","category-internacional","category-norteamerica","category-politica-es"],"yoast_head":"<!-- This site is optimized with the Yoast SEO plugin v27.1.1 - https:\/\/yoast.com\/product\/yoast-seo-wordpress\/ -->\n<title>&quot;El 70% de las mujeres han sido agredidas&quot;<\/title>\n<meta name=\"description\" content=\"As\u00ed lo inform\u00f3 el secretario general de la ONU, Ban Ki-moon, en el D\u00eda Internacional para la Erradicaci\u00f3n de la Violencia contra la Mujer. &quot;El 70% de las mujeres en el mundo sufre en alg\u00fan momento de su vida una agresi\u00f3n f\u00edsica o sexual por parte de un hombre, que en la mayor\u00eda de los casos es el esposo, la pareja o alguien conoce. Esto es inaceptable&quot;, recalc\u00f3 el funcionario.\" \/>\n<meta name=\"robots\" content=\"index, follow, max-snippet:-1, max-image-preview:large, max-video-preview:-1\" \/>\n<link rel=\"canonical\" href=\"https:\/\/www.pressenza.com\/es\/2009\/11\/xel-70x-de-las-mujeres-han-sido-agredidasx\/\" \/>\n<meta property=\"og:locale\" content=\"es_ES\" \/>\n<meta property=\"og:type\" content=\"article\" \/>\n<meta property=\"og:title\" content=\"&quot;El 70% de las mujeres han sido agredidas&quot;\" \/>\n<meta property=\"og:description\" content=\"As\u00ed lo inform\u00f3 el secretario general de la ONU, Ban Ki-moon, en el D\u00eda Internacional para la Erradicaci\u00f3n de la Violencia contra la Mujer. &quot;El 70% de las mujeres en el mundo sufre en alg\u00fan momento de su vida una agresi\u00f3n f\u00edsica o sexual por parte de un hombre, que en la mayor\u00eda de los casos es el esposo, la pareja o alguien conoce. Esto es inaceptable&quot;, recalc\u00f3 el funcionario.\" \/>\n<meta property=\"og:url\" content=\"https:\/\/www.pressenza.com\/es\/2009\/11\/xel-70x-de-las-mujeres-han-sido-agredidasx\/\" \/>\n<meta property=\"og:site_name\" content=\"Pressenza\" \/>\n<meta property=\"article:publisher\" content=\"https:\/\/www.facebook.com\/PressenzaItalia\" \/>\n<meta property=\"article:author\" content=\"https:\/\/www.facebook.com\/pressenza\" \/>\n<meta property=\"article:published_time\" content=\"2009-11-25T00:00:00+00:00\" \/>\n<meta property=\"article:modified_time\" content=\"2019-02-06T20:47:43+00:00\" \/>\n<meta name=\"author\" content=\"Pressenza IPA\" \/>\n<meta name=\"twitter:card\" content=\"summary_large_image\" \/>\n<meta name=\"twitter:creator\" content=\"@PressenzaIPA\" \/>\n<meta name=\"twitter:site\" content=\"@PressenzaIPA\" \/>\n<meta name=\"twitter:label1\" content=\"Escrito por\" \/>\n\t<meta name=\"twitter:data1\" content=\"Pressenza IPA\" \/>\n\t<meta name=\"twitter:label2\" content=\"Tiempo de lectura\" \/>\n\t<meta name=\"twitter:data2\" content=\"2 minutos\" \/>\n<script type=\"application\/ld+json\" class=\"yoast-schema-graph\">{\"@context\":\"https:\/\/schema.org\",\"@graph\":[{\"@type\":\"Article\",\"@id\":\"https:\/\/www.pressenza.com\/es\/2009\/11\/xel-70x-de-las-mujeres-han-sido-agredidasx\/#article\",\"isPartOf\":{\"@id\":\"https:\/\/www.pressenza.com\/es\/2009\/11\/xel-70x-de-las-mujeres-han-sido-agredidasx\/\"},\"author\":{\"name\":\"Pressenza IPA\",\"@id\":\"https:\/\/www.pressenza.com\/es\/#\/schema\/person\/010e5d02bcf40965427a1289a4cc8d75\"},\"headline\":\"\u00abEl 70% de las mujeres han sido agredidas\u00bb\",\"datePublished\":\"2009-11-25T00:00:00+00:00\",\"dateModified\":\"2019-02-06T20:47:43+00:00\",\"mainEntityOfPage\":{\"@id\":\"https:\/\/www.pressenza.com\/es\/2009\/11\/xel-70x-de-las-mujeres-han-sido-agredidasx\/\"},\"wordCount\":415,\"publisher\":{\"@id\":\"https:\/\/www.pressenza.com\/es\/#organization\"},\"articleSection\":[\"G\u00e9nero y Feminismos\",\"Internacional\",\"Norteam\u00e9rica\",\"Pol\u00edtica\"],\"inLanguage\":\"es\"},{\"@type\":\"WebPage\",\"@id\":\"https:\/\/www.pressenza.com\/es\/2009\/11\/xel-70x-de-las-mujeres-han-sido-agredidasx\/\",\"url\":\"https:\/\/www.pressenza.com\/es\/2009\/11\/xel-70x-de-las-mujeres-han-sido-agredidasx\/\",\"name\":\"\\\"El 70% de las mujeres han sido agredidas\\\"\",\"isPartOf\":{\"@id\":\"https:\/\/www.pressenza.com\/es\/#website\"},\"datePublished\":\"2009-11-25T00:00:00+00:00\",\"dateModified\":\"2019-02-06T20:47:43+00:00\",\"description\":\"As\u00ed lo inform\u00f3 el secretario general de la ONU, Ban Ki-moon, en el D\u00eda Internacional para la Erradicaci\u00f3n de la Violencia contra la Mujer. \\\"El 70% de las mujeres en el mundo sufre en alg\u00fan momento de su vida una agresi\u00f3n f\u00edsica o sexual por parte de un hombre, que en la mayor\u00eda de los casos es el esposo, la pareja o alguien conoce. Esto es inaceptable\\\", recalc\u00f3 el funcionario.\",\"breadcrumb\":{\"@id\":\"https:\/\/www.pressenza.com\/es\/2009\/11\/xel-70x-de-las-mujeres-han-sido-agredidasx\/#breadcrumb\"},\"inLanguage\":\"es\",\"potentialAction\":[{\"@type\":\"ReadAction\",\"target\":[\"https:\/\/www.pressenza.com\/es\/2009\/11\/xel-70x-de-las-mujeres-han-sido-agredidasx\/\"]}]},{\"@type\":\"BreadcrumbList\",\"@id\":\"https:\/\/www.pressenza.com\/es\/2009\/11\/xel-70x-de-las-mujeres-han-sido-agredidasx\/#breadcrumb\",\"itemListElement\":[{\"@type\":\"ListItem\",\"position\":1,\"name\":\"Accueil\",\"item\":\"https:\/\/www.pressenza.com\/es\/\"},{\"@type\":\"ListItem\",\"position\":2,\"name\":\"\u00abEl 70% de las mujeres han sido agredidas\u00bb\"}]},{\"@type\":\"WebSite\",\"@id\":\"https:\/\/www.pressenza.com\/es\/#website\",\"url\":\"https:\/\/www.pressenza.com\/es\/\",\"name\":\"Pressenza\",\"description\":\"International Press Agency\",\"publisher\":{\"@id\":\"https:\/\/www.pressenza.com\/es\/#organization\"},\"potentialAction\":[{\"@type\":\"SearchAction\",\"target\":{\"@type\":\"EntryPoint\",\"urlTemplate\":\"https:\/\/www.pressenza.com\/es\/?s={search_term_string}\"},\"query-input\":{\"@type\":\"PropertyValueSpecification\",\"valueRequired\":true,\"valueName\":\"search_term_string\"}}],\"inLanguage\":\"es\"},{\"@type\":\"Organization\",\"@id\":\"https:\/\/www.pressenza.com\/es\/#organization\",\"name\":\"Pressenza\",\"url\":\"https:\/\/www.pressenza.com\/es\/\",\"logo\":{\"@type\":\"ImageObject\",\"inLanguage\":\"es\",\"@id\":\"https:\/\/www.pressenza.com\/es\/#\/schema\/logo\/image\/\",\"url\":\"https:\/\/www.pressenza.com\/wp-content\/uploads\/2022\/10\/pressenza_logo_200x200.jpg\",\"contentUrl\":\"https:\/\/www.pressenza.com\/wp-content\/uploads\/2022\/10\/pressenza_logo_200x200.jpg\",\"width\":200,\"height\":200,\"caption\":\"Pressenza\"},\"image\":{\"@id\":\"https:\/\/www.pressenza.com\/es\/#\/schema\/logo\/image\/\"},\"sameAs\":[\"https:\/\/www.facebook.com\/PressenzaItalia\",\"https:\/\/x.com\/PressenzaIPA\"]},{\"@type\":\"Person\",\"@id\":\"https:\/\/www.pressenza.com\/es\/#\/schema\/person\/010e5d02bcf40965427a1289a4cc8d75\",\"name\":\"Pressenza IPA\",\"description\":\"News from Pressenza IPA correspondents\",\"sameAs\":[\"https:\/\/www.facebook.com\/pressenza\",\"https:\/\/x.com\/PressenzaIPA\"],\"url\":\"https:\/\/www.pressenza.com\/es\/author\/pressenza-ipa\/\"}]}<\/script>\n<!-- \/ Yoast SEO plugin. -->","yoast_head_json":{"title":"\"El 70% de las mujeres han sido agredidas\"","description":"As\u00ed lo inform\u00f3 el secretario general de la ONU, Ban Ki-moon, en el D\u00eda Internacional para la Erradicaci\u00f3n de la Violencia contra la Mujer. \"El 70% de las mujeres en el mundo sufre en alg\u00fan momento de su vida una agresi\u00f3n f\u00edsica o sexual por parte de un hombre, que en la mayor\u00eda de los casos es el esposo, la pareja o alguien conoce. Esto es inaceptable\", recalc\u00f3 el funcionario.","robots":{"index":"index","follow":"follow","max-snippet":"max-snippet:-1","max-image-preview":"max-image-preview:large","max-video-preview":"max-video-preview:-1"},"canonical":"https:\/\/www.pressenza.com\/es\/2009\/11\/xel-70x-de-las-mujeres-han-sido-agredidasx\/","og_locale":"es_ES","og_type":"article","og_title":"\"El 70% de las mujeres han sido agredidas\"","og_description":"As\u00ed lo inform\u00f3 el secretario general de la ONU, Ban Ki-moon, en el D\u00eda Internacional para la Erradicaci\u00f3n de la Violencia contra la Mujer. \"El 70% de las mujeres en el mundo sufre en alg\u00fan momento de su vida una agresi\u00f3n f\u00edsica o sexual por parte de un hombre, que en la mayor\u00eda de los casos es el esposo, la pareja o alguien conoce. Esto es inaceptable\", recalc\u00f3 el funcionario.","og_url":"https:\/\/www.pressenza.com\/es\/2009\/11\/xel-70x-de-las-mujeres-han-sido-agredidasx\/","og_site_name":"Pressenza","article_publisher":"https:\/\/www.facebook.com\/PressenzaItalia","article_author":"https:\/\/www.facebook.com\/pressenza","article_published_time":"2009-11-25T00:00:00+00:00","article_modified_time":"2019-02-06T20:47:43+00:00","author":"Pressenza IPA","twitter_card":"summary_large_image","twitter_creator":"@PressenzaIPA","twitter_site":"@PressenzaIPA","twitter_misc":{"Escrito por":"Pressenza IPA","Tiempo de lectura":"2 minutos"},"schema":{"@context":"https:\/\/schema.org","@graph":[{"@type":"Article","@id":"https:\/\/www.pressenza.com\/es\/2009\/11\/xel-70x-de-las-mujeres-han-sido-agredidasx\/#article","isPartOf":{"@id":"https:\/\/www.pressenza.com\/es\/2009\/11\/xel-70x-de-las-mujeres-han-sido-agredidasx\/"},"author":{"name":"Pressenza IPA","@id":"https:\/\/www.pressenza.com\/es\/#\/schema\/person\/010e5d02bcf40965427a1289a4cc8d75"},"headline":"\u00abEl 70% de las mujeres han sido agredidas\u00bb","datePublished":"2009-11-25T00:00:00+00:00","dateModified":"2019-02-06T20:47:43+00:00","mainEntityOfPage":{"@id":"https:\/\/www.pressenza.com\/es\/2009\/11\/xel-70x-de-las-mujeres-han-sido-agredidasx\/"},"wordCount":415,"publisher":{"@id":"https:\/\/www.pressenza.com\/es\/#organization"},"articleSection":["G\u00e9nero y Feminismos","Internacional","Norteam\u00e9rica","Pol\u00edtica"],"inLanguage":"es"},{"@type":"WebPage","@id":"https:\/\/www.pressenza.com\/es\/2009\/11\/xel-70x-de-las-mujeres-han-sido-agredidasx\/","url":"https:\/\/www.pressenza.com\/es\/2009\/11\/xel-70x-de-las-mujeres-han-sido-agredidasx\/","name":"\"El 70% de las mujeres han sido agredidas\"","isPartOf":{"@id":"https:\/\/www.pressenza.com\/es\/#website"},"datePublished":"2009-11-25T00:00:00+00:00","dateModified":"2019-02-06T20:47:43+00:00","description":"As\u00ed lo inform\u00f3 el secretario general de la ONU, Ban Ki-moon, en el D\u00eda Internacional para la Erradicaci\u00f3n de la Violencia contra la Mujer. \"El 70% de las mujeres en el mundo sufre en alg\u00fan momento de su vida una agresi\u00f3n f\u00edsica o sexual por parte de un hombre, que en la mayor\u00eda de los casos es el esposo, la pareja o alguien conoce. Esto es inaceptable\", recalc\u00f3 el funcionario.","breadcrumb":{"@id":"https:\/\/www.pressenza.com\/es\/2009\/11\/xel-70x-de-las-mujeres-han-sido-agredidasx\/#breadcrumb"},"inLanguage":"es","potentialAction":[{"@type":"ReadAction","target":["https:\/\/www.pressenza.com\/es\/2009\/11\/xel-70x-de-las-mujeres-han-sido-agredidasx\/"]}]},{"@type":"BreadcrumbList","@id":"https:\/\/www.pressenza.com\/es\/2009\/11\/xel-70x-de-las-mujeres-han-sido-agredidasx\/#breadcrumb","itemListElement":[{"@type":"ListItem","position":1,"name":"Accueil","item":"https:\/\/www.pressenza.com\/es\/"},{"@type":"ListItem","position":2,"name":"\u00abEl 70% de las mujeres han sido agredidas\u00bb"}]},{"@type":"WebSite","@id":"https:\/\/www.pressenza.com\/es\/#website","url":"https:\/\/www.pressenza.com\/es\/","name":"Pressenza","description":"International Press Agency","publisher":{"@id":"https:\/\/www.pressenza.com\/es\/#organization"},"potentialAction":[{"@type":"SearchAction","target":{"@type":"EntryPoint","urlTemplate":"https:\/\/www.pressenza.com\/es\/?s={search_term_string}"},"query-input":{"@type":"PropertyValueSpecification","valueRequired":true,"valueName":"search_term_string"}}],"inLanguage":"es"},{"@type":"Organization","@id":"https:\/\/www.pressenza.com\/es\/#organization","name":"Pressenza","url":"https:\/\/www.pressenza.com\/es\/","logo":{"@type":"ImageObject","inLanguage":"es","@id":"https:\/\/www.pressenza.com\/es\/#\/schema\/logo\/image\/","url":"https:\/\/www.pressenza.com\/wp-content\/uploads\/2022\/10\/pressenza_logo_200x200.jpg","contentUrl":"https:\/\/www.pressenza.com\/wp-content\/uploads\/2022\/10\/pressenza_logo_200x200.jpg","width":200,"height":200,"caption":"Pressenza"},"image":{"@id":"https:\/\/www.pressenza.com\/es\/#\/schema\/logo\/image\/"},"sameAs":["https:\/\/www.facebook.com\/PressenzaItalia","https:\/\/x.com\/PressenzaIPA"]},{"@type":"Person","@id":"https:\/\/www.pressenza.com\/es\/#\/schema\/person\/010e5d02bcf40965427a1289a4cc8d75","name":"Pressenza IPA","description":"News from Pressenza IPA correspondents","sameAs":["https:\/\/www.facebook.com\/pressenza","https:\/\/x.com\/PressenzaIPA"],"url":"https:\/\/www.pressenza.com\/es\/author\/pressenza-ipa\/"}]}},"place":"New York","original_article_url":"","_links":{"self":[{"href":"https:\/\/www.pressenza.com\/es\/wp-json\/wp\/v2\/posts\/2360","targetHints":{"allow":["GET"]}}],"collection":[{"href":"https:\/\/www.pressenza.com\/es\/wp-json\/wp\/v2\/posts"}],"about":[{"href":"https:\/\/www.pressenza.com\/es\/wp-json\/wp\/v2\/types\/post"}],"author":[{"embeddable":true,"href":"https:\/\/www.pressenza.com\/es\/wp-json\/wp\/v2\/users\/19"}],"replies":[{"embeddable":true,"href":"https:\/\/www.pressenza.com\/es\/wp-json\/wp\/v2\/comments?post=2360"}],"version-history":[{"count":0,"href":"https:\/\/www.pressenza.com\/es\/wp-json\/wp\/v2\/posts\/2360\/revisions"}],"wp:attachment":[{"href":"https:\/\/www.pressenza.com\/es\/wp-json\/wp\/v2\/media?parent=2360"}],"wp:term":[{"taxonomy":"category","embeddable":true,"href":"https:\/\/www.pressenza.com\/es\/wp-json\/wp\/v2\/categories?post=2360"},{"taxonomy":"post_tag","embeddable":true,"href":"https:\/\/www.pressenza.com\/es\/wp-json\/wp\/v2\/tags?post=2360"}],"curies":[{"name":"wp","href":"https:\/\/api.w.org\/{rel}","templated":true}]}}