{"id":23597,"date":"2012-11-10T16:25:01","date_gmt":"2012-11-10T16:25:01","guid":{"rendered":"http:\/\/www.pressenza.com\/?p=23597"},"modified":"2021-10-29T02:18:23","modified_gmt":"2021-10-29T01:18:23","slug":"la-direccion-no-violenta-de-los-cambios","status":"publish","type":"post","link":"https:\/\/www.pressenza.com\/es\/2012\/11\/la-direccion-no-violenta-de-los-cambios\/","title":{"rendered":"La direcci\u00f3n no-violenta de los cambios"},"content":{"rendered":"<p><em>Intervenci\u00f3n en la presentaci\u00f3n del libro \u00abPerspectivas desde el Humanismo sobre las encrucijadas del mundo actual\u00bb<\/em><\/p>\n<p>En primer lugar quiero compartir la experiencia personal de c\u00f3mo surgieron estas notas de opini\u00f3n que hoy se publican. En general se trataban de temas fuertes en la agenda medi\u00e1tica y pol\u00edtica del pa\u00eds, o de la regi\u00f3n, con los cuales me sent\u00eda comprometido e interesado. Y al meterme en esos temas, al darle vueltas, al informarme por distintos medios, al reflexionar sobre los mismos, surg\u00eda una necesidad de decir algo al respecto. Y cuando estaba esa necesidad, trataba de intencionar, de estar atento a que surja la inspiraci\u00f3n. Cuando sent\u00eda que esa inspiraci\u00f3n surg\u00eda, que \u201cme cerraban\u201d algunas ideas, me lanzaba a escribir y a investigar al respecto. Sent\u00eda la necesidad de hacer un aporte, de decir desde mi mirada, desde mi visi\u00f3n impregnada de humanismo, dar un punto de vista. Ah\u00ed me enfrentaba con la hoja en blanco y me lanzaba sin prisa y sin pausa a darle forma al art\u00edculo de opini\u00f3n.<\/p>\n<p>CONTEXTO SOBRE NOTA QUE SE PUBLIC\u00d3<\/p>\n<p>Respecto al t\u00edtulo de la presente publicaci\u00f3n \u201cPerspectivas desde el humanismo sobre las encrucijadas del mundo actual\u201d, me parece muy atinado porque considero que el humanismo tiene un importante aporte que hacer en este momento hist\u00f3rico nacional, regional y mundial.<\/p>\n<p>Creo que los que adherimos a esta corriente de pensamiento, los que tenemos a Silo como Guia Espiritual, si nos movemos con la intuici\u00f3n despierta, viendo cu\u00e1les son los movimientos, las manifestaci\u00f3n que van en direcci\u00f3n evolutiva, que aportan al desarrollo del ser humano, podemos aportar ah\u00ed, a que esa direcci\u00f3n, a que esa intenci\u00f3n humana se fortalezca.<\/p>\n<p>Porque hoy esa intenci\u00f3n est\u00e1 no solo en los movimiento sociales, sino tambi\u00e9n en muchos gobiernos progresistas. En Latinoam\u00e9rica tenemos ejemplos claros en Bolivia, Venezuela, Argentina y Ecuador principalmente. Si sabemos encontrar los factores progresivos en esas pol\u00edticas, si podemos reforzar el aspecto humanista de estos procesos, podemos contribuir a que la humanidad avance, a que se superen las condiciones que generan dolor y sufrimiento, a que avancen la Ciencia y la Justicia.<\/p>\n<p>Si detectamos en esos movimientos sociales, como pueden ser los indignados en Europa, los j\u00f3venes de la Primavera Arabe, los movimiento pacifistas en pa\u00edses belicistas, los estudiantes en Chile o los j\u00f3venes que se suman a la participaci\u00f3n pol\u00edtica y los masivos movimientos populares en Argentina, Ecuador, Bolivia o Venezuela, si detectamos en ellos sus factores humanistas, su factores progresivos y los fortalecemos, podemos hacer un gran aporte desde el humanismo a las encrucijadas del momento actual.<\/p>\n<p>Y creo que en la no violencia, en la direcci\u00f3n no violenta est\u00e1 el gran aporte del humanismo Universalista en el plano social y pol\u00edtico hoy. Porque actualmente podemos coincidir con muchas organizaciones sociales y pol\u00edticas en los planteos, en las propuestas, en las acciones transformadoras. Creo que los tiempos han cambiado y ahora las propuestas del movimiento humanista ya no son raras, ya no somos \u201cbichos raros\u201d, sino que estas propuestas han impregnado, han sido tomadas, o han encontrado sinton\u00eda en otros actores sociales. Entonces es marcando claramente la direcci\u00f3n no-violenta, una marca esencial y distintiva del humanismo silo\u00edsta, como podemos aportar a que todos esos procesos avancen en direcci\u00f3n interesante y no se desbanden por el sin sentido de la violencia. Porque los procesos indefectiblemente avanzan, no se puede frenar el devenir hist\u00f3rico, es permamente en avance, el cambio, la transformaci\u00f3n de los acontecimientos, la encrucijada est\u00e1 en qu\u00e9 direcci\u00f3n avanza, y sin duda la no-violencia tiene que ser si o si un signo esencial de este proceso que vive la humanidad.<\/p>\n","protected":false},"excerpt":{"rendered":"<p>Intervenci\u00f3n en la presentaci\u00f3n del libro \u00abPerspectivas desde el Humanismo sobre las encrucijadas del mundo actual\u00bb En primer lugar quiero compartir la experiencia personal de c\u00f3mo surgieron estas notas de opini\u00f3n que hoy se publican. En general se trataban de&hellip;<\/p>\n","protected":false},"author":20,"featured_media":23299,"comment_status":"closed","ping_status":"open","sticky":false,"template":"","format":"standard","meta":{"footnotes":""},"categories":[1242,161,67],"tags":[26,383],"class_list":["post-23597","post","type-post","status-publish","format-standard","has-post-thumbnail","hentry","category-noviolencia-tema","category-opiniones","category-sudamerica","tag-argentina","tag-noviolencia"],"yoast_head":"<!-- This site is optimized with the Yoast SEO plugin v27.1.1 - https:\/\/yoast.com\/product\/yoast-seo-wordpress\/ -->\n<title>La direcci\u00f3n no-violenta de los cambios<\/title>\n<meta name=\"description\" content=\"Intervenci\u00f3n en la presentaci\u00f3n del libro &quot;Perspectivas desde el Humanismo sobre las encrucijadas del mundo actual&quot; En primer lugar quiero compartir la\" \/>\n<meta name=\"robots\" content=\"index, follow, max-snippet:-1, max-image-preview:large, max-video-preview:-1\" \/>\n<link rel=\"canonical\" href=\"https:\/\/www.pressenza.com\/es\/2012\/11\/la-direccion-no-violenta-de-los-cambios\/\" \/>\n<meta property=\"og:locale\" content=\"es_ES\" \/>\n<meta property=\"og:type\" content=\"article\" \/>\n<meta property=\"og:title\" content=\"La direcci\u00f3n no-violenta de los cambios\" \/>\n<meta property=\"og:description\" content=\"Intervenci\u00f3n en la presentaci\u00f3n del libro &quot;Perspectivas desde el Humanismo sobre las encrucijadas del mundo actual&quot; En primer lugar quiero compartir la\" \/>\n<meta property=\"og:url\" content=\"https:\/\/www.pressenza.com\/es\/2012\/11\/la-direccion-no-violenta-de-los-cambios\/\" \/>\n<meta property=\"og:site_name\" content=\"Pressenza\" \/>\n<meta property=\"article:publisher\" content=\"https:\/\/www.facebook.com\/PressenzaItalia\" \/>\n<meta property=\"article:published_time\" content=\"2012-11-10T16:25:01+00:00\" \/>\n<meta property=\"article:modified_time\" content=\"2021-10-29T01:18:23+00:00\" \/>\n<meta property=\"og:image\" content=\"https:\/\/www.pressenza.com\/wp-content\/uploads\/2012\/11\/ivan.jpg\" \/>\n\t<meta property=\"og:image:width\" content=\"800\" \/>\n\t<meta property=\"og:image:height\" content=\"600\" \/>\n\t<meta property=\"og:image:type\" content=\"image\/jpeg\" \/>\n<meta name=\"author\" content=\"ivan novotny\" \/>\n<meta name=\"twitter:card\" content=\"summary_large_image\" \/>\n<meta name=\"twitter:creator\" content=\"@ivanovotny\" \/>\n<meta name=\"twitter:site\" content=\"@PressenzaIPA\" \/>\n<meta name=\"twitter:label1\" content=\"Escrito por\" \/>\n\t<meta name=\"twitter:data1\" content=\"ivan novotny\" \/>\n\t<meta name=\"twitter:label2\" content=\"Tiempo de lectura\" \/>\n\t<meta name=\"twitter:data2\" content=\"3 minutos\" \/>\n<script type=\"application\/ld+json\" class=\"yoast-schema-graph\">{\"@context\":\"https:\/\/schema.org\",\"@graph\":[{\"@type\":\"Article\",\"@id\":\"https:\/\/www.pressenza.com\/es\/2012\/11\/la-direccion-no-violenta-de-los-cambios\/#article\",\"isPartOf\":{\"@id\":\"https:\/\/www.pressenza.com\/es\/2012\/11\/la-direccion-no-violenta-de-los-cambios\/\"},\"author\":{\"name\":\"ivan novotny\",\"@id\":\"https:\/\/www.pressenza.com\/es\/#\/schema\/person\/074b2cdde387af1b7a93f788a03ec37a\"},\"headline\":\"La direcci\u00f3n no-violenta de los cambios\",\"datePublished\":\"2012-11-10T16:25:01+00:00\",\"dateModified\":\"2021-10-29T01:18:23+00:00\",\"mainEntityOfPage\":{\"@id\":\"https:\/\/www.pressenza.com\/es\/2012\/11\/la-direccion-no-violenta-de-los-cambios\/\"},\"wordCount\":652,\"publisher\":{\"@id\":\"https:\/\/www.pressenza.com\/es\/#organization\"},\"image\":{\"@id\":\"https:\/\/www.pressenza.com\/es\/2012\/11\/la-direccion-no-violenta-de-los-cambios\/#primaryimage\"},\"thumbnailUrl\":\"https:\/\/www.pressenza.com\/wp-content\/uploads\/2012\/11\/ivan.jpg\",\"keywords\":[\"Argentina\",\"Noviolencia\"],\"articleSection\":[\"Noviolencia\",\"Opiniones\",\"Sudam\u00e9rica\"],\"inLanguage\":\"es\"},{\"@type\":\"WebPage\",\"@id\":\"https:\/\/www.pressenza.com\/es\/2012\/11\/la-direccion-no-violenta-de-los-cambios\/\",\"url\":\"https:\/\/www.pressenza.com\/es\/2012\/11\/la-direccion-no-violenta-de-los-cambios\/\",\"name\":\"La direcci\u00f3n no-violenta de los cambios\",\"isPartOf\":{\"@id\":\"https:\/\/www.pressenza.com\/es\/#website\"},\"primaryImageOfPage\":{\"@id\":\"https:\/\/www.pressenza.com\/es\/2012\/11\/la-direccion-no-violenta-de-los-cambios\/#primaryimage\"},\"image\":{\"@id\":\"https:\/\/www.pressenza.com\/es\/2012\/11\/la-direccion-no-violenta-de-los-cambios\/#primaryimage\"},\"thumbnailUrl\":\"https:\/\/www.pressenza.com\/wp-content\/uploads\/2012\/11\/ivan.jpg\",\"datePublished\":\"2012-11-10T16:25:01+00:00\",\"dateModified\":\"2021-10-29T01:18:23+00:00\",\"description\":\"Intervenci\u00f3n en la presentaci\u00f3n del libro \\\"Perspectivas desde el Humanismo sobre las encrucijadas del mundo actual\\\" En primer lugar quiero compartir la\",\"breadcrumb\":{\"@id\":\"https:\/\/www.pressenza.com\/es\/2012\/11\/la-direccion-no-violenta-de-los-cambios\/#breadcrumb\"},\"inLanguage\":\"es\",\"potentialAction\":[{\"@type\":\"ReadAction\",\"target\":[\"https:\/\/www.pressenza.com\/es\/2012\/11\/la-direccion-no-violenta-de-los-cambios\/\"]}]},{\"@type\":\"ImageObject\",\"inLanguage\":\"es\",\"@id\":\"https:\/\/www.pressenza.com\/es\/2012\/11\/la-direccion-no-violenta-de-los-cambios\/#primaryimage\",\"url\":\"https:\/\/www.pressenza.com\/wp-content\/uploads\/2012\/11\/ivan.jpg\",\"contentUrl\":\"https:\/\/www.pressenza.com\/wp-content\/uploads\/2012\/11\/ivan.jpg\",\"width\":\"800\",\"height\":\"600\"},{\"@type\":\"BreadcrumbList\",\"@id\":\"https:\/\/www.pressenza.com\/es\/2012\/11\/la-direccion-no-violenta-de-los-cambios\/#breadcrumb\",\"itemListElement\":[{\"@type\":\"ListItem\",\"position\":1,\"name\":\"Accueil\",\"item\":\"https:\/\/www.pressenza.com\/es\/\"},{\"@type\":\"ListItem\",\"position\":2,\"name\":\"La direcci\u00f3n no-violenta de los cambios\"}]},{\"@type\":\"WebSite\",\"@id\":\"https:\/\/www.pressenza.com\/es\/#website\",\"url\":\"https:\/\/www.pressenza.com\/es\/\",\"name\":\"Pressenza\",\"description\":\"International Press Agency\",\"publisher\":{\"@id\":\"https:\/\/www.pressenza.com\/es\/#organization\"},\"potentialAction\":[{\"@type\":\"SearchAction\",\"target\":{\"@type\":\"EntryPoint\",\"urlTemplate\":\"https:\/\/www.pressenza.com\/es\/?s={search_term_string}\"},\"query-input\":{\"@type\":\"PropertyValueSpecification\",\"valueRequired\":true,\"valueName\":\"search_term_string\"}}],\"inLanguage\":\"es\"},{\"@type\":\"Organization\",\"@id\":\"https:\/\/www.pressenza.com\/es\/#organization\",\"name\":\"Pressenza\",\"url\":\"https:\/\/www.pressenza.com\/es\/\",\"logo\":{\"@type\":\"ImageObject\",\"inLanguage\":\"es\",\"@id\":\"https:\/\/www.pressenza.com\/es\/#\/schema\/logo\/image\/\",\"url\":\"https:\/\/www.pressenza.com\/wp-content\/uploads\/2022\/10\/pressenza_logo_200x200.jpg\",\"contentUrl\":\"https:\/\/www.pressenza.com\/wp-content\/uploads\/2022\/10\/pressenza_logo_200x200.jpg\",\"width\":200,\"height\":200,\"caption\":\"Pressenza\"},\"image\":{\"@id\":\"https:\/\/www.pressenza.com\/es\/#\/schema\/logo\/image\/\"},\"sameAs\":[\"https:\/\/www.facebook.com\/PressenzaItalia\",\"https:\/\/x.com\/PressenzaIPA\"]},{\"@type\":\"Person\",\"@id\":\"https:\/\/www.pressenza.com\/es\/#\/schema\/person\/074b2cdde387af1b7a93f788a03ec37a\",\"name\":\"ivan novotny\",\"description\":\"A graduate in Communication Science from the University of Buenos Aires.\",\"sameAs\":[\"https:\/\/www.instagram.com\/inovotny\",\"https:\/\/x.com\/ivanovotny\"],\"url\":\"https:\/\/www.pressenza.com\/es\/author\/ivan-novotny\/\"}]}<\/script>\n<!-- \/ Yoast SEO plugin. -->","yoast_head_json":{"title":"La direcci\u00f3n no-violenta de los cambios","description":"Intervenci\u00f3n en la presentaci\u00f3n del libro \"Perspectivas desde el Humanismo sobre las encrucijadas del mundo actual\" En primer lugar quiero compartir la","robots":{"index":"index","follow":"follow","max-snippet":"max-snippet:-1","max-image-preview":"max-image-preview:large","max-video-preview":"max-video-preview:-1"},"canonical":"https:\/\/www.pressenza.com\/es\/2012\/11\/la-direccion-no-violenta-de-los-cambios\/","og_locale":"es_ES","og_type":"article","og_title":"La direcci\u00f3n no-violenta de los cambios","og_description":"Intervenci\u00f3n en la presentaci\u00f3n del libro \"Perspectivas desde el Humanismo sobre las encrucijadas del mundo actual\" En primer lugar quiero compartir la","og_url":"https:\/\/www.pressenza.com\/es\/2012\/11\/la-direccion-no-violenta-de-los-cambios\/","og_site_name":"Pressenza","article_publisher":"https:\/\/www.facebook.com\/PressenzaItalia","article_published_time":"2012-11-10T16:25:01+00:00","article_modified_time":"2021-10-29T01:18:23+00:00","og_image":[{"width":800,"height":600,"url":"https:\/\/www.pressenza.com\/wp-content\/uploads\/2012\/11\/ivan.jpg","type":"image\/jpeg"}],"author":"ivan novotny","twitter_card":"summary_large_image","twitter_creator":"@ivanovotny","twitter_site":"@PressenzaIPA","twitter_misc":{"Escrito por":"ivan novotny","Tiempo de lectura":"3 minutos"},"schema":{"@context":"https:\/\/schema.org","@graph":[{"@type":"Article","@id":"https:\/\/www.pressenza.com\/es\/2012\/11\/la-direccion-no-violenta-de-los-cambios\/#article","isPartOf":{"@id":"https:\/\/www.pressenza.com\/es\/2012\/11\/la-direccion-no-violenta-de-los-cambios\/"},"author":{"name":"ivan novotny","@id":"https:\/\/www.pressenza.com\/es\/#\/schema\/person\/074b2cdde387af1b7a93f788a03ec37a"},"headline":"La direcci\u00f3n no-violenta de los cambios","datePublished":"2012-11-10T16:25:01+00:00","dateModified":"2021-10-29T01:18:23+00:00","mainEntityOfPage":{"@id":"https:\/\/www.pressenza.com\/es\/2012\/11\/la-direccion-no-violenta-de-los-cambios\/"},"wordCount":652,"publisher":{"@id":"https:\/\/www.pressenza.com\/es\/#organization"},"image":{"@id":"https:\/\/www.pressenza.com\/es\/2012\/11\/la-direccion-no-violenta-de-los-cambios\/#primaryimage"},"thumbnailUrl":"https:\/\/www.pressenza.com\/wp-content\/uploads\/2012\/11\/ivan.jpg","keywords":["Argentina","Noviolencia"],"articleSection":["Noviolencia","Opiniones","Sudam\u00e9rica"],"inLanguage":"es"},{"@type":"WebPage","@id":"https:\/\/www.pressenza.com\/es\/2012\/11\/la-direccion-no-violenta-de-los-cambios\/","url":"https:\/\/www.pressenza.com\/es\/2012\/11\/la-direccion-no-violenta-de-los-cambios\/","name":"La direcci\u00f3n no-violenta de los cambios","isPartOf":{"@id":"https:\/\/www.pressenza.com\/es\/#website"},"primaryImageOfPage":{"@id":"https:\/\/www.pressenza.com\/es\/2012\/11\/la-direccion-no-violenta-de-los-cambios\/#primaryimage"},"image":{"@id":"https:\/\/www.pressenza.com\/es\/2012\/11\/la-direccion-no-violenta-de-los-cambios\/#primaryimage"},"thumbnailUrl":"https:\/\/www.pressenza.com\/wp-content\/uploads\/2012\/11\/ivan.jpg","datePublished":"2012-11-10T16:25:01+00:00","dateModified":"2021-10-29T01:18:23+00:00","description":"Intervenci\u00f3n en la presentaci\u00f3n del libro \"Perspectivas desde el Humanismo sobre las encrucijadas del mundo actual\" En primer lugar quiero compartir la","breadcrumb":{"@id":"https:\/\/www.pressenza.com\/es\/2012\/11\/la-direccion-no-violenta-de-los-cambios\/#breadcrumb"},"inLanguage":"es","potentialAction":[{"@type":"ReadAction","target":["https:\/\/www.pressenza.com\/es\/2012\/11\/la-direccion-no-violenta-de-los-cambios\/"]}]},{"@type":"ImageObject","inLanguage":"es","@id":"https:\/\/www.pressenza.com\/es\/2012\/11\/la-direccion-no-violenta-de-los-cambios\/#primaryimage","url":"https:\/\/www.pressenza.com\/wp-content\/uploads\/2012\/11\/ivan.jpg","contentUrl":"https:\/\/www.pressenza.com\/wp-content\/uploads\/2012\/11\/ivan.jpg","width":"800","height":"600"},{"@type":"BreadcrumbList","@id":"https:\/\/www.pressenza.com\/es\/2012\/11\/la-direccion-no-violenta-de-los-cambios\/#breadcrumb","itemListElement":[{"@type":"ListItem","position":1,"name":"Accueil","item":"https:\/\/www.pressenza.com\/es\/"},{"@type":"ListItem","position":2,"name":"La direcci\u00f3n no-violenta de los cambios"}]},{"@type":"WebSite","@id":"https:\/\/www.pressenza.com\/es\/#website","url":"https:\/\/www.pressenza.com\/es\/","name":"Pressenza","description":"International Press Agency","publisher":{"@id":"https:\/\/www.pressenza.com\/es\/#organization"},"potentialAction":[{"@type":"SearchAction","target":{"@type":"EntryPoint","urlTemplate":"https:\/\/www.pressenza.com\/es\/?s={search_term_string}"},"query-input":{"@type":"PropertyValueSpecification","valueRequired":true,"valueName":"search_term_string"}}],"inLanguage":"es"},{"@type":"Organization","@id":"https:\/\/www.pressenza.com\/es\/#organization","name":"Pressenza","url":"https:\/\/www.pressenza.com\/es\/","logo":{"@type":"ImageObject","inLanguage":"es","@id":"https:\/\/www.pressenza.com\/es\/#\/schema\/logo\/image\/","url":"https:\/\/www.pressenza.com\/wp-content\/uploads\/2022\/10\/pressenza_logo_200x200.jpg","contentUrl":"https:\/\/www.pressenza.com\/wp-content\/uploads\/2022\/10\/pressenza_logo_200x200.jpg","width":200,"height":200,"caption":"Pressenza"},"image":{"@id":"https:\/\/www.pressenza.com\/es\/#\/schema\/logo\/image\/"},"sameAs":["https:\/\/www.facebook.com\/PressenzaItalia","https:\/\/x.com\/PressenzaIPA"]},{"@type":"Person","@id":"https:\/\/www.pressenza.com\/es\/#\/schema\/person\/074b2cdde387af1b7a93f788a03ec37a","name":"ivan novotny","description":"A graduate in Communication Science from the University of Buenos Aires.","sameAs":["https:\/\/www.instagram.com\/inovotny","https:\/\/x.com\/ivanovotny"],"url":"https:\/\/www.pressenza.com\/es\/author\/ivan-novotny\/"}]}},"place":"Buenos Aires","original_article_url":"","_links":{"self":[{"href":"https:\/\/www.pressenza.com\/es\/wp-json\/wp\/v2\/posts\/23597","targetHints":{"allow":["GET"]}}],"collection":[{"href":"https:\/\/www.pressenza.com\/es\/wp-json\/wp\/v2\/posts"}],"about":[{"href":"https:\/\/www.pressenza.com\/es\/wp-json\/wp\/v2\/types\/post"}],"author":[{"embeddable":true,"href":"https:\/\/www.pressenza.com\/es\/wp-json\/wp\/v2\/users\/20"}],"replies":[{"embeddable":true,"href":"https:\/\/www.pressenza.com\/es\/wp-json\/wp\/v2\/comments?post=23597"}],"version-history":[{"count":0,"href":"https:\/\/www.pressenza.com\/es\/wp-json\/wp\/v2\/posts\/23597\/revisions"}],"wp:featuredmedia":[{"embeddable":true,"href":"https:\/\/www.pressenza.com\/es\/wp-json\/wp\/v2\/media\/23299"}],"wp:attachment":[{"href":"https:\/\/www.pressenza.com\/es\/wp-json\/wp\/v2\/media?parent=23597"}],"wp:term":[{"taxonomy":"category","embeddable":true,"href":"https:\/\/www.pressenza.com\/es\/wp-json\/wp\/v2\/categories?post=23597"},{"taxonomy":"post_tag","embeddable":true,"href":"https:\/\/www.pressenza.com\/es\/wp-json\/wp\/v2\/tags?post=23597"}],"curies":[{"name":"wp","href":"https:\/\/api.w.org\/{rel}","templated":true}]}}