{"id":2352,"date":"2009-11-25T00:00:00","date_gmt":"2009-11-25T00:00:00","guid":{"rendered":""},"modified":"2009-11-25T01:23:55","modified_gmt":"2009-11-25T01:23:55","slug":"por-amor-te-quierox-por-amor-te-mato","status":"publish","type":"post","link":"https:\/\/www.pressenza.com\/es\/2009\/11\/por-amor-te-quierox-por-amor-te-mato\/","title":{"rendered":"Por amor te quiero, por amor te mato"},"content":{"rendered":"<p>Con motivo del D\u00eda Internacional contra la Violencia de G\u00e9nero, se ha desarrollado en Madrid el I Foro Internacional Juventud y  Violencia de G\u00e9nero durante los d\u00edas 23 y 24 de noviembre. Este foro ha aglutinado a m\u00e1s de 1.200 j\u00f3venes, de 54 pa\u00edses, con la finalidad de reflexionar, debatir y sacar conclusiones sobre qu\u00e9 hacer para extinguir de los usos y modos sociales el machismo y la violencia sobre la mujer, que este comportamiento sexista conlleva.<\/p>\n<p>\u00bfPor qu\u00e9 un foro tan espec\u00edfico sobre Juventud y Violencia de g\u00e9nero? Algo no funciona en nuestra sociedad cuando los j\u00f3venes (tanto ellos como ellas), que han sido te\u00f3ricamente m\u00e1s y mejor educados en los valores de respeto e igualdad, a diferencia de otras generaciones anteriores, protagonizan en los \u00faltimos tiempos un alto porcentaje de agresiones y muertes machistas. Por desgracia, comienza a ser habitual, la muerte de mujeres menores de 30 a\u00f1os, a manos de sus parejas o ex parejas. Adem\u00e1s ha aumentado considerablemente el maltrato a mujeres j\u00f3venes en forma de agresiones sexuales, palizas o vejaciones de todo tipo.<\/p>\n<p>Las cifras hablan por s\u00ed solas de la situaci\u00f3n (Datos del Ministerio de Igualdad):<\/p>\n<p>\u00b7\tLa media de muertes en Espa\u00f1a por Violencia de g\u00e9nero es de 80 anuales.<br \/>\n\u00b7\tEl 29,4% de las mujeres que han muerto por violencia machista son menores de 30 a\u00f1os.<br \/>\n\u00b7\t113.500 mujeres tienen orden judicial de protecci\u00f3n. De ellas el 39,2% es menor de 30 a\u00f1os.<br \/>\n\u00b7\tEl 40 % de las \u00f3rdenes de protecci\u00f3n y alejamiento corresponden a maltratadores menores de 30 a\u00f1os.<br \/>\n\u00b7\tDe las llamadas al tel\u00e9fono 016 (tel\u00e9fono de atenci\u00f3n a las v\u00edctimas de violencia de g\u00e9nero), el 29,3% son de menores de 30 a\u00f1os.<br \/>\n\u00b7\tEl 17,7 de los hombres menores de 30 a\u00f1os piensa que ser agresivo les hace m\u00e1s atractivos.<\/p>\n<p>La contundencia de las estad\u00edsticas contradice la creencia tradicional, que asociaba casi en exclusiva el maltrato machista a grupos de bajo nivel social y cultural, y habla de parejas casadas con hijos y gente de mediana edad prioritariamente.<\/p>\n<p>Lo que s\u00ed queda evidente es que, al igual que la sociedad y sus modelos tradicionales (pol\u00edticos, econ\u00f3micos, religiosos, culturales, familiares\u2026) est\u00e1n en profunda crisis, hay un modelo de convivencia en pareja que hace aguas y en el que la mujer vive subyugada y el var\u00f3n es el centro de poder. Se ve claro que con leyes s\u00f3lamente(\u00a1por cierto, bienvenidas sean!), no se soluciona el problema, pues la violencia de g\u00e9nero como todas las formas de violencia obedece m\u00e1s a una actitud personal de comportamiento, con sus motivaciones, creencias, modos, etc\u2026, frente a otros seres humanos.<\/p>\n<p>Los viejos puntos de vista sobre la mujer, en los que \u00e9sta es inferior al hombre, es un objeto de posesi\u00f3n, de sumisi\u00f3n, un objeto para aprovechamiento, de uso y disfrute, que justifica la tan conocida frase de \u00abpor amor te quiero, por amor te mato\u00bb, deben dar paso a actitudes verdaderas de libertad, tolerancia, consenso, igualdad y respeto, que se pueden resumir en la regla: \u201cTrata a los dem\u00e1s como quieres que te traten\u201d.<\/p>\n","protected":false},"excerpt":{"rendered":"<p>El 25 de Noviembre se conmemora el D\u00eda Internacional contra la Violencia de G\u00e9nero y por este motivo ha tenido lugar en Madrid el I Foro Internacional Juventud y Violencia de G\u00e9nero. Han participado 1.200 j\u00f3venes de 54 pa\u00edses, y en \u00e9l se ha reflexionado sobre la situaci\u00f3n actual y y se ha trabajado en la b\u00fasqueda de soluciones a la violencia machista.<\/p>\n","protected":false},"author":19,"featured_media":0,"comment_status":"closed","ping_status":"open","sticky":false,"template":"","format":"standard","meta":{"footnotes":""},"categories":[75,66],"tags":[],"class_list":["post-2352","post","type-post","status-publish","format-standard","hentry","category-cultura-es","category-europa-es"],"yoast_head":"<!-- This site is optimized with the Yoast SEO plugin v27.1.1 - https:\/\/yoast.com\/product\/yoast-seo-wordpress\/ -->\n<title>Por amor te quiero, por amor te mato<\/title>\n<meta name=\"description\" content=\"El 25 de Noviembre se conmemora el D\u00eda Internacional contra la Violencia de G\u00e9nero y por este motivo ha tenido lugar en Madrid el I Foro Internacional Juventud y Violencia de G\u00e9nero. Han participado 1.200 j\u00f3venes de 54 pa\u00edses, y en \u00e9l se ha reflexionado sobre la situaci\u00f3n actual y y se ha trabajado en la b\u00fasqueda de soluciones a la violencia machista.\" \/>\n<meta name=\"robots\" content=\"index, follow, max-snippet:-1, max-image-preview:large, max-video-preview:-1\" \/>\n<link rel=\"canonical\" href=\"https:\/\/www.pressenza.com\/es\/2009\/11\/por-amor-te-quierox-por-amor-te-mato\/\" \/>\n<meta property=\"og:locale\" content=\"es_ES\" \/>\n<meta property=\"og:type\" content=\"article\" \/>\n<meta property=\"og:title\" content=\"Por amor te quiero, por amor te mato\" \/>\n<meta property=\"og:description\" content=\"El 25 de Noviembre se conmemora el D\u00eda Internacional contra la Violencia de G\u00e9nero y por este motivo ha tenido lugar en Madrid el I Foro Internacional Juventud y Violencia de G\u00e9nero. Han participado 1.200 j\u00f3venes de 54 pa\u00edses, y en \u00e9l se ha reflexionado sobre la situaci\u00f3n actual y y se ha trabajado en la b\u00fasqueda de soluciones a la violencia machista.\" \/>\n<meta property=\"og:url\" content=\"https:\/\/www.pressenza.com\/es\/2009\/11\/por-amor-te-quierox-por-amor-te-mato\/\" \/>\n<meta property=\"og:site_name\" content=\"Pressenza\" \/>\n<meta property=\"article:publisher\" content=\"https:\/\/www.facebook.com\/PressenzaItalia\" \/>\n<meta property=\"article:author\" content=\"https:\/\/www.facebook.com\/pressenza\" \/>\n<meta property=\"article:published_time\" content=\"2009-11-25T00:00:00+00:00\" \/>\n<meta property=\"article:modified_time\" content=\"2009-11-25T01:23:55+00:00\" \/>\n<meta name=\"author\" content=\"Pressenza IPA\" \/>\n<meta name=\"twitter:card\" content=\"summary_large_image\" \/>\n<meta name=\"twitter:creator\" content=\"@PressenzaIPA\" \/>\n<meta name=\"twitter:site\" content=\"@PressenzaIPA\" \/>\n<meta name=\"twitter:label1\" content=\"Escrito por\" \/>\n\t<meta name=\"twitter:data1\" content=\"Pressenza IPA\" \/>\n\t<meta name=\"twitter:label2\" content=\"Tiempo de lectura\" \/>\n\t<meta name=\"twitter:data2\" content=\"3 minutos\" \/>\n<script type=\"application\/ld+json\" class=\"yoast-schema-graph\">{\"@context\":\"https:\/\/schema.org\",\"@graph\":[{\"@type\":\"Article\",\"@id\":\"https:\/\/www.pressenza.com\/es\/2009\/11\/por-amor-te-quierox-por-amor-te-mato\/#article\",\"isPartOf\":{\"@id\":\"https:\/\/www.pressenza.com\/es\/2009\/11\/por-amor-te-quierox-por-amor-te-mato\/\"},\"author\":{\"name\":\"Pressenza IPA\",\"@id\":\"https:\/\/www.pressenza.com\/es\/#\/schema\/person\/010e5d02bcf40965427a1289a4cc8d75\"},\"headline\":\"Por amor te quiero, por amor te mato\",\"datePublished\":\"2009-11-25T00:00:00+00:00\",\"dateModified\":\"2009-11-25T01:23:55+00:00\",\"mainEntityOfPage\":{\"@id\":\"https:\/\/www.pressenza.com\/es\/2009\/11\/por-amor-te-quierox-por-amor-te-mato\/\"},\"wordCount\":537,\"publisher\":{\"@id\":\"https:\/\/www.pressenza.com\/es\/#organization\"},\"articleSection\":[\"Cultura y Medios\",\"Europa\"],\"inLanguage\":\"es\"},{\"@type\":\"WebPage\",\"@id\":\"https:\/\/www.pressenza.com\/es\/2009\/11\/por-amor-te-quierox-por-amor-te-mato\/\",\"url\":\"https:\/\/www.pressenza.com\/es\/2009\/11\/por-amor-te-quierox-por-amor-te-mato\/\",\"name\":\"Por amor te quiero, por amor te mato\",\"isPartOf\":{\"@id\":\"https:\/\/www.pressenza.com\/es\/#website\"},\"datePublished\":\"2009-11-25T00:00:00+00:00\",\"dateModified\":\"2009-11-25T01:23:55+00:00\",\"description\":\"El 25 de Noviembre se conmemora el D\u00eda Internacional contra la Violencia de G\u00e9nero y por este motivo ha tenido lugar en Madrid el I Foro Internacional Juventud y Violencia de G\u00e9nero. Han participado 1.200 j\u00f3venes de 54 pa\u00edses, y en \u00e9l se ha reflexionado sobre la situaci\u00f3n actual y y se ha trabajado en la b\u00fasqueda de soluciones a la violencia machista.\",\"breadcrumb\":{\"@id\":\"https:\/\/www.pressenza.com\/es\/2009\/11\/por-amor-te-quierox-por-amor-te-mato\/#breadcrumb\"},\"inLanguage\":\"es\",\"potentialAction\":[{\"@type\":\"ReadAction\",\"target\":[\"https:\/\/www.pressenza.com\/es\/2009\/11\/por-amor-te-quierox-por-amor-te-mato\/\"]}]},{\"@type\":\"BreadcrumbList\",\"@id\":\"https:\/\/www.pressenza.com\/es\/2009\/11\/por-amor-te-quierox-por-amor-te-mato\/#breadcrumb\",\"itemListElement\":[{\"@type\":\"ListItem\",\"position\":1,\"name\":\"Accueil\",\"item\":\"https:\/\/www.pressenza.com\/es\/\"},{\"@type\":\"ListItem\",\"position\":2,\"name\":\"Por amor te quiero, por amor te mato\"}]},{\"@type\":\"WebSite\",\"@id\":\"https:\/\/www.pressenza.com\/es\/#website\",\"url\":\"https:\/\/www.pressenza.com\/es\/\",\"name\":\"Pressenza\",\"description\":\"International Press Agency\",\"publisher\":{\"@id\":\"https:\/\/www.pressenza.com\/es\/#organization\"},\"potentialAction\":[{\"@type\":\"SearchAction\",\"target\":{\"@type\":\"EntryPoint\",\"urlTemplate\":\"https:\/\/www.pressenza.com\/es\/?s={search_term_string}\"},\"query-input\":{\"@type\":\"PropertyValueSpecification\",\"valueRequired\":true,\"valueName\":\"search_term_string\"}}],\"inLanguage\":\"es\"},{\"@type\":\"Organization\",\"@id\":\"https:\/\/www.pressenza.com\/es\/#organization\",\"name\":\"Pressenza\",\"url\":\"https:\/\/www.pressenza.com\/es\/\",\"logo\":{\"@type\":\"ImageObject\",\"inLanguage\":\"es\",\"@id\":\"https:\/\/www.pressenza.com\/es\/#\/schema\/logo\/image\/\",\"url\":\"https:\/\/www.pressenza.com\/wp-content\/uploads\/2022\/10\/pressenza_logo_200x200.jpg\",\"contentUrl\":\"https:\/\/www.pressenza.com\/wp-content\/uploads\/2022\/10\/pressenza_logo_200x200.jpg\",\"width\":200,\"height\":200,\"caption\":\"Pressenza\"},\"image\":{\"@id\":\"https:\/\/www.pressenza.com\/es\/#\/schema\/logo\/image\/\"},\"sameAs\":[\"https:\/\/www.facebook.com\/PressenzaItalia\",\"https:\/\/x.com\/PressenzaIPA\"]},{\"@type\":\"Person\",\"@id\":\"https:\/\/www.pressenza.com\/es\/#\/schema\/person\/010e5d02bcf40965427a1289a4cc8d75\",\"name\":\"Pressenza IPA\",\"description\":\"News from Pressenza IPA correspondents\",\"sameAs\":[\"https:\/\/www.facebook.com\/pressenza\",\"https:\/\/x.com\/PressenzaIPA\"],\"url\":\"https:\/\/www.pressenza.com\/es\/author\/pressenza-ipa\/\"}]}<\/script>\n<!-- \/ Yoast SEO plugin. -->","yoast_head_json":{"title":"Por amor te quiero, por amor te mato","description":"El 25 de Noviembre se conmemora el D\u00eda Internacional contra la Violencia de G\u00e9nero y por este motivo ha tenido lugar en Madrid el I Foro Internacional Juventud y Violencia de G\u00e9nero. Han participado 1.200 j\u00f3venes de 54 pa\u00edses, y en \u00e9l se ha reflexionado sobre la situaci\u00f3n actual y y se ha trabajado en la b\u00fasqueda de soluciones a la violencia machista.","robots":{"index":"index","follow":"follow","max-snippet":"max-snippet:-1","max-image-preview":"max-image-preview:large","max-video-preview":"max-video-preview:-1"},"canonical":"https:\/\/www.pressenza.com\/es\/2009\/11\/por-amor-te-quierox-por-amor-te-mato\/","og_locale":"es_ES","og_type":"article","og_title":"Por amor te quiero, por amor te mato","og_description":"El 25 de Noviembre se conmemora el D\u00eda Internacional contra la Violencia de G\u00e9nero y por este motivo ha tenido lugar en Madrid el I Foro Internacional Juventud y Violencia de G\u00e9nero. Han participado 1.200 j\u00f3venes de 54 pa\u00edses, y en \u00e9l se ha reflexionado sobre la situaci\u00f3n actual y y se ha trabajado en la b\u00fasqueda de soluciones a la violencia machista.","og_url":"https:\/\/www.pressenza.com\/es\/2009\/11\/por-amor-te-quierox-por-amor-te-mato\/","og_site_name":"Pressenza","article_publisher":"https:\/\/www.facebook.com\/PressenzaItalia","article_author":"https:\/\/www.facebook.com\/pressenza","article_published_time":"2009-11-25T00:00:00+00:00","article_modified_time":"2009-11-25T01:23:55+00:00","author":"Pressenza IPA","twitter_card":"summary_large_image","twitter_creator":"@PressenzaIPA","twitter_site":"@PressenzaIPA","twitter_misc":{"Escrito por":"Pressenza IPA","Tiempo de lectura":"3 minutos"},"schema":{"@context":"https:\/\/schema.org","@graph":[{"@type":"Article","@id":"https:\/\/www.pressenza.com\/es\/2009\/11\/por-amor-te-quierox-por-amor-te-mato\/#article","isPartOf":{"@id":"https:\/\/www.pressenza.com\/es\/2009\/11\/por-amor-te-quierox-por-amor-te-mato\/"},"author":{"name":"Pressenza IPA","@id":"https:\/\/www.pressenza.com\/es\/#\/schema\/person\/010e5d02bcf40965427a1289a4cc8d75"},"headline":"Por amor te quiero, por amor te mato","datePublished":"2009-11-25T00:00:00+00:00","dateModified":"2009-11-25T01:23:55+00:00","mainEntityOfPage":{"@id":"https:\/\/www.pressenza.com\/es\/2009\/11\/por-amor-te-quierox-por-amor-te-mato\/"},"wordCount":537,"publisher":{"@id":"https:\/\/www.pressenza.com\/es\/#organization"},"articleSection":["Cultura y Medios","Europa"],"inLanguage":"es"},{"@type":"WebPage","@id":"https:\/\/www.pressenza.com\/es\/2009\/11\/por-amor-te-quierox-por-amor-te-mato\/","url":"https:\/\/www.pressenza.com\/es\/2009\/11\/por-amor-te-quierox-por-amor-te-mato\/","name":"Por amor te quiero, por amor te mato","isPartOf":{"@id":"https:\/\/www.pressenza.com\/es\/#website"},"datePublished":"2009-11-25T00:00:00+00:00","dateModified":"2009-11-25T01:23:55+00:00","description":"El 25 de Noviembre se conmemora el D\u00eda Internacional contra la Violencia de G\u00e9nero y por este motivo ha tenido lugar en Madrid el I Foro Internacional Juventud y Violencia de G\u00e9nero. Han participado 1.200 j\u00f3venes de 54 pa\u00edses, y en \u00e9l se ha reflexionado sobre la situaci\u00f3n actual y y se ha trabajado en la b\u00fasqueda de soluciones a la violencia machista.","breadcrumb":{"@id":"https:\/\/www.pressenza.com\/es\/2009\/11\/por-amor-te-quierox-por-amor-te-mato\/#breadcrumb"},"inLanguage":"es","potentialAction":[{"@type":"ReadAction","target":["https:\/\/www.pressenza.com\/es\/2009\/11\/por-amor-te-quierox-por-amor-te-mato\/"]}]},{"@type":"BreadcrumbList","@id":"https:\/\/www.pressenza.com\/es\/2009\/11\/por-amor-te-quierox-por-amor-te-mato\/#breadcrumb","itemListElement":[{"@type":"ListItem","position":1,"name":"Accueil","item":"https:\/\/www.pressenza.com\/es\/"},{"@type":"ListItem","position":2,"name":"Por amor te quiero, por amor te mato"}]},{"@type":"WebSite","@id":"https:\/\/www.pressenza.com\/es\/#website","url":"https:\/\/www.pressenza.com\/es\/","name":"Pressenza","description":"International Press Agency","publisher":{"@id":"https:\/\/www.pressenza.com\/es\/#organization"},"potentialAction":[{"@type":"SearchAction","target":{"@type":"EntryPoint","urlTemplate":"https:\/\/www.pressenza.com\/es\/?s={search_term_string}"},"query-input":{"@type":"PropertyValueSpecification","valueRequired":true,"valueName":"search_term_string"}}],"inLanguage":"es"},{"@type":"Organization","@id":"https:\/\/www.pressenza.com\/es\/#organization","name":"Pressenza","url":"https:\/\/www.pressenza.com\/es\/","logo":{"@type":"ImageObject","inLanguage":"es","@id":"https:\/\/www.pressenza.com\/es\/#\/schema\/logo\/image\/","url":"https:\/\/www.pressenza.com\/wp-content\/uploads\/2022\/10\/pressenza_logo_200x200.jpg","contentUrl":"https:\/\/www.pressenza.com\/wp-content\/uploads\/2022\/10\/pressenza_logo_200x200.jpg","width":200,"height":200,"caption":"Pressenza"},"image":{"@id":"https:\/\/www.pressenza.com\/es\/#\/schema\/logo\/image\/"},"sameAs":["https:\/\/www.facebook.com\/PressenzaItalia","https:\/\/x.com\/PressenzaIPA"]},{"@type":"Person","@id":"https:\/\/www.pressenza.com\/es\/#\/schema\/person\/010e5d02bcf40965427a1289a4cc8d75","name":"Pressenza IPA","description":"News from Pressenza IPA correspondents","sameAs":["https:\/\/www.facebook.com\/pressenza","https:\/\/x.com\/PressenzaIPA"],"url":"https:\/\/www.pressenza.com\/es\/author\/pressenza-ipa\/"}]}},"place":"Madrid","original_article_url":"","_links":{"self":[{"href":"https:\/\/www.pressenza.com\/es\/wp-json\/wp\/v2\/posts\/2352","targetHints":{"allow":["GET"]}}],"collection":[{"href":"https:\/\/www.pressenza.com\/es\/wp-json\/wp\/v2\/posts"}],"about":[{"href":"https:\/\/www.pressenza.com\/es\/wp-json\/wp\/v2\/types\/post"}],"author":[{"embeddable":true,"href":"https:\/\/www.pressenza.com\/es\/wp-json\/wp\/v2\/users\/19"}],"replies":[{"embeddable":true,"href":"https:\/\/www.pressenza.com\/es\/wp-json\/wp\/v2\/comments?post=2352"}],"version-history":[{"count":0,"href":"https:\/\/www.pressenza.com\/es\/wp-json\/wp\/v2\/posts\/2352\/revisions"}],"wp:attachment":[{"href":"https:\/\/www.pressenza.com\/es\/wp-json\/wp\/v2\/media?parent=2352"}],"wp:term":[{"taxonomy":"category","embeddable":true,"href":"https:\/\/www.pressenza.com\/es\/wp-json\/wp\/v2\/categories?post=2352"},{"taxonomy":"post_tag","embeddable":true,"href":"https:\/\/www.pressenza.com\/es\/wp-json\/wp\/v2\/tags?post=2352"}],"curies":[{"name":"wp","href":"https:\/\/api.w.org\/{rel}","templated":true}]}}