{"id":235122,"date":"2015-10-16T16:33:57","date_gmt":"2015-10-16T15:33:57","guid":{"rendered":"http:\/\/www.pressenza.com\/es\/?p=235122"},"modified":"2015-10-16T16:34:56","modified_gmt":"2015-10-16T15:34:56","slug":"nieta-117-ahora-uno-siente-la-responsabilidad-de-participar","status":"publish","type":"post","link":"https:\/\/www.pressenza.com\/es\/2015\/10\/nieta-117-ahora-uno-siente-la-responsabilidad-de-participar\/","title":{"rendered":"Nieta 117: \u00abAhora uno siente la responsabilidad de participar\u00bb"},"content":{"rendered":"<p><em>Claudia Dom\u00ednguez Castro recuper\u00f3 su verdadera identidad en agosto. Hoy, por primera vez, habl\u00f3 con los medios. Es hija de Walter Hern\u00e1n Dom\u00ednguez y Gladys Cristina Castro ambos desaparecidos. Naci\u00f3 a principios de 1978, sus padres se conoc\u00edan del barrio y se hab\u00edan casado un a\u00f1o antes de que los secuestraran.<\/em><\/p>\n<p><em><strong>Por Infojus Noticias &#8211; fotos de Axel Lloret<\/strong><\/em><\/p>\n<p>Claudia Dom\u00ednguez Castro, la nieta restituida 117, hija de Walter Hern\u00e1n Dom\u00ednguez y Gladys Cristina Castro, cont\u00f3 la historia sobre c\u00f3mo lleg\u00f3 a conocer su verdadera identidad. Emocionada, pensando en sus abuelas que la buscaron y que no pod\u00edan esperar un minuto m\u00e1s, decidi\u00f3 su acercamiento. \u201cSon muchas cosas para poder expresarlas, en principio, fue un shock tremendo\u201d, cont\u00f3 Claudia y agreg\u00f3: \u201cAhora, es tiempo de ir conociendo lo que les pas\u00f3 a mis pap\u00e1s e ir conociendo a todos los dem\u00e1s de la familia\u201d.<\/p>\n<p><img decoding=\"async\" src=\"http:\/\/www.infojusnoticias.gov.ar\/upload_editor\/images\/nieta%20117%20%280%29.jpg\" alt=\"\" \/><\/p>\n<p>Claudia comparti\u00f3 su historia y sensaciones en conferencia de prensa, con la prudencia de no ahondar en datos que puedan afectar el proceso judicial que investiga su apropiaci\u00f3n. Junto a sus abuelas, en las instalaciones de Radio Nacional de Mendoza, habl\u00f3 por primera vez con los medios de comunicaci\u00f3n. \u201cEsto es lo que m\u00e1s miedo me daba\u201d, dijo, en relaci\u00f3n a la cantidad de periodistas que esperaban escucharla.<\/p>\n<p>Conocer su identidad no s\u00f3lo cambi\u00f3 su vida en relaci\u00f3n a sus v\u00ednculos y a su familia. \u201cUno siente la responsabilidad de participar\u201d, expres\u00f3 y coment\u00f3 que lo estuvo haciendo \u201ca escondidas\u201d, d\u00edas atr\u00e1s, en una charla sobre derechos humanos. \u201cTuve la sorpresa de que me hablaban mir\u00e1ndome a los ojos, me hablaban de m\u00ed y yo no pod\u00eda decir nada. Iba a escuchar otra cosa y termin\u00e9 escuchando hablar de m\u00ed, ten\u00eda ganas de pararme, saludar y agradecer, pero no pod\u00eda, era una primicias para las abuelas\u201d, dijo y las risas de los presentes acompa\u00f1aron el momento de emoci\u00f3n.<\/p>\n<p><img decoding=\"async\" src=\"http:\/\/www.infojusnoticias.gov.ar\/upload_editor\/images\/nieta%20117%20%281%29.jpg\" alt=\"\" \/><\/p>\n<p>Claudia tambi\u00e9n dio cuenta de c\u00f3mo viv\u00eda las noticias sobre la recuperaci\u00f3n de identidad de otros nietos. \u201cTodo eso lo viv\u00eda muy alejado, como noticias del pa\u00eds. Ten\u00eda negada esa parte. Se hab\u00eda dado todo tan natural en mi familia adoptiva que yo sab\u00eda que no hab\u00eda nada turbio en eso. Realmente no ten\u00eda ganas de buscar\u201d. Y agreg\u00f3 sobre sus padres adoptivos: \u201cEllos siguen siendo mis viejos, tengo cuatro padres ahora y va a seguir siendo as\u00ed\u201d.\u00a0 Emocionada, dijo que sue\u00f1a con la familia entera, sentada junta.<\/p>\n<p>Esa distancia no impidi\u00f3, sin embargo, que la nieta 117 pusiera en cuesti\u00f3n qui\u00e9nes eran sus padres biol\u00f3gicos: \u201cMis dudas siempre estuvieron porque mis padres adoptivos me dijeron, desde que nac\u00ed, que no era hija biol\u00f3gica de ellos. As\u00ed que esa duda la tuve siempre pero sin ning\u00fan tiempo de lineamientos relacionados al terrorismo de Estado\u201d, cont\u00f3. Y agreg\u00f3: \u201cEn el mes de enero, recib\u00ed un llamado telef\u00f3nico de Conadi y entonces dije, s\u00ed hay cosas que son posibles.<\/p>\n<p><img decoding=\"async\" src=\"http:\/\/www.infojusnoticias.gov.ar\/upload_editor\/images\/nieta%20117%20%282%29.jpg\" alt=\"\" \/><\/p>\n<p>Enseguida, le cont\u00f3 su decisi\u00f3n de ir por la verdad a sus padres adoptivos. Ellos le dijeron que esa era su decisi\u00f3n y se mostraron abiertos a acompa\u00f1arla en el proceso. En julio, el Banco de Datos Gen\u00e9ticos fue a Mendoza y ah\u00ed se pact\u00f3 la toma de muestra. En todo momento, se le explic\u00f3 que el resultado pod\u00eda ser negativo. \u201cYo quer\u00eda descartar esa posibilidad y si era negativo el resultado, no iba a seguir buscando\u201d, asegur\u00f3.<\/p>\n<p>En el lapso de espera de los resultados de ADN, el esposo de Claudia tuvo que viajar por trabajo. Ella decidi\u00f3 acompa\u00f1arlo con sus hijos. Entonces recibi\u00f3 la llamada que le confirmaba el resultado positivo. Claudia cont\u00f3 que, apenas se enter\u00f3, cort\u00f3 el tel\u00e9fono y ni siquiera pregunt\u00f3 qui\u00e9nes eran sus padres. \u201cDurante una hora, no s\u00e9 qu\u00e9 hice, gracias a Dios mis hijos est\u00e1n vivos\u201d, brome\u00f3 para graficar el shock que le produjo la noticia. Inmediatamente, pens\u00f3 en todo lo que no sab\u00eda de su historia. Y le escribi\u00f3 un mensaje a la persona de Conadi que le hab\u00eda comunicado la novedad: \u201cDisculpame, pero necesito saber los nombres\u201d, escribi\u00f3 en un mensaje.<\/p>\n<p>La respuesta lleg\u00f3 con la informaci\u00f3n: era hija de Walter y Gladys. Claudia empez\u00f3 a buscar por internet m\u00e1s datos sobre sus padres. \u201cMe encontr\u00e9 con fotos; no me ve\u00eda parecida a ninguno. S\u00ed rasgos de mi pap\u00e1 con mi hijo del medio\u201d, apunt\u00f3 y agreg\u00f3: \u201cCuando llegu\u00e9 al encuentro con mis abuelas y me dieron las fotos familiares, ah\u00ed s\u00ed me veo igual a mi pap\u00e1\u2026 me emocion\u00f3 ver eso, los gestos\u201d. Tambi\u00e9n encontr\u00f3 parecidos con su madre y sus primas.<\/p>\n<p>El primer acercamiento con las abuelas Mar\u00eda Assof de Dom\u00ednguez y Angelina Catterino de Castro fue en privado. Despu\u00e9s, continuaron el contacto pero con prudencia, para que no se hiciera p\u00fablico. \u201cPrimero, quer\u00eda hablarlo con mis hijos\u201d, coment\u00f3 y agreg\u00f3: \u201cHabl\u00e9 con la mayor, de 9 a\u00f1os. Ella, por Paka Paka, ten\u00eda muy en claro muchas m\u00e1s cosas que yo. Le expliqu\u00e9 todo de forma did\u00e1ctica. Se emocion\u00f3, a ella no le hab\u00eda contado que era hija adoptada. Se emocion\u00f3 mucho, fue muy natural y, en seguida, quer\u00eda ir y golpearles la puerta a sus abuelas. Todo se dio de la manera m\u00e1s natural\u201d, dijo.<\/p>\n<p><img decoding=\"async\" src=\"http:\/\/www.infojusnoticias.gov.ar\/upload_editor\/images\/Nieta11712RRrrr.jpg\" alt=\"\" \/><\/p>\n<p>Antes del acercamiento personal con su nueva familia, Claudia fue conoci\u00e9ndolos por Facebook: \u201cUno de mis t\u00edos abri\u00f3 un perfil como Nieta 117 y ah\u00ed todos se presentaban\u201d. Ella pudo descubrir sus caras, conocer su identidad, reconocer a quienes se hab\u00edan convertido en familia. \u201cMi esposo me ayud\u00f3 a armar un perfil para poder ponerles un \u2018me gusta\u2019\u201d, cont\u00f3 sonriente.<\/p>\n<p><img decoding=\"async\" src=\"http:\/\/www.infojusnoticias.gov.ar\/upload_editor\/images\/nieta%20117%20%283%29.jpg\" alt=\"\" \/><\/p>\n<p>En otro tramo de la conferencia de prensa, la abuela Mar\u00eda cont\u00f3: \u201cTenemos la alegr\u00eda de tenerla con\u00a0 nosotros\u201d, dijo y el llanto interrumpi\u00f3 el relato. La otra abuela tom\u00f3 la posta y comparti\u00f3 la felicidad del primer encuentro, despu\u00e9s de 37 a\u00f1os de b\u00fasqueda. \u201cAhora, es una m\u00e1s en la familia, somos un mont\u00f3n\u201d, expres\u00f3.<\/p>\n","protected":false},"excerpt":{"rendered":"<p>Claudia Dom\u00ednguez Castro recuper\u00f3 su verdadera identidad en agosto. Hoy, por primera vez, habl\u00f3 con los medios. Es hija de Walter Hern\u00e1n Dom\u00ednguez y Gladys Cristina Castro ambos desaparecidos. Naci\u00f3 a principios de 1978, sus padres se conoc\u00edan del barrio&hellip;<\/p>\n","protected":false},"author":87,"featured_media":235123,"comment_status":"closed","ping_status":"open","sticky":false,"template":"","format":"standard","meta":{"footnotes":""},"categories":[79,5667,74,67],"tags":[1028,20904,26,441,6903,2429,398,868,11752,20903,1030],"class_list":["post-235122","post","type-post","status-publish","format-standard","has-post-thumbnail","hentry","category-derechos-humanos","category-foto-reportajes","category-politica-es","category-sudamerica","tag-abuelas-de-plaza-de-mayo","tag-apropiacion-de-bebes","tag-argentina","tag-derechos-humanos","tag-desaparecidos-es","tag-dictadura","tag-justicia","tag-memoria","tag-nietos-recuperados","tag-restitucion-de-identidad","tag-verdad-y-justicia"],"yoast_head":"<!-- This site is optimized with the Yoast SEO plugin v27.1.1 - https:\/\/yoast.com\/product\/yoast-seo-wordpress\/ -->\n<title>Nieta 117: &quot;Ahora uno siente la responsabilidad de participar&quot;<\/title>\n<meta name=\"description\" content=\"Claudia Dom\u00ednguez Castro recuper\u00f3 su verdadera identidad en agosto. Hoy, por primera vez, habl\u00f3 con los medios. Es hija de Walter Hern\u00e1n Dom\u00ednguez y\" \/>\n<meta name=\"robots\" content=\"index, follow, max-snippet:-1, max-image-preview:large, max-video-preview:-1\" \/>\n<link rel=\"canonical\" href=\"https:\/\/www.pressenza.com\/es\/2015\/10\/nieta-117-ahora-uno-siente-la-responsabilidad-de-participar\/\" \/>\n<meta property=\"og:locale\" content=\"es_ES\" \/>\n<meta property=\"og:type\" content=\"article\" \/>\n<meta property=\"og:title\" content=\"Nieta 117: &quot;Ahora uno siente la responsabilidad de participar&quot;\" \/>\n<meta property=\"og:description\" content=\"Claudia Dom\u00ednguez Castro recuper\u00f3 su verdadera identidad en agosto. Hoy, por primera vez, habl\u00f3 con los medios. Es hija de Walter Hern\u00e1n Dom\u00ednguez y\" \/>\n<meta property=\"og:url\" content=\"https:\/\/www.pressenza.com\/es\/2015\/10\/nieta-117-ahora-uno-siente-la-responsabilidad-de-participar\/\" \/>\n<meta property=\"og:site_name\" content=\"Pressenza\" \/>\n<meta property=\"article:publisher\" content=\"https:\/\/www.facebook.com\/PressenzaItalia\" \/>\n<meta property=\"article:published_time\" content=\"2015-10-16T15:33:57+00:00\" \/>\n<meta property=\"article:modified_time\" content=\"2015-10-16T15:34:56+00:00\" \/>\n<meta property=\"og:image\" content=\"https:\/\/www.pressenza.com\/wp-content\/uploads\/2015\/10\/nieta117_1r.jpg\" \/>\n\t<meta property=\"og:image:width\" content=\"551\" \/>\n\t<meta property=\"og:image:height\" content=\"367\" \/>\n\t<meta property=\"og:image:type\" content=\"image\/jpeg\" \/>\n<meta name=\"author\" content=\"Redacci\u00f3n Argentina\" \/>\n<meta name=\"twitter:card\" content=\"summary_large_image\" \/>\n<meta name=\"twitter:creator\" content=\"@pressenza\" \/>\n<meta name=\"twitter:site\" content=\"@PressenzaIPA\" \/>\n<meta name=\"twitter:label1\" content=\"Escrito por\" \/>\n\t<meta name=\"twitter:data1\" content=\"Redacci\u00f3n Argentina\" \/>\n\t<meta name=\"twitter:label2\" content=\"Tiempo de lectura\" \/>\n\t<meta name=\"twitter:data2\" content=\"5 minutos\" \/>\n<script type=\"application\/ld+json\" class=\"yoast-schema-graph\">{\"@context\":\"https:\/\/schema.org\",\"@graph\":[{\"@type\":\"Article\",\"@id\":\"https:\/\/www.pressenza.com\/es\/2015\/10\/nieta-117-ahora-uno-siente-la-responsabilidad-de-participar\/#article\",\"isPartOf\":{\"@id\":\"https:\/\/www.pressenza.com\/es\/2015\/10\/nieta-117-ahora-uno-siente-la-responsabilidad-de-participar\/\"},\"author\":{\"name\":\"Redacci\u00f3n Argentina\",\"@id\":\"https:\/\/www.pressenza.com\/es\/#\/schema\/person\/0dda7d1b68267ad95b1e1d83abc98c89\"},\"headline\":\"Nieta 117: \u00abAhora uno siente la responsabilidad de participar\u00bb\",\"datePublished\":\"2015-10-16T15:33:57+00:00\",\"dateModified\":\"2015-10-16T15:34:56+00:00\",\"mainEntityOfPage\":{\"@id\":\"https:\/\/www.pressenza.com\/es\/2015\/10\/nieta-117-ahora-uno-siente-la-responsabilidad-de-participar\/\"},\"wordCount\":1060,\"publisher\":{\"@id\":\"https:\/\/www.pressenza.com\/es\/#organization\"},\"image\":{\"@id\":\"https:\/\/www.pressenza.com\/es\/2015\/10\/nieta-117-ahora-uno-siente-la-responsabilidad-de-participar\/#primaryimage\"},\"thumbnailUrl\":\"https:\/\/www.pressenza.com\/wp-content\/uploads\/2015\/10\/nieta117_1r.jpg\",\"keywords\":[\"Abuelas de Plaza de Mayo\",\"apropiaci\u00f3n de beb\u00e9s\",\"Argentina\",\"Derechos humanos\",\"desaparecidos\",\"dictadura\",\"justicia\",\"memoria\",\"Nietos recuperados\",\"restituci\u00f3n de identidad\",\"Verdad y Justicia\"],\"articleSection\":[\"Derechos Humanos\",\"Fotorreportajes\",\"Pol\u00edtica\",\"Sudam\u00e9rica\"],\"inLanguage\":\"es\"},{\"@type\":\"WebPage\",\"@id\":\"https:\/\/www.pressenza.com\/es\/2015\/10\/nieta-117-ahora-uno-siente-la-responsabilidad-de-participar\/\",\"url\":\"https:\/\/www.pressenza.com\/es\/2015\/10\/nieta-117-ahora-uno-siente-la-responsabilidad-de-participar\/\",\"name\":\"Nieta 117: \\\"Ahora uno siente la responsabilidad de participar\\\"\",\"isPartOf\":{\"@id\":\"https:\/\/www.pressenza.com\/es\/#website\"},\"primaryImageOfPage\":{\"@id\":\"https:\/\/www.pressenza.com\/es\/2015\/10\/nieta-117-ahora-uno-siente-la-responsabilidad-de-participar\/#primaryimage\"},\"image\":{\"@id\":\"https:\/\/www.pressenza.com\/es\/2015\/10\/nieta-117-ahora-uno-siente-la-responsabilidad-de-participar\/#primaryimage\"},\"thumbnailUrl\":\"https:\/\/www.pressenza.com\/wp-content\/uploads\/2015\/10\/nieta117_1r.jpg\",\"datePublished\":\"2015-10-16T15:33:57+00:00\",\"dateModified\":\"2015-10-16T15:34:56+00:00\",\"description\":\"Claudia Dom\u00ednguez Castro recuper\u00f3 su verdadera identidad en agosto. Hoy, por primera vez, habl\u00f3 con los medios. Es hija de Walter Hern\u00e1n Dom\u00ednguez y\",\"breadcrumb\":{\"@id\":\"https:\/\/www.pressenza.com\/es\/2015\/10\/nieta-117-ahora-uno-siente-la-responsabilidad-de-participar\/#breadcrumb\"},\"inLanguage\":\"es\",\"potentialAction\":[{\"@type\":\"ReadAction\",\"target\":[\"https:\/\/www.pressenza.com\/es\/2015\/10\/nieta-117-ahora-uno-siente-la-responsabilidad-de-participar\/\"]}]},{\"@type\":\"ImageObject\",\"inLanguage\":\"es\",\"@id\":\"https:\/\/www.pressenza.com\/es\/2015\/10\/nieta-117-ahora-uno-siente-la-responsabilidad-de-participar\/#primaryimage\",\"url\":\"https:\/\/www.pressenza.com\/wp-content\/uploads\/2015\/10\/nieta117_1r.jpg\",\"contentUrl\":\"https:\/\/www.pressenza.com\/wp-content\/uploads\/2015\/10\/nieta117_1r.jpg\",\"width\":551,\"height\":367},{\"@type\":\"BreadcrumbList\",\"@id\":\"https:\/\/www.pressenza.com\/es\/2015\/10\/nieta-117-ahora-uno-siente-la-responsabilidad-de-participar\/#breadcrumb\",\"itemListElement\":[{\"@type\":\"ListItem\",\"position\":1,\"name\":\"Accueil\",\"item\":\"https:\/\/www.pressenza.com\/es\/\"},{\"@type\":\"ListItem\",\"position\":2,\"name\":\"Nieta 117: \u00abAhora uno siente la responsabilidad de participar\u00bb\"}]},{\"@type\":\"WebSite\",\"@id\":\"https:\/\/www.pressenza.com\/es\/#website\",\"url\":\"https:\/\/www.pressenza.com\/es\/\",\"name\":\"Pressenza\",\"description\":\"International Press Agency\",\"publisher\":{\"@id\":\"https:\/\/www.pressenza.com\/es\/#organization\"},\"potentialAction\":[{\"@type\":\"SearchAction\",\"target\":{\"@type\":\"EntryPoint\",\"urlTemplate\":\"https:\/\/www.pressenza.com\/es\/?s={search_term_string}\"},\"query-input\":{\"@type\":\"PropertyValueSpecification\",\"valueRequired\":true,\"valueName\":\"search_term_string\"}}],\"inLanguage\":\"es\"},{\"@type\":\"Organization\",\"@id\":\"https:\/\/www.pressenza.com\/es\/#organization\",\"name\":\"Pressenza\",\"url\":\"https:\/\/www.pressenza.com\/es\/\",\"logo\":{\"@type\":\"ImageObject\",\"inLanguage\":\"es\",\"@id\":\"https:\/\/www.pressenza.com\/es\/#\/schema\/logo\/image\/\",\"url\":\"https:\/\/www.pressenza.com\/wp-content\/uploads\/2022\/10\/pressenza_logo_200x200.jpg\",\"contentUrl\":\"https:\/\/www.pressenza.com\/wp-content\/uploads\/2022\/10\/pressenza_logo_200x200.jpg\",\"width\":200,\"height\":200,\"caption\":\"Pressenza\"},\"image\":{\"@id\":\"https:\/\/www.pressenza.com\/es\/#\/schema\/logo\/image\/\"},\"sameAs\":[\"https:\/\/www.facebook.com\/PressenzaItalia\",\"https:\/\/x.com\/PressenzaIPA\"]},{\"@type\":\"Person\",\"@id\":\"https:\/\/www.pressenza.com\/es\/#\/schema\/person\/0dda7d1b68267ad95b1e1d83abc98c89\",\"name\":\"Redacci\u00f3n Argentina\",\"description\":\"News from the Pressenza Bureau in Argentina.\",\"sameAs\":[\"https:\/\/x.com\/pressenza\"],\"url\":\"https:\/\/www.pressenza.com\/es\/author\/redaccion-argentina\/\"}]}<\/script>\n<!-- \/ Yoast SEO plugin. -->","yoast_head_json":{"title":"Nieta 117: \"Ahora uno siente la responsabilidad de participar\"","description":"Claudia Dom\u00ednguez Castro recuper\u00f3 su verdadera identidad en agosto. Hoy, por primera vez, habl\u00f3 con los medios. Es hija de Walter Hern\u00e1n Dom\u00ednguez y","robots":{"index":"index","follow":"follow","max-snippet":"max-snippet:-1","max-image-preview":"max-image-preview:large","max-video-preview":"max-video-preview:-1"},"canonical":"https:\/\/www.pressenza.com\/es\/2015\/10\/nieta-117-ahora-uno-siente-la-responsabilidad-de-participar\/","og_locale":"es_ES","og_type":"article","og_title":"Nieta 117: \"Ahora uno siente la responsabilidad de participar\"","og_description":"Claudia Dom\u00ednguez Castro recuper\u00f3 su verdadera identidad en agosto. Hoy, por primera vez, habl\u00f3 con los medios. Es hija de Walter Hern\u00e1n Dom\u00ednguez y","og_url":"https:\/\/www.pressenza.com\/es\/2015\/10\/nieta-117-ahora-uno-siente-la-responsabilidad-de-participar\/","og_site_name":"Pressenza","article_publisher":"https:\/\/www.facebook.com\/PressenzaItalia","article_published_time":"2015-10-16T15:33:57+00:00","article_modified_time":"2015-10-16T15:34:56+00:00","og_image":[{"width":551,"height":367,"url":"https:\/\/www.pressenza.com\/wp-content\/uploads\/2015\/10\/nieta117_1r.jpg","type":"image\/jpeg"}],"author":"Redacci\u00f3n Argentina","twitter_card":"summary_large_image","twitter_creator":"@pressenza","twitter_site":"@PressenzaIPA","twitter_misc":{"Escrito por":"Redacci\u00f3n Argentina","Tiempo de lectura":"5 minutos"},"schema":{"@context":"https:\/\/schema.org","@graph":[{"@type":"Article","@id":"https:\/\/www.pressenza.com\/es\/2015\/10\/nieta-117-ahora-uno-siente-la-responsabilidad-de-participar\/#article","isPartOf":{"@id":"https:\/\/www.pressenza.com\/es\/2015\/10\/nieta-117-ahora-uno-siente-la-responsabilidad-de-participar\/"},"author":{"name":"Redacci\u00f3n Argentina","@id":"https:\/\/www.pressenza.com\/es\/#\/schema\/person\/0dda7d1b68267ad95b1e1d83abc98c89"},"headline":"Nieta 117: \u00abAhora uno siente la responsabilidad de participar\u00bb","datePublished":"2015-10-16T15:33:57+00:00","dateModified":"2015-10-16T15:34:56+00:00","mainEntityOfPage":{"@id":"https:\/\/www.pressenza.com\/es\/2015\/10\/nieta-117-ahora-uno-siente-la-responsabilidad-de-participar\/"},"wordCount":1060,"publisher":{"@id":"https:\/\/www.pressenza.com\/es\/#organization"},"image":{"@id":"https:\/\/www.pressenza.com\/es\/2015\/10\/nieta-117-ahora-uno-siente-la-responsabilidad-de-participar\/#primaryimage"},"thumbnailUrl":"https:\/\/www.pressenza.com\/wp-content\/uploads\/2015\/10\/nieta117_1r.jpg","keywords":["Abuelas de Plaza de Mayo","apropiaci\u00f3n de beb\u00e9s","Argentina","Derechos humanos","desaparecidos","dictadura","justicia","memoria","Nietos recuperados","restituci\u00f3n de identidad","Verdad y Justicia"],"articleSection":["Derechos Humanos","Fotorreportajes","Pol\u00edtica","Sudam\u00e9rica"],"inLanguage":"es"},{"@type":"WebPage","@id":"https:\/\/www.pressenza.com\/es\/2015\/10\/nieta-117-ahora-uno-siente-la-responsabilidad-de-participar\/","url":"https:\/\/www.pressenza.com\/es\/2015\/10\/nieta-117-ahora-uno-siente-la-responsabilidad-de-participar\/","name":"Nieta 117: \"Ahora uno siente la responsabilidad de participar\"","isPartOf":{"@id":"https:\/\/www.pressenza.com\/es\/#website"},"primaryImageOfPage":{"@id":"https:\/\/www.pressenza.com\/es\/2015\/10\/nieta-117-ahora-uno-siente-la-responsabilidad-de-participar\/#primaryimage"},"image":{"@id":"https:\/\/www.pressenza.com\/es\/2015\/10\/nieta-117-ahora-uno-siente-la-responsabilidad-de-participar\/#primaryimage"},"thumbnailUrl":"https:\/\/www.pressenza.com\/wp-content\/uploads\/2015\/10\/nieta117_1r.jpg","datePublished":"2015-10-16T15:33:57+00:00","dateModified":"2015-10-16T15:34:56+00:00","description":"Claudia Dom\u00ednguez Castro recuper\u00f3 su verdadera identidad en agosto. Hoy, por primera vez, habl\u00f3 con los medios. Es hija de Walter Hern\u00e1n Dom\u00ednguez y","breadcrumb":{"@id":"https:\/\/www.pressenza.com\/es\/2015\/10\/nieta-117-ahora-uno-siente-la-responsabilidad-de-participar\/#breadcrumb"},"inLanguage":"es","potentialAction":[{"@type":"ReadAction","target":["https:\/\/www.pressenza.com\/es\/2015\/10\/nieta-117-ahora-uno-siente-la-responsabilidad-de-participar\/"]}]},{"@type":"ImageObject","inLanguage":"es","@id":"https:\/\/www.pressenza.com\/es\/2015\/10\/nieta-117-ahora-uno-siente-la-responsabilidad-de-participar\/#primaryimage","url":"https:\/\/www.pressenza.com\/wp-content\/uploads\/2015\/10\/nieta117_1r.jpg","contentUrl":"https:\/\/www.pressenza.com\/wp-content\/uploads\/2015\/10\/nieta117_1r.jpg","width":551,"height":367},{"@type":"BreadcrumbList","@id":"https:\/\/www.pressenza.com\/es\/2015\/10\/nieta-117-ahora-uno-siente-la-responsabilidad-de-participar\/#breadcrumb","itemListElement":[{"@type":"ListItem","position":1,"name":"Accueil","item":"https:\/\/www.pressenza.com\/es\/"},{"@type":"ListItem","position":2,"name":"Nieta 117: \u00abAhora uno siente la responsabilidad de participar\u00bb"}]},{"@type":"WebSite","@id":"https:\/\/www.pressenza.com\/es\/#website","url":"https:\/\/www.pressenza.com\/es\/","name":"Pressenza","description":"International Press Agency","publisher":{"@id":"https:\/\/www.pressenza.com\/es\/#organization"},"potentialAction":[{"@type":"SearchAction","target":{"@type":"EntryPoint","urlTemplate":"https:\/\/www.pressenza.com\/es\/?s={search_term_string}"},"query-input":{"@type":"PropertyValueSpecification","valueRequired":true,"valueName":"search_term_string"}}],"inLanguage":"es"},{"@type":"Organization","@id":"https:\/\/www.pressenza.com\/es\/#organization","name":"Pressenza","url":"https:\/\/www.pressenza.com\/es\/","logo":{"@type":"ImageObject","inLanguage":"es","@id":"https:\/\/www.pressenza.com\/es\/#\/schema\/logo\/image\/","url":"https:\/\/www.pressenza.com\/wp-content\/uploads\/2022\/10\/pressenza_logo_200x200.jpg","contentUrl":"https:\/\/www.pressenza.com\/wp-content\/uploads\/2022\/10\/pressenza_logo_200x200.jpg","width":200,"height":200,"caption":"Pressenza"},"image":{"@id":"https:\/\/www.pressenza.com\/es\/#\/schema\/logo\/image\/"},"sameAs":["https:\/\/www.facebook.com\/PressenzaItalia","https:\/\/x.com\/PressenzaIPA"]},{"@type":"Person","@id":"https:\/\/www.pressenza.com\/es\/#\/schema\/person\/0dda7d1b68267ad95b1e1d83abc98c89","name":"Redacci\u00f3n Argentina","description":"News from the Pressenza Bureau in Argentina.","sameAs":["https:\/\/x.com\/pressenza"],"url":"https:\/\/www.pressenza.com\/es\/author\/redaccion-argentina\/"}]}},"place":"Mendoza","original_article_url":"http:\/\/www.infojusnoticias.gov.ar\/nacionales\/nieta-117-ahora-uno-siente-la-responsabilidad-de-participar-10201.html","_links":{"self":[{"href":"https:\/\/www.pressenza.com\/es\/wp-json\/wp\/v2\/posts\/235122","targetHints":{"allow":["GET"]}}],"collection":[{"href":"https:\/\/www.pressenza.com\/es\/wp-json\/wp\/v2\/posts"}],"about":[{"href":"https:\/\/www.pressenza.com\/es\/wp-json\/wp\/v2\/types\/post"}],"author":[{"embeddable":true,"href":"https:\/\/www.pressenza.com\/es\/wp-json\/wp\/v2\/users\/87"}],"replies":[{"embeddable":true,"href":"https:\/\/www.pressenza.com\/es\/wp-json\/wp\/v2\/comments?post=235122"}],"version-history":[{"count":0,"href":"https:\/\/www.pressenza.com\/es\/wp-json\/wp\/v2\/posts\/235122\/revisions"}],"wp:featuredmedia":[{"embeddable":true,"href":"https:\/\/www.pressenza.com\/es\/wp-json\/wp\/v2\/media\/235123"}],"wp:attachment":[{"href":"https:\/\/www.pressenza.com\/es\/wp-json\/wp\/v2\/media?parent=235122"}],"wp:term":[{"taxonomy":"category","embeddable":true,"href":"https:\/\/www.pressenza.com\/es\/wp-json\/wp\/v2\/categories?post=235122"},{"taxonomy":"post_tag","embeddable":true,"href":"https:\/\/www.pressenza.com\/es\/wp-json\/wp\/v2\/tags?post=235122"}],"curies":[{"name":"wp","href":"https:\/\/api.w.org\/{rel}","templated":true}]}}