{"id":234886,"date":"2015-10-16T04:14:28","date_gmt":"2015-10-16T03:14:28","guid":{"rendered":"http:\/\/www.pressenza.com\/es\/?p=234886"},"modified":"2016-03-30T19:18:34","modified_gmt":"2016-03-30T18:18:34","slug":"medios-de-comunicacion-y-desarme-nuclear","status":"publish","type":"post","link":"https:\/\/www.pressenza.com\/es\/2015\/10\/medios-de-comunicacion-y-desarme-nuclear\/","title":{"rendered":"Medios de Comunicaci\u00f3n y desarme nuclear"},"content":{"rendered":"<p class=\"news-title entry-title\">Ciespal y Pressenza realizaron un <a href=\"https:\/\/www.youtube.com\/watch?v=RDrnuZkMl_E\">conversatorio<\/a> \u201cEl Desarme Nuclear: claves para su abordaje period\u00edstico\u201d con la participaci\u00f3n de Tony Robinson y David Andersson, representantes de la agencia de internacional de noticias Pressenza.<\/p>\n<p class=\"news-title entry-title\">Al conversatorio asistieron periodistas de algunos medios, con ellos se dialog\u00f3 sobre la importancia de que\u00a0la gente conozca sobre el negocio y los intereses financieros que se manejan detr\u00e1s de esta problem\u00e1tica seg\u00fan se\u00f1al\u00f3 Tony Robinson. Mientras tanto Andersson dimension\u00f3 la importancia que tiene esta industria en la econom\u00eda de Estados Unidos.<\/p>\n<p class=\"news-title entry-title\">Los dos ponentes expresaron el inter\u00e9s de la agencia de noticias Pressenza por difundir este tipo de informaci\u00f3n y construir redes de apoyo en diversos pa\u00edses, pues esta problem\u00e1tica implica a todo el planeta.<\/p>\n<p class=\"news-title entry-title\">Mencionaron sobre la campa\u00f1a internacional para la abolici\u00f3n de las armas nucleares (ICAN), as\u00ed como el proceso recorrido\u00a0para\u00a0firmar un compromiso \u201ca identificar y llevar adelante medidas efectivas para llenar la brecha legal para la prohibici\u00f3n y eliminaci\u00f3n de las armas nucleares.\u201d<\/p>\n<p class=\"news-title entry-title\">Destacaron tambi\u00e9n que ICAN propone la necesidad de un tratado de prohibici\u00f3n, elaborado, si fuera necesario por los pa\u00edses sin armas.<\/p>\n<p>Finalmente, luego de las preguntas e inquietudes\u00a0del p\u00fablico asistente, se destac\u00f3 la importancia\u00a0del trabajo con las comunidades y la necesidad de un cambio de conciencia en las personas para exigir una agenda medi\u00e1tica con nuevos actores y espacios generados desde los gobiernos\u00a0de cada pa\u00eds.<\/p>\n<div class=\"post-gallery\">\n\t\t\t<figure class=\"post-gallery-item\">\n\t\t\t\t<img decoding=\"async\" src=\"https:\/\/www.pressenza.com\/wp-content\/uploads\/2015\/10\/Desarme-Nuclear-720x472.png\" loading=\"lazy\">\n\t\t\t\t<figcaption>\n\t\t\t\t\t\n\t\t\t\t<\/figcaption>\n\t\t\t<\/figure>\n\t\t\t<figure class=\"post-gallery-item\">\n\t\t\t\t<img decoding=\"async\" src=\"https:\/\/www.pressenza.com\/wp-content\/uploads\/2015\/10\/DSC_00941-720x312.jpg\" loading=\"lazy\">\n\t\t\t\t<figcaption>\n\t\t\t\t\t\n\t\t\t\t<\/figcaption>\n\t\t\t<\/figure>\n\t\t\t<figure class=\"post-gallery-item\">\n\t\t\t\t<img decoding=\"async\" src=\"https:\/\/www.pressenza.com\/wp-content\/uploads\/2015\/10\/DSC_0099-720x661.jpg\" loading=\"lazy\">\n\t\t\t\t<figcaption>\n\t\t\t\t\t\n\t\t\t\t<\/figcaption>\n\t\t\t<\/figure>\n\t\t\t<figure class=\"post-gallery-item\">\n\t\t\t\t<img decoding=\"async\" src=\"https:\/\/www.pressenza.com\/wp-content\/uploads\/2015\/10\/DSC_00811-720x538.jpg\" loading=\"lazy\">\n\t\t\t\t<figcaption>\n\t\t\t\t\t\n\t\t\t\t<\/figcaption>\n\t\t\t<\/figure>\n\t\t\t<figure class=\"post-gallery-item\">\n\t\t\t\t<img decoding=\"async\" src=\"https:\/\/www.pressenza.com\/wp-content\/uploads\/2015\/10\/DSC_00921-720x357.jpg\" loading=\"lazy\">\n\t\t\t\t<figcaption>\n\t\t\t\t\t\n\t\t\t\t<\/figcaption>\n\t\t\t<\/figure>\n\t\t\t<figure class=\"post-gallery-item\">\n\t\t\t\t<img decoding=\"async\" src=\"https:\/\/www.pressenza.com\/wp-content\/uploads\/2015\/10\/DSC_0102-720x818.jpg\" loading=\"lazy\">\n\t\t\t\t<figcaption>\n\t\t\t\t\t\n\t\t\t\t<\/figcaption>\n\t\t\t<\/figure>\n\t\t\t<figure class=\"post-gallery-item\">\n\t\t\t\t<img decoding=\"async\" src=\"https:\/\/www.pressenza.com\/wp-content\/uploads\/2015\/10\/DSC_0139-720x685.jpg\" loading=\"lazy\">\n\t\t\t\t<figcaption>\n\t\t\t\t\t\n\t\t\t\t<\/figcaption>\n\t\t\t<\/figure>\n\t\t\t<figure class=\"post-gallery-item\">\n\t\t\t\t<img decoding=\"async\" src=\"https:\/\/www.pressenza.com\/wp-content\/uploads\/2015\/10\/DSC_0095-720x348.jpg\" loading=\"lazy\">\n\t\t\t\t<figcaption>\n\t\t\t\t\t\n\t\t\t\t<\/figcaption>\n\t\t\t<\/figure>\n\t\t\t<figure class=\"post-gallery-item\">\n\t\t\t\t<img decoding=\"async\" src=\"https:\/\/www.pressenza.com\/wp-content\/uploads\/2015\/10\/DSC_01161-720x400.jpg\" loading=\"lazy\">\n\t\t\t\t<figcaption>\n\t\t\t\t\t\n\t\t\t\t<\/figcaption>\n\t\t\t<\/figure><\/div>\n","protected":false},"excerpt":{"rendered":"<p>Ciespal y Pressenza realizaron un conversatorio \u201cEl Desarme Nuclear: claves para su abordaje period\u00edstico\u201d con la participaci\u00f3n de Tony Robinson y David Andersson, representantes de la agencia de internacional de noticias Pressenza. Al conversatorio asistieron periodistas de algunos medios, con&hellip;<\/p>\n","protected":false},"author":487,"featured_media":234877,"comment_status":"closed","ping_status":"open","sticky":false,"template":"","format":"standard","meta":{"footnotes":""},"categories":[76,5667,39,1242,1243,74],"tags":[4302,709,383],"class_list":["post-234886","post","type-post","status-publish","format-standard","has-post-thumbnail","hentry","category-relaciones-exteriores","category-foto-reportajes","category-internacional","category-noviolencia-tema","category-paz-desarme","category-politica-es","tag-armas-nucleares","tag-desarme","tag-noviolencia"],"yoast_head":"<!-- This site is optimized with the Yoast SEO plugin v27.1.1 - https:\/\/yoast.com\/product\/yoast-seo-wordpress\/ -->\n<title>Medios de Comunicaci\u00f3n y desarme nuclear<\/title>\n<meta name=\"description\" content=\"Ciespal y Pressenza realizaron un conversatorio \u201cEl Desarme Nuclear: claves para su abordaje period\u00edstico\u201d con la participaci\u00f3n de Tony Robinson y David\" \/>\n<meta name=\"robots\" content=\"index, follow, max-snippet:-1, max-image-preview:large, max-video-preview:-1\" \/>\n<link rel=\"canonical\" href=\"https:\/\/www.pressenza.com\/es\/2015\/10\/medios-de-comunicacion-y-desarme-nuclear\/\" \/>\n<meta property=\"og:locale\" content=\"es_ES\" \/>\n<meta property=\"og:type\" content=\"article\" \/>\n<meta property=\"og:title\" content=\"Medios de Comunicaci\u00f3n y desarme nuclear\" \/>\n<meta property=\"og:description\" content=\"Ciespal y Pressenza realizaron un conversatorio \u201cEl Desarme Nuclear: claves para su abordaje period\u00edstico\u201d con la participaci\u00f3n de Tony Robinson y David\" \/>\n<meta property=\"og:url\" content=\"https:\/\/www.pressenza.com\/es\/2015\/10\/medios-de-comunicacion-y-desarme-nuclear\/\" \/>\n<meta property=\"og:site_name\" content=\"Pressenza\" \/>\n<meta property=\"article:publisher\" content=\"https:\/\/www.facebook.com\/PressenzaItalia\" \/>\n<meta property=\"article:published_time\" content=\"2015-10-16T03:14:28+00:00\" \/>\n<meta property=\"article:modified_time\" content=\"2016-03-30T18:18:34+00:00\" \/>\n<meta property=\"og:image\" content=\"https:\/\/www.pressenza.com\/wp-content\/uploads\/2015\/10\/Logos-desarme.png\" \/>\n\t<meta property=\"og:image:width\" content=\"1155\" \/>\n\t<meta property=\"og:image:height\" content=\"687\" \/>\n\t<meta property=\"og:image:type\" content=\"image\/png\" \/>\n<meta name=\"author\" content=\"Walker Vizcarra\" \/>\n<meta name=\"twitter:card\" content=\"summary_large_image\" \/>\n<meta name=\"twitter:creator\" content=\"@PressenzaIPA\" \/>\n<meta name=\"twitter:site\" content=\"@PressenzaIPA\" \/>\n<meta name=\"twitter:label1\" content=\"Escrito por\" \/>\n\t<meta name=\"twitter:data1\" content=\"Walker Vizcarra\" \/>\n\t<meta name=\"twitter:label2\" content=\"Tiempo de lectura\" \/>\n\t<meta name=\"twitter:data2\" content=\"1 minuto\" \/>\n<script type=\"application\/ld+json\" class=\"yoast-schema-graph\">{\"@context\":\"https:\/\/schema.org\",\"@graph\":[{\"@type\":\"Article\",\"@id\":\"https:\/\/www.pressenza.com\/es\/2015\/10\/medios-de-comunicacion-y-desarme-nuclear\/#article\",\"isPartOf\":{\"@id\":\"https:\/\/www.pressenza.com\/es\/2015\/10\/medios-de-comunicacion-y-desarme-nuclear\/\"},\"author\":{\"name\":\"Walker Vizcarra\",\"@id\":\"https:\/\/www.pressenza.com\/es\/#\/schema\/person\/304df3c2fe6309c2051fa9253134e415\"},\"headline\":\"Medios de Comunicaci\u00f3n y desarme nuclear\",\"datePublished\":\"2015-10-16T03:14:28+00:00\",\"dateModified\":\"2016-03-30T18:18:34+00:00\",\"mainEntityOfPage\":{\"@id\":\"https:\/\/www.pressenza.com\/es\/2015\/10\/medios-de-comunicacion-y-desarme-nuclear\/\"},\"wordCount\":260,\"publisher\":{\"@id\":\"https:\/\/www.pressenza.com\/es\/#organization\"},\"image\":{\"@id\":\"https:\/\/www.pressenza.com\/es\/2015\/10\/medios-de-comunicacion-y-desarme-nuclear\/#primaryimage\"},\"thumbnailUrl\":\"https:\/\/www.pressenza.com\/wp-content\/uploads\/2015\/10\/Logos-desarme.png\",\"keywords\":[\"Armas nucleares\",\"Desarme\",\"Noviolencia\"],\"articleSection\":[\"Asuntos internacionales\",\"Fotorreportajes\",\"Internacional\",\"Noviolencia\",\"Paz y Desarme\",\"Pol\u00edtica\"],\"inLanguage\":\"es\"},{\"@type\":\"WebPage\",\"@id\":\"https:\/\/www.pressenza.com\/es\/2015\/10\/medios-de-comunicacion-y-desarme-nuclear\/\",\"url\":\"https:\/\/www.pressenza.com\/es\/2015\/10\/medios-de-comunicacion-y-desarme-nuclear\/\",\"name\":\"Medios de Comunicaci\u00f3n y desarme nuclear\",\"isPartOf\":{\"@id\":\"https:\/\/www.pressenza.com\/es\/#website\"},\"primaryImageOfPage\":{\"@id\":\"https:\/\/www.pressenza.com\/es\/2015\/10\/medios-de-comunicacion-y-desarme-nuclear\/#primaryimage\"},\"image\":{\"@id\":\"https:\/\/www.pressenza.com\/es\/2015\/10\/medios-de-comunicacion-y-desarme-nuclear\/#primaryimage\"},\"thumbnailUrl\":\"https:\/\/www.pressenza.com\/wp-content\/uploads\/2015\/10\/Logos-desarme.png\",\"datePublished\":\"2015-10-16T03:14:28+00:00\",\"dateModified\":\"2016-03-30T18:18:34+00:00\",\"description\":\"Ciespal y Pressenza realizaron un conversatorio \u201cEl Desarme Nuclear: claves para su abordaje period\u00edstico\u201d con la participaci\u00f3n de Tony Robinson y David\",\"breadcrumb\":{\"@id\":\"https:\/\/www.pressenza.com\/es\/2015\/10\/medios-de-comunicacion-y-desarme-nuclear\/#breadcrumb\"},\"inLanguage\":\"es\",\"potentialAction\":[{\"@type\":\"ReadAction\",\"target\":[\"https:\/\/www.pressenza.com\/es\/2015\/10\/medios-de-comunicacion-y-desarme-nuclear\/\"]}]},{\"@type\":\"ImageObject\",\"inLanguage\":\"es\",\"@id\":\"https:\/\/www.pressenza.com\/es\/2015\/10\/medios-de-comunicacion-y-desarme-nuclear\/#primaryimage\",\"url\":\"https:\/\/www.pressenza.com\/wp-content\/uploads\/2015\/10\/Logos-desarme.png\",\"contentUrl\":\"https:\/\/www.pressenza.com\/wp-content\/uploads\/2015\/10\/Logos-desarme.png\",\"width\":1155,\"height\":687},{\"@type\":\"BreadcrumbList\",\"@id\":\"https:\/\/www.pressenza.com\/es\/2015\/10\/medios-de-comunicacion-y-desarme-nuclear\/#breadcrumb\",\"itemListElement\":[{\"@type\":\"ListItem\",\"position\":1,\"name\":\"Accueil\",\"item\":\"https:\/\/www.pressenza.com\/es\/\"},{\"@type\":\"ListItem\",\"position\":2,\"name\":\"Medios de Comunicaci\u00f3n y desarme nuclear\"}]},{\"@type\":\"WebSite\",\"@id\":\"https:\/\/www.pressenza.com\/es\/#website\",\"url\":\"https:\/\/www.pressenza.com\/es\/\",\"name\":\"Pressenza\",\"description\":\"International Press Agency\",\"publisher\":{\"@id\":\"https:\/\/www.pressenza.com\/es\/#organization\"},\"potentialAction\":[{\"@type\":\"SearchAction\",\"target\":{\"@type\":\"EntryPoint\",\"urlTemplate\":\"https:\/\/www.pressenza.com\/es\/?s={search_term_string}\"},\"query-input\":{\"@type\":\"PropertyValueSpecification\",\"valueRequired\":true,\"valueName\":\"search_term_string\"}}],\"inLanguage\":\"es\"},{\"@type\":\"Organization\",\"@id\":\"https:\/\/www.pressenza.com\/es\/#organization\",\"name\":\"Pressenza\",\"url\":\"https:\/\/www.pressenza.com\/es\/\",\"logo\":{\"@type\":\"ImageObject\",\"inLanguage\":\"es\",\"@id\":\"https:\/\/www.pressenza.com\/es\/#\/schema\/logo\/image\/\",\"url\":\"https:\/\/www.pressenza.com\/wp-content\/uploads\/2022\/10\/pressenza_logo_200x200.jpg\",\"contentUrl\":\"https:\/\/www.pressenza.com\/wp-content\/uploads\/2022\/10\/pressenza_logo_200x200.jpg\",\"width\":200,\"height\":200,\"caption\":\"Pressenza\"},\"image\":{\"@id\":\"https:\/\/www.pressenza.com\/es\/#\/schema\/logo\/image\/\"},\"sameAs\":[\"https:\/\/www.facebook.com\/PressenzaItalia\",\"https:\/\/x.com\/PressenzaIPA\"]},{\"@type\":\"Person\",\"@id\":\"https:\/\/www.pressenza.com\/es\/#\/schema\/person\/304df3c2fe6309c2051fa9253134e415\",\"name\":\"Walker Vizcarra\",\"description\":\"Ecuadorian, photographer and nonviolence activist! https:\/\/www.instagram.com\/walker.vizcarra\/\",\"url\":\"https:\/\/www.pressenza.com\/es\/author\/walker-vizcarra\/\"}]}<\/script>\n<!-- \/ Yoast SEO plugin. -->","yoast_head_json":{"title":"Medios de Comunicaci\u00f3n y desarme nuclear","description":"Ciespal y Pressenza realizaron un conversatorio \u201cEl Desarme Nuclear: claves para su abordaje period\u00edstico\u201d con la participaci\u00f3n de Tony Robinson y David","robots":{"index":"index","follow":"follow","max-snippet":"max-snippet:-1","max-image-preview":"max-image-preview:large","max-video-preview":"max-video-preview:-1"},"canonical":"https:\/\/www.pressenza.com\/es\/2015\/10\/medios-de-comunicacion-y-desarme-nuclear\/","og_locale":"es_ES","og_type":"article","og_title":"Medios de Comunicaci\u00f3n y desarme nuclear","og_description":"Ciespal y Pressenza realizaron un conversatorio \u201cEl Desarme Nuclear: claves para su abordaje period\u00edstico\u201d con la participaci\u00f3n de Tony Robinson y David","og_url":"https:\/\/www.pressenza.com\/es\/2015\/10\/medios-de-comunicacion-y-desarme-nuclear\/","og_site_name":"Pressenza","article_publisher":"https:\/\/www.facebook.com\/PressenzaItalia","article_published_time":"2015-10-16T03:14:28+00:00","article_modified_time":"2016-03-30T18:18:34+00:00","og_image":[{"width":1155,"height":687,"url":"https:\/\/www.pressenza.com\/wp-content\/uploads\/2015\/10\/Logos-desarme.png","type":"image\/png"}],"author":"Walker Vizcarra","twitter_card":"summary_large_image","twitter_creator":"@PressenzaIPA","twitter_site":"@PressenzaIPA","twitter_misc":{"Escrito por":"Walker Vizcarra","Tiempo de lectura":"1 minuto"},"schema":{"@context":"https:\/\/schema.org","@graph":[{"@type":"Article","@id":"https:\/\/www.pressenza.com\/es\/2015\/10\/medios-de-comunicacion-y-desarme-nuclear\/#article","isPartOf":{"@id":"https:\/\/www.pressenza.com\/es\/2015\/10\/medios-de-comunicacion-y-desarme-nuclear\/"},"author":{"name":"Walker Vizcarra","@id":"https:\/\/www.pressenza.com\/es\/#\/schema\/person\/304df3c2fe6309c2051fa9253134e415"},"headline":"Medios de Comunicaci\u00f3n y desarme nuclear","datePublished":"2015-10-16T03:14:28+00:00","dateModified":"2016-03-30T18:18:34+00:00","mainEntityOfPage":{"@id":"https:\/\/www.pressenza.com\/es\/2015\/10\/medios-de-comunicacion-y-desarme-nuclear\/"},"wordCount":260,"publisher":{"@id":"https:\/\/www.pressenza.com\/es\/#organization"},"image":{"@id":"https:\/\/www.pressenza.com\/es\/2015\/10\/medios-de-comunicacion-y-desarme-nuclear\/#primaryimage"},"thumbnailUrl":"https:\/\/www.pressenza.com\/wp-content\/uploads\/2015\/10\/Logos-desarme.png","keywords":["Armas nucleares","Desarme","Noviolencia"],"articleSection":["Asuntos internacionales","Fotorreportajes","Internacional","Noviolencia","Paz y Desarme","Pol\u00edtica"],"inLanguage":"es"},{"@type":"WebPage","@id":"https:\/\/www.pressenza.com\/es\/2015\/10\/medios-de-comunicacion-y-desarme-nuclear\/","url":"https:\/\/www.pressenza.com\/es\/2015\/10\/medios-de-comunicacion-y-desarme-nuclear\/","name":"Medios de Comunicaci\u00f3n y desarme nuclear","isPartOf":{"@id":"https:\/\/www.pressenza.com\/es\/#website"},"primaryImageOfPage":{"@id":"https:\/\/www.pressenza.com\/es\/2015\/10\/medios-de-comunicacion-y-desarme-nuclear\/#primaryimage"},"image":{"@id":"https:\/\/www.pressenza.com\/es\/2015\/10\/medios-de-comunicacion-y-desarme-nuclear\/#primaryimage"},"thumbnailUrl":"https:\/\/www.pressenza.com\/wp-content\/uploads\/2015\/10\/Logos-desarme.png","datePublished":"2015-10-16T03:14:28+00:00","dateModified":"2016-03-30T18:18:34+00:00","description":"Ciespal y Pressenza realizaron un conversatorio \u201cEl Desarme Nuclear: claves para su abordaje period\u00edstico\u201d con la participaci\u00f3n de Tony Robinson y David","breadcrumb":{"@id":"https:\/\/www.pressenza.com\/es\/2015\/10\/medios-de-comunicacion-y-desarme-nuclear\/#breadcrumb"},"inLanguage":"es","potentialAction":[{"@type":"ReadAction","target":["https:\/\/www.pressenza.com\/es\/2015\/10\/medios-de-comunicacion-y-desarme-nuclear\/"]}]},{"@type":"ImageObject","inLanguage":"es","@id":"https:\/\/www.pressenza.com\/es\/2015\/10\/medios-de-comunicacion-y-desarme-nuclear\/#primaryimage","url":"https:\/\/www.pressenza.com\/wp-content\/uploads\/2015\/10\/Logos-desarme.png","contentUrl":"https:\/\/www.pressenza.com\/wp-content\/uploads\/2015\/10\/Logos-desarme.png","width":1155,"height":687},{"@type":"BreadcrumbList","@id":"https:\/\/www.pressenza.com\/es\/2015\/10\/medios-de-comunicacion-y-desarme-nuclear\/#breadcrumb","itemListElement":[{"@type":"ListItem","position":1,"name":"Accueil","item":"https:\/\/www.pressenza.com\/es\/"},{"@type":"ListItem","position":2,"name":"Medios de Comunicaci\u00f3n y desarme nuclear"}]},{"@type":"WebSite","@id":"https:\/\/www.pressenza.com\/es\/#website","url":"https:\/\/www.pressenza.com\/es\/","name":"Pressenza","description":"International Press Agency","publisher":{"@id":"https:\/\/www.pressenza.com\/es\/#organization"},"potentialAction":[{"@type":"SearchAction","target":{"@type":"EntryPoint","urlTemplate":"https:\/\/www.pressenza.com\/es\/?s={search_term_string}"},"query-input":{"@type":"PropertyValueSpecification","valueRequired":true,"valueName":"search_term_string"}}],"inLanguage":"es"},{"@type":"Organization","@id":"https:\/\/www.pressenza.com\/es\/#organization","name":"Pressenza","url":"https:\/\/www.pressenza.com\/es\/","logo":{"@type":"ImageObject","inLanguage":"es","@id":"https:\/\/www.pressenza.com\/es\/#\/schema\/logo\/image\/","url":"https:\/\/www.pressenza.com\/wp-content\/uploads\/2022\/10\/pressenza_logo_200x200.jpg","contentUrl":"https:\/\/www.pressenza.com\/wp-content\/uploads\/2022\/10\/pressenza_logo_200x200.jpg","width":200,"height":200,"caption":"Pressenza"},"image":{"@id":"https:\/\/www.pressenza.com\/es\/#\/schema\/logo\/image\/"},"sameAs":["https:\/\/www.facebook.com\/PressenzaItalia","https:\/\/x.com\/PressenzaIPA"]},{"@type":"Person","@id":"https:\/\/www.pressenza.com\/es\/#\/schema\/person\/304df3c2fe6309c2051fa9253134e415","name":"Walker Vizcarra","description":"Ecuadorian, photographer and nonviolence activist! https:\/\/www.instagram.com\/walker.vizcarra\/","url":"https:\/\/www.pressenza.com\/es\/author\/walker-vizcarra\/"}]}},"place":"","original_article_url":"","_links":{"self":[{"href":"https:\/\/www.pressenza.com\/es\/wp-json\/wp\/v2\/posts\/234886","targetHints":{"allow":["GET"]}}],"collection":[{"href":"https:\/\/www.pressenza.com\/es\/wp-json\/wp\/v2\/posts"}],"about":[{"href":"https:\/\/www.pressenza.com\/es\/wp-json\/wp\/v2\/types\/post"}],"author":[{"embeddable":true,"href":"https:\/\/www.pressenza.com\/es\/wp-json\/wp\/v2\/users\/487"}],"replies":[{"embeddable":true,"href":"https:\/\/www.pressenza.com\/es\/wp-json\/wp\/v2\/comments?post=234886"}],"version-history":[{"count":0,"href":"https:\/\/www.pressenza.com\/es\/wp-json\/wp\/v2\/posts\/234886\/revisions"}],"wp:featuredmedia":[{"embeddable":true,"href":"https:\/\/www.pressenza.com\/es\/wp-json\/wp\/v2\/media\/234877"}],"wp:attachment":[{"href":"https:\/\/www.pressenza.com\/es\/wp-json\/wp\/v2\/media?parent=234886"}],"wp:term":[{"taxonomy":"category","embeddable":true,"href":"https:\/\/www.pressenza.com\/es\/wp-json\/wp\/v2\/categories?post=234886"},{"taxonomy":"post_tag","embeddable":true,"href":"https:\/\/www.pressenza.com\/es\/wp-json\/wp\/v2\/tags?post=234886"}],"curies":[{"name":"wp","href":"https:\/\/api.w.org\/{rel}","templated":true}]}}