{"id":2346638,"date":"2024-05-15T16:59:46","date_gmt":"2024-05-15T15:59:46","guid":{"rendered":"https:\/\/www.pressenza.com\/?p=2346638"},"modified":"2024-05-15T16:59:46","modified_gmt":"2024-05-15T15:59:46","slug":"mexico-presenta-modelo-unico-para-abordar-y-resolver-la-migracion-irregular-en-norteamerica","status":"publish","type":"post","link":"https:\/\/www.pressenza.com\/es\/2024\/05\/mexico-presenta-modelo-unico-para-abordar-y-resolver-la-migracion-irregular-en-norteamerica\/","title":{"rendered":"M\u00e9xico presenta modelo \u00ab\u00fanico\u00bb para abordar y resolver la migraci\u00f3n irregular en Norteam\u00e9rica"},"content":{"rendered":"<p>El Gobierno de M\u00e9xico present\u00f3 este martes el Modelo Mexicano de Movilidad Humana con el que se busca abordar y atender las causas estructurales de la migraci\u00f3n en Norteam\u00e9rica.<\/p>\n<p>La iniciativa, basada primordialmente en cuatro pilares, supone generar oportunidades laborales, crear fichas \u00fanicas de registro para migrantes, abrir tres nuevos centros integradores e impulsar la reinserci\u00f3n y regularizaci\u00f3n de connacionales en el exterior, explic\u00f3 la titular de la Secretar\u00eda de Relaciones Exteriores de M\u00e9xico, Alicia B\u00e1rcena, en el marco de la presentaci\u00f3n.<\/p>\n<p>\u00abEsta estrategia mexicana de movilidad humana consideramos que es un modelo \u00fanico porque M\u00e9xico tiene caracter\u00edsticas \u00fanicas, somos un pa\u00eds de origen de migrantes, de tr\u00e1nsito, por aqu\u00ed pasan para llegar a Estados Unidos y Canad\u00e1 y, por supuesto, somos y queremos ser cada d\u00eda un mejor pa\u00eds de destino\u00bb, expuso la canciller mexicana.<\/p>\n<p>El modelo, se\u00f1al\u00f3, beneficiar\u00e1 a dos tipos de comunidades. Por un lado, a los mexicanos en el exterior, unos 40 millones, de los cuales 37.3 millones est\u00e1n en Estados Unidos, si bien apenas 10 millones son emigrantes de primera generaci\u00f3n. Y, en segundo t\u00e9rmino, el programa busca beneficiar tambi\u00e9n a los migrantes extranjeros que transitan por M\u00e9xico.<\/p>\n<p>\u00abAbordar la migraci\u00f3n ya no solo es un problema entre M\u00e9xico y EE. UU.\u00bb, reconoci\u00f3. Y a\u00f1adi\u00f3 que, en materia de migraci\u00f3n, uno de los grandes retos de M\u00e9xico es cumplir el compromiso con Estados Unidos de que la cifra de migrantes que intentan pasar la frontera norte no supere las 4.000 personas.<\/p>\n<p>Ante la prensa y diplom\u00e1ticos, tambi\u00e9n descart\u00f3 que se genere una nueva ola migratoria para el cierre de la presente administraci\u00f3n, que concluye este mismo a\u00f1o, como ocurri\u00f3 a finales de 2018 y que en 2019 y 2023 tuvo sus mayores picos.<\/p>\n<p>En este sentido, coment\u00f3 que el a\u00f1o pasado se batieron todos los r\u00e9cords de migraci\u00f3n, con 140.000 solicitudes de asilo y la llegada de miles de migrantes a la frontera norte.<\/p>\n<p>La funcionaria inform\u00f3 que 5.607 migrantes cruzan la frontera hacia EE. UU. diariamente desde M\u00e9xico, de los cuales un 30 por ciento son mexicanos, mientras que el resto procede de Guatemala, Hait\u00ed, Cuba, Venezuela, Ecuador, Honduras y Colombia. Esto implica que, de los 7.271 migrantes que entran a diario en M\u00e9xico, un 77 por ciento contin\u00faa su camino hacia Estados Unidos.<\/p>\n<p>M\u00e9xico y Estados Unidos reafirmaron en febrero su compromiso para trabajar conjuntamente en una gesti\u00f3n ordenada y segura de la migraci\u00f3n as\u00ed como en asuntos de seguridad relevantes para ambas partes en la frontera com\u00fan.<\/p>\n","protected":false},"excerpt":{"rendered":"<p>El Gobierno de M\u00e9xico present\u00f3 este martes el Modelo Mexicano de Movilidad Humana con el que se busca abordar y atender las causas estructurales de la migraci\u00f3n en Norteam\u00e9rica. La iniciativa, basada primordialmente en cuatro pilares, supone generar oportunidades laborales,&hellip;<\/p>\n","protected":false},"author":2266,"featured_media":2346959,"comment_status":"closed","ping_status":"closed","sticky":false,"template":"","format":"standard","meta":{"footnotes":""},"categories":[54574,68,106739],"tags":[6398,47532],"class_list":["post-2346638","post","type-post","status-publish","format-standard","has-post-thumbnail","hentry","category-migrantes-es","category-norteamerica","category-noticia","tag-emigracion","tag-frontera-estados-unidos-mexico"],"yoast_head":"<!-- This site is optimized with the Yoast SEO plugin v27.1.1 - https:\/\/yoast.com\/product\/yoast-seo-wordpress\/ -->\n<title>M\u00e9xico presenta modelo &quot;\u00fanico&quot; para abordar y resolver la migraci\u00f3n irregular en Norteam\u00e9rica<\/title>\n<meta name=\"description\" content=\"El Gobierno de M\u00e9xico present\u00f3 este martes el Modelo Mexicano de Movilidad Humana con el que se busca abordar y atender las causas estructurales de la\" \/>\n<meta name=\"robots\" content=\"index, follow, max-snippet:-1, max-image-preview:large, max-video-preview:-1\" \/>\n<link rel=\"canonical\" href=\"https:\/\/www.pressenza.com\/es\/2024\/05\/mexico-presenta-modelo-unico-para-abordar-y-resolver-la-migracion-irregular-en-norteamerica\/\" \/>\n<meta property=\"og:locale\" content=\"es_ES\" \/>\n<meta property=\"og:type\" content=\"article\" \/>\n<meta property=\"og:title\" content=\"M\u00e9xico presenta modelo &quot;\u00fanico&quot; para abordar y resolver la migraci\u00f3n irregular en Norteam\u00e9rica\" \/>\n<meta property=\"og:description\" content=\"El Gobierno de M\u00e9xico present\u00f3 este martes el Modelo Mexicano de Movilidad Humana con el que se busca abordar y atender las causas estructurales de la\" \/>\n<meta property=\"og:url\" content=\"https:\/\/www.pressenza.com\/es\/2024\/05\/mexico-presenta-modelo-unico-para-abordar-y-resolver-la-migracion-irregular-en-norteamerica\/\" \/>\n<meta property=\"og:site_name\" content=\"Pressenza\" \/>\n<meta property=\"article:publisher\" content=\"https:\/\/www.facebook.com\/PressenzaItalia\" \/>\n<meta property=\"article:published_time\" content=\"2024-05-15T15:59:46+00:00\" \/>\n<meta property=\"og:image\" content=\"https:\/\/www.pressenza.com\/wp-content\/uploads\/2024\/05\/20240327e899d350abb0407f89d70db1ab8b405d_CmxmssS007070_20240327_CBMFN0A001.jpg\" \/>\n\t<meta property=\"og:image:width\" content=\"900\" \/>\n\t<meta property=\"og:image:height\" content=\"600\" \/>\n\t<meta property=\"og:image:type\" content=\"image\/jpeg\" \/>\n<meta name=\"author\" content=\"Xinhua\" \/>\n<meta name=\"twitter:card\" content=\"summary_large_image\" \/>\n<meta name=\"twitter:creator\" content=\"@PressenzaIPA\" \/>\n<meta name=\"twitter:site\" content=\"@PressenzaIPA\" \/>\n<meta name=\"twitter:label1\" content=\"Escrito por\" \/>\n\t<meta name=\"twitter:data1\" content=\"Xinhua\" \/>\n\t<meta name=\"twitter:label2\" content=\"Tiempo de lectura\" \/>\n\t<meta name=\"twitter:data2\" content=\"2 minutos\" \/>\n<script type=\"application\/ld+json\" class=\"yoast-schema-graph\">{\"@context\":\"https:\/\/schema.org\",\"@graph\":[{\"@type\":\"Article\",\"@id\":\"https:\/\/www.pressenza.com\/es\/2024\/05\/mexico-presenta-modelo-unico-para-abordar-y-resolver-la-migracion-irregular-en-norteamerica\/#article\",\"isPartOf\":{\"@id\":\"https:\/\/www.pressenza.com\/es\/2024\/05\/mexico-presenta-modelo-unico-para-abordar-y-resolver-la-migracion-irregular-en-norteamerica\/\"},\"author\":{\"name\":\"Xinhua\",\"@id\":\"https:\/\/www.pressenza.com\/es\/#\/schema\/person\/f7d16a80c42ebb5aefb3b4c8b32b6c2e\"},\"headline\":\"M\u00e9xico presenta modelo \u00ab\u00fanico\u00bb para abordar y resolver la migraci\u00f3n irregular en Norteam\u00e9rica\",\"datePublished\":\"2024-05-15T15:59:46+00:00\",\"mainEntityOfPage\":{\"@id\":\"https:\/\/www.pressenza.com\/es\/2024\/05\/mexico-presenta-modelo-unico-para-abordar-y-resolver-la-migracion-irregular-en-norteamerica\/\"},\"wordCount\":459,\"publisher\":{\"@id\":\"https:\/\/www.pressenza.com\/es\/#organization\"},\"image\":{\"@id\":\"https:\/\/www.pressenza.com\/es\/2024\/05\/mexico-presenta-modelo-unico-para-abordar-y-resolver-la-migracion-irregular-en-norteamerica\/#primaryimage\"},\"thumbnailUrl\":\"https:\/\/www.pressenza.com\/wp-content\/uploads\/2024\/05\/20240327e899d350abb0407f89d70db1ab8b405d_CmxmssS007070_20240327_CBMFN0A001.jpg\",\"keywords\":[\"emigraci\u00f3n\",\"Frontera Estados Unidos \u2013 M\u00e9xico\"],\"articleSection\":[\"Migrantes\",\"Norteam\u00e9rica\",\"Noticia\"],\"inLanguage\":\"es\"},{\"@type\":\"WebPage\",\"@id\":\"https:\/\/www.pressenza.com\/es\/2024\/05\/mexico-presenta-modelo-unico-para-abordar-y-resolver-la-migracion-irregular-en-norteamerica\/\",\"url\":\"https:\/\/www.pressenza.com\/es\/2024\/05\/mexico-presenta-modelo-unico-para-abordar-y-resolver-la-migracion-irregular-en-norteamerica\/\",\"name\":\"M\u00e9xico presenta modelo \\\"\u00fanico\\\" para abordar y resolver la migraci\u00f3n irregular en Norteam\u00e9rica\",\"isPartOf\":{\"@id\":\"https:\/\/www.pressenza.com\/es\/#website\"},\"primaryImageOfPage\":{\"@id\":\"https:\/\/www.pressenza.com\/es\/2024\/05\/mexico-presenta-modelo-unico-para-abordar-y-resolver-la-migracion-irregular-en-norteamerica\/#primaryimage\"},\"image\":{\"@id\":\"https:\/\/www.pressenza.com\/es\/2024\/05\/mexico-presenta-modelo-unico-para-abordar-y-resolver-la-migracion-irregular-en-norteamerica\/#primaryimage\"},\"thumbnailUrl\":\"https:\/\/www.pressenza.com\/wp-content\/uploads\/2024\/05\/20240327e899d350abb0407f89d70db1ab8b405d_CmxmssS007070_20240327_CBMFN0A001.jpg\",\"datePublished\":\"2024-05-15T15:59:46+00:00\",\"description\":\"El Gobierno de M\u00e9xico present\u00f3 este martes el Modelo Mexicano de Movilidad Humana con el que se busca abordar y atender las causas estructurales de la\",\"breadcrumb\":{\"@id\":\"https:\/\/www.pressenza.com\/es\/2024\/05\/mexico-presenta-modelo-unico-para-abordar-y-resolver-la-migracion-irregular-en-norteamerica\/#breadcrumb\"},\"inLanguage\":\"es\",\"potentialAction\":[{\"@type\":\"ReadAction\",\"target\":[\"https:\/\/www.pressenza.com\/es\/2024\/05\/mexico-presenta-modelo-unico-para-abordar-y-resolver-la-migracion-irregular-en-norteamerica\/\"]}]},{\"@type\":\"ImageObject\",\"inLanguage\":\"es\",\"@id\":\"https:\/\/www.pressenza.com\/es\/2024\/05\/mexico-presenta-modelo-unico-para-abordar-y-resolver-la-migracion-irregular-en-norteamerica\/#primaryimage\",\"url\":\"https:\/\/www.pressenza.com\/wp-content\/uploads\/2024\/05\/20240327e899d350abb0407f89d70db1ab8b405d_CmxmssS007070_20240327_CBMFN0A001.jpg\",\"contentUrl\":\"https:\/\/www.pressenza.com\/wp-content\/uploads\/2024\/05\/20240327e899d350abb0407f89d70db1ab8b405d_CmxmssS007070_20240327_CBMFN0A001.jpg\",\"width\":900,\"height\":600},{\"@type\":\"BreadcrumbList\",\"@id\":\"https:\/\/www.pressenza.com\/es\/2024\/05\/mexico-presenta-modelo-unico-para-abordar-y-resolver-la-migracion-irregular-en-norteamerica\/#breadcrumb\",\"itemListElement\":[{\"@type\":\"ListItem\",\"position\":1,\"name\":\"Accueil\",\"item\":\"https:\/\/www.pressenza.com\/es\/\"},{\"@type\":\"ListItem\",\"position\":2,\"name\":\"M\u00e9xico presenta modelo \u00ab\u00fanico\u00bb para abordar y resolver la migraci\u00f3n irregular en Norteam\u00e9rica\"}]},{\"@type\":\"WebSite\",\"@id\":\"https:\/\/www.pressenza.com\/es\/#website\",\"url\":\"https:\/\/www.pressenza.com\/es\/\",\"name\":\"Pressenza\",\"description\":\"International Press Agency\",\"publisher\":{\"@id\":\"https:\/\/www.pressenza.com\/es\/#organization\"},\"potentialAction\":[{\"@type\":\"SearchAction\",\"target\":{\"@type\":\"EntryPoint\",\"urlTemplate\":\"https:\/\/www.pressenza.com\/es\/?s={search_term_string}\"},\"query-input\":{\"@type\":\"PropertyValueSpecification\",\"valueRequired\":true,\"valueName\":\"search_term_string\"}}],\"inLanguage\":\"es\"},{\"@type\":\"Organization\",\"@id\":\"https:\/\/www.pressenza.com\/es\/#organization\",\"name\":\"Pressenza\",\"url\":\"https:\/\/www.pressenza.com\/es\/\",\"logo\":{\"@type\":\"ImageObject\",\"inLanguage\":\"es\",\"@id\":\"https:\/\/www.pressenza.com\/es\/#\/schema\/logo\/image\/\",\"url\":\"https:\/\/www.pressenza.com\/wp-content\/uploads\/2022\/10\/pressenza_logo_200x200.jpg\",\"contentUrl\":\"https:\/\/www.pressenza.com\/wp-content\/uploads\/2022\/10\/pressenza_logo_200x200.jpg\",\"width\":200,\"height\":200,\"caption\":\"Pressenza\"},\"image\":{\"@id\":\"https:\/\/www.pressenza.com\/es\/#\/schema\/logo\/image\/\"},\"sameAs\":[\"https:\/\/www.facebook.com\/PressenzaItalia\",\"https:\/\/x.com\/PressenzaIPA\"]},{\"@type\":\"Person\",\"@id\":\"https:\/\/www.pressenza.com\/es\/#\/schema\/person\/f7d16a80c42ebb5aefb3b4c8b32b6c2e\",\"name\":\"Xinhua\",\"description\":\"Official State news agency of the People's Republic of China. http:\/\/www.xinhuanet.com\/. \u00a0 \u00a0Xinhua articles and photos published on Pressenza are free to reproduce, provided that the source and author are clearly mentioned.\",\"url\":\"https:\/\/www.pressenza.com\/es\/author\/xinhua\/\"}]}<\/script>\n<!-- \/ Yoast SEO plugin. -->","yoast_head_json":{"title":"M\u00e9xico presenta modelo \"\u00fanico\" para abordar y resolver la migraci\u00f3n irregular en Norteam\u00e9rica","description":"El Gobierno de M\u00e9xico present\u00f3 este martes el Modelo Mexicano de Movilidad Humana con el que se busca abordar y atender las causas estructurales de la","robots":{"index":"index","follow":"follow","max-snippet":"max-snippet:-1","max-image-preview":"max-image-preview:large","max-video-preview":"max-video-preview:-1"},"canonical":"https:\/\/www.pressenza.com\/es\/2024\/05\/mexico-presenta-modelo-unico-para-abordar-y-resolver-la-migracion-irregular-en-norteamerica\/","og_locale":"es_ES","og_type":"article","og_title":"M\u00e9xico presenta modelo \"\u00fanico\" para abordar y resolver la migraci\u00f3n irregular en Norteam\u00e9rica","og_description":"El Gobierno de M\u00e9xico present\u00f3 este martes el Modelo Mexicano de Movilidad Humana con el que se busca abordar y atender las causas estructurales de la","og_url":"https:\/\/www.pressenza.com\/es\/2024\/05\/mexico-presenta-modelo-unico-para-abordar-y-resolver-la-migracion-irregular-en-norteamerica\/","og_site_name":"Pressenza","article_publisher":"https:\/\/www.facebook.com\/PressenzaItalia","article_published_time":"2024-05-15T15:59:46+00:00","og_image":[{"width":900,"height":600,"url":"https:\/\/www.pressenza.com\/wp-content\/uploads\/2024\/05\/20240327e899d350abb0407f89d70db1ab8b405d_CmxmssS007070_20240327_CBMFN0A001.jpg","type":"image\/jpeg"}],"author":"Xinhua","twitter_card":"summary_large_image","twitter_creator":"@PressenzaIPA","twitter_site":"@PressenzaIPA","twitter_misc":{"Escrito por":"Xinhua","Tiempo de lectura":"2 minutos"},"schema":{"@context":"https:\/\/schema.org","@graph":[{"@type":"Article","@id":"https:\/\/www.pressenza.com\/es\/2024\/05\/mexico-presenta-modelo-unico-para-abordar-y-resolver-la-migracion-irregular-en-norteamerica\/#article","isPartOf":{"@id":"https:\/\/www.pressenza.com\/es\/2024\/05\/mexico-presenta-modelo-unico-para-abordar-y-resolver-la-migracion-irregular-en-norteamerica\/"},"author":{"name":"Xinhua","@id":"https:\/\/www.pressenza.com\/es\/#\/schema\/person\/f7d16a80c42ebb5aefb3b4c8b32b6c2e"},"headline":"M\u00e9xico presenta modelo \u00ab\u00fanico\u00bb para abordar y resolver la migraci\u00f3n irregular en Norteam\u00e9rica","datePublished":"2024-05-15T15:59:46+00:00","mainEntityOfPage":{"@id":"https:\/\/www.pressenza.com\/es\/2024\/05\/mexico-presenta-modelo-unico-para-abordar-y-resolver-la-migracion-irregular-en-norteamerica\/"},"wordCount":459,"publisher":{"@id":"https:\/\/www.pressenza.com\/es\/#organization"},"image":{"@id":"https:\/\/www.pressenza.com\/es\/2024\/05\/mexico-presenta-modelo-unico-para-abordar-y-resolver-la-migracion-irregular-en-norteamerica\/#primaryimage"},"thumbnailUrl":"https:\/\/www.pressenza.com\/wp-content\/uploads\/2024\/05\/20240327e899d350abb0407f89d70db1ab8b405d_CmxmssS007070_20240327_CBMFN0A001.jpg","keywords":["emigraci\u00f3n","Frontera Estados Unidos \u2013 M\u00e9xico"],"articleSection":["Migrantes","Norteam\u00e9rica","Noticia"],"inLanguage":"es"},{"@type":"WebPage","@id":"https:\/\/www.pressenza.com\/es\/2024\/05\/mexico-presenta-modelo-unico-para-abordar-y-resolver-la-migracion-irregular-en-norteamerica\/","url":"https:\/\/www.pressenza.com\/es\/2024\/05\/mexico-presenta-modelo-unico-para-abordar-y-resolver-la-migracion-irregular-en-norteamerica\/","name":"M\u00e9xico presenta modelo \"\u00fanico\" para abordar y resolver la migraci\u00f3n irregular en Norteam\u00e9rica","isPartOf":{"@id":"https:\/\/www.pressenza.com\/es\/#website"},"primaryImageOfPage":{"@id":"https:\/\/www.pressenza.com\/es\/2024\/05\/mexico-presenta-modelo-unico-para-abordar-y-resolver-la-migracion-irregular-en-norteamerica\/#primaryimage"},"image":{"@id":"https:\/\/www.pressenza.com\/es\/2024\/05\/mexico-presenta-modelo-unico-para-abordar-y-resolver-la-migracion-irregular-en-norteamerica\/#primaryimage"},"thumbnailUrl":"https:\/\/www.pressenza.com\/wp-content\/uploads\/2024\/05\/20240327e899d350abb0407f89d70db1ab8b405d_CmxmssS007070_20240327_CBMFN0A001.jpg","datePublished":"2024-05-15T15:59:46+00:00","description":"El Gobierno de M\u00e9xico present\u00f3 este martes el Modelo Mexicano de Movilidad Humana con el que se busca abordar y atender las causas estructurales de la","breadcrumb":{"@id":"https:\/\/www.pressenza.com\/es\/2024\/05\/mexico-presenta-modelo-unico-para-abordar-y-resolver-la-migracion-irregular-en-norteamerica\/#breadcrumb"},"inLanguage":"es","potentialAction":[{"@type":"ReadAction","target":["https:\/\/www.pressenza.com\/es\/2024\/05\/mexico-presenta-modelo-unico-para-abordar-y-resolver-la-migracion-irregular-en-norteamerica\/"]}]},{"@type":"ImageObject","inLanguage":"es","@id":"https:\/\/www.pressenza.com\/es\/2024\/05\/mexico-presenta-modelo-unico-para-abordar-y-resolver-la-migracion-irregular-en-norteamerica\/#primaryimage","url":"https:\/\/www.pressenza.com\/wp-content\/uploads\/2024\/05\/20240327e899d350abb0407f89d70db1ab8b405d_CmxmssS007070_20240327_CBMFN0A001.jpg","contentUrl":"https:\/\/www.pressenza.com\/wp-content\/uploads\/2024\/05\/20240327e899d350abb0407f89d70db1ab8b405d_CmxmssS007070_20240327_CBMFN0A001.jpg","width":900,"height":600},{"@type":"BreadcrumbList","@id":"https:\/\/www.pressenza.com\/es\/2024\/05\/mexico-presenta-modelo-unico-para-abordar-y-resolver-la-migracion-irregular-en-norteamerica\/#breadcrumb","itemListElement":[{"@type":"ListItem","position":1,"name":"Accueil","item":"https:\/\/www.pressenza.com\/es\/"},{"@type":"ListItem","position":2,"name":"M\u00e9xico presenta modelo \u00ab\u00fanico\u00bb para abordar y resolver la migraci\u00f3n irregular en Norteam\u00e9rica"}]},{"@type":"WebSite","@id":"https:\/\/www.pressenza.com\/es\/#website","url":"https:\/\/www.pressenza.com\/es\/","name":"Pressenza","description":"International Press Agency","publisher":{"@id":"https:\/\/www.pressenza.com\/es\/#organization"},"potentialAction":[{"@type":"SearchAction","target":{"@type":"EntryPoint","urlTemplate":"https:\/\/www.pressenza.com\/es\/?s={search_term_string}"},"query-input":{"@type":"PropertyValueSpecification","valueRequired":true,"valueName":"search_term_string"}}],"inLanguage":"es"},{"@type":"Organization","@id":"https:\/\/www.pressenza.com\/es\/#organization","name":"Pressenza","url":"https:\/\/www.pressenza.com\/es\/","logo":{"@type":"ImageObject","inLanguage":"es","@id":"https:\/\/www.pressenza.com\/es\/#\/schema\/logo\/image\/","url":"https:\/\/www.pressenza.com\/wp-content\/uploads\/2022\/10\/pressenza_logo_200x200.jpg","contentUrl":"https:\/\/www.pressenza.com\/wp-content\/uploads\/2022\/10\/pressenza_logo_200x200.jpg","width":200,"height":200,"caption":"Pressenza"},"image":{"@id":"https:\/\/www.pressenza.com\/es\/#\/schema\/logo\/image\/"},"sameAs":["https:\/\/www.facebook.com\/PressenzaItalia","https:\/\/x.com\/PressenzaIPA"]},{"@type":"Person","@id":"https:\/\/www.pressenza.com\/es\/#\/schema\/person\/f7d16a80c42ebb5aefb3b4c8b32b6c2e","name":"Xinhua","description":"Official State news agency of the People's Republic of China. http:\/\/www.xinhuanet.com\/. \u00a0 \u00a0Xinhua articles and photos published on Pressenza are free to reproduce, provided that the source and author are clearly mentioned.","url":"https:\/\/www.pressenza.com\/es\/author\/xinhua\/"}]}},"place":"Ciudad de M\u00e9xico, M\u00e9xico","original_article_url":"","_links":{"self":[{"href":"https:\/\/www.pressenza.com\/es\/wp-json\/wp\/v2\/posts\/2346638","targetHints":{"allow":["GET"]}}],"collection":[{"href":"https:\/\/www.pressenza.com\/es\/wp-json\/wp\/v2\/posts"}],"about":[{"href":"https:\/\/www.pressenza.com\/es\/wp-json\/wp\/v2\/types\/post"}],"author":[{"embeddable":true,"href":"https:\/\/www.pressenza.com\/es\/wp-json\/wp\/v2\/users\/2266"}],"replies":[{"embeddable":true,"href":"https:\/\/www.pressenza.com\/es\/wp-json\/wp\/v2\/comments?post=2346638"}],"version-history":[{"count":0,"href":"https:\/\/www.pressenza.com\/es\/wp-json\/wp\/v2\/posts\/2346638\/revisions"}],"wp:featuredmedia":[{"embeddable":true,"href":"https:\/\/www.pressenza.com\/es\/wp-json\/wp\/v2\/media\/2346959"}],"wp:attachment":[{"href":"https:\/\/www.pressenza.com\/es\/wp-json\/wp\/v2\/media?parent=2346638"}],"wp:term":[{"taxonomy":"category","embeddable":true,"href":"https:\/\/www.pressenza.com\/es\/wp-json\/wp\/v2\/categories?post=2346638"},{"taxonomy":"post_tag","embeddable":true,"href":"https:\/\/www.pressenza.com\/es\/wp-json\/wp\/v2\/tags?post=2346638"}],"curies":[{"name":"wp","href":"https:\/\/api.w.org\/{rel}","templated":true}]}}