{"id":234392,"date":"2015-10-15T02:15:20","date_gmt":"2015-10-15T01:15:20","guid":{"rendered":"http:\/\/www.pressenza.com\/es\/?p=234392"},"modified":"2015-12-26T00:57:49","modified_gmt":"2015-12-26T00:57:49","slug":"el-poder-de-las-corporaciones-en-continentes-y-contenidos","status":"publish","type":"post","link":"https:\/\/www.pressenza.com\/es\/2015\/10\/el-poder-de-las-corporaciones-en-continentes-y-contenidos\/","title":{"rendered":"El poder de las corporaciones en Continentes y contenidos"},"content":{"rendered":"<p>Todos los martes a las 16 horas por Radio Hache se emite Continentes y contenidos un programa de Pressenza que conduce Mariano Quiroga con Mart\u00edn Ruano, Eugenio Mart\u00ednez, Edison Burbano y Mercedes P\u00e9rez.<\/p>\n<p>Abordando tem\u00e1ticas internacionales para descifrar lo que ocurri\u00f3, lo que ocurre y lo que ocurrir\u00e1 en este mundo convulsionado y qu\u00e9 relaci\u00f3n tienen esos acontecimientos con la Argentina.<\/p>\n<p><iframe loading=\"lazy\" id=\"audio_8987831\" style=\"border: 1px solid #EEE; box-sizing: border-box; width: 100%;\" src=\"https:\/\/www.ivoox.com\/player_ej_8987831_4_1.html?c1=ff6600\" width=\"300\" height=\"200\" frameborder=\"0\" scrolling=\"no\" allowfullscreen=\"allowfullscreen\"><\/iframe><\/p>\n","protected":false},"excerpt":{"rendered":"<p>Todos los martes a las 16 horas por Radio Hache se emite Continentes y contenidos un programa de Pressenza que conduce Mariano Quiroga con Mart\u00edn Ruano, Eugenio Mart\u00ednez, Edison Burbano y Mercedes P\u00e9rez. Abordando tem\u00e1ticas internacionales para descifrar lo que&hellip;<\/p>\n","protected":false},"author":87,"featured_media":234394,"comment_status":"closed","ping_status":"open","sticky":false,"template":"","format":"standard","meta":{"footnotes":""},"categories":[76,11389,75,81,39,22754,67],"tags":[26,9049,1362,4495,9050,9057,12937,623,631],"class_list":["post-234392","post","type-post","status-publish","format-standard","has-post-thumbnail","hentry","category-relaciones-exteriores","category-contenido-original","category-cultura-es","category-economia-es","category-internacional","category-radio-es","category-sudamerica","tag-argentina","tag-continentes-y-contenidos","tag-corporaciones","tag-radio-it","tag-radio-hache","tag-tpp-es","tag-ttip-es","tag-violencia","tag-violencia-economica"],"yoast_head":"<!-- This site is optimized with the Yoast SEO plugin v27.1.1 - https:\/\/yoast.com\/product\/yoast-seo-wordpress\/ -->\n<title>El poder de las corporaciones en Continentes y contenidos<\/title>\n<meta name=\"description\" content=\"Todos los martes a las 16 horas por Radio Hache se emite Continentes y contenidos un programa de Pressenza que conduce Mariano Quiroga con Mart\u00edn Ruano,\" \/>\n<meta name=\"robots\" content=\"index, follow, max-snippet:-1, max-image-preview:large, max-video-preview:-1\" \/>\n<link rel=\"canonical\" href=\"https:\/\/www.pressenza.com\/es\/2015\/10\/el-poder-de-las-corporaciones-en-continentes-y-contenidos\/\" \/>\n<meta property=\"og:locale\" content=\"es_ES\" \/>\n<meta property=\"og:type\" content=\"article\" \/>\n<meta property=\"og:title\" content=\"El poder de las corporaciones en Continentes y contenidos\" \/>\n<meta property=\"og:description\" content=\"Todos los martes a las 16 horas por Radio Hache se emite Continentes y contenidos un programa de Pressenza que conduce Mariano Quiroga con Mart\u00edn Ruano,\" \/>\n<meta property=\"og:url\" content=\"https:\/\/www.pressenza.com\/es\/2015\/10\/el-poder-de-las-corporaciones-en-continentes-y-contenidos\/\" \/>\n<meta property=\"og:site_name\" content=\"Pressenza\" \/>\n<meta property=\"article:publisher\" content=\"https:\/\/www.facebook.com\/PressenzaItalia\" \/>\n<meta property=\"article:published_time\" content=\"2015-10-15T01:15:20+00:00\" \/>\n<meta property=\"article:modified_time\" content=\"2015-12-26T00:57:49+00:00\" \/>\n<meta property=\"og:image\" content=\"https:\/\/www.pressenza.com\/wp-content\/uploads\/2015\/10\/CYCoctubre.jpg\" \/>\n\t<meta property=\"og:image:width\" content=\"1024\" \/>\n\t<meta property=\"og:image:height\" content=\"768\" \/>\n\t<meta property=\"og:image:type\" content=\"image\/jpeg\" \/>\n<meta name=\"author\" content=\"Redacci\u00f3n Argentina\" \/>\n<meta name=\"twitter:card\" content=\"summary_large_image\" \/>\n<meta name=\"twitter:creator\" content=\"@pressenza\" \/>\n<meta name=\"twitter:site\" content=\"@PressenzaIPA\" \/>\n<meta name=\"twitter:label1\" content=\"Escrito por\" \/>\n\t<meta name=\"twitter:data1\" content=\"Redacci\u00f3n Argentina\" \/>\n<script type=\"application\/ld+json\" class=\"yoast-schema-graph\">{\"@context\":\"https:\/\/schema.org\",\"@graph\":[{\"@type\":\"Article\",\"@id\":\"https:\/\/www.pressenza.com\/es\/2015\/10\/el-poder-de-las-corporaciones-en-continentes-y-contenidos\/#article\",\"isPartOf\":{\"@id\":\"https:\/\/www.pressenza.com\/es\/2015\/10\/el-poder-de-las-corporaciones-en-continentes-y-contenidos\/\"},\"author\":{\"name\":\"Redacci\u00f3n Argentina\",\"@id\":\"https:\/\/www.pressenza.com\/es\/#\/schema\/person\/0dda7d1b68267ad95b1e1d83abc98c89\"},\"headline\":\"El poder de las corporaciones en Continentes y contenidos\",\"datePublished\":\"2015-10-15T01:15:20+00:00\",\"dateModified\":\"2015-12-26T00:57:49+00:00\",\"mainEntityOfPage\":{\"@id\":\"https:\/\/www.pressenza.com\/es\/2015\/10\/el-poder-de-las-corporaciones-en-continentes-y-contenidos\/\"},\"wordCount\":74,\"publisher\":{\"@id\":\"https:\/\/www.pressenza.com\/es\/#organization\"},\"image\":{\"@id\":\"https:\/\/www.pressenza.com\/es\/2015\/10\/el-poder-de-las-corporaciones-en-continentes-y-contenidos\/#primaryimage\"},\"thumbnailUrl\":\"https:\/\/www.pressenza.com\/wp-content\/uploads\/2015\/10\/CYCoctubre.jpg\",\"keywords\":[\"Argentina\",\"Continentes y Contenidos\",\"corporaciones\",\"radio\",\"Radio Hache\",\"TPP\",\"TTIP\",\"Violencia\",\"Violencia econ\u00f3mica\"],\"articleSection\":[\"Asuntos internacionales\",\"Contenido Original\",\"Cultura y Medios\",\"Econom\u00eda\",\"Internacional\",\"Radio\",\"Sudam\u00e9rica\"],\"inLanguage\":\"es\"},{\"@type\":\"WebPage\",\"@id\":\"https:\/\/www.pressenza.com\/es\/2015\/10\/el-poder-de-las-corporaciones-en-continentes-y-contenidos\/\",\"url\":\"https:\/\/www.pressenza.com\/es\/2015\/10\/el-poder-de-las-corporaciones-en-continentes-y-contenidos\/\",\"name\":\"El poder de las corporaciones en Continentes y contenidos\",\"isPartOf\":{\"@id\":\"https:\/\/www.pressenza.com\/es\/#website\"},\"primaryImageOfPage\":{\"@id\":\"https:\/\/www.pressenza.com\/es\/2015\/10\/el-poder-de-las-corporaciones-en-continentes-y-contenidos\/#primaryimage\"},\"image\":{\"@id\":\"https:\/\/www.pressenza.com\/es\/2015\/10\/el-poder-de-las-corporaciones-en-continentes-y-contenidos\/#primaryimage\"},\"thumbnailUrl\":\"https:\/\/www.pressenza.com\/wp-content\/uploads\/2015\/10\/CYCoctubre.jpg\",\"datePublished\":\"2015-10-15T01:15:20+00:00\",\"dateModified\":\"2015-12-26T00:57:49+00:00\",\"description\":\"Todos los martes a las 16 horas por Radio Hache se emite Continentes y contenidos un programa de Pressenza que conduce Mariano Quiroga con Mart\u00edn Ruano,\",\"breadcrumb\":{\"@id\":\"https:\/\/www.pressenza.com\/es\/2015\/10\/el-poder-de-las-corporaciones-en-continentes-y-contenidos\/#breadcrumb\"},\"inLanguage\":\"es\",\"potentialAction\":[{\"@type\":\"ReadAction\",\"target\":[\"https:\/\/www.pressenza.com\/es\/2015\/10\/el-poder-de-las-corporaciones-en-continentes-y-contenidos\/\"]}]},{\"@type\":\"ImageObject\",\"inLanguage\":\"es\",\"@id\":\"https:\/\/www.pressenza.com\/es\/2015\/10\/el-poder-de-las-corporaciones-en-continentes-y-contenidos\/#primaryimage\",\"url\":\"https:\/\/www.pressenza.com\/wp-content\/uploads\/2015\/10\/CYCoctubre.jpg\",\"contentUrl\":\"https:\/\/www.pressenza.com\/wp-content\/uploads\/2015\/10\/CYCoctubre.jpg\",\"width\":1024,\"height\":768},{\"@type\":\"BreadcrumbList\",\"@id\":\"https:\/\/www.pressenza.com\/es\/2015\/10\/el-poder-de-las-corporaciones-en-continentes-y-contenidos\/#breadcrumb\",\"itemListElement\":[{\"@type\":\"ListItem\",\"position\":1,\"name\":\"Accueil\",\"item\":\"https:\/\/www.pressenza.com\/es\/\"},{\"@type\":\"ListItem\",\"position\":2,\"name\":\"El poder de las corporaciones en Continentes y contenidos\"}]},{\"@type\":\"WebSite\",\"@id\":\"https:\/\/www.pressenza.com\/es\/#website\",\"url\":\"https:\/\/www.pressenza.com\/es\/\",\"name\":\"Pressenza\",\"description\":\"International Press Agency\",\"publisher\":{\"@id\":\"https:\/\/www.pressenza.com\/es\/#organization\"},\"potentialAction\":[{\"@type\":\"SearchAction\",\"target\":{\"@type\":\"EntryPoint\",\"urlTemplate\":\"https:\/\/www.pressenza.com\/es\/?s={search_term_string}\"},\"query-input\":{\"@type\":\"PropertyValueSpecification\",\"valueRequired\":true,\"valueName\":\"search_term_string\"}}],\"inLanguage\":\"es\"},{\"@type\":\"Organization\",\"@id\":\"https:\/\/www.pressenza.com\/es\/#organization\",\"name\":\"Pressenza\",\"url\":\"https:\/\/www.pressenza.com\/es\/\",\"logo\":{\"@type\":\"ImageObject\",\"inLanguage\":\"es\",\"@id\":\"https:\/\/www.pressenza.com\/es\/#\/schema\/logo\/image\/\",\"url\":\"https:\/\/www.pressenza.com\/wp-content\/uploads\/2022\/10\/pressenza_logo_200x200.jpg\",\"contentUrl\":\"https:\/\/www.pressenza.com\/wp-content\/uploads\/2022\/10\/pressenza_logo_200x200.jpg\",\"width\":200,\"height\":200,\"caption\":\"Pressenza\"},\"image\":{\"@id\":\"https:\/\/www.pressenza.com\/es\/#\/schema\/logo\/image\/\"},\"sameAs\":[\"https:\/\/www.facebook.com\/PressenzaItalia\",\"https:\/\/x.com\/PressenzaIPA\"]},{\"@type\":\"Person\",\"@id\":\"https:\/\/www.pressenza.com\/es\/#\/schema\/person\/0dda7d1b68267ad95b1e1d83abc98c89\",\"name\":\"Redacci\u00f3n Argentina\",\"description\":\"News from the Pressenza Bureau in Argentina.\",\"sameAs\":[\"https:\/\/x.com\/pressenza\"],\"url\":\"https:\/\/www.pressenza.com\/es\/author\/redaccion-argentina\/\"}]}<\/script>\n<!-- \/ Yoast SEO plugin. -->","yoast_head_json":{"title":"El poder de las corporaciones en Continentes y contenidos","description":"Todos los martes a las 16 horas por Radio Hache se emite Continentes y contenidos un programa de Pressenza que conduce Mariano Quiroga con Mart\u00edn Ruano,","robots":{"index":"index","follow":"follow","max-snippet":"max-snippet:-1","max-image-preview":"max-image-preview:large","max-video-preview":"max-video-preview:-1"},"canonical":"https:\/\/www.pressenza.com\/es\/2015\/10\/el-poder-de-las-corporaciones-en-continentes-y-contenidos\/","og_locale":"es_ES","og_type":"article","og_title":"El poder de las corporaciones en Continentes y contenidos","og_description":"Todos los martes a las 16 horas por Radio Hache se emite Continentes y contenidos un programa de Pressenza que conduce Mariano Quiroga con Mart\u00edn Ruano,","og_url":"https:\/\/www.pressenza.com\/es\/2015\/10\/el-poder-de-las-corporaciones-en-continentes-y-contenidos\/","og_site_name":"Pressenza","article_publisher":"https:\/\/www.facebook.com\/PressenzaItalia","article_published_time":"2015-10-15T01:15:20+00:00","article_modified_time":"2015-12-26T00:57:49+00:00","og_image":[{"width":1024,"height":768,"url":"https:\/\/www.pressenza.com\/wp-content\/uploads\/2015\/10\/CYCoctubre.jpg","type":"image\/jpeg"}],"author":"Redacci\u00f3n Argentina","twitter_card":"summary_large_image","twitter_creator":"@pressenza","twitter_site":"@PressenzaIPA","twitter_misc":{"Escrito por":"Redacci\u00f3n Argentina"},"schema":{"@context":"https:\/\/schema.org","@graph":[{"@type":"Article","@id":"https:\/\/www.pressenza.com\/es\/2015\/10\/el-poder-de-las-corporaciones-en-continentes-y-contenidos\/#article","isPartOf":{"@id":"https:\/\/www.pressenza.com\/es\/2015\/10\/el-poder-de-las-corporaciones-en-continentes-y-contenidos\/"},"author":{"name":"Redacci\u00f3n Argentina","@id":"https:\/\/www.pressenza.com\/es\/#\/schema\/person\/0dda7d1b68267ad95b1e1d83abc98c89"},"headline":"El poder de las corporaciones en Continentes y contenidos","datePublished":"2015-10-15T01:15:20+00:00","dateModified":"2015-12-26T00:57:49+00:00","mainEntityOfPage":{"@id":"https:\/\/www.pressenza.com\/es\/2015\/10\/el-poder-de-las-corporaciones-en-continentes-y-contenidos\/"},"wordCount":74,"publisher":{"@id":"https:\/\/www.pressenza.com\/es\/#organization"},"image":{"@id":"https:\/\/www.pressenza.com\/es\/2015\/10\/el-poder-de-las-corporaciones-en-continentes-y-contenidos\/#primaryimage"},"thumbnailUrl":"https:\/\/www.pressenza.com\/wp-content\/uploads\/2015\/10\/CYCoctubre.jpg","keywords":["Argentina","Continentes y Contenidos","corporaciones","radio","Radio Hache","TPP","TTIP","Violencia","Violencia econ\u00f3mica"],"articleSection":["Asuntos internacionales","Contenido Original","Cultura y Medios","Econom\u00eda","Internacional","Radio","Sudam\u00e9rica"],"inLanguage":"es"},{"@type":"WebPage","@id":"https:\/\/www.pressenza.com\/es\/2015\/10\/el-poder-de-las-corporaciones-en-continentes-y-contenidos\/","url":"https:\/\/www.pressenza.com\/es\/2015\/10\/el-poder-de-las-corporaciones-en-continentes-y-contenidos\/","name":"El poder de las corporaciones en Continentes y contenidos","isPartOf":{"@id":"https:\/\/www.pressenza.com\/es\/#website"},"primaryImageOfPage":{"@id":"https:\/\/www.pressenza.com\/es\/2015\/10\/el-poder-de-las-corporaciones-en-continentes-y-contenidos\/#primaryimage"},"image":{"@id":"https:\/\/www.pressenza.com\/es\/2015\/10\/el-poder-de-las-corporaciones-en-continentes-y-contenidos\/#primaryimage"},"thumbnailUrl":"https:\/\/www.pressenza.com\/wp-content\/uploads\/2015\/10\/CYCoctubre.jpg","datePublished":"2015-10-15T01:15:20+00:00","dateModified":"2015-12-26T00:57:49+00:00","description":"Todos los martes a las 16 horas por Radio Hache se emite Continentes y contenidos un programa de Pressenza que conduce Mariano Quiroga con Mart\u00edn Ruano,","breadcrumb":{"@id":"https:\/\/www.pressenza.com\/es\/2015\/10\/el-poder-de-las-corporaciones-en-continentes-y-contenidos\/#breadcrumb"},"inLanguage":"es","potentialAction":[{"@type":"ReadAction","target":["https:\/\/www.pressenza.com\/es\/2015\/10\/el-poder-de-las-corporaciones-en-continentes-y-contenidos\/"]}]},{"@type":"ImageObject","inLanguage":"es","@id":"https:\/\/www.pressenza.com\/es\/2015\/10\/el-poder-de-las-corporaciones-en-continentes-y-contenidos\/#primaryimage","url":"https:\/\/www.pressenza.com\/wp-content\/uploads\/2015\/10\/CYCoctubre.jpg","contentUrl":"https:\/\/www.pressenza.com\/wp-content\/uploads\/2015\/10\/CYCoctubre.jpg","width":1024,"height":768},{"@type":"BreadcrumbList","@id":"https:\/\/www.pressenza.com\/es\/2015\/10\/el-poder-de-las-corporaciones-en-continentes-y-contenidos\/#breadcrumb","itemListElement":[{"@type":"ListItem","position":1,"name":"Accueil","item":"https:\/\/www.pressenza.com\/es\/"},{"@type":"ListItem","position":2,"name":"El poder de las corporaciones en Continentes y contenidos"}]},{"@type":"WebSite","@id":"https:\/\/www.pressenza.com\/es\/#website","url":"https:\/\/www.pressenza.com\/es\/","name":"Pressenza","description":"International Press Agency","publisher":{"@id":"https:\/\/www.pressenza.com\/es\/#organization"},"potentialAction":[{"@type":"SearchAction","target":{"@type":"EntryPoint","urlTemplate":"https:\/\/www.pressenza.com\/es\/?s={search_term_string}"},"query-input":{"@type":"PropertyValueSpecification","valueRequired":true,"valueName":"search_term_string"}}],"inLanguage":"es"},{"@type":"Organization","@id":"https:\/\/www.pressenza.com\/es\/#organization","name":"Pressenza","url":"https:\/\/www.pressenza.com\/es\/","logo":{"@type":"ImageObject","inLanguage":"es","@id":"https:\/\/www.pressenza.com\/es\/#\/schema\/logo\/image\/","url":"https:\/\/www.pressenza.com\/wp-content\/uploads\/2022\/10\/pressenza_logo_200x200.jpg","contentUrl":"https:\/\/www.pressenza.com\/wp-content\/uploads\/2022\/10\/pressenza_logo_200x200.jpg","width":200,"height":200,"caption":"Pressenza"},"image":{"@id":"https:\/\/www.pressenza.com\/es\/#\/schema\/logo\/image\/"},"sameAs":["https:\/\/www.facebook.com\/PressenzaItalia","https:\/\/x.com\/PressenzaIPA"]},{"@type":"Person","@id":"https:\/\/www.pressenza.com\/es\/#\/schema\/person\/0dda7d1b68267ad95b1e1d83abc98c89","name":"Redacci\u00f3n Argentina","description":"News from the Pressenza Bureau in Argentina.","sameAs":["https:\/\/x.com\/pressenza"],"url":"https:\/\/www.pressenza.com\/es\/author\/redaccion-argentina\/"}]}},"place":"Ciudad de Buenos Aires","original_article_url":"","_links":{"self":[{"href":"https:\/\/www.pressenza.com\/es\/wp-json\/wp\/v2\/posts\/234392","targetHints":{"allow":["GET"]}}],"collection":[{"href":"https:\/\/www.pressenza.com\/es\/wp-json\/wp\/v2\/posts"}],"about":[{"href":"https:\/\/www.pressenza.com\/es\/wp-json\/wp\/v2\/types\/post"}],"author":[{"embeddable":true,"href":"https:\/\/www.pressenza.com\/es\/wp-json\/wp\/v2\/users\/87"}],"replies":[{"embeddable":true,"href":"https:\/\/www.pressenza.com\/es\/wp-json\/wp\/v2\/comments?post=234392"}],"version-history":[{"count":0,"href":"https:\/\/www.pressenza.com\/es\/wp-json\/wp\/v2\/posts\/234392\/revisions"}],"wp:featuredmedia":[{"embeddable":true,"href":"https:\/\/www.pressenza.com\/es\/wp-json\/wp\/v2\/media\/234394"}],"wp:attachment":[{"href":"https:\/\/www.pressenza.com\/es\/wp-json\/wp\/v2\/media?parent=234392"}],"wp:term":[{"taxonomy":"category","embeddable":true,"href":"https:\/\/www.pressenza.com\/es\/wp-json\/wp\/v2\/categories?post=234392"},{"taxonomy":"post_tag","embeddable":true,"href":"https:\/\/www.pressenza.com\/es\/wp-json\/wp\/v2\/tags?post=234392"}],"curies":[{"name":"wp","href":"https:\/\/api.w.org\/{rel}","templated":true}]}}