{"id":233891,"date":"2015-10-13T21:56:09","date_gmt":"2015-10-13T20:56:09","guid":{"rendered":"http:\/\/www.pressenza.com\/es\/?p=233891"},"modified":"2015-10-13T21:56:09","modified_gmt":"2015-10-13T20:56:09","slug":"euromarchas-llegada-a-metz","status":"publish","type":"post","link":"https:\/\/www.pressenza.com\/es\/2015\/10\/euromarchas-llegada-a-metz\/","title":{"rendered":"EuroMarchas: llegada a Metz"},"content":{"rendered":"<p><em>Llegamos a Marly donde comienza una manifestaci\u00f3n hacia el Ayuntamiento para protestar contra las pr\u00e1cticas xen\u00f3fobas del equipo municipal actual. Hablaron representantes de las Euromarchas y grupos locales.<\/em><\/p>\n<p><em>Tras Marly nos dirigimos a Metz, y frente a una escuela clausurada recientemente por los recortes, se defendi\u00f3 la escuela p\u00fablica y se escuch\u00f3 las distintas protestas ciudadanas.<\/em><\/p>\n<p><em> Siguiendo el eslogan de \u201cTicket a zero euros. Zero Fraude\u201d utilizamos gratuitamente el servicio municipal de autob\u00fas para desplazarnos hasta la Gare \u201cPalais des Congr\u00e8s\u201d donde un activista nos narra la situaci\u00f3n que est\u00e1 padeciendo Fouad Harjane, uno de los 800 manifestantes que paralizaron el servicio de tren en 2006, y por el que ha sido condenado a una multa de 40.000 eur.<\/em><\/p>\n<p><em> La marcha ha continuado con la visita a los locales que representan y defienden la precariedad laboral: Patronal (MEDEF), HSBC, la aseguradora Credit Mutuel y\u00a0Mc. Donald\u00b4s tras lo cual se ha marchado hacia el Ayuntamiento donde hemos dado las gracias al alcalde por su no invitaci\u00f3n. Ha despreciado, como partido socialista, la oportunidad de un encuentro con los ciudadanos en lucha, para entrevistarnos, y recoger nuestro Manifiesto por los derechos ciudadanos, como ha sucedido en otros ayuntamientos por donde las Euromarchas han transcurrido.<\/em><\/p>\n<p><em> Para finalizar nos hemos acercado a la Avenida de Blida donde hemos protestado junto a ciudadanos albaneses, entre otros, por las condiciones miserables en las que son tratados.<\/em><\/p>\n<p><a href=\"http:\/\/www.pressenza.com\/wp-content\/uploads\/2015\/10\/Metz.Imagen-fija008.jpg\"><img loading=\"lazy\" decoding=\"async\" class=\"aligncenter size-large wp-image-233940\" src=\"http:\/\/www.pressenza.com\/wp-content\/uploads\/2015\/10\/Metz.Imagen-fija008-720x405.jpg\" alt=\"Metz.Imagen fija008\" width=\"720\" height=\"405\" srcset=\"https:\/\/www.pressenza.com\/wp-content\/uploads\/2015\/10\/Metz.Imagen-fija008-720x405.jpg 720w, https:\/\/www.pressenza.com\/wp-content\/uploads\/2015\/10\/Metz.Imagen-fija008-300x169.jpg 300w, https:\/\/www.pressenza.com\/wp-content\/uploads\/2015\/10\/Metz.Imagen-fija008-750x422.jpg 750w, https:\/\/www.pressenza.com\/wp-content\/uploads\/2015\/10\/Metz.Imagen-fija008.jpg 1280w\" sizes=\"auto, (max-width: 720px) 100vw, 720px\" \/><\/a><\/p>\n<p><a href=\"http:\/\/www.pressenza.com\/wp-content\/uploads\/2015\/10\/Metz.Imagen-fija005.jpg\"><img loading=\"lazy\" decoding=\"async\" class=\"aligncenter size-large wp-image-233924\" src=\"http:\/\/www.pressenza.com\/wp-content\/uploads\/2015\/10\/Metz.Imagen-fija005-720x405.jpg\" alt=\"Metz.Imagen fija005\" width=\"720\" height=\"405\" srcset=\"https:\/\/www.pressenza.com\/wp-content\/uploads\/2015\/10\/Metz.Imagen-fija005-720x405.jpg 720w, https:\/\/www.pressenza.com\/wp-content\/uploads\/2015\/10\/Metz.Imagen-fija005-300x169.jpg 300w, https:\/\/www.pressenza.com\/wp-content\/uploads\/2015\/10\/Metz.Imagen-fija005-750x422.jpg 750w, https:\/\/www.pressenza.com\/wp-content\/uploads\/2015\/10\/Metz.Imagen-fija005.jpg 1280w\" sizes=\"auto, (max-width: 720px) 100vw, 720px\" \/><\/a><\/p>\n<p><a href=\"http:\/\/www.pressenza.com\/wp-content\/uploads\/2015\/10\/Metz.Imagen-fija004.jpg\"><img loading=\"lazy\" decoding=\"async\" class=\"aligncenter size-large wp-image-233916\" src=\"http:\/\/www.pressenza.com\/wp-content\/uploads\/2015\/10\/Metz.Imagen-fija004-720x405.jpg\" alt=\"Metz.Imagen fija004\" width=\"720\" height=\"405\" srcset=\"https:\/\/www.pressenza.com\/wp-content\/uploads\/2015\/10\/Metz.Imagen-fija004-720x405.jpg 720w, https:\/\/www.pressenza.com\/wp-content\/uploads\/2015\/10\/Metz.Imagen-fija004-300x169.jpg 300w, https:\/\/www.pressenza.com\/wp-content\/uploads\/2015\/10\/Metz.Imagen-fija004-750x422.jpg 750w, https:\/\/www.pressenza.com\/wp-content\/uploads\/2015\/10\/Metz.Imagen-fija004.jpg 1280w\" sizes=\"auto, (max-width: 720px) 100vw, 720px\" \/><\/a><\/p>\n<p><a href=\"http:\/\/www.pressenza.com\/wp-content\/uploads\/2015\/10\/Metz.Imagen-fija003.jpg\"><img loading=\"lazy\" decoding=\"async\" class=\"aligncenter size-large wp-image-233908\" src=\"http:\/\/www.pressenza.com\/wp-content\/uploads\/2015\/10\/Metz.Imagen-fija003-720x405.jpg\" alt=\"Metz.Imagen fija003\" width=\"720\" height=\"405\" srcset=\"https:\/\/www.pressenza.com\/wp-content\/uploads\/2015\/10\/Metz.Imagen-fija003-720x405.jpg 720w, https:\/\/www.pressenza.com\/wp-content\/uploads\/2015\/10\/Metz.Imagen-fija003-300x169.jpg 300w, https:\/\/www.pressenza.com\/wp-content\/uploads\/2015\/10\/Metz.Imagen-fija003-750x422.jpg 750w, https:\/\/www.pressenza.com\/wp-content\/uploads\/2015\/10\/Metz.Imagen-fija003.jpg 1280w\" sizes=\"auto, (max-width: 720px) 100vw, 720px\" \/><\/a><\/p>\n<p><a href=\"http:\/\/www.pressenza.com\/wp-content\/uploads\/2015\/10\/Metz.Imagen-fija001.jpg\"><img loading=\"lazy\" decoding=\"async\" class=\"aligncenter size-large wp-image-233900\" src=\"http:\/\/www.pressenza.com\/wp-content\/uploads\/2015\/10\/Metz.Imagen-fija001-720x405.jpg\" alt=\"Metz.Imagen fija001\" width=\"720\" height=\"405\" srcset=\"https:\/\/www.pressenza.com\/wp-content\/uploads\/2015\/10\/Metz.Imagen-fija001-720x405.jpg 720w, https:\/\/www.pressenza.com\/wp-content\/uploads\/2015\/10\/Metz.Imagen-fija001-300x169.jpg 300w, https:\/\/www.pressenza.com\/wp-content\/uploads\/2015\/10\/Metz.Imagen-fija001-750x422.jpg 750w, https:\/\/www.pressenza.com\/wp-content\/uploads\/2015\/10\/Metz.Imagen-fija001.jpg 1280w\" sizes=\"auto, (max-width: 720px) 100vw, 720px\" \/><\/a><\/p>\n<p><a href=\"http:\/\/www.pressenza.com\/wp-content\/uploads\/2015\/10\/Metz.Imagen-fija006.jpg\"><img loading=\"lazy\" decoding=\"async\" class=\"aligncenter size-large wp-image-233892\" src=\"http:\/\/www.pressenza.com\/wp-content\/uploads\/2015\/10\/Metz.Imagen-fija006-720x405.jpg\" alt=\"Metz.Imagen fija006\" width=\"720\" height=\"405\" srcset=\"https:\/\/www.pressenza.com\/wp-content\/uploads\/2015\/10\/Metz.Imagen-fija006-720x405.jpg 720w, https:\/\/www.pressenza.com\/wp-content\/uploads\/2015\/10\/Metz.Imagen-fija006-300x169.jpg 300w, https:\/\/www.pressenza.com\/wp-content\/uploads\/2015\/10\/Metz.Imagen-fija006-750x422.jpg 750w, https:\/\/www.pressenza.com\/wp-content\/uploads\/2015\/10\/Metz.Imagen-fija006.jpg 1280w\" sizes=\"auto, (max-width: 720px) 100vw, 720px\" \/><\/a><\/p>\n","protected":false},"excerpt":{"rendered":"<p>Llegamos a Marly donde comienza una manifestaci\u00f3n hacia el Ayuntamiento para protestar contra las pr\u00e1cticas xen\u00f3fobas del equipo municipal actual. Hablaron representantes de las Euromarchas y grupos locales. Tras Marly nos dirigimos a Metz, y frente a una escuela clausurada&hellip;<\/p>\n","protected":false},"author":926,"featured_media":233932,"comment_status":"closed","ping_status":"open","sticky":false,"template":"","format":"standard","meta":{"footnotes":""},"categories":[149,79,1241,66,5667,74,63],"tags":[20351],"class_list":["post-233891","post","type-post","status-publish","format-standard","has-post-thumbnail","hentry","category-comunicados-de-prensa","category-derechos-humanos","category-diversidad","category-europa-es","category-foto-reportajes","category-politica-es","category-region-es","tag-euromarchas2015"],"yoast_head":"<!-- This site is optimized with the Yoast SEO plugin v27.1.1 - https:\/\/yoast.com\/product\/yoast-seo-wordpress\/ -->\n<title>EuroMarchas: llegada a Metz<\/title>\n<meta name=\"description\" content=\"Llegamos a Marly donde comienza una manifestaci\u00f3n hacia el Ayuntamiento para protestar contra las pr\u00e1cticas xen\u00f3fobas del equipo municipal actual.\" \/>\n<meta name=\"robots\" content=\"index, follow, max-snippet:-1, max-image-preview:large, max-video-preview:-1\" \/>\n<link rel=\"canonical\" href=\"https:\/\/www.pressenza.com\/es\/2015\/10\/euromarchas-llegada-a-metz\/\" \/>\n<meta property=\"og:locale\" content=\"es_ES\" \/>\n<meta property=\"og:type\" content=\"article\" \/>\n<meta property=\"og:title\" content=\"EuroMarchas: llegada a Metz\" \/>\n<meta property=\"og:description\" content=\"Llegamos a Marly donde comienza una manifestaci\u00f3n hacia el Ayuntamiento para protestar contra las pr\u00e1cticas xen\u00f3fobas del equipo municipal actual.\" \/>\n<meta property=\"og:url\" content=\"https:\/\/www.pressenza.com\/es\/2015\/10\/euromarchas-llegada-a-metz\/\" \/>\n<meta property=\"og:site_name\" content=\"Pressenza\" \/>\n<meta property=\"article:publisher\" content=\"https:\/\/www.facebook.com\/PressenzaItalia\" \/>\n<meta property=\"article:published_time\" content=\"2015-10-13T20:56:09+00:00\" \/>\n<meta property=\"og:image\" content=\"https:\/\/www.pressenza.com\/wp-content\/uploads\/2015\/10\/Metz.Imagen-fija007.jpg\" \/>\n\t<meta property=\"og:image:width\" content=\"1280\" \/>\n\t<meta property=\"og:image:height\" content=\"720\" \/>\n\t<meta property=\"og:image:type\" content=\"image\/jpeg\" \/>\n<meta name=\"author\" content=\"R\u00e9daction France\" \/>\n<meta name=\"twitter:card\" content=\"summary_large_image\" \/>\n<meta name=\"twitter:creator\" content=\"@PressenzaIPA\" \/>\n<meta name=\"twitter:site\" content=\"@PressenzaIPA\" \/>\n<meta name=\"twitter:label1\" content=\"Escrito por\" \/>\n\t<meta name=\"twitter:data1\" content=\"R\u00e9daction France\" \/>\n\t<meta name=\"twitter:label2\" content=\"Tiempo de lectura\" \/>\n\t<meta name=\"twitter:data2\" content=\"1 minuto\" \/>\n<script type=\"application\/ld+json\" class=\"yoast-schema-graph\">{\"@context\":\"https:\/\/schema.org\",\"@graph\":[{\"@type\":\"Article\",\"@id\":\"https:\/\/www.pressenza.com\/es\/2015\/10\/euromarchas-llegada-a-metz\/#article\",\"isPartOf\":{\"@id\":\"https:\/\/www.pressenza.com\/es\/2015\/10\/euromarchas-llegada-a-metz\/\"},\"author\":{\"name\":\"R\u00e9daction France\",\"@id\":\"https:\/\/www.pressenza.com\/es\/#\/schema\/person\/3c9fe6670cc2cffbd37562f87b98e869\"},\"headline\":\"EuroMarchas: llegada a Metz\",\"datePublished\":\"2015-10-13T20:56:09+00:00\",\"mainEntityOfPage\":{\"@id\":\"https:\/\/www.pressenza.com\/es\/2015\/10\/euromarchas-llegada-a-metz\/\"},\"wordCount\":241,\"publisher\":{\"@id\":\"https:\/\/www.pressenza.com\/es\/#organization\"},\"image\":{\"@id\":\"https:\/\/www.pressenza.com\/es\/2015\/10\/euromarchas-llegada-a-metz\/#primaryimage\"},\"thumbnailUrl\":\"https:\/\/www.pressenza.com\/wp-content\/uploads\/2015\/10\/Metz.Imagen-fija007.jpg\",\"keywords\":[\"EuroMarchas2015\"],\"articleSection\":[\"Comunicados de Prensa\",\"Derechos Humanos\",\"Diversidad\",\"Europa\",\"Fotorreportajes\",\"Pol\u00edtica\",\"Regi\u00f3n\"],\"inLanguage\":\"es\"},{\"@type\":\"WebPage\",\"@id\":\"https:\/\/www.pressenza.com\/es\/2015\/10\/euromarchas-llegada-a-metz\/\",\"url\":\"https:\/\/www.pressenza.com\/es\/2015\/10\/euromarchas-llegada-a-metz\/\",\"name\":\"EuroMarchas: llegada a Metz\",\"isPartOf\":{\"@id\":\"https:\/\/www.pressenza.com\/es\/#website\"},\"primaryImageOfPage\":{\"@id\":\"https:\/\/www.pressenza.com\/es\/2015\/10\/euromarchas-llegada-a-metz\/#primaryimage\"},\"image\":{\"@id\":\"https:\/\/www.pressenza.com\/es\/2015\/10\/euromarchas-llegada-a-metz\/#primaryimage\"},\"thumbnailUrl\":\"https:\/\/www.pressenza.com\/wp-content\/uploads\/2015\/10\/Metz.Imagen-fija007.jpg\",\"datePublished\":\"2015-10-13T20:56:09+00:00\",\"description\":\"Llegamos a Marly donde comienza una manifestaci\u00f3n hacia el Ayuntamiento para protestar contra las pr\u00e1cticas xen\u00f3fobas del equipo municipal actual.\",\"breadcrumb\":{\"@id\":\"https:\/\/www.pressenza.com\/es\/2015\/10\/euromarchas-llegada-a-metz\/#breadcrumb\"},\"inLanguage\":\"es\",\"potentialAction\":[{\"@type\":\"ReadAction\",\"target\":[\"https:\/\/www.pressenza.com\/es\/2015\/10\/euromarchas-llegada-a-metz\/\"]}]},{\"@type\":\"ImageObject\",\"inLanguage\":\"es\",\"@id\":\"https:\/\/www.pressenza.com\/es\/2015\/10\/euromarchas-llegada-a-metz\/#primaryimage\",\"url\":\"https:\/\/www.pressenza.com\/wp-content\/uploads\/2015\/10\/Metz.Imagen-fija007.jpg\",\"contentUrl\":\"https:\/\/www.pressenza.com\/wp-content\/uploads\/2015\/10\/Metz.Imagen-fija007.jpg\",\"width\":1280,\"height\":720},{\"@type\":\"BreadcrumbList\",\"@id\":\"https:\/\/www.pressenza.com\/es\/2015\/10\/euromarchas-llegada-a-metz\/#breadcrumb\",\"itemListElement\":[{\"@type\":\"ListItem\",\"position\":1,\"name\":\"Accueil\",\"item\":\"https:\/\/www.pressenza.com\/es\/\"},{\"@type\":\"ListItem\",\"position\":2,\"name\":\"EuroMarchas: llegada a Metz\"}]},{\"@type\":\"WebSite\",\"@id\":\"https:\/\/www.pressenza.com\/es\/#website\",\"url\":\"https:\/\/www.pressenza.com\/es\/\",\"name\":\"Pressenza\",\"description\":\"International Press Agency\",\"publisher\":{\"@id\":\"https:\/\/www.pressenza.com\/es\/#organization\"},\"potentialAction\":[{\"@type\":\"SearchAction\",\"target\":{\"@type\":\"EntryPoint\",\"urlTemplate\":\"https:\/\/www.pressenza.com\/es\/?s={search_term_string}\"},\"query-input\":{\"@type\":\"PropertyValueSpecification\",\"valueRequired\":true,\"valueName\":\"search_term_string\"}}],\"inLanguage\":\"es\"},{\"@type\":\"Organization\",\"@id\":\"https:\/\/www.pressenza.com\/es\/#organization\",\"name\":\"Pressenza\",\"url\":\"https:\/\/www.pressenza.com\/es\/\",\"logo\":{\"@type\":\"ImageObject\",\"inLanguage\":\"es\",\"@id\":\"https:\/\/www.pressenza.com\/es\/#\/schema\/logo\/image\/\",\"url\":\"https:\/\/www.pressenza.com\/wp-content\/uploads\/2022\/10\/pressenza_logo_200x200.jpg\",\"contentUrl\":\"https:\/\/www.pressenza.com\/wp-content\/uploads\/2022\/10\/pressenza_logo_200x200.jpg\",\"width\":200,\"height\":200,\"caption\":\"Pressenza\"},\"image\":{\"@id\":\"https:\/\/www.pressenza.com\/es\/#\/schema\/logo\/image\/\"},\"sameAs\":[\"https:\/\/www.facebook.com\/PressenzaItalia\",\"https:\/\/x.com\/PressenzaIPA\"]},{\"@type\":\"Person\",\"@id\":\"https:\/\/www.pressenza.com\/es\/#\/schema\/person\/3c9fe6670cc2cffbd37562f87b98e869\",\"name\":\"R\u00e9daction France\",\"description\":\"News published by the Pressenza bureau in France\",\"sameAs\":[\"http:\/\/www.pressenza.com\/fr\"],\"url\":\"https:\/\/www.pressenza.com\/es\/author\/redactionfrance\/\"}]}<\/script>\n<!-- \/ Yoast SEO plugin. -->","yoast_head_json":{"title":"EuroMarchas: llegada a Metz","description":"Llegamos a Marly donde comienza una manifestaci\u00f3n hacia el Ayuntamiento para protestar contra las pr\u00e1cticas xen\u00f3fobas del equipo municipal actual.","robots":{"index":"index","follow":"follow","max-snippet":"max-snippet:-1","max-image-preview":"max-image-preview:large","max-video-preview":"max-video-preview:-1"},"canonical":"https:\/\/www.pressenza.com\/es\/2015\/10\/euromarchas-llegada-a-metz\/","og_locale":"es_ES","og_type":"article","og_title":"EuroMarchas: llegada a Metz","og_description":"Llegamos a Marly donde comienza una manifestaci\u00f3n hacia el Ayuntamiento para protestar contra las pr\u00e1cticas xen\u00f3fobas del equipo municipal actual.","og_url":"https:\/\/www.pressenza.com\/es\/2015\/10\/euromarchas-llegada-a-metz\/","og_site_name":"Pressenza","article_publisher":"https:\/\/www.facebook.com\/PressenzaItalia","article_published_time":"2015-10-13T20:56:09+00:00","og_image":[{"width":1280,"height":720,"url":"https:\/\/www.pressenza.com\/wp-content\/uploads\/2015\/10\/Metz.Imagen-fija007.jpg","type":"image\/jpeg"}],"author":"R\u00e9daction France","twitter_card":"summary_large_image","twitter_creator":"@PressenzaIPA","twitter_site":"@PressenzaIPA","twitter_misc":{"Escrito por":"R\u00e9daction France","Tiempo de lectura":"1 minuto"},"schema":{"@context":"https:\/\/schema.org","@graph":[{"@type":"Article","@id":"https:\/\/www.pressenza.com\/es\/2015\/10\/euromarchas-llegada-a-metz\/#article","isPartOf":{"@id":"https:\/\/www.pressenza.com\/es\/2015\/10\/euromarchas-llegada-a-metz\/"},"author":{"name":"R\u00e9daction France","@id":"https:\/\/www.pressenza.com\/es\/#\/schema\/person\/3c9fe6670cc2cffbd37562f87b98e869"},"headline":"EuroMarchas: llegada a Metz","datePublished":"2015-10-13T20:56:09+00:00","mainEntityOfPage":{"@id":"https:\/\/www.pressenza.com\/es\/2015\/10\/euromarchas-llegada-a-metz\/"},"wordCount":241,"publisher":{"@id":"https:\/\/www.pressenza.com\/es\/#organization"},"image":{"@id":"https:\/\/www.pressenza.com\/es\/2015\/10\/euromarchas-llegada-a-metz\/#primaryimage"},"thumbnailUrl":"https:\/\/www.pressenza.com\/wp-content\/uploads\/2015\/10\/Metz.Imagen-fija007.jpg","keywords":["EuroMarchas2015"],"articleSection":["Comunicados de Prensa","Derechos Humanos","Diversidad","Europa","Fotorreportajes","Pol\u00edtica","Regi\u00f3n"],"inLanguage":"es"},{"@type":"WebPage","@id":"https:\/\/www.pressenza.com\/es\/2015\/10\/euromarchas-llegada-a-metz\/","url":"https:\/\/www.pressenza.com\/es\/2015\/10\/euromarchas-llegada-a-metz\/","name":"EuroMarchas: llegada a Metz","isPartOf":{"@id":"https:\/\/www.pressenza.com\/es\/#website"},"primaryImageOfPage":{"@id":"https:\/\/www.pressenza.com\/es\/2015\/10\/euromarchas-llegada-a-metz\/#primaryimage"},"image":{"@id":"https:\/\/www.pressenza.com\/es\/2015\/10\/euromarchas-llegada-a-metz\/#primaryimage"},"thumbnailUrl":"https:\/\/www.pressenza.com\/wp-content\/uploads\/2015\/10\/Metz.Imagen-fija007.jpg","datePublished":"2015-10-13T20:56:09+00:00","description":"Llegamos a Marly donde comienza una manifestaci\u00f3n hacia el Ayuntamiento para protestar contra las pr\u00e1cticas xen\u00f3fobas del equipo municipal actual.","breadcrumb":{"@id":"https:\/\/www.pressenza.com\/es\/2015\/10\/euromarchas-llegada-a-metz\/#breadcrumb"},"inLanguage":"es","potentialAction":[{"@type":"ReadAction","target":["https:\/\/www.pressenza.com\/es\/2015\/10\/euromarchas-llegada-a-metz\/"]}]},{"@type":"ImageObject","inLanguage":"es","@id":"https:\/\/www.pressenza.com\/es\/2015\/10\/euromarchas-llegada-a-metz\/#primaryimage","url":"https:\/\/www.pressenza.com\/wp-content\/uploads\/2015\/10\/Metz.Imagen-fija007.jpg","contentUrl":"https:\/\/www.pressenza.com\/wp-content\/uploads\/2015\/10\/Metz.Imagen-fija007.jpg","width":1280,"height":720},{"@type":"BreadcrumbList","@id":"https:\/\/www.pressenza.com\/es\/2015\/10\/euromarchas-llegada-a-metz\/#breadcrumb","itemListElement":[{"@type":"ListItem","position":1,"name":"Accueil","item":"https:\/\/www.pressenza.com\/es\/"},{"@type":"ListItem","position":2,"name":"EuroMarchas: llegada a Metz"}]},{"@type":"WebSite","@id":"https:\/\/www.pressenza.com\/es\/#website","url":"https:\/\/www.pressenza.com\/es\/","name":"Pressenza","description":"International Press Agency","publisher":{"@id":"https:\/\/www.pressenza.com\/es\/#organization"},"potentialAction":[{"@type":"SearchAction","target":{"@type":"EntryPoint","urlTemplate":"https:\/\/www.pressenza.com\/es\/?s={search_term_string}"},"query-input":{"@type":"PropertyValueSpecification","valueRequired":true,"valueName":"search_term_string"}}],"inLanguage":"es"},{"@type":"Organization","@id":"https:\/\/www.pressenza.com\/es\/#organization","name":"Pressenza","url":"https:\/\/www.pressenza.com\/es\/","logo":{"@type":"ImageObject","inLanguage":"es","@id":"https:\/\/www.pressenza.com\/es\/#\/schema\/logo\/image\/","url":"https:\/\/www.pressenza.com\/wp-content\/uploads\/2022\/10\/pressenza_logo_200x200.jpg","contentUrl":"https:\/\/www.pressenza.com\/wp-content\/uploads\/2022\/10\/pressenza_logo_200x200.jpg","width":200,"height":200,"caption":"Pressenza"},"image":{"@id":"https:\/\/www.pressenza.com\/es\/#\/schema\/logo\/image\/"},"sameAs":["https:\/\/www.facebook.com\/PressenzaItalia","https:\/\/x.com\/PressenzaIPA"]},{"@type":"Person","@id":"https:\/\/www.pressenza.com\/es\/#\/schema\/person\/3c9fe6670cc2cffbd37562f87b98e869","name":"R\u00e9daction France","description":"News published by the Pressenza bureau in France","sameAs":["http:\/\/www.pressenza.com\/fr"],"url":"https:\/\/www.pressenza.com\/es\/author\/redactionfrance\/"}]}},"place":"Metz (France)","original_article_url":"","_links":{"self":[{"href":"https:\/\/www.pressenza.com\/es\/wp-json\/wp\/v2\/posts\/233891","targetHints":{"allow":["GET"]}}],"collection":[{"href":"https:\/\/www.pressenza.com\/es\/wp-json\/wp\/v2\/posts"}],"about":[{"href":"https:\/\/www.pressenza.com\/es\/wp-json\/wp\/v2\/types\/post"}],"author":[{"embeddable":true,"href":"https:\/\/www.pressenza.com\/es\/wp-json\/wp\/v2\/users\/926"}],"replies":[{"embeddable":true,"href":"https:\/\/www.pressenza.com\/es\/wp-json\/wp\/v2\/comments?post=233891"}],"version-history":[{"count":0,"href":"https:\/\/www.pressenza.com\/es\/wp-json\/wp\/v2\/posts\/233891\/revisions"}],"wp:featuredmedia":[{"embeddable":true,"href":"https:\/\/www.pressenza.com\/es\/wp-json\/wp\/v2\/media\/233932"}],"wp:attachment":[{"href":"https:\/\/www.pressenza.com\/es\/wp-json\/wp\/v2\/media?parent=233891"}],"wp:term":[{"taxonomy":"category","embeddable":true,"href":"https:\/\/www.pressenza.com\/es\/wp-json\/wp\/v2\/categories?post=233891"},{"taxonomy":"post_tag","embeddable":true,"href":"https:\/\/www.pressenza.com\/es\/wp-json\/wp\/v2\/tags?post=233891"}],"curies":[{"name":"wp","href":"https:\/\/api.w.org\/{rel}","templated":true}]}}