{"id":233877,"date":"2015-10-13T19:21:15","date_gmt":"2015-10-13T18:21:15","guid":{"rendered":"http:\/\/www.pressenza.com\/es\/?p=233877"},"modified":"2015-10-13T19:21:15","modified_gmt":"2015-10-13T18:21:15","slug":"la-marcha-por-la-recuperacion-de-la-memoria-ancestral","status":"publish","type":"post","link":"https:\/\/www.pressenza.com\/es\/2015\/10\/la-marcha-por-la-recuperacion-de-la-memoria-ancestral\/","title":{"rendered":"La Marcha por la recuperaci\u00f3n de la memoria ancestral"},"content":{"rendered":"<p>&nbsp;<\/p>\n<p>Con la presencia de pu werken (mensajeros) y pu lamngen (hermanos) de diversas comunidades del Wallmapu se dio inicio a la multitudinaria marcha por la resistencia ind\u00edgena hoy en el coraz\u00f3n de Santiago. Ellos nos tra\u00edan noticias frescas de la situaci\u00f3n que se vive a diario en cada espacio territorial en recuperaci\u00f3n. Al comienzo de la marcha y en dos paradas siguientes, cada werken nos contaba de las tristes realidades que viven, especialmente los ni\u00f1os y las mujeres en el Wallmapu, a manos del estado represor.<\/p>\n<p><img loading=\"lazy\" decoding=\"async\" class=\"aLF-aPX-J1-J3 aLF-aPX-aLK-ayr-auR alignleft\" src=\"https:\/\/mail.google.com\/mail\/u\/0\/?ui=2&amp;ik=c13a7064d7&amp;view=fimg&amp;th=15062593065a6db5&amp;attid=0.2&amp;disp=inline&amp;realattid=f_ifpo7hlz1&amp;safe=1&amp;attbid=ANGjdJ_5zeYpksXr7Bz4C6_6kCFgD95ZV_Txo_GTjv_ma8RXmMtax68DwItWpjqmWRvDs7ufhGajqq-kSZaXDFTN62YnXJiN2KwZbEPyusqtbOwO6y-U5k0fiSJSBRg&amp;ats=1444759415557&amp;rm=15062593065a6db5&amp;zw&amp;sz=w1218-h731\" alt=\"Mostrando IMG-20151012-WA0018.jpg\" width=\"304\" height=\"228\" \/><\/p>\n<p>Acompa\u00f1\u00e1bamos tambi\u00e9n diversas organizaciones que acudimos a esta cita para recordar que las demandas contin\u00faan siendo las mismas: libertad a los Presos Pol\u00edticos Mapuche, fin a la militarizaci\u00f3n en zona mapuche, restituci\u00f3n de las tierras y respeto por la cosmovisi\u00f3n, la religiosidad y la lengua. El pueblo mapuche, que ya habitaba este territorio 12.000 a\u00f1os atr\u00e1s, tiene mucho por aportar a esta sociedad multicultural y eso comienza por el m\u00ednimo respeto hacia los pueblos originarios, por su sabidur\u00eda y su conocimiento ancestral.<\/p>\n<p>Hoy, como tantas otras veces, la marcha, organizada por el movimiento mapuche, pero que contaba con la participaci\u00f3n de varias otras organizaciones sociales y la diversidad de pueblos que habitan en Chile, se dio en muy buena sinton\u00eda, organizadamente y en forma no-violenta, aunque al final aparecieron peque\u00f1os grupos de infiltrados, que no cuadran con el resto de los manifestantes, destruyendo, rayando o tirando piedras, y por supuesto esto inmediatamente dio cabida para que actuaran las fuerzas especiales de carabineros. Mucha gente piensa que estos infiltrados le hacen el juego a la polic\u00eda, ya que no tienen que ver con el movimiento mapuche y se les intenta aislar, pero igual hacen da\u00f1o al conjunto con sus actitudes.<\/p>\n<p><img loading=\"lazy\" decoding=\"async\" class=\"aLF-aPX-J1-J3 aLF-aPX-aLK-ayr-auR alignright\" src=\"https:\/\/mail.google.com\/mail\/u\/0\/?ui=2&amp;ik=c13a7064d7&amp;view=fimg&amp;th=1505eec22eeead46&amp;attid=0.7&amp;disp=inline&amp;realattid=f_ifopyesa6&amp;safe=1&amp;attbid=ANGjdJ_l92G2Ku94wWxVIcM02gWO3CQu8tACF4hW1k_K6pblRlI2BiQzxoHQ2o5ytSIr28_Gn5PO4YKGsEeHIIvrSadp4vlIzLBycN9hghzae6vqm6F83MUhW3M1K6k&amp;ats=1444753437408&amp;rm=1505eec22eeead46&amp;zw&amp;sz=w1246-h780\" alt=\"Mostrando IMG-20151012-WA0008.jpg\" width=\"264\" height=\"459\" \/><\/p>\n<p>Fue gratificante parar y hacer retroceder al guanaco que pretend\u00eda arremeter contra la gente que nos manifest\u00e1bamos alegremente y sin violencia, puesto que los organizadores a\u00fan no daban por concluida la marcha. Aunque finalmente \u00e9sta termin\u00f3, como tantas veces, con gases y guanacos (carros lanza-agua) en contra de personas que no toleramos estas pr\u00e1cticas.<\/p>\n<p>A\u00f1o a a\u00f1o se ha ido acrecentando una corriente de simpat\u00eda de algunos sectores de la ciudadan\u00eda hacia el Movimiento Mapuche, porque ellos han logrado traspasar las fronteras de la des-informaci\u00f3n generada por los gobiernos de turno. En gran medida esto ha ido siendo posible gracias a sus vinculaciones y presencia en organizaciones de bases y en las redes sociales, a trav\u00e9s de j\u00f3venes mapuche que viven en las ciudades.<\/p>\n<p>As\u00ed tambi\u00e9n, gracias a los movimientos sociales es cada vez m\u00e1s la gente que se ha ido dando cuenta de que la realidad que se hab\u00eda ense\u00f1ado en los libros de colegio y en los medios masivos de comunicaci\u00f3n era mal intencionada, mostrando a los mapuche con ep\u00edtetos tales como \u201dflojos, borrachos, terroristas\u201d, para denigrarlos y predisponer a la poblaci\u00f3n en contra de ellos.<\/p>\n<p>No est\u00e1 mal recordar la Memoria presentada al Congreso Nacional en 1870 por el ministro de estado del departamento de guerra de la \u00e9poca de Cornelio Saavedra: <em>\u201cpara imponer la lei, que es la civilizaci\u00f3n, a una raza salvaje e ind\u00f3mita, falsa en sus promesas y acostumbrada al pillaje y ociosidad y al vicio, est\u00e1 demostrado que es necesario recurrir al empleo de la fuerza i al escarmiento del castigo\u2026\u201d<\/em><\/p>\n<p>Pero a pesar de todo, somos optimistas en la mirada de futuro. Creemos que se ir\u00e1 caminando \u2013como en otras latitudes- hacia una nueva relaci\u00f3n entre estas dos naciones que comparten un mismo territorio, en donde el reconocimiento mutuo permitir\u00e1 reconstruir las confianzas perdidas, incorporar la lengua, -el mapuzungun-, en el sistema educativo, valorar y recuperar sus espacios ceremoniales y colectivos, sus formas ancestrales de salud, en fin, recrear y valorar su estado de bienestar (k\u00fcme mong\u00f1en).<\/p>\n<p>Con esta base m\u00ednima de relaci\u00f3n activa entre estado chileno y pueblo mapuche se podr\u00eda seguir avanzando en la construcci\u00f3n de un estado pluricultural y multiling\u00fce que albergue pac\u00edficamente a todos los pueblos de Chile.<\/p>\n<p>* La autora forma parte de La Comunidad para el Desarrollo Humano<\/p>\n","protected":false},"excerpt":{"rendered":"<p>&nbsp; Con la presencia de pu werken (mensajeros) y pu lamngen (hermanos) de diversas comunidades del Wallmapu se dio inicio a la multitudinaria marcha por la resistencia ind\u00edgena hoy en el coraz\u00f3n de Santiago. Ellos nos tra\u00edan noticias frescas de&hellip;<\/p>\n","protected":false},"author":1018,"featured_media":233881,"comment_status":"closed","ping_status":"open","sticky":false,"template":"","format":"standard","meta":{"footnotes":""},"categories":[72,149,5667,80,63,67],"tags":[20835,936,16475,20837,20836],"class_list":["post-233877","post","type-post","status-publish","format-standard","has-post-thumbnail","hentry","category-tema","category-comunicados-de-prensa","category-foto-reportajes","category-pueblos-originarios","category-region-es","category-sudamerica","tag-12-de-octubre","tag-mapuche-es","tag-marcha","tag-pluricultural","tag-wallmapu"],"yoast_head":"<!-- This site is optimized with the Yoast SEO plugin v27.1.1 - https:\/\/yoast.com\/product\/yoast-seo-wordpress\/ -->\n<title>La Marcha por la recuperaci\u00f3n de la memoria ancestral<\/title>\n<meta name=\"description\" content=\"&nbsp; Con la presencia de pu werken (mensajeros) y pu lamngen (hermanos) de diversas comunidades del Wallmapu se dio inicio a la multitudinaria marcha\" \/>\n<meta name=\"robots\" content=\"index, follow, max-snippet:-1, max-image-preview:large, max-video-preview:-1\" \/>\n<link rel=\"canonical\" href=\"https:\/\/www.pressenza.com\/es\/2015\/10\/la-marcha-por-la-recuperacion-de-la-memoria-ancestral\/\" \/>\n<meta property=\"og:locale\" content=\"es_ES\" \/>\n<meta property=\"og:type\" content=\"article\" \/>\n<meta property=\"og:title\" content=\"La Marcha por la recuperaci\u00f3n de la memoria ancestral\" \/>\n<meta property=\"og:description\" content=\"&nbsp; Con la presencia de pu werken (mensajeros) y pu lamngen (hermanos) de diversas comunidades del Wallmapu se dio inicio a la multitudinaria marcha\" \/>\n<meta property=\"og:url\" content=\"https:\/\/www.pressenza.com\/es\/2015\/10\/la-marcha-por-la-recuperacion-de-la-memoria-ancestral\/\" \/>\n<meta property=\"og:site_name\" content=\"Pressenza\" \/>\n<meta property=\"article:publisher\" content=\"https:\/\/www.facebook.com\/PressenzaItalia\" \/>\n<meta property=\"article:published_time\" content=\"2015-10-13T18:21:15+00:00\" \/>\n<meta property=\"og:image\" content=\"https:\/\/www.pressenza.com\/wp-content\/uploads\/2015\/10\/IMG-20151012-WA0013.jpg\" \/>\n\t<meta property=\"og:image:width\" content=\"448\" \/>\n\t<meta property=\"og:image:height\" content=\"336\" \/>\n\t<meta property=\"og:image:type\" content=\"image\/jpeg\" \/>\n<meta name=\"author\" content=\"Gloria Mujica\" \/>\n<meta name=\"twitter:card\" content=\"summary_large_image\" \/>\n<meta name=\"twitter:creator\" content=\"@PressenzaIPA\" \/>\n<meta name=\"twitter:site\" content=\"@PressenzaIPA\" \/>\n<meta name=\"twitter:label1\" content=\"Escrito por\" \/>\n\t<meta name=\"twitter:data1\" content=\"Gloria Mujica\" \/>\n\t<meta name=\"twitter:label2\" content=\"Tiempo de lectura\" \/>\n\t<meta name=\"twitter:data2\" content=\"4 minutos\" \/>\n<script type=\"application\/ld+json\" class=\"yoast-schema-graph\">{\"@context\":\"https:\/\/schema.org\",\"@graph\":[{\"@type\":\"Article\",\"@id\":\"https:\/\/www.pressenza.com\/es\/2015\/10\/la-marcha-por-la-recuperacion-de-la-memoria-ancestral\/#article\",\"isPartOf\":{\"@id\":\"https:\/\/www.pressenza.com\/es\/2015\/10\/la-marcha-por-la-recuperacion-de-la-memoria-ancestral\/\"},\"author\":{\"name\":\"Gloria Mujica\",\"@id\":\"https:\/\/www.pressenza.com\/es\/#\/schema\/person\/2a52c828596d649f7fb1878d051e6487\"},\"headline\":\"La Marcha por la recuperaci\u00f3n de la memoria ancestral\",\"datePublished\":\"2015-10-13T18:21:15+00:00\",\"mainEntityOfPage\":{\"@id\":\"https:\/\/www.pressenza.com\/es\/2015\/10\/la-marcha-por-la-recuperacion-de-la-memoria-ancestral\/\"},\"wordCount\":726,\"publisher\":{\"@id\":\"https:\/\/www.pressenza.com\/es\/#organization\"},\"image\":{\"@id\":\"https:\/\/www.pressenza.com\/es\/2015\/10\/la-marcha-por-la-recuperacion-de-la-memoria-ancestral\/#primaryimage\"},\"thumbnailUrl\":\"https:\/\/www.pressenza.com\/wp-content\/uploads\/2015\/10\/IMG-20151012-WA0013.jpg\",\"keywords\":[\"12 de octubre\",\"mapuche\",\"Marcha\",\"pluricultural\",\"wallmapu\"],\"articleSection\":[\"_Tema\",\"Comunicados de Prensa\",\"Fotorreportajes\",\"Pueblos Originarios\",\"Regi\u00f3n\",\"Sudam\u00e9rica\"],\"inLanguage\":\"es\"},{\"@type\":\"WebPage\",\"@id\":\"https:\/\/www.pressenza.com\/es\/2015\/10\/la-marcha-por-la-recuperacion-de-la-memoria-ancestral\/\",\"url\":\"https:\/\/www.pressenza.com\/es\/2015\/10\/la-marcha-por-la-recuperacion-de-la-memoria-ancestral\/\",\"name\":\"La Marcha por la recuperaci\u00f3n de la memoria ancestral\",\"isPartOf\":{\"@id\":\"https:\/\/www.pressenza.com\/es\/#website\"},\"primaryImageOfPage\":{\"@id\":\"https:\/\/www.pressenza.com\/es\/2015\/10\/la-marcha-por-la-recuperacion-de-la-memoria-ancestral\/#primaryimage\"},\"image\":{\"@id\":\"https:\/\/www.pressenza.com\/es\/2015\/10\/la-marcha-por-la-recuperacion-de-la-memoria-ancestral\/#primaryimage\"},\"thumbnailUrl\":\"https:\/\/www.pressenza.com\/wp-content\/uploads\/2015\/10\/IMG-20151012-WA0013.jpg\",\"datePublished\":\"2015-10-13T18:21:15+00:00\",\"description\":\"&nbsp; Con la presencia de pu werken (mensajeros) y pu lamngen (hermanos) de diversas comunidades del Wallmapu se dio inicio a la multitudinaria marcha\",\"breadcrumb\":{\"@id\":\"https:\/\/www.pressenza.com\/es\/2015\/10\/la-marcha-por-la-recuperacion-de-la-memoria-ancestral\/#breadcrumb\"},\"inLanguage\":\"es\",\"potentialAction\":[{\"@type\":\"ReadAction\",\"target\":[\"https:\/\/www.pressenza.com\/es\/2015\/10\/la-marcha-por-la-recuperacion-de-la-memoria-ancestral\/\"]}]},{\"@type\":\"ImageObject\",\"inLanguage\":\"es\",\"@id\":\"https:\/\/www.pressenza.com\/es\/2015\/10\/la-marcha-por-la-recuperacion-de-la-memoria-ancestral\/#primaryimage\",\"url\":\"https:\/\/www.pressenza.com\/wp-content\/uploads\/2015\/10\/IMG-20151012-WA0013.jpg\",\"contentUrl\":\"https:\/\/www.pressenza.com\/wp-content\/uploads\/2015\/10\/IMG-20151012-WA0013.jpg\",\"width\":448,\"height\":336},{\"@type\":\"BreadcrumbList\",\"@id\":\"https:\/\/www.pressenza.com\/es\/2015\/10\/la-marcha-por-la-recuperacion-de-la-memoria-ancestral\/#breadcrumb\",\"itemListElement\":[{\"@type\":\"ListItem\",\"position\":1,\"name\":\"Accueil\",\"item\":\"https:\/\/www.pressenza.com\/es\/\"},{\"@type\":\"ListItem\",\"position\":2,\"name\":\"La Marcha por la recuperaci\u00f3n de la memoria ancestral\"}]},{\"@type\":\"WebSite\",\"@id\":\"https:\/\/www.pressenza.com\/es\/#website\",\"url\":\"https:\/\/www.pressenza.com\/es\/\",\"name\":\"Pressenza\",\"description\":\"International Press Agency\",\"publisher\":{\"@id\":\"https:\/\/www.pressenza.com\/es\/#organization\"},\"potentialAction\":[{\"@type\":\"SearchAction\",\"target\":{\"@type\":\"EntryPoint\",\"urlTemplate\":\"https:\/\/www.pressenza.com\/es\/?s={search_term_string}\"},\"query-input\":{\"@type\":\"PropertyValueSpecification\",\"valueRequired\":true,\"valueName\":\"search_term_string\"}}],\"inLanguage\":\"es\"},{\"@type\":\"Organization\",\"@id\":\"https:\/\/www.pressenza.com\/es\/#organization\",\"name\":\"Pressenza\",\"url\":\"https:\/\/www.pressenza.com\/es\/\",\"logo\":{\"@type\":\"ImageObject\",\"inLanguage\":\"es\",\"@id\":\"https:\/\/www.pressenza.com\/es\/#\/schema\/logo\/image\/\",\"url\":\"https:\/\/www.pressenza.com\/wp-content\/uploads\/2022\/10\/pressenza_logo_200x200.jpg\",\"contentUrl\":\"https:\/\/www.pressenza.com\/wp-content\/uploads\/2022\/10\/pressenza_logo_200x200.jpg\",\"width\":200,\"height\":200,\"caption\":\"Pressenza\"},\"image\":{\"@id\":\"https:\/\/www.pressenza.com\/es\/#\/schema\/logo\/image\/\"},\"sameAs\":[\"https:\/\/www.facebook.com\/PressenzaItalia\",\"https:\/\/x.com\/PressenzaIPA\"]},{\"@type\":\"Person\",\"@id\":\"https:\/\/www.pressenza.com\/es\/#\/schema\/person\/2a52c828596d649f7fb1878d051e6487\",\"name\":\"Gloria Mujica\",\"description\":\"Miembro de La Comunidad para el Desarrollo Humano\",\"url\":\"https:\/\/www.pressenza.com\/es\/author\/gloria-mujica\/\"}]}<\/script>\n<!-- \/ Yoast SEO plugin. -->","yoast_head_json":{"title":"La Marcha por la recuperaci\u00f3n de la memoria ancestral","description":"&nbsp; Con la presencia de pu werken (mensajeros) y pu lamngen (hermanos) de diversas comunidades del Wallmapu se dio inicio a la multitudinaria marcha","robots":{"index":"index","follow":"follow","max-snippet":"max-snippet:-1","max-image-preview":"max-image-preview:large","max-video-preview":"max-video-preview:-1"},"canonical":"https:\/\/www.pressenza.com\/es\/2015\/10\/la-marcha-por-la-recuperacion-de-la-memoria-ancestral\/","og_locale":"es_ES","og_type":"article","og_title":"La Marcha por la recuperaci\u00f3n de la memoria ancestral","og_description":"&nbsp; Con la presencia de pu werken (mensajeros) y pu lamngen (hermanos) de diversas comunidades del Wallmapu se dio inicio a la multitudinaria marcha","og_url":"https:\/\/www.pressenza.com\/es\/2015\/10\/la-marcha-por-la-recuperacion-de-la-memoria-ancestral\/","og_site_name":"Pressenza","article_publisher":"https:\/\/www.facebook.com\/PressenzaItalia","article_published_time":"2015-10-13T18:21:15+00:00","og_image":[{"width":448,"height":336,"url":"https:\/\/www.pressenza.com\/wp-content\/uploads\/2015\/10\/IMG-20151012-WA0013.jpg","type":"image\/jpeg"}],"author":"Gloria Mujica","twitter_card":"summary_large_image","twitter_creator":"@PressenzaIPA","twitter_site":"@PressenzaIPA","twitter_misc":{"Escrito por":"Gloria Mujica","Tiempo de lectura":"4 minutos"},"schema":{"@context":"https:\/\/schema.org","@graph":[{"@type":"Article","@id":"https:\/\/www.pressenza.com\/es\/2015\/10\/la-marcha-por-la-recuperacion-de-la-memoria-ancestral\/#article","isPartOf":{"@id":"https:\/\/www.pressenza.com\/es\/2015\/10\/la-marcha-por-la-recuperacion-de-la-memoria-ancestral\/"},"author":{"name":"Gloria Mujica","@id":"https:\/\/www.pressenza.com\/es\/#\/schema\/person\/2a52c828596d649f7fb1878d051e6487"},"headline":"La Marcha por la recuperaci\u00f3n de la memoria ancestral","datePublished":"2015-10-13T18:21:15+00:00","mainEntityOfPage":{"@id":"https:\/\/www.pressenza.com\/es\/2015\/10\/la-marcha-por-la-recuperacion-de-la-memoria-ancestral\/"},"wordCount":726,"publisher":{"@id":"https:\/\/www.pressenza.com\/es\/#organization"},"image":{"@id":"https:\/\/www.pressenza.com\/es\/2015\/10\/la-marcha-por-la-recuperacion-de-la-memoria-ancestral\/#primaryimage"},"thumbnailUrl":"https:\/\/www.pressenza.com\/wp-content\/uploads\/2015\/10\/IMG-20151012-WA0013.jpg","keywords":["12 de octubre","mapuche","Marcha","pluricultural","wallmapu"],"articleSection":["_Tema","Comunicados de Prensa","Fotorreportajes","Pueblos Originarios","Regi\u00f3n","Sudam\u00e9rica"],"inLanguage":"es"},{"@type":"WebPage","@id":"https:\/\/www.pressenza.com\/es\/2015\/10\/la-marcha-por-la-recuperacion-de-la-memoria-ancestral\/","url":"https:\/\/www.pressenza.com\/es\/2015\/10\/la-marcha-por-la-recuperacion-de-la-memoria-ancestral\/","name":"La Marcha por la recuperaci\u00f3n de la memoria ancestral","isPartOf":{"@id":"https:\/\/www.pressenza.com\/es\/#website"},"primaryImageOfPage":{"@id":"https:\/\/www.pressenza.com\/es\/2015\/10\/la-marcha-por-la-recuperacion-de-la-memoria-ancestral\/#primaryimage"},"image":{"@id":"https:\/\/www.pressenza.com\/es\/2015\/10\/la-marcha-por-la-recuperacion-de-la-memoria-ancestral\/#primaryimage"},"thumbnailUrl":"https:\/\/www.pressenza.com\/wp-content\/uploads\/2015\/10\/IMG-20151012-WA0013.jpg","datePublished":"2015-10-13T18:21:15+00:00","description":"&nbsp; Con la presencia de pu werken (mensajeros) y pu lamngen (hermanos) de diversas comunidades del Wallmapu se dio inicio a la multitudinaria marcha","breadcrumb":{"@id":"https:\/\/www.pressenza.com\/es\/2015\/10\/la-marcha-por-la-recuperacion-de-la-memoria-ancestral\/#breadcrumb"},"inLanguage":"es","potentialAction":[{"@type":"ReadAction","target":["https:\/\/www.pressenza.com\/es\/2015\/10\/la-marcha-por-la-recuperacion-de-la-memoria-ancestral\/"]}]},{"@type":"ImageObject","inLanguage":"es","@id":"https:\/\/www.pressenza.com\/es\/2015\/10\/la-marcha-por-la-recuperacion-de-la-memoria-ancestral\/#primaryimage","url":"https:\/\/www.pressenza.com\/wp-content\/uploads\/2015\/10\/IMG-20151012-WA0013.jpg","contentUrl":"https:\/\/www.pressenza.com\/wp-content\/uploads\/2015\/10\/IMG-20151012-WA0013.jpg","width":448,"height":336},{"@type":"BreadcrumbList","@id":"https:\/\/www.pressenza.com\/es\/2015\/10\/la-marcha-por-la-recuperacion-de-la-memoria-ancestral\/#breadcrumb","itemListElement":[{"@type":"ListItem","position":1,"name":"Accueil","item":"https:\/\/www.pressenza.com\/es\/"},{"@type":"ListItem","position":2,"name":"La Marcha por la recuperaci\u00f3n de la memoria ancestral"}]},{"@type":"WebSite","@id":"https:\/\/www.pressenza.com\/es\/#website","url":"https:\/\/www.pressenza.com\/es\/","name":"Pressenza","description":"International Press Agency","publisher":{"@id":"https:\/\/www.pressenza.com\/es\/#organization"},"potentialAction":[{"@type":"SearchAction","target":{"@type":"EntryPoint","urlTemplate":"https:\/\/www.pressenza.com\/es\/?s={search_term_string}"},"query-input":{"@type":"PropertyValueSpecification","valueRequired":true,"valueName":"search_term_string"}}],"inLanguage":"es"},{"@type":"Organization","@id":"https:\/\/www.pressenza.com\/es\/#organization","name":"Pressenza","url":"https:\/\/www.pressenza.com\/es\/","logo":{"@type":"ImageObject","inLanguage":"es","@id":"https:\/\/www.pressenza.com\/es\/#\/schema\/logo\/image\/","url":"https:\/\/www.pressenza.com\/wp-content\/uploads\/2022\/10\/pressenza_logo_200x200.jpg","contentUrl":"https:\/\/www.pressenza.com\/wp-content\/uploads\/2022\/10\/pressenza_logo_200x200.jpg","width":200,"height":200,"caption":"Pressenza"},"image":{"@id":"https:\/\/www.pressenza.com\/es\/#\/schema\/logo\/image\/"},"sameAs":["https:\/\/www.facebook.com\/PressenzaItalia","https:\/\/x.com\/PressenzaIPA"]},{"@type":"Person","@id":"https:\/\/www.pressenza.com\/es\/#\/schema\/person\/2a52c828596d649f7fb1878d051e6487","name":"Gloria Mujica","description":"Miembro de La Comunidad para el Desarrollo Humano","url":"https:\/\/www.pressenza.com\/es\/author\/gloria-mujica\/"}]}},"place":"","original_article_url":"","_links":{"self":[{"href":"https:\/\/www.pressenza.com\/es\/wp-json\/wp\/v2\/posts\/233877","targetHints":{"allow":["GET"]}}],"collection":[{"href":"https:\/\/www.pressenza.com\/es\/wp-json\/wp\/v2\/posts"}],"about":[{"href":"https:\/\/www.pressenza.com\/es\/wp-json\/wp\/v2\/types\/post"}],"author":[{"embeddable":true,"href":"https:\/\/www.pressenza.com\/es\/wp-json\/wp\/v2\/users\/1018"}],"replies":[{"embeddable":true,"href":"https:\/\/www.pressenza.com\/es\/wp-json\/wp\/v2\/comments?post=233877"}],"version-history":[{"count":0,"href":"https:\/\/www.pressenza.com\/es\/wp-json\/wp\/v2\/posts\/233877\/revisions"}],"wp:featuredmedia":[{"embeddable":true,"href":"https:\/\/www.pressenza.com\/es\/wp-json\/wp\/v2\/media\/233881"}],"wp:attachment":[{"href":"https:\/\/www.pressenza.com\/es\/wp-json\/wp\/v2\/media?parent=233877"}],"wp:term":[{"taxonomy":"category","embeddable":true,"href":"https:\/\/www.pressenza.com\/es\/wp-json\/wp\/v2\/categories?post=233877"},{"taxonomy":"post_tag","embeddable":true,"href":"https:\/\/www.pressenza.com\/es\/wp-json\/wp\/v2\/tags?post=233877"}],"curies":[{"name":"wp","href":"https:\/\/api.w.org\/{rel}","templated":true}]}}