{"id":233408,"date":"2015-10-12T21:01:24","date_gmt":"2015-10-12T20:01:24","guid":{"rendered":"http:\/\/www.pressenza.com\/es\/?p=233408"},"modified":"2015-10-12T21:03:33","modified_gmt":"2015-10-12T20:03:33","slug":"ii-conferencia-de-los-pueblos-sobre-cambio-climatico-aprueba-declaracion-de-tiquipaya","status":"publish","type":"post","link":"https:\/\/www.pressenza.com\/es\/2015\/10\/ii-conferencia-de-los-pueblos-sobre-cambio-climatico-aprueba-declaracion-de-tiquipaya\/","title":{"rendered":"II Conferencia de los Pueblos sobre Cambio Clim\u00e1tico aprueba &#8216;declaraci\u00f3n de Tiquipaya&#8217;"},"content":{"rendered":"<p>La II Conferencia de los Pueblos sobre Cambio Clim\u00e1tico y Defensa de la Vida aprob\u00f3 en la plenaria de cierre la &#8216;Declaraci\u00f3n de Tiquipaya&#8217;, despu\u00e9s de tres d\u00edas de debates en esta poblaci\u00f3n, a 8 kil\u00f3metros de la ciudad central de Cochabamba, sobre los mecanismos urgentes para salvar a la Madre Tierra.<\/p>\n<p>En la plenaria se escucharon inicialmente los informes de las 12 mesas de trabajo que debatieron los mecanismos y las pol\u00edticas de defensa de la naturaleza para salvar al planeta del calentamiento global y coincidieron que la &#8216;Madre Tierra&#8217; est\u00e1 herida de muerte.<\/p>\n<p>\u00abHoy Bolivia est\u00e1 en los ojos del mundo. M\u00e1s de 7.600 delegados han participado en ese foro\u00bb, remarc\u00f3 el ministro de Planificaci\u00f3n para el Desarrollo de Bolivia, Ren\u00e9 Orellana, que particip\u00f3 activamente en la conferencia.<\/p>\n<p>Afirm\u00f3 que en los debates, las organizaciones sociales del mundo aprobaron conclusiones con propuestas de acci\u00f3n de gran envergadura, de gran reto para los gobiernos y para los estados del planeta.<\/p>\n<p>\u00abLe han dicho no vamos a permitir que la temperatura suba m\u00e1s de 1.5 grados poniendo en riesgo el planeta y la humanidad. Le han dicho al mundo que hay que cambiar este sistema consumista , mercantilista que genera egoismo y exclusi\u00f3n. Este sistema capitalista que promueve s\u00f3lo la ganancia\u00bb, explic\u00f3.<\/p>\n<p>Afirm\u00f3 que los pueblos congregados en Tiquipaya le han dicho al mundo que necesitan un Tribunal de Justicia Ambiental, que debe observa, monitorear y juzgar aquellos Estados que est\u00e1n destruyendo el planeta, \u00abpa\u00edses sobre todo desarrollados\u00bb.<\/p>\n<p>\u00abLe han\u00a0 dicho al mundo que hay que cambiar el sistema financiero mundial, destinado a someter a los pueblos, a condicionar su desarrollo a trav\u00e9s de recetas de pol\u00edticas. Le han dicho que ellos tambi\u00e9n deben ser soberanos para cubrir sus necesidades materiales\u00bb, complement\u00f3.<\/p>\n<p>Agreg\u00f3 que los delegados han ratificado que la comunidad entre desarrollo y conservaci\u00f3n de la Madre Tierra y complementaria debe ser complementaria y deben ir juntas y de la mano, como sucede en el modelo que \u00abhan calificado como la causa estructural de la crisis\u00bb.<\/p>\n<p>La II Conferencia Mundial de los Pueblos sobre el Cambio Clim\u00e1tico y la Defensa de la Vida ser\u00e1 clausurada por los presidentes Evo Morales, de Bolivia; Rafael Correa, de Ecuador y Nicol\u00e1s Maduro, de Venezuela en un acto popular que se realizar\u00e1 en la poblaci\u00f3n de Quillacollo.<\/p>\n","protected":false},"excerpt":{"rendered":"<p>La II Conferencia de los Pueblos sobre Cambio Clim\u00e1tico y Defensa de la Vida aprob\u00f3 en la plenaria de cierre la &#8216;Declaraci\u00f3n de Tiquipaya&#8217;, despu\u00e9s de tres d\u00edas de debates en esta poblaci\u00f3n, a 8 kil\u00f3metros de la ciudad central&hellip;<\/p>\n","protected":false},"author":127,"featured_media":233409,"comment_status":"closed","ping_status":"open","sticky":false,"template":"","format":"standard","meta":{"footnotes":""},"categories":[79,78,39,74,80,67],"tags":[1646,20800,2611,5124,1059,22210],"class_list":["post-233408","post","type-post","status-publish","format-standard","has-post-thumbnail","hentry","category-derechos-humanos","category-medio-ambiente-ecologia","category-internacional","category-politica-es","category-pueblos-originarios","category-sudamerica","tag-bolivia","tag-cambio-climatica","tag-cumbre-de-los-pueblos","tag-ecologia-es","tag-evo-morales","tag-pueblos-originarios"],"yoast_head":"<!-- This site is optimized with the Yoast SEO plugin v27.1.1 - https:\/\/yoast.com\/product\/yoast-seo-wordpress\/ -->\n<title>II Conferencia de los Pueblos sobre Cambio Clim\u00e1tico aprueba &#039;declaraci\u00f3n de Tiquipaya&#039;<\/title>\n<meta name=\"description\" content=\"La II Conferencia de los Pueblos sobre Cambio Clim\u00e1tico y Defensa de la Vida aprob\u00f3 en la plenaria de cierre la &#039;Declaraci\u00f3n de Tiquipaya&#039;, despu\u00e9s de\" \/>\n<meta name=\"robots\" content=\"index, follow, max-snippet:-1, max-image-preview:large, max-video-preview:-1\" \/>\n<link rel=\"canonical\" href=\"https:\/\/www.pressenza.com\/es\/2015\/10\/ii-conferencia-de-los-pueblos-sobre-cambio-climatico-aprueba-declaracion-de-tiquipaya\/\" \/>\n<meta property=\"og:locale\" content=\"es_ES\" \/>\n<meta property=\"og:type\" content=\"article\" \/>\n<meta property=\"og:title\" content=\"II Conferencia de los Pueblos sobre Cambio Clim\u00e1tico aprueba &#039;declaraci\u00f3n de Tiquipaya&#039;\" \/>\n<meta property=\"og:description\" content=\"La II Conferencia de los Pueblos sobre Cambio Clim\u00e1tico y Defensa de la Vida aprob\u00f3 en la plenaria de cierre la &#039;Declaraci\u00f3n de Tiquipaya&#039;, despu\u00e9s de\" \/>\n<meta property=\"og:url\" content=\"https:\/\/www.pressenza.com\/es\/2015\/10\/ii-conferencia-de-los-pueblos-sobre-cambio-climatico-aprueba-declaracion-de-tiquipaya\/\" \/>\n<meta property=\"og:site_name\" content=\"Pressenza\" \/>\n<meta property=\"article:publisher\" content=\"https:\/\/www.facebook.com\/PressenzaItalia\" \/>\n<meta property=\"article:published_time\" content=\"2015-10-12T20:01:24+00:00\" \/>\n<meta property=\"article:modified_time\" content=\"2015-10-12T20:03:33+00:00\" \/>\n<meta property=\"og:image\" content=\"https:\/\/www.pressenza.com\/wp-content\/uploads\/2015\/10\/0008.jpg\" \/>\n\t<meta property=\"og:image:width\" content=\"4131\" \/>\n\t<meta property=\"og:image:height\" content=\"2581\" \/>\n\t<meta property=\"og:image:type\" content=\"image\/jpeg\" \/>\n<meta name=\"author\" content=\"Agencia Boliviana de Informaci\u00f3n - ABI\" \/>\n<meta name=\"twitter:card\" content=\"summary_large_image\" \/>\n<meta name=\"twitter:creator\" content=\"@mincombolivia\" \/>\n<meta name=\"twitter:site\" content=\"@PressenzaIPA\" \/>\n<meta name=\"twitter:label1\" content=\"Escrito por\" \/>\n\t<meta name=\"twitter:data1\" content=\"Agencia Boliviana de Informaci\u00f3n - ABI\" \/>\n\t<meta name=\"twitter:label2\" content=\"Tiempo de lectura\" \/>\n\t<meta name=\"twitter:data2\" content=\"2 minutos\" \/>\n<script type=\"application\/ld+json\" class=\"yoast-schema-graph\">{\"@context\":\"https:\/\/schema.org\",\"@graph\":[{\"@type\":\"Article\",\"@id\":\"https:\/\/www.pressenza.com\/es\/2015\/10\/ii-conferencia-de-los-pueblos-sobre-cambio-climatico-aprueba-declaracion-de-tiquipaya\/#article\",\"isPartOf\":{\"@id\":\"https:\/\/www.pressenza.com\/es\/2015\/10\/ii-conferencia-de-los-pueblos-sobre-cambio-climatico-aprueba-declaracion-de-tiquipaya\/\"},\"author\":{\"name\":\"Agencia Boliviana de Informaci\u00f3n - ABI\",\"@id\":\"https:\/\/www.pressenza.com\/es\/#\/schema\/person\/3fe2a62cf8f5fea54fc87abcec98dcb4\"},\"headline\":\"II Conferencia de los Pueblos sobre Cambio Clim\u00e1tico aprueba &#8216;declaraci\u00f3n de Tiquipaya&#8217;\",\"datePublished\":\"2015-10-12T20:01:24+00:00\",\"dateModified\":\"2015-10-12T20:03:33+00:00\",\"mainEntityOfPage\":{\"@id\":\"https:\/\/www.pressenza.com\/es\/2015\/10\/ii-conferencia-de-los-pueblos-sobre-cambio-climatico-aprueba-declaracion-de-tiquipaya\/\"},\"wordCount\":415,\"publisher\":{\"@id\":\"https:\/\/www.pressenza.com\/es\/#organization\"},\"image\":{\"@id\":\"https:\/\/www.pressenza.com\/es\/2015\/10\/ii-conferencia-de-los-pueblos-sobre-cambio-climatico-aprueba-declaracion-de-tiquipaya\/#primaryimage\"},\"thumbnailUrl\":\"https:\/\/www.pressenza.com\/wp-content\/uploads\/2015\/10\/0008.jpg\",\"keywords\":[\"Bolivia\",\"cambio clim\u00e1tica\",\"Cumbre de los Pueblos\",\"Ecolog\u00eda\",\"Evo Morales\",\"Pueblos Originarios\"],\"articleSection\":[\"Derechos Humanos\",\"Ecolog\u00eda y Medio Ambiente\",\"Internacional\",\"Pol\u00edtica\",\"Pueblos Originarios\",\"Sudam\u00e9rica\"],\"inLanguage\":\"es\"},{\"@type\":\"WebPage\",\"@id\":\"https:\/\/www.pressenza.com\/es\/2015\/10\/ii-conferencia-de-los-pueblos-sobre-cambio-climatico-aprueba-declaracion-de-tiquipaya\/\",\"url\":\"https:\/\/www.pressenza.com\/es\/2015\/10\/ii-conferencia-de-los-pueblos-sobre-cambio-climatico-aprueba-declaracion-de-tiquipaya\/\",\"name\":\"II Conferencia de los Pueblos sobre Cambio Clim\u00e1tico aprueba 'declaraci\u00f3n de Tiquipaya'\",\"isPartOf\":{\"@id\":\"https:\/\/www.pressenza.com\/es\/#website\"},\"primaryImageOfPage\":{\"@id\":\"https:\/\/www.pressenza.com\/es\/2015\/10\/ii-conferencia-de-los-pueblos-sobre-cambio-climatico-aprueba-declaracion-de-tiquipaya\/#primaryimage\"},\"image\":{\"@id\":\"https:\/\/www.pressenza.com\/es\/2015\/10\/ii-conferencia-de-los-pueblos-sobre-cambio-climatico-aprueba-declaracion-de-tiquipaya\/#primaryimage\"},\"thumbnailUrl\":\"https:\/\/www.pressenza.com\/wp-content\/uploads\/2015\/10\/0008.jpg\",\"datePublished\":\"2015-10-12T20:01:24+00:00\",\"dateModified\":\"2015-10-12T20:03:33+00:00\",\"description\":\"La II Conferencia de los Pueblos sobre Cambio Clim\u00e1tico y Defensa de la Vida aprob\u00f3 en la plenaria de cierre la 'Declaraci\u00f3n de Tiquipaya', despu\u00e9s de\",\"breadcrumb\":{\"@id\":\"https:\/\/www.pressenza.com\/es\/2015\/10\/ii-conferencia-de-los-pueblos-sobre-cambio-climatico-aprueba-declaracion-de-tiquipaya\/#breadcrumb\"},\"inLanguage\":\"es\",\"potentialAction\":[{\"@type\":\"ReadAction\",\"target\":[\"https:\/\/www.pressenza.com\/es\/2015\/10\/ii-conferencia-de-los-pueblos-sobre-cambio-climatico-aprueba-declaracion-de-tiquipaya\/\"]}]},{\"@type\":\"ImageObject\",\"inLanguage\":\"es\",\"@id\":\"https:\/\/www.pressenza.com\/es\/2015\/10\/ii-conferencia-de-los-pueblos-sobre-cambio-climatico-aprueba-declaracion-de-tiquipaya\/#primaryimage\",\"url\":\"https:\/\/www.pressenza.com\/wp-content\/uploads\/2015\/10\/0008.jpg\",\"contentUrl\":\"https:\/\/www.pressenza.com\/wp-content\/uploads\/2015\/10\/0008.jpg\",\"width\":4131,\"height\":2581,\"caption\":\"10 octubre 2015, Tiquipaya, Cochabamba, Bolivia.- El presidente Evo Morales, junto al Ministro de relaciones exteriores, Laurent Fabius y autoridades internacionales, inauguran la II Conferencia Mundial de los Pueblos sobre Cambio Climatico y Defensa de la Madre Tierra. (Fotos: Freddy Zarco)\"},{\"@type\":\"BreadcrumbList\",\"@id\":\"https:\/\/www.pressenza.com\/es\/2015\/10\/ii-conferencia-de-los-pueblos-sobre-cambio-climatico-aprueba-declaracion-de-tiquipaya\/#breadcrumb\",\"itemListElement\":[{\"@type\":\"ListItem\",\"position\":1,\"name\":\"Accueil\",\"item\":\"https:\/\/www.pressenza.com\/es\/\"},{\"@type\":\"ListItem\",\"position\":2,\"name\":\"II Conferencia de los Pueblos sobre Cambio Clim\u00e1tico aprueba &#8216;declaraci\u00f3n de Tiquipaya&#8217;\"}]},{\"@type\":\"WebSite\",\"@id\":\"https:\/\/www.pressenza.com\/es\/#website\",\"url\":\"https:\/\/www.pressenza.com\/es\/\",\"name\":\"Pressenza\",\"description\":\"International Press Agency\",\"publisher\":{\"@id\":\"https:\/\/www.pressenza.com\/es\/#organization\"},\"potentialAction\":[{\"@type\":\"SearchAction\",\"target\":{\"@type\":\"EntryPoint\",\"urlTemplate\":\"https:\/\/www.pressenza.com\/es\/?s={search_term_string}\"},\"query-input\":{\"@type\":\"PropertyValueSpecification\",\"valueRequired\":true,\"valueName\":\"search_term_string\"}}],\"inLanguage\":\"es\"},{\"@type\":\"Organization\",\"@id\":\"https:\/\/www.pressenza.com\/es\/#organization\",\"name\":\"Pressenza\",\"url\":\"https:\/\/www.pressenza.com\/es\/\",\"logo\":{\"@type\":\"ImageObject\",\"inLanguage\":\"es\",\"@id\":\"https:\/\/www.pressenza.com\/es\/#\/schema\/logo\/image\/\",\"url\":\"https:\/\/www.pressenza.com\/wp-content\/uploads\/2022\/10\/pressenza_logo_200x200.jpg\",\"contentUrl\":\"https:\/\/www.pressenza.com\/wp-content\/uploads\/2022\/10\/pressenza_logo_200x200.jpg\",\"width\":200,\"height\":200,\"caption\":\"Pressenza\"},\"image\":{\"@id\":\"https:\/\/www.pressenza.com\/es\/#\/schema\/logo\/image\/\"},\"sameAs\":[\"https:\/\/www.facebook.com\/PressenzaItalia\",\"https:\/\/x.com\/PressenzaIPA\"]},{\"@type\":\"Person\",\"@id\":\"https:\/\/www.pressenza.com\/es\/#\/schema\/person\/3fe2a62cf8f5fea54fc87abcec98dcb4\",\"name\":\"Agencia Boliviana de Informaci\u00f3n - ABI\",\"description\":\"www.abi.bo\",\"sameAs\":[\"https:\/\/x.com\/mincombolivia\"],\"url\":\"https:\/\/www.pressenza.com\/es\/author\/agencia-boliviana-de-informacion-abi\/\"}]}<\/script>\n<!-- \/ Yoast SEO plugin. -->","yoast_head_json":{"title":"II Conferencia de los Pueblos sobre Cambio Clim\u00e1tico aprueba 'declaraci\u00f3n de Tiquipaya'","description":"La II Conferencia de los Pueblos sobre Cambio Clim\u00e1tico y Defensa de la Vida aprob\u00f3 en la plenaria de cierre la 'Declaraci\u00f3n de Tiquipaya', despu\u00e9s de","robots":{"index":"index","follow":"follow","max-snippet":"max-snippet:-1","max-image-preview":"max-image-preview:large","max-video-preview":"max-video-preview:-1"},"canonical":"https:\/\/www.pressenza.com\/es\/2015\/10\/ii-conferencia-de-los-pueblos-sobre-cambio-climatico-aprueba-declaracion-de-tiquipaya\/","og_locale":"es_ES","og_type":"article","og_title":"II Conferencia de los Pueblos sobre Cambio Clim\u00e1tico aprueba 'declaraci\u00f3n de Tiquipaya'","og_description":"La II Conferencia de los Pueblos sobre Cambio Clim\u00e1tico y Defensa de la Vida aprob\u00f3 en la plenaria de cierre la 'Declaraci\u00f3n de Tiquipaya', despu\u00e9s de","og_url":"https:\/\/www.pressenza.com\/es\/2015\/10\/ii-conferencia-de-los-pueblos-sobre-cambio-climatico-aprueba-declaracion-de-tiquipaya\/","og_site_name":"Pressenza","article_publisher":"https:\/\/www.facebook.com\/PressenzaItalia","article_published_time":"2015-10-12T20:01:24+00:00","article_modified_time":"2015-10-12T20:03:33+00:00","og_image":[{"width":4131,"height":2581,"url":"https:\/\/www.pressenza.com\/wp-content\/uploads\/2015\/10\/0008.jpg","type":"image\/jpeg"}],"author":"Agencia Boliviana de Informaci\u00f3n - ABI","twitter_card":"summary_large_image","twitter_creator":"@mincombolivia","twitter_site":"@PressenzaIPA","twitter_misc":{"Escrito por":"Agencia Boliviana de Informaci\u00f3n - ABI","Tiempo de lectura":"2 minutos"},"schema":{"@context":"https:\/\/schema.org","@graph":[{"@type":"Article","@id":"https:\/\/www.pressenza.com\/es\/2015\/10\/ii-conferencia-de-los-pueblos-sobre-cambio-climatico-aprueba-declaracion-de-tiquipaya\/#article","isPartOf":{"@id":"https:\/\/www.pressenza.com\/es\/2015\/10\/ii-conferencia-de-los-pueblos-sobre-cambio-climatico-aprueba-declaracion-de-tiquipaya\/"},"author":{"name":"Agencia Boliviana de Informaci\u00f3n - ABI","@id":"https:\/\/www.pressenza.com\/es\/#\/schema\/person\/3fe2a62cf8f5fea54fc87abcec98dcb4"},"headline":"II Conferencia de los Pueblos sobre Cambio Clim\u00e1tico aprueba &#8216;declaraci\u00f3n de Tiquipaya&#8217;","datePublished":"2015-10-12T20:01:24+00:00","dateModified":"2015-10-12T20:03:33+00:00","mainEntityOfPage":{"@id":"https:\/\/www.pressenza.com\/es\/2015\/10\/ii-conferencia-de-los-pueblos-sobre-cambio-climatico-aprueba-declaracion-de-tiquipaya\/"},"wordCount":415,"publisher":{"@id":"https:\/\/www.pressenza.com\/es\/#organization"},"image":{"@id":"https:\/\/www.pressenza.com\/es\/2015\/10\/ii-conferencia-de-los-pueblos-sobre-cambio-climatico-aprueba-declaracion-de-tiquipaya\/#primaryimage"},"thumbnailUrl":"https:\/\/www.pressenza.com\/wp-content\/uploads\/2015\/10\/0008.jpg","keywords":["Bolivia","cambio clim\u00e1tica","Cumbre de los Pueblos","Ecolog\u00eda","Evo Morales","Pueblos Originarios"],"articleSection":["Derechos Humanos","Ecolog\u00eda y Medio Ambiente","Internacional","Pol\u00edtica","Pueblos Originarios","Sudam\u00e9rica"],"inLanguage":"es"},{"@type":"WebPage","@id":"https:\/\/www.pressenza.com\/es\/2015\/10\/ii-conferencia-de-los-pueblos-sobre-cambio-climatico-aprueba-declaracion-de-tiquipaya\/","url":"https:\/\/www.pressenza.com\/es\/2015\/10\/ii-conferencia-de-los-pueblos-sobre-cambio-climatico-aprueba-declaracion-de-tiquipaya\/","name":"II Conferencia de los Pueblos sobre Cambio Clim\u00e1tico aprueba 'declaraci\u00f3n de Tiquipaya'","isPartOf":{"@id":"https:\/\/www.pressenza.com\/es\/#website"},"primaryImageOfPage":{"@id":"https:\/\/www.pressenza.com\/es\/2015\/10\/ii-conferencia-de-los-pueblos-sobre-cambio-climatico-aprueba-declaracion-de-tiquipaya\/#primaryimage"},"image":{"@id":"https:\/\/www.pressenza.com\/es\/2015\/10\/ii-conferencia-de-los-pueblos-sobre-cambio-climatico-aprueba-declaracion-de-tiquipaya\/#primaryimage"},"thumbnailUrl":"https:\/\/www.pressenza.com\/wp-content\/uploads\/2015\/10\/0008.jpg","datePublished":"2015-10-12T20:01:24+00:00","dateModified":"2015-10-12T20:03:33+00:00","description":"La II Conferencia de los Pueblos sobre Cambio Clim\u00e1tico y Defensa de la Vida aprob\u00f3 en la plenaria de cierre la 'Declaraci\u00f3n de Tiquipaya', despu\u00e9s de","breadcrumb":{"@id":"https:\/\/www.pressenza.com\/es\/2015\/10\/ii-conferencia-de-los-pueblos-sobre-cambio-climatico-aprueba-declaracion-de-tiquipaya\/#breadcrumb"},"inLanguage":"es","potentialAction":[{"@type":"ReadAction","target":["https:\/\/www.pressenza.com\/es\/2015\/10\/ii-conferencia-de-los-pueblos-sobre-cambio-climatico-aprueba-declaracion-de-tiquipaya\/"]}]},{"@type":"ImageObject","inLanguage":"es","@id":"https:\/\/www.pressenza.com\/es\/2015\/10\/ii-conferencia-de-los-pueblos-sobre-cambio-climatico-aprueba-declaracion-de-tiquipaya\/#primaryimage","url":"https:\/\/www.pressenza.com\/wp-content\/uploads\/2015\/10\/0008.jpg","contentUrl":"https:\/\/www.pressenza.com\/wp-content\/uploads\/2015\/10\/0008.jpg","width":4131,"height":2581,"caption":"10 octubre 2015, Tiquipaya, Cochabamba, Bolivia.- El presidente Evo Morales, junto al Ministro de relaciones exteriores, Laurent Fabius y autoridades internacionales, inauguran la II Conferencia Mundial de los Pueblos sobre Cambio Climatico y Defensa de la Madre Tierra. (Fotos: Freddy Zarco)"},{"@type":"BreadcrumbList","@id":"https:\/\/www.pressenza.com\/es\/2015\/10\/ii-conferencia-de-los-pueblos-sobre-cambio-climatico-aprueba-declaracion-de-tiquipaya\/#breadcrumb","itemListElement":[{"@type":"ListItem","position":1,"name":"Accueil","item":"https:\/\/www.pressenza.com\/es\/"},{"@type":"ListItem","position":2,"name":"II Conferencia de los Pueblos sobre Cambio Clim\u00e1tico aprueba &#8216;declaraci\u00f3n de Tiquipaya&#8217;"}]},{"@type":"WebSite","@id":"https:\/\/www.pressenza.com\/es\/#website","url":"https:\/\/www.pressenza.com\/es\/","name":"Pressenza","description":"International Press Agency","publisher":{"@id":"https:\/\/www.pressenza.com\/es\/#organization"},"potentialAction":[{"@type":"SearchAction","target":{"@type":"EntryPoint","urlTemplate":"https:\/\/www.pressenza.com\/es\/?s={search_term_string}"},"query-input":{"@type":"PropertyValueSpecification","valueRequired":true,"valueName":"search_term_string"}}],"inLanguage":"es"},{"@type":"Organization","@id":"https:\/\/www.pressenza.com\/es\/#organization","name":"Pressenza","url":"https:\/\/www.pressenza.com\/es\/","logo":{"@type":"ImageObject","inLanguage":"es","@id":"https:\/\/www.pressenza.com\/es\/#\/schema\/logo\/image\/","url":"https:\/\/www.pressenza.com\/wp-content\/uploads\/2022\/10\/pressenza_logo_200x200.jpg","contentUrl":"https:\/\/www.pressenza.com\/wp-content\/uploads\/2022\/10\/pressenza_logo_200x200.jpg","width":200,"height":200,"caption":"Pressenza"},"image":{"@id":"https:\/\/www.pressenza.com\/es\/#\/schema\/logo\/image\/"},"sameAs":["https:\/\/www.facebook.com\/PressenzaItalia","https:\/\/x.com\/PressenzaIPA"]},{"@type":"Person","@id":"https:\/\/www.pressenza.com\/es\/#\/schema\/person\/3fe2a62cf8f5fea54fc87abcec98dcb4","name":"Agencia Boliviana de Informaci\u00f3n - ABI","description":"www.abi.bo","sameAs":["https:\/\/x.com\/mincombolivia"],"url":"https:\/\/www.pressenza.com\/es\/author\/agencia-boliviana-de-informacion-abi\/"}]}},"place":"Tiquipaya, Bolivia","original_article_url":"","_links":{"self":[{"href":"https:\/\/www.pressenza.com\/es\/wp-json\/wp\/v2\/posts\/233408","targetHints":{"allow":["GET"]}}],"collection":[{"href":"https:\/\/www.pressenza.com\/es\/wp-json\/wp\/v2\/posts"}],"about":[{"href":"https:\/\/www.pressenza.com\/es\/wp-json\/wp\/v2\/types\/post"}],"author":[{"embeddable":true,"href":"https:\/\/www.pressenza.com\/es\/wp-json\/wp\/v2\/users\/127"}],"replies":[{"embeddable":true,"href":"https:\/\/www.pressenza.com\/es\/wp-json\/wp\/v2\/comments?post=233408"}],"version-history":[{"count":0,"href":"https:\/\/www.pressenza.com\/es\/wp-json\/wp\/v2\/posts\/233408\/revisions"}],"wp:featuredmedia":[{"embeddable":true,"href":"https:\/\/www.pressenza.com\/es\/wp-json\/wp\/v2\/media\/233409"}],"wp:attachment":[{"href":"https:\/\/www.pressenza.com\/es\/wp-json\/wp\/v2\/media?parent=233408"}],"wp:term":[{"taxonomy":"category","embeddable":true,"href":"https:\/\/www.pressenza.com\/es\/wp-json\/wp\/v2\/categories?post=233408"},{"taxonomy":"post_tag","embeddable":true,"href":"https:\/\/www.pressenza.com\/es\/wp-json\/wp\/v2\/tags?post=233408"}],"curies":[{"name":"wp","href":"https:\/\/api.w.org\/{rel}","templated":true}]}}